{"id":6380,"date":"2020-04-06T14:23:04","date_gmt":"2020-04-06T11:23:04","guid":{"rendered":"http:\/\/andersadlercreutz.fi\/blog\/?p=6380"},"modified":"2020-04-06T14:23:04","modified_gmt":"2020-04-06T11:23:04","slug":"adlercreutz-lyhytnakoinen-ja-hatikoity-paatos","status":"publish","type":"post","link":"https:\/\/andersadlercreutz.fi\/blog\/lehdistotiedote\/adlercreutz-lyhytnakoinen-ja-hatikoity-paatos\/?lang=fi","title":{"rendered":"Adlercreutz: Lyhytn\u00e4k\u00f6inen ja h\u00e4tik\u00f6ity p\u00e4\u00e4t\u00f6s"},"content":{"rendered":"<p>Helsingin ja Uudenmaan sairaanhoitopiirin (HUS) hallitus on t\u00e4n\u00e4\u00e4n p\u00e4\u00e4tt\u00e4nyt lakkauttaa Raaseporin sairaalan yhteisp\u00e4ivystyksen. Ruotsalaisen eduskuntaryhm\u00e4n puheenjohtaja <strong>Anders Adlercreutz<\/strong> on tyrmistynyt p\u00e4\u00e4t\u00f6ksest\u00e4, jolle h\u00e4nen mukaansa on vaikea l\u00f6yt\u00e4\u00e4 kest\u00e4vi\u00e4, alueen tarpeet huomioonottavia perusteluja.<\/p>\n<p>\u2013 P\u00e4\u00e4t\u00f6ksen my\u00f6t\u00e4 yhteisp\u00e4ivystys Raaseporin sairaalassa loppuu. Enemmist\u00f6 HUS:n hallituksesta p\u00e4\u00e4tti sivuuttaa L\u00e4nsi-Uudenmaan protestihuudon \u2013 niin kuntien, kuin niiden yli 10 000 asukkaan, jotka allekirjoittivat vetoomuksen yhteisp\u00e4ivystyksen s\u00e4ilytt\u00e4miseksi. Yhteisp\u00e4ivystyksen merkityst\u00e4 alueelle ei voi mitata kustannuslaskelmin. Nyt perustavanlaatuinen osa l\u00e4hipalvelua katoaa.<\/p>\n<p>Adlercreutzin mielest\u00e4 p\u00e4\u00e4t\u00f6s on h\u00e4tik\u00f6ity my\u00f6s tulevaa sosiaali- ja terveydenhuoltouudistusta ajatellen.<\/p>\n<p>\u2013 HUS:n hallitus sitoi nyt tulevan maakunnan toisen k\u00e4den sel\u00e4n taakse. P\u00e4\u00e4t\u00f6s on hyvin valitettava koko alueen n\u00e4k\u00f6kulmasta. Nyt HUS:n on syyt\u00e4 n\u00e4ytt\u00e4\u00e4, ett\u00e4 L\u00e4nsi-Uudenmaan tarpeita ymm\u00e4rret\u00e4\u00e4n. T\u00e4st\u00e4 p\u00e4\u00e4t\u00f6ksest\u00e4 huolimatta Raaseporin sairaalaa tulee kehitt\u00e4\u00e4 m\u00e4\u00e4r\u00e4tietoisesti sen vahvuuksiin perustuen ja asukkaiden tarpeet huomioon ottaen. Olisiko sairaalaa kokonaisuudessaan mahdollista vahvistaa painottamalla tiettyj\u00e4 erityisp\u00e4tevyyksi\u00e4?<\/p>\n<p>\u2013 Nyt ei miss\u00e4\u00e4n olosuhteissa saa synty\u00e4 keskustelua, jossa p\u00e4ivystyst\u00e4 kyseenalaisestaan muilta osin. Raaseporin sairaalan tulee pysy\u00e4 sairaalana, sill\u00e4 sairaalaa tarvitaan.<\/p>\n","protected":false},"excerpt":{"rendered":"<p>Helsingin ja Uudenmaan sairaanhoitopiirin (HUS) hallitus on t\u00e4n\u00e4\u00e4n p\u00e4\u00e4tt\u00e4nyt lakkauttaa Raaseporin sairaalan yhteisp\u00e4ivystyksen. Ruotsalaisen eduskuntaryhm\u00e4n puheenjohtaja Anders Adlercreutz on tyrmistynyt p\u00e4\u00e4t\u00f6ksest\u00e4, jolle h\u00e4nen mukaansa on vaikea l\u00f6yt\u00e4\u00e4 kest\u00e4vi\u00e4, alueen tarpeet huomioonottavia perusteluja. \u2013 P\u00e4\u00e4t\u00f6ksen my\u00f6t\u00e4 yhteisp\u00e4ivystys Raaseporin sairaalassa loppuu. Enemmist\u00f6 HUS:n hallituksesta p\u00e4\u00e4tti sivuuttaa L\u00e4nsi-Uudenmaan protestihuudon \u2013 niin kuntien, kuin niiden yli 10 000 asukkaan, [&hellip;]<\/p>\n","protected":false},"author":1,"featured_media":4309,"comment_status":"open","ping_status":"open","sticky":false,"template":"","format":"standard","meta":{"jetpack_post_was_ever_published":false,"_jetpack_newsletter_access":"","jetpack_publicize_message":"","jetpack_is_tweetstorm":false,"jetpack_publicize_feature_enabled":true,"jetpack_social_post_already_shared":true,"jetpack_social_options":{"image_generator_settings":{"template":"highway","enabled":false}}},"categories":[71],"tags":[],"jetpack_publicize_connections":[],"yoast_head":"<!-- This site is optimized with the Yoast SEO plugin v20.12 - https:\/\/yoast.com\/wordpress\/plugins\/seo\/ -->\n<title>Adlercreutz: Lyhytn\u00e4k\u00f6inen ja h\u00e4tik\u00f6ity p\u00e4\u00e4t\u00f6s - Anders Adlercreutz<\/title>\n<meta name=\"robots\" content=\"index, follow, max-snippet:-1, max-image-preview:large, max-video-preview:-1\" \/>\n<link rel=\"canonical\" href=\"https:\/\/andersadlercreutz.fi\/blog\/lehdistotiedote\/adlercreutz-lyhytnakoinen-ja-hatikoity-paatos\/\" \/>\n<meta property=\"og:locale\" content=\"sv_SE\" \/>\n<meta property=\"og:type\" content=\"article\" \/>\n<meta property=\"og:title\" content=\"Adlercreutz: Lyhytn\u00e4k\u00f6inen ja h\u00e4tik\u00f6ity p\u00e4\u00e4t\u00f6s - Anders Adlercreutz\" \/>\n<meta property=\"og:description\" content=\"Helsingin ja Uudenmaan sairaanhoitopiirin (HUS) hallitus on t\u00e4n\u00e4\u00e4n p\u00e4\u00e4tt\u00e4nyt lakkauttaa Raaseporin sairaalan yhteisp\u00e4ivystyksen. Ruotsalaisen eduskuntaryhm\u00e4n puheenjohtaja Anders Adlercreutz on tyrmistynyt p\u00e4\u00e4t\u00f6ksest\u00e4, jolle h\u00e4nen mukaansa on vaikea l\u00f6yt\u00e4\u00e4 kest\u00e4vi\u00e4, alueen tarpeet huomioonottavia perusteluja. \u2013 P\u00e4\u00e4t\u00f6ksen my\u00f6t\u00e4 yhteisp\u00e4ivystys Raaseporin sairaalassa loppuu. Enemmist\u00f6 HUS:n hallituksesta p\u00e4\u00e4tti sivuuttaa L\u00e4nsi-Uudenmaan protestihuudon \u2013 niin kuntien, kuin niiden yli 10 000 asukkaan, [&hellip;]\" \/>\n<meta property=\"og:url\" content=\"https:\/\/andersadlercreutz.fi\/blog\/lehdistotiedote\/adlercreutz-lyhytnakoinen-ja-hatikoity-paatos\/?lang=fi\" \/>\n<meta property=\"og:site_name\" content=\"Anders Adlercreutz\" \/>\n<meta property=\"article:published_time\" content=\"2020-04-06T11:23:04+00:00\" \/>\n<meta property=\"og:image\" content=\"https:\/\/i0.wp.com\/andersadlercreutz.fi\/blog\/wp-content\/uploads\/2018\/10\/Anders-h\u00e4sten-2018-9.jpg?fit=1214%2C809&ssl=1\" \/>\n\t<meta property=\"og:image:width\" content=\"1214\" \/>\n\t<meta property=\"og:image:height\" content=\"809\" \/>\n\t<meta property=\"og:image:type\" content=\"image\/jpeg\" \/>\n<meta name=\"author\" content=\"Anders\" \/>\n<meta name=\"twitter:card\" content=\"summary_large_image\" \/>\n<meta name=\"twitter:label1\" content=\"Skriven av\" \/>\n\t<meta name=\"twitter:data1\" content=\"Anders\" \/>\n\t<meta name=\"twitter:label2\" content=\"Ber\u00e4knad l\u00e4stid\" \/>\n\t<meta name=\"twitter:data2\" content=\"1 minut\" \/>\n<script type=\"application\/ld+json\" class=\"yoast-schema-graph\">{\"@context\":\"https:\/\/schema.org\",\"@graph\":[{\"@type\":\"WebPage\",\"@id\":\"https:\/\/andersadlercreutz.fi\/blog\/lehdistotiedote\/adlercreutz-lyhytnakoinen-ja-hatikoity-paatos\/?lang=fi\",\"url\":\"https:\/\/andersadlercreutz.fi\/blog\/lehdistotiedote\/adlercreutz-lyhytnakoinen-ja-hatikoity-paatos\/?lang=fi\",\"name\":\"Adlercreutz: Lyhytn\u00e4k\u00f6inen ja h\u00e4tik\u00f6ity p\u00e4\u00e4t\u00f6s - Anders Adlercreutz\",\"isPartOf\":{\"@id\":\"https:\/\/andersadlercreutz.fi\/blog\/#website\"},\"datePublished\":\"2020-04-06T11:23:04+00:00\",\"dateModified\":\"2020-04-06T11:23:04+00:00\",\"author\":{\"@id\":\"https:\/\/andersadlercreutz.fi\/blog\/#\/schema\/person\/47d4b72eded862b484f74bb4b3a2354f\"},\"breadcrumb\":{\"@id\":\"https:\/\/andersadlercreutz.fi\/blog\/lehdistotiedote\/adlercreutz-lyhytnakoinen-ja-hatikoity-paatos\/?lang=fi#breadcrumb\"},\"inLanguage\":\"sv-SE\",\"potentialAction\":[{\"@type\":\"ReadAction\",\"target\":[\"https:\/\/andersadlercreutz.fi\/blog\/lehdistotiedote\/adlercreutz-lyhytnakoinen-ja-hatikoity-paatos\/?lang=fi\"]}]},{\"@type\":\"BreadcrumbList\",\"@id\":\"https:\/\/andersadlercreutz.fi\/blog\/lehdistotiedote\/adlercreutz-lyhytnakoinen-ja-hatikoity-paatos\/?lang=fi#breadcrumb\",\"itemListElement\":[{\"@type\":\"ListItem\",\"position\":1,\"name\":\"Home\",\"item\":\"https:\/\/andersadlercreutz.fi\/blog\/blogg\/?lang=sv\"},{\"@type\":\"ListItem\",\"position\":2,\"name\":\"Adlercreutz: Lyhytn\u00e4k\u00f6inen ja h\u00e4tik\u00f6ity p\u00e4\u00e4t\u00f6s\"}]},{\"@type\":\"WebSite\",\"@id\":\"https:\/\/andersadlercreutz.fi\/blog\/#website\",\"url\":\"https:\/\/andersadlercreutz.fi\/blog\/\",\"name\":\"Anders Adlercreutz\",\"description\":\"Du. Jag. Vi. Kest&auml;v&auml;sti optimisti\",\"potentialAction\":[{\"@type\":\"SearchAction\",\"target\":{\"@type\":\"EntryPoint\",\"urlTemplate\":\"https:\/\/andersadlercreutz.fi\/blog\/?s={search_term_string}\"},\"query-input\":\"required name=search_term_string\"}],\"inLanguage\":\"sv-SE\"},{\"@type\":\"Person\",\"@id\":\"https:\/\/andersadlercreutz.fi\/blog\/#\/schema\/person\/47d4b72eded862b484f74bb4b3a2354f\",\"name\":\"Anders\",\"image\":{\"@type\":\"ImageObject\",\"inLanguage\":\"sv-SE\",\"@id\":\"https:\/\/andersadlercreutz.fi\/blog\/#\/schema\/person\/image\/\",\"url\":\"https:\/\/secure.gravatar.com\/avatar\/a144c9bda7a581ff6fabba169027e620?s=96&d=mm&r=g\",\"contentUrl\":\"https:\/\/secure.gravatar.com\/avatar\/a144c9bda7a581ff6fabba169027e620?s=96&d=mm&r=g\",\"caption\":\"Anders\"},\"url\":\"https:\/\/andersadlercreutz.fi\/blog\/author\/admin\/\"}]}<\/script>\n<!-- \/ Yoast SEO plugin. -->","yoast_head_json":{"title":"Adlercreutz: Lyhytn\u00e4k\u00f6inen ja h\u00e4tik\u00f6ity p\u00e4\u00e4t\u00f6s - Anders Adlercreutz","robots":{"index":"index","follow":"follow","max-snippet":"max-snippet:-1","max-image-preview":"max-image-preview:large","max-video-preview":"max-video-preview:-1"},"canonical":"https:\/\/andersadlercreutz.fi\/blog\/lehdistotiedote\/adlercreutz-lyhytnakoinen-ja-hatikoity-paatos\/","og_locale":"sv_SE","og_type":"article","og_title":"Adlercreutz: Lyhytn\u00e4k\u00f6inen ja h\u00e4tik\u00f6ity p\u00e4\u00e4t\u00f6s - Anders Adlercreutz","og_description":"Helsingin ja Uudenmaan sairaanhoitopiirin (HUS) hallitus on t\u00e4n\u00e4\u00e4n p\u00e4\u00e4tt\u00e4nyt lakkauttaa Raaseporin sairaalan yhteisp\u00e4ivystyksen. Ruotsalaisen eduskuntaryhm\u00e4n puheenjohtaja Anders Adlercreutz on tyrmistynyt p\u00e4\u00e4t\u00f6ksest\u00e4, jolle h\u00e4nen mukaansa on vaikea l\u00f6yt\u00e4\u00e4 kest\u00e4vi\u00e4, alueen tarpeet huomioonottavia perusteluja. \u2013 P\u00e4\u00e4t\u00f6ksen my\u00f6t\u00e4 yhteisp\u00e4ivystys Raaseporin sairaalassa loppuu. Enemmist\u00f6 HUS:n hallituksesta p\u00e4\u00e4tti sivuuttaa L\u00e4nsi-Uudenmaan protestihuudon \u2013 niin kuntien, kuin niiden yli 10 000 asukkaan, [&hellip;]","og_url":"https:\/\/andersadlercreutz.fi\/blog\/lehdistotiedote\/adlercreutz-lyhytnakoinen-ja-hatikoity-paatos\/?lang=fi","og_site_name":"Anders Adlercreutz","article_published_time":"2020-04-06T11:23:04+00:00","og_image":[{"width":1214,"height":809,"url":"https:\/\/i0.wp.com\/andersadlercreutz.fi\/blog\/wp-content\/uploads\/2018\/10\/Anders-h\u00e4sten-2018-9.jpg?fit=1214%2C809&ssl=1","type":"image\/jpeg"}],"author":"Anders","twitter_card":"summary_large_image","twitter_misc":{"Skriven av":"Anders","Ber\u00e4knad l\u00e4stid":"1 minut"},"schema":{"@context":"https:\/\/schema.org","@graph":[{"@type":"WebPage","@id":"https:\/\/andersadlercreutz.fi\/blog\/lehdistotiedote\/adlercreutz-lyhytnakoinen-ja-hatikoity-paatos\/?lang=fi","url":"https:\/\/andersadlercreutz.fi\/blog\/lehdistotiedote\/adlercreutz-lyhytnakoinen-ja-hatikoity-paatos\/?lang=fi","name":"Adlercreutz: Lyhytn\u00e4k\u00f6inen ja h\u00e4tik\u00f6ity p\u00e4\u00e4t\u00f6s - Anders Adlercreutz","isPartOf":{"@id":"https:\/\/andersadlercreutz.fi\/blog\/#website"},"datePublished":"2020-04-06T11:23:04+00:00","dateModified":"2020-04-06T11:23:04+00:00","author":{"@id":"https:\/\/andersadlercreutz.fi\/blog\/#\/schema\/person\/47d4b72eded862b484f74bb4b3a2354f"},"breadcrumb":{"@id":"https:\/\/andersadlercreutz.fi\/blog\/lehdistotiedote\/adlercreutz-lyhytnakoinen-ja-hatikoity-paatos\/?lang=fi#breadcrumb"},"inLanguage":"sv-SE","potentialAction":[{"@type":"ReadAction","target":["https:\/\/andersadlercreutz.fi\/blog\/lehdistotiedote\/adlercreutz-lyhytnakoinen-ja-hatikoity-paatos\/?lang=fi"]}]},{"@type":"BreadcrumbList","@id":"https:\/\/andersadlercreutz.fi\/blog\/lehdistotiedote\/adlercreutz-lyhytnakoinen-ja-hatikoity-paatos\/?lang=fi#breadcrumb","itemListElement":[{"@type":"ListItem","position":1,"name":"Home","item":"https:\/\/andersadlercreutz.fi\/blog\/blogg\/?lang=sv"},{"@type":"ListItem","position":2,"name":"Adlercreutz: Lyhytn\u00e4k\u00f6inen ja h\u00e4tik\u00f6ity p\u00e4\u00e4t\u00f6s"}]},{"@type":"WebSite","@id":"https:\/\/andersadlercreutz.fi\/blog\/#website","url":"https:\/\/andersadlercreutz.fi\/blog\/","name":"Anders Adlercreutz","description":"Du. Jag. Vi. Kest&auml;v&auml;sti optimisti","potentialAction":[{"@type":"SearchAction","target":{"@type":"EntryPoint","urlTemplate":"https:\/\/andersadlercreutz.fi\/blog\/?s={search_term_string}"},"query-input":"required name=search_term_string"}],"inLanguage":"sv-SE"},{"@type":"Person","@id":"https:\/\/andersadlercreutz.fi\/blog\/#\/schema\/person\/47d4b72eded862b484f74bb4b3a2354f","name":"Anders","image":{"@type":"ImageObject","inLanguage":"sv-SE","@id":"https:\/\/andersadlercreutz.fi\/blog\/#\/schema\/person\/image\/","url":"https:\/\/secure.gravatar.com\/avatar\/a144c9bda7a581ff6fabba169027e620?s=96&d=mm&r=g","contentUrl":"https:\/\/secure.gravatar.com\/avatar\/a144c9bda7a581ff6fabba169027e620?s=96&d=mm&r=g","caption":"Anders"},"url":"https:\/\/andersadlercreutz.fi\/blog\/author\/admin\/"}]}},"jetpack_featured_media_url":"https:\/\/i0.wp.com\/andersadlercreutz.fi\/blog\/wp-content\/uploads\/2018\/10\/Anders-h\u00e4sten-2018-9.jpg?fit=1214%2C809&ssl=1","jetpack_shortlink":"https:\/\/wp.me\/p4T6Dh-1EU","jetpack_sharing_enabled":true,"_links":{"self":[{"href":"https:\/\/andersadlercreutz.fi\/blog\/wp-json\/wp\/v2\/posts\/6380"}],"collection":[{"href":"https:\/\/andersadlercreutz.fi\/blog\/wp-json\/wp\/v2\/posts"}],"about":[{"href":"https:\/\/andersadlercreutz.fi\/blog\/wp-json\/wp\/v2\/types\/post"}],"author":[{"embeddable":true,"href":"https:\/\/andersadlercreutz.fi\/blog\/wp-json\/wp\/v2\/users\/1"}],"replies":[{"embeddable":true,"href":"https:\/\/andersadlercreutz.fi\/blog\/wp-json\/wp\/v2\/comments?post=6380"}],"version-history":[{"count":1,"href":"https:\/\/andersadlercreutz.fi\/blog\/wp-json\/wp\/v2\/posts\/6380\/revisions"}],"predecessor-version":[{"id":6381,"href":"https:\/\/andersadlercreutz.fi\/blog\/wp-json\/wp\/v2\/posts\/6380\/revisions\/6381"}],"wp:featuredmedia":[{"embeddable":true,"href":"https:\/\/andersadlercreutz.fi\/blog\/wp-json\/wp\/v2\/media\/4309"}],"wp:attachment":[{"href":"https:\/\/andersadlercreutz.fi\/blog\/wp-json\/wp\/v2\/media?parent=6380"}],"wp:term":[{"taxonomy":"category","embeddable":true,"href":"https:\/\/andersadlercreutz.fi\/blog\/wp-json\/wp\/v2\/categories?post=6380"},{"taxonomy":"post_tag","embeddable":true,"href":"https:\/\/andersadlercreutz.fi\/blog\/wp-json\/wp\/v2\/tags?post=6380"}],"curies":[{"name":"wp","href":"https:\/\/api.w.org\/{rel}","templated":true}]}}