{"id":6470,"date":"2020-06-02T21:40:50","date_gmt":"2020-06-02T18:40:50","guid":{"rendered":"http:\/\/andersadlercreutz.fi\/blog\/?p=6470"},"modified":"2020-06-02T21:40:13","modified_gmt":"2020-06-02T18:40:13","slug":"adlercreutz-ilmasto-ja-yritykset-kiittavat-lisabudjetin-panostuksista","status":"publish","type":"post","link":"https:\/\/andersadlercreutz.fi\/blog\/lehdistotiedote\/adlercreutz-ilmasto-ja-yritykset-kiittavat-lisabudjetin-panostuksista\/?lang=fi","title":{"rendered":"Adlercreutz: Ilmasto ja yritykset kiitt\u00e4v\u00e4t lis\u00e4budjetin panostuksista"},"content":{"rendered":"<p>Ruotsalaisen eduskuntaryhm\u00e4n puheenjohtaja Anders Adlercreutz on tyytyv\u00e4inen hallituksen nelj\u00e4nnen lis\u00e4talousarvion panostuksiin. Koronakriisist\u00e4 johtuvien v\u00e4ltt\u00e4m\u00e4tt\u00f6mien menolis\u00e4yksien ohella my\u00f6s ilmastotoimiin panostetaan muun muassa tukemalla sek\u00e4 puurakentamista ett\u00e4 \u00f6ljyl\u00e4mmityksest\u00e4 luopumista. T\u00e4m\u00e4n lis\u00e4talousarvion my\u00f6t\u00e4 my\u00f6s ilmastorahastosta tulee totta.<\/p>\n<p>\u2013\u00a0Tied\u00e4mme, ett\u00e4 cleantech-ala tulee kasvamaan tulevien vuosien aikana. Meill\u00e4 on monta suomalaista yrityst\u00e4 ja innovaatiota, jotka ovat sen pienen lis\u00e4sys\u00e4yksen tarpeessa. Ilmastorahaston avulla n\u00e4m\u00e4 voivat l\u00f6yt\u00e4\u00e4 tarvittavan panostuksen, markkinoilta l\u00f6ytyv\u00e4n rahoituksen lis\u00e4ksi. T\u00e4m\u00e4 on hyv\u00e4 tapa edist\u00e4\u00e4 ty\u00f6llisyytt\u00e4, innovaatioita, vienti\u00e4 \u2013 ja ilmastoa, Adlercreutz sanoo.<\/p>\n<p>Hallitusohjelman mukaan \u00f6ljyl\u00e4mmityksest\u00e4 on tarkoitus luopua asteittaan 2030-luvun alkuun menness\u00e4.<\/p>\n<p>\u2013\u00a0Hallitus panostaa nyt 45 miljoonaa euroa siihen, ett\u00e4 sek\u00e4 kunnat ett\u00e4 yksityishenkil\u00f6t voivat saada tukea \u00f6ljyl\u00e4mmityksen vaihtamiseen ilmastoyst\u00e4v\u00e4llisemp\u00e4\u00e4n vaihtoehtoon. T\u00e4m\u00e4 on konkreettinen panostus, joka kannustaa oman hiilidioksidijalanj\u00e4lkens\u00e4 pienent\u00e4miseen. Rakennuskantamme uudistuessa suhteellisen hitaasti kaikki energiank\u00e4yt\u00f6n v\u00e4hent\u00e4miseen t\u00e4ht\u00e4\u00e4v\u00e4t toimet ovat tervetulleita. On my\u00f6s usein turvallisempaa ja j\u00e4rkev\u00e4mp\u00e4\u00e4 keskitty\u00e4 energial\u00e4hteeseen, sen sijaan ett\u00e4 tehd\u00e4\u00e4n energiatehokkuusremontti, jolla voi olla odottamattomia negatiivisia seurauksia.<\/p>\n<p>Adlercreutz iloitsee my\u00f6s puurakentamisen edist\u00e4misest\u00e4.<\/p>\n<p>\u2013\u00a0Puurakennus on konkreettinen hiilivarasto. My\u00f6s pieni puurakennus varastoi useita tonneja hiilidioksidia. Jokainen betonikuutio, joka korvataan puulla, vie meid\u00e4t l\u00e4hemm\u00e4s ilmastotavoitteitamme. Me RKP:ss\u00e4 olemme pitk\u00e4\u00e4n puhuneet puurakentamisen puolesta. Nyt siit\u00e4 tulee totta.<\/p>\n","protected":false},"excerpt":{"rendered":"<p>Ruotsalaisen eduskuntaryhm\u00e4n puheenjohtaja Anders Adlercreutz on tyytyv\u00e4inen hallituksen nelj\u00e4nnen lis\u00e4talousarvion panostuksiin. Koronakriisist\u00e4 johtuvien v\u00e4ltt\u00e4m\u00e4tt\u00f6mien menolis\u00e4yksien ohella my\u00f6s ilmastotoimiin panostetaan muun muassa tukemalla sek\u00e4 puurakentamista ett\u00e4 \u00f6ljyl\u00e4mmityksest\u00e4 luopumista. T\u00e4m\u00e4n lis\u00e4talousarvion my\u00f6t\u00e4 my\u00f6s ilmastorahastosta tulee totta. \u2013\u00a0Tied\u00e4mme, ett\u00e4 cleantech-ala tulee kasvamaan tulevien vuosien aikana. Meill\u00e4 on monta suomalaista yrityst\u00e4 ja innovaatiota, jotka ovat sen pienen lis\u00e4sys\u00e4yksen tarpeessa. [&hellip;]<\/p>\n","protected":false},"author":1,"featured_media":6450,"comment_status":"open","ping_status":"open","sticky":false,"template":"","format":"standard","meta":{"jetpack_post_was_ever_published":false,"_jetpack_newsletter_access":"","jetpack_publicize_message":"","jetpack_is_tweetstorm":false,"jetpack_publicize_feature_enabled":true,"jetpack_social_post_already_shared":true,"jetpack_social_options":{"image_generator_settings":{"template":"highway","enabled":false}}},"categories":[14,60,71],"tags":[],"jetpack_publicize_connections":[],"yoast_head":"<!-- This site is optimized with the Yoast SEO plugin v20.12 - https:\/\/yoast.com\/wordpress\/plugins\/seo\/ -->\n<title>Adlercreutz: Ilmasto ja yritykset kiitt\u00e4v\u00e4t lis\u00e4budjetin panostuksista - Anders Adlercreutz<\/title>\n<meta name=\"robots\" content=\"index, follow, max-snippet:-1, max-image-preview:large, max-video-preview:-1\" \/>\n<link rel=\"canonical\" href=\"https:\/\/andersadlercreutz.fi\/blog\/lehdistotiedote\/adlercreutz-ilmasto-ja-yritykset-kiittavat-lisabudjetin-panostuksista\/\" \/>\n<meta property=\"og:locale\" content=\"sv_SE\" \/>\n<meta property=\"og:type\" content=\"article\" \/>\n<meta property=\"og:title\" content=\"Adlercreutz: Ilmasto ja yritykset kiitt\u00e4v\u00e4t lis\u00e4budjetin panostuksista - Anders Adlercreutz\" \/>\n<meta property=\"og:description\" content=\"Ruotsalaisen eduskuntaryhm\u00e4n puheenjohtaja Anders Adlercreutz on tyytyv\u00e4inen hallituksen nelj\u00e4nnen lis\u00e4talousarvion panostuksiin. Koronakriisist\u00e4 johtuvien v\u00e4ltt\u00e4m\u00e4tt\u00f6mien menolis\u00e4yksien ohella my\u00f6s ilmastotoimiin panostetaan muun muassa tukemalla sek\u00e4 puurakentamista ett\u00e4 \u00f6ljyl\u00e4mmityksest\u00e4 luopumista. T\u00e4m\u00e4n lis\u00e4talousarvion my\u00f6t\u00e4 my\u00f6s ilmastorahastosta tulee totta. \u2013\u00a0Tied\u00e4mme, ett\u00e4 cleantech-ala tulee kasvamaan tulevien vuosien aikana. Meill\u00e4 on monta suomalaista yrityst\u00e4 ja innovaatiota, jotka ovat sen pienen lis\u00e4sys\u00e4yksen tarpeessa. [&hellip;]\" \/>\n<meta property=\"og:url\" content=\"https:\/\/andersadlercreutz.fi\/blog\/lehdistotiedote\/adlercreutz-ilmasto-ja-yritykset-kiittavat-lisabudjetin-panostuksista\/?lang=fi\" \/>\n<meta property=\"og:site_name\" content=\"Anders Adlercreutz\" \/>\n<meta property=\"article:published_time\" content=\"2020-06-02T18:40:50+00:00\" \/>\n<meta property=\"article:modified_time\" content=\"2020-06-02T18:40:13+00:00\" \/>\n<meta property=\"og:image\" content=\"https:\/\/i0.wp.com\/andersadlercreutz.fi\/blog\/wp-content\/uploads\/2020\/05\/RD-052020-3.jpeg?fit=1280%2C714&ssl=1\" \/>\n\t<meta property=\"og:image:width\" content=\"1280\" \/>\n\t<meta property=\"og:image:height\" content=\"714\" \/>\n\t<meta property=\"og:image:type\" content=\"image\/jpeg\" \/>\n<meta name=\"author\" content=\"Anders\" \/>\n<meta name=\"twitter:card\" content=\"summary_large_image\" \/>\n<meta name=\"twitter:label1\" content=\"Skriven av\" \/>\n\t<meta name=\"twitter:data1\" content=\"Anders\" \/>\n\t<meta name=\"twitter:label2\" content=\"Ber\u00e4knad l\u00e4stid\" \/>\n\t<meta name=\"twitter:data2\" content=\"1 minut\" \/>\n<script type=\"application\/ld+json\" class=\"yoast-schema-graph\">{\"@context\":\"https:\/\/schema.org\",\"@graph\":[{\"@type\":\"WebPage\",\"@id\":\"https:\/\/andersadlercreutz.fi\/blog\/lehdistotiedote\/adlercreutz-ilmasto-ja-yritykset-kiittavat-lisabudjetin-panostuksista\/?lang=fi\",\"url\":\"https:\/\/andersadlercreutz.fi\/blog\/lehdistotiedote\/adlercreutz-ilmasto-ja-yritykset-kiittavat-lisabudjetin-panostuksista\/?lang=fi\",\"name\":\"Adlercreutz: Ilmasto ja yritykset kiitt\u00e4v\u00e4t lis\u00e4budjetin panostuksista - Anders Adlercreutz\",\"isPartOf\":{\"@id\":\"https:\/\/andersadlercreutz.fi\/blog\/#website\"},\"datePublished\":\"2020-06-02T18:40:50+00:00\",\"dateModified\":\"2020-06-02T18:40:13+00:00\",\"author\":{\"@id\":\"https:\/\/andersadlercreutz.fi\/blog\/#\/schema\/person\/47d4b72eded862b484f74bb4b3a2354f\"},\"breadcrumb\":{\"@id\":\"https:\/\/andersadlercreutz.fi\/blog\/lehdistotiedote\/adlercreutz-ilmasto-ja-yritykset-kiittavat-lisabudjetin-panostuksista\/?lang=fi#breadcrumb\"},\"inLanguage\":\"sv-SE\",\"potentialAction\":[{\"@type\":\"ReadAction\",\"target\":[\"https:\/\/andersadlercreutz.fi\/blog\/lehdistotiedote\/adlercreutz-ilmasto-ja-yritykset-kiittavat-lisabudjetin-panostuksista\/?lang=fi\"]}]},{\"@type\":\"BreadcrumbList\",\"@id\":\"https:\/\/andersadlercreutz.fi\/blog\/lehdistotiedote\/adlercreutz-ilmasto-ja-yritykset-kiittavat-lisabudjetin-panostuksista\/?lang=fi#breadcrumb\",\"itemListElement\":[{\"@type\":\"ListItem\",\"position\":1,\"name\":\"Home\",\"item\":\"https:\/\/andersadlercreutz.fi\/blog\/blogg\/?lang=sv\"},{\"@type\":\"ListItem\",\"position\":2,\"name\":\"Adlercreutz: Ilmasto ja yritykset kiitt\u00e4v\u00e4t lis\u00e4budjetin panostuksista\"}]},{\"@type\":\"WebSite\",\"@id\":\"https:\/\/andersadlercreutz.fi\/blog\/#website\",\"url\":\"https:\/\/andersadlercreutz.fi\/blog\/\",\"name\":\"Anders Adlercreutz\",\"description\":\"Du. Jag. Vi. Kest&auml;v&auml;sti optimisti\",\"potentialAction\":[{\"@type\":\"SearchAction\",\"target\":{\"@type\":\"EntryPoint\",\"urlTemplate\":\"https:\/\/andersadlercreutz.fi\/blog\/?s={search_term_string}\"},\"query-input\":\"required name=search_term_string\"}],\"inLanguage\":\"sv-SE\"},{\"@type\":\"Person\",\"@id\":\"https:\/\/andersadlercreutz.fi\/blog\/#\/schema\/person\/47d4b72eded862b484f74bb4b3a2354f\",\"name\":\"Anders\",\"image\":{\"@type\":\"ImageObject\",\"inLanguage\":\"sv-SE\",\"@id\":\"https:\/\/andersadlercreutz.fi\/blog\/#\/schema\/person\/image\/\",\"url\":\"https:\/\/secure.gravatar.com\/avatar\/a144c9bda7a581ff6fabba169027e620?s=96&d=mm&r=g\",\"contentUrl\":\"https:\/\/secure.gravatar.com\/avatar\/a144c9bda7a581ff6fabba169027e620?s=96&d=mm&r=g\",\"caption\":\"Anders\"},\"url\":\"https:\/\/andersadlercreutz.fi\/blog\/author\/admin\/\"}]}<\/script>\n<!-- \/ Yoast SEO plugin. -->","yoast_head_json":{"title":"Adlercreutz: Ilmasto ja yritykset kiitt\u00e4v\u00e4t lis\u00e4budjetin panostuksista - Anders Adlercreutz","robots":{"index":"index","follow":"follow","max-snippet":"max-snippet:-1","max-image-preview":"max-image-preview:large","max-video-preview":"max-video-preview:-1"},"canonical":"https:\/\/andersadlercreutz.fi\/blog\/lehdistotiedote\/adlercreutz-ilmasto-ja-yritykset-kiittavat-lisabudjetin-panostuksista\/","og_locale":"sv_SE","og_type":"article","og_title":"Adlercreutz: Ilmasto ja yritykset kiitt\u00e4v\u00e4t lis\u00e4budjetin panostuksista - Anders Adlercreutz","og_description":"Ruotsalaisen eduskuntaryhm\u00e4n puheenjohtaja Anders Adlercreutz on tyytyv\u00e4inen hallituksen nelj\u00e4nnen lis\u00e4talousarvion panostuksiin. Koronakriisist\u00e4 johtuvien v\u00e4ltt\u00e4m\u00e4tt\u00f6mien menolis\u00e4yksien ohella my\u00f6s ilmastotoimiin panostetaan muun muassa tukemalla sek\u00e4 puurakentamista ett\u00e4 \u00f6ljyl\u00e4mmityksest\u00e4 luopumista. T\u00e4m\u00e4n lis\u00e4talousarvion my\u00f6t\u00e4 my\u00f6s ilmastorahastosta tulee totta. \u2013\u00a0Tied\u00e4mme, ett\u00e4 cleantech-ala tulee kasvamaan tulevien vuosien aikana. Meill\u00e4 on monta suomalaista yrityst\u00e4 ja innovaatiota, jotka ovat sen pienen lis\u00e4sys\u00e4yksen tarpeessa. [&hellip;]","og_url":"https:\/\/andersadlercreutz.fi\/blog\/lehdistotiedote\/adlercreutz-ilmasto-ja-yritykset-kiittavat-lisabudjetin-panostuksista\/?lang=fi","og_site_name":"Anders Adlercreutz","article_published_time":"2020-06-02T18:40:50+00:00","article_modified_time":"2020-06-02T18:40:13+00:00","og_image":[{"width":1280,"height":714,"url":"https:\/\/i0.wp.com\/andersadlercreutz.fi\/blog\/wp-content\/uploads\/2020\/05\/RD-052020-3.jpeg?fit=1280%2C714&ssl=1","type":"image\/jpeg"}],"author":"Anders","twitter_card":"summary_large_image","twitter_misc":{"Skriven av":"Anders","Ber\u00e4knad l\u00e4stid":"1 minut"},"schema":{"@context":"https:\/\/schema.org","@graph":[{"@type":"WebPage","@id":"https:\/\/andersadlercreutz.fi\/blog\/lehdistotiedote\/adlercreutz-ilmasto-ja-yritykset-kiittavat-lisabudjetin-panostuksista\/?lang=fi","url":"https:\/\/andersadlercreutz.fi\/blog\/lehdistotiedote\/adlercreutz-ilmasto-ja-yritykset-kiittavat-lisabudjetin-panostuksista\/?lang=fi","name":"Adlercreutz: Ilmasto ja yritykset kiitt\u00e4v\u00e4t lis\u00e4budjetin panostuksista - Anders Adlercreutz","isPartOf":{"@id":"https:\/\/andersadlercreutz.fi\/blog\/#website"},"datePublished":"2020-06-02T18:40:50+00:00","dateModified":"2020-06-02T18:40:13+00:00","author":{"@id":"https:\/\/andersadlercreutz.fi\/blog\/#\/schema\/person\/47d4b72eded862b484f74bb4b3a2354f"},"breadcrumb":{"@id":"https:\/\/andersadlercreutz.fi\/blog\/lehdistotiedote\/adlercreutz-ilmasto-ja-yritykset-kiittavat-lisabudjetin-panostuksista\/?lang=fi#breadcrumb"},"inLanguage":"sv-SE","potentialAction":[{"@type":"ReadAction","target":["https:\/\/andersadlercreutz.fi\/blog\/lehdistotiedote\/adlercreutz-ilmasto-ja-yritykset-kiittavat-lisabudjetin-panostuksista\/?lang=fi"]}]},{"@type":"BreadcrumbList","@id":"https:\/\/andersadlercreutz.fi\/blog\/lehdistotiedote\/adlercreutz-ilmasto-ja-yritykset-kiittavat-lisabudjetin-panostuksista\/?lang=fi#breadcrumb","itemListElement":[{"@type":"ListItem","position":1,"name":"Home","item":"https:\/\/andersadlercreutz.fi\/blog\/blogg\/?lang=sv"},{"@type":"ListItem","position":2,"name":"Adlercreutz: Ilmasto ja yritykset kiitt\u00e4v\u00e4t lis\u00e4budjetin panostuksista"}]},{"@type":"WebSite","@id":"https:\/\/andersadlercreutz.fi\/blog\/#website","url":"https:\/\/andersadlercreutz.fi\/blog\/","name":"Anders Adlercreutz","description":"Du. Jag. Vi. Kest&auml;v&auml;sti optimisti","potentialAction":[{"@type":"SearchAction","target":{"@type":"EntryPoint","urlTemplate":"https:\/\/andersadlercreutz.fi\/blog\/?s={search_term_string}"},"query-input":"required name=search_term_string"}],"inLanguage":"sv-SE"},{"@type":"Person","@id":"https:\/\/andersadlercreutz.fi\/blog\/#\/schema\/person\/47d4b72eded862b484f74bb4b3a2354f","name":"Anders","image":{"@type":"ImageObject","inLanguage":"sv-SE","@id":"https:\/\/andersadlercreutz.fi\/blog\/#\/schema\/person\/image\/","url":"https:\/\/secure.gravatar.com\/avatar\/a144c9bda7a581ff6fabba169027e620?s=96&d=mm&r=g","contentUrl":"https:\/\/secure.gravatar.com\/avatar\/a144c9bda7a581ff6fabba169027e620?s=96&d=mm&r=g","caption":"Anders"},"url":"https:\/\/andersadlercreutz.fi\/blog\/author\/admin\/"}]}},"jetpack_featured_media_url":"https:\/\/i0.wp.com\/andersadlercreutz.fi\/blog\/wp-content\/uploads\/2020\/05\/RD-052020-3.jpeg?fit=1280%2C714&ssl=1","jetpack_shortlink":"https:\/\/wp.me\/p4T6Dh-1Gm","jetpack_sharing_enabled":true,"_links":{"self":[{"href":"https:\/\/andersadlercreutz.fi\/blog\/wp-json\/wp\/v2\/posts\/6470"}],"collection":[{"href":"https:\/\/andersadlercreutz.fi\/blog\/wp-json\/wp\/v2\/posts"}],"about":[{"href":"https:\/\/andersadlercreutz.fi\/blog\/wp-json\/wp\/v2\/types\/post"}],"author":[{"embeddable":true,"href":"https:\/\/andersadlercreutz.fi\/blog\/wp-json\/wp\/v2\/users\/1"}],"replies":[{"embeddable":true,"href":"https:\/\/andersadlercreutz.fi\/blog\/wp-json\/wp\/v2\/comments?post=6470"}],"version-history":[{"count":2,"href":"https:\/\/andersadlercreutz.fi\/blog\/wp-json\/wp\/v2\/posts\/6470\/revisions"}],"predecessor-version":[{"id":6472,"href":"https:\/\/andersadlercreutz.fi\/blog\/wp-json\/wp\/v2\/posts\/6470\/revisions\/6472"}],"wp:featuredmedia":[{"embeddable":true,"href":"https:\/\/andersadlercreutz.fi\/blog\/wp-json\/wp\/v2\/media\/6450"}],"wp:attachment":[{"href":"https:\/\/andersadlercreutz.fi\/blog\/wp-json\/wp\/v2\/media?parent=6470"}],"wp:term":[{"taxonomy":"category","embeddable":true,"href":"https:\/\/andersadlercreutz.fi\/blog\/wp-json\/wp\/v2\/categories?post=6470"},{"taxonomy":"post_tag","embeddable":true,"href":"https:\/\/andersadlercreutz.fi\/blog\/wp-json\/wp\/v2\/tags?post=6470"}],"curies":[{"name":"wp","href":"https:\/\/api.w.org\/{rel}","templated":true}]}}