{"id":6479,"date":"2020-06-04T13:29:01","date_gmt":"2020-06-04T10:29:01","guid":{"rendered":"http:\/\/andersadlercreutz.fi\/blog\/?p=6479"},"modified":"2020-06-04T13:29:01","modified_gmt":"2020-06-04T10:29:01","slug":"adlercreutz-tyollisyystoimet-eivat-voi-odottaa","status":"publish","type":"post","link":"https:\/\/andersadlercreutz.fi\/blog\/lehdistotiedote\/adlercreutz-tyollisyystoimet-eivat-voi-odottaa\/?lang=fi","title":{"rendered":"Adlercreutz: Ty\u00f6llisyystoimet eiv\u00e4t voi odottaa"},"content":{"rendered":"<p>\u2013\u00a0Koronakriisi vaikuttaa voimakkaasti koko Suomen talouteen ja vaikeuttaa huomattavasti hallitusohjelman 75 prosentin ty\u00f6llisyystavoitteen saavuttamista. Kriisin varjolla ei kuitenkaan pid\u00e4\u00a0siirt\u00e4\u00e4 ty\u00f6llisyystoimia eteenp\u00e4in. Nyt tarvitsemme rakenteellisia uudistuksia ja m\u00e4\u00e4r\u00e4tietoisia toimia, jotta saamme Suomen jaloilleen.<\/p>\n<p>T\u00e4t\u00e4 mielt\u00e4 on Ruotsalaisen eduskuntaryhm\u00e4n puheenjohtaja Anders Adlercreutz. H\u00e4n per\u00e4\u00e4nkuuluttaa my\u00f6s kunnianhimon nostoa.<\/p>\n<p>\u2013\u00a0Emme tied\u00e4 milloin seuraava pandemia \u2013 tai muu kriisi \u2013 j\u00e4lleen iskee. Mit\u00e4 tasapanoisempi julkinen taloutemme silloin on, sit\u00e4 paremmin kykenemme vastaamaan siihen kriisiin. Vaikka edelleen el\u00e4mme keskell\u00e4 pandemiaa, emme saa unohtaa ty\u00f6llisyystavoitettamme.\u00a0T\u00e4m\u00e4 haaste ei helpotu odottamalla. On my\u00f6s syyt\u00e4 t\u00e4hd\u00e4t\u00e4 korkeammalle: ty\u00f6el\u00e4m\u00e4professori Vesa Vihri\u00e4l\u00e4n mukaan voisimme p\u00e4\u00e4st\u00e4 77\u201378 prosentin ty\u00f6llisyystasoon viidess\u00e4 vuodessa. T\u00e4h\u00e4n meid\u00e4n tulee t\u00e4hd\u00e4t\u00e4.<\/p>\n<p>\u2013\u00a0Kyse on my\u00f6s niiden ihmisten auttamisesta, joilla on t\u00e4ll\u00e4 hetkell\u00e4 vaikeaa. Moni on juuri nyt taloudellisesti ep\u00e4varmassa tilanteessa lomautuksen tai irtisanomisen takia. Ty\u00f6n menett\u00e4minen on henkil\u00f6kohtainen tragedia. Ty\u00f6paikka on my\u00f6s paras sosiaaliturva.<\/p>\n<p>Vuoden nelj\u00e4n ensimm\u00e4isen lis\u00e4talousarvion my\u00f6t\u00e4 valtion t\u00e4m\u00e4n vuoden\u00a0lainanotto l\u00e4hentelee 20 miljardin euron rajaa.<\/p>\n<p>\u2013\u00a0Meid\u00e4n on nyt voimakkaasti elvytett\u00e4v\u00e4 talouttamme, mutta meid\u00e4n tulee my\u00f6s luoda kartta sen tasapainottamiseksi. Tarvitaan luottamusta sek\u00e4 omaan henkil\u00f6kohtaiseen talouteen ett\u00e4 julkiseen talouteen, jotta p\u00e4\u00e4semme palaamaan normaaleihin olosuhteisiin. Meill\u00e4 ei ole aikaa odottaa. Tarvitsemme konkreettisia ty\u00f6llisyystoimenpiteit\u00e4, jotka lis\u00e4\u00e4v\u00e4t sek\u00e4 ty\u00f6voiman kysynt\u00e4\u00e4 ett\u00e4 tarjontaa.<\/p>\n","protected":false},"excerpt":{"rendered":"<p>\u2013\u00a0Koronakriisi vaikuttaa voimakkaasti koko Suomen talouteen ja vaikeuttaa huomattavasti hallitusohjelman 75 prosentin ty\u00f6llisyystavoitteen saavuttamista. Kriisin varjolla ei kuitenkaan pid\u00e4\u00a0siirt\u00e4\u00e4 ty\u00f6llisyystoimia eteenp\u00e4in. Nyt tarvitsemme rakenteellisia uudistuksia ja m\u00e4\u00e4r\u00e4tietoisia toimia, jotta saamme Suomen jaloilleen. T\u00e4t\u00e4 mielt\u00e4 on Ruotsalaisen eduskuntaryhm\u00e4n puheenjohtaja Anders Adlercreutz. H\u00e4n per\u00e4\u00e4nkuuluttaa my\u00f6s kunnianhimon nostoa. \u2013\u00a0Emme tied\u00e4 milloin seuraava pandemia \u2013 tai muu kriisi \u2013 [&hellip;]<\/p>\n","protected":false},"author":1,"featured_media":3865,"comment_status":"open","ping_status":"open","sticky":false,"template":"","format":"standard","meta":{"jetpack_post_was_ever_published":false,"_jetpack_newsletter_access":"","jetpack_publicize_message":"","jetpack_is_tweetstorm":false,"jetpack_publicize_feature_enabled":true,"jetpack_social_post_already_shared":true,"jetpack_social_options":{"image_generator_settings":{"template":"highway","enabled":false}}},"categories":[60,113,71,61],"tags":[],"jetpack_publicize_connections":[],"yoast_head":"<!-- This site is optimized with the Yoast SEO plugin v20.12 - https:\/\/yoast.com\/wordpress\/plugins\/seo\/ -->\n<title>Adlercreutz: Ty\u00f6llisyystoimet eiv\u00e4t voi odottaa - Anders Adlercreutz<\/title>\n<meta name=\"robots\" content=\"index, follow, max-snippet:-1, max-image-preview:large, max-video-preview:-1\" \/>\n<link rel=\"canonical\" href=\"https:\/\/andersadlercreutz.fi\/blog\/lehdistotiedote\/adlercreutz-tyollisyystoimet-eivat-voi-odottaa\/\" \/>\n<meta property=\"og:locale\" content=\"sv_SE\" \/>\n<meta property=\"og:type\" content=\"article\" \/>\n<meta property=\"og:title\" content=\"Adlercreutz: Ty\u00f6llisyystoimet eiv\u00e4t voi odottaa - Anders Adlercreutz\" \/>\n<meta property=\"og:description\" content=\"\u2013\u00a0Koronakriisi vaikuttaa voimakkaasti koko Suomen talouteen ja vaikeuttaa huomattavasti hallitusohjelman 75 prosentin ty\u00f6llisyystavoitteen saavuttamista. Kriisin varjolla ei kuitenkaan pid\u00e4\u00a0siirt\u00e4\u00e4 ty\u00f6llisyystoimia eteenp\u00e4in. Nyt tarvitsemme rakenteellisia uudistuksia ja m\u00e4\u00e4r\u00e4tietoisia toimia, jotta saamme Suomen jaloilleen. T\u00e4t\u00e4 mielt\u00e4 on Ruotsalaisen eduskuntaryhm\u00e4n puheenjohtaja Anders Adlercreutz. H\u00e4n per\u00e4\u00e4nkuuluttaa my\u00f6s kunnianhimon nostoa. \u2013\u00a0Emme tied\u00e4 milloin seuraava pandemia \u2013 tai muu kriisi \u2013 [&hellip;]\" \/>\n<meta property=\"og:url\" content=\"https:\/\/andersadlercreutz.fi\/blog\/lehdistotiedote\/adlercreutz-tyollisyystoimet-eivat-voi-odottaa\/?lang=fi\" \/>\n<meta property=\"og:site_name\" content=\"Anders Adlercreutz\" \/>\n<meta property=\"article:published_time\" content=\"2020-06-04T10:29:01+00:00\" \/>\n<meta property=\"og:image\" content=\"https:\/\/i0.wp.com\/andersadlercreutz.fi\/blog\/wp-content\/uploads\/2018\/01\/Anders-RD012018-6.jpg?fit=1800%2C1276&ssl=1\" \/>\n\t<meta property=\"og:image:width\" content=\"1800\" \/>\n\t<meta property=\"og:image:height\" content=\"1276\" \/>\n\t<meta property=\"og:image:type\" content=\"image\/jpeg\" \/>\n<meta name=\"author\" content=\"Anders\" \/>\n<meta name=\"twitter:card\" content=\"summary_large_image\" \/>\n<meta name=\"twitter:label1\" content=\"Skriven av\" \/>\n\t<meta name=\"twitter:data1\" content=\"Anders\" \/>\n\t<meta name=\"twitter:label2\" content=\"Ber\u00e4knad l\u00e4stid\" \/>\n\t<meta name=\"twitter:data2\" content=\"1 minut\" \/>\n<script type=\"application\/ld+json\" class=\"yoast-schema-graph\">{\"@context\":\"https:\/\/schema.org\",\"@graph\":[{\"@type\":\"WebPage\",\"@id\":\"https:\/\/andersadlercreutz.fi\/blog\/lehdistotiedote\/adlercreutz-tyollisyystoimet-eivat-voi-odottaa\/?lang=fi\",\"url\":\"https:\/\/andersadlercreutz.fi\/blog\/lehdistotiedote\/adlercreutz-tyollisyystoimet-eivat-voi-odottaa\/?lang=fi\",\"name\":\"Adlercreutz: Ty\u00f6llisyystoimet eiv\u00e4t voi odottaa - Anders Adlercreutz\",\"isPartOf\":{\"@id\":\"https:\/\/andersadlercreutz.fi\/blog\/#website\"},\"datePublished\":\"2020-06-04T10:29:01+00:00\",\"dateModified\":\"2020-06-04T10:29:01+00:00\",\"author\":{\"@id\":\"https:\/\/andersadlercreutz.fi\/blog\/#\/schema\/person\/47d4b72eded862b484f74bb4b3a2354f\"},\"breadcrumb\":{\"@id\":\"https:\/\/andersadlercreutz.fi\/blog\/lehdistotiedote\/adlercreutz-tyollisyystoimet-eivat-voi-odottaa\/?lang=fi#breadcrumb\"},\"inLanguage\":\"sv-SE\",\"potentialAction\":[{\"@type\":\"ReadAction\",\"target\":[\"https:\/\/andersadlercreutz.fi\/blog\/lehdistotiedote\/adlercreutz-tyollisyystoimet-eivat-voi-odottaa\/?lang=fi\"]}]},{\"@type\":\"BreadcrumbList\",\"@id\":\"https:\/\/andersadlercreutz.fi\/blog\/lehdistotiedote\/adlercreutz-tyollisyystoimet-eivat-voi-odottaa\/?lang=fi#breadcrumb\",\"itemListElement\":[{\"@type\":\"ListItem\",\"position\":1,\"name\":\"Home\",\"item\":\"https:\/\/andersadlercreutz.fi\/blog\/blogg\/?lang=sv\"},{\"@type\":\"ListItem\",\"position\":2,\"name\":\"Adlercreutz: Ty\u00f6llisyystoimet eiv\u00e4t voi odottaa\"}]},{\"@type\":\"WebSite\",\"@id\":\"https:\/\/andersadlercreutz.fi\/blog\/#website\",\"url\":\"https:\/\/andersadlercreutz.fi\/blog\/\",\"name\":\"Anders Adlercreutz\",\"description\":\"Du. Jag. Vi. Kest&auml;v&auml;sti optimisti\",\"potentialAction\":[{\"@type\":\"SearchAction\",\"target\":{\"@type\":\"EntryPoint\",\"urlTemplate\":\"https:\/\/andersadlercreutz.fi\/blog\/?s={search_term_string}\"},\"query-input\":\"required name=search_term_string\"}],\"inLanguage\":\"sv-SE\"},{\"@type\":\"Person\",\"@id\":\"https:\/\/andersadlercreutz.fi\/blog\/#\/schema\/person\/47d4b72eded862b484f74bb4b3a2354f\",\"name\":\"Anders\",\"image\":{\"@type\":\"ImageObject\",\"inLanguage\":\"sv-SE\",\"@id\":\"https:\/\/andersadlercreutz.fi\/blog\/#\/schema\/person\/image\/\",\"url\":\"https:\/\/secure.gravatar.com\/avatar\/a144c9bda7a581ff6fabba169027e620?s=96&d=mm&r=g\",\"contentUrl\":\"https:\/\/secure.gravatar.com\/avatar\/a144c9bda7a581ff6fabba169027e620?s=96&d=mm&r=g\",\"caption\":\"Anders\"},\"url\":\"https:\/\/andersadlercreutz.fi\/blog\/author\/admin\/\"}]}<\/script>\n<!-- \/ Yoast SEO plugin. -->","yoast_head_json":{"title":"Adlercreutz: Ty\u00f6llisyystoimet eiv\u00e4t voi odottaa - Anders Adlercreutz","robots":{"index":"index","follow":"follow","max-snippet":"max-snippet:-1","max-image-preview":"max-image-preview:large","max-video-preview":"max-video-preview:-1"},"canonical":"https:\/\/andersadlercreutz.fi\/blog\/lehdistotiedote\/adlercreutz-tyollisyystoimet-eivat-voi-odottaa\/","og_locale":"sv_SE","og_type":"article","og_title":"Adlercreutz: Ty\u00f6llisyystoimet eiv\u00e4t voi odottaa - Anders Adlercreutz","og_description":"\u2013\u00a0Koronakriisi vaikuttaa voimakkaasti koko Suomen talouteen ja vaikeuttaa huomattavasti hallitusohjelman 75 prosentin ty\u00f6llisyystavoitteen saavuttamista. Kriisin varjolla ei kuitenkaan pid\u00e4\u00a0siirt\u00e4\u00e4 ty\u00f6llisyystoimia eteenp\u00e4in. Nyt tarvitsemme rakenteellisia uudistuksia ja m\u00e4\u00e4r\u00e4tietoisia toimia, jotta saamme Suomen jaloilleen. T\u00e4t\u00e4 mielt\u00e4 on Ruotsalaisen eduskuntaryhm\u00e4n puheenjohtaja Anders Adlercreutz. H\u00e4n per\u00e4\u00e4nkuuluttaa my\u00f6s kunnianhimon nostoa. \u2013\u00a0Emme tied\u00e4 milloin seuraava pandemia \u2013 tai muu kriisi \u2013 [&hellip;]","og_url":"https:\/\/andersadlercreutz.fi\/blog\/lehdistotiedote\/adlercreutz-tyollisyystoimet-eivat-voi-odottaa\/?lang=fi","og_site_name":"Anders Adlercreutz","article_published_time":"2020-06-04T10:29:01+00:00","og_image":[{"width":1800,"height":1276,"url":"https:\/\/i0.wp.com\/andersadlercreutz.fi\/blog\/wp-content\/uploads\/2018\/01\/Anders-RD012018-6.jpg?fit=1800%2C1276&ssl=1","type":"image\/jpeg"}],"author":"Anders","twitter_card":"summary_large_image","twitter_misc":{"Skriven av":"Anders","Ber\u00e4knad l\u00e4stid":"1 minut"},"schema":{"@context":"https:\/\/schema.org","@graph":[{"@type":"WebPage","@id":"https:\/\/andersadlercreutz.fi\/blog\/lehdistotiedote\/adlercreutz-tyollisyystoimet-eivat-voi-odottaa\/?lang=fi","url":"https:\/\/andersadlercreutz.fi\/blog\/lehdistotiedote\/adlercreutz-tyollisyystoimet-eivat-voi-odottaa\/?lang=fi","name":"Adlercreutz: Ty\u00f6llisyystoimet eiv\u00e4t voi odottaa - Anders Adlercreutz","isPartOf":{"@id":"https:\/\/andersadlercreutz.fi\/blog\/#website"},"datePublished":"2020-06-04T10:29:01+00:00","dateModified":"2020-06-04T10:29:01+00:00","author":{"@id":"https:\/\/andersadlercreutz.fi\/blog\/#\/schema\/person\/47d4b72eded862b484f74bb4b3a2354f"},"breadcrumb":{"@id":"https:\/\/andersadlercreutz.fi\/blog\/lehdistotiedote\/adlercreutz-tyollisyystoimet-eivat-voi-odottaa\/?lang=fi#breadcrumb"},"inLanguage":"sv-SE","potentialAction":[{"@type":"ReadAction","target":["https:\/\/andersadlercreutz.fi\/blog\/lehdistotiedote\/adlercreutz-tyollisyystoimet-eivat-voi-odottaa\/?lang=fi"]}]},{"@type":"BreadcrumbList","@id":"https:\/\/andersadlercreutz.fi\/blog\/lehdistotiedote\/adlercreutz-tyollisyystoimet-eivat-voi-odottaa\/?lang=fi#breadcrumb","itemListElement":[{"@type":"ListItem","position":1,"name":"Home","item":"https:\/\/andersadlercreutz.fi\/blog\/blogg\/?lang=sv"},{"@type":"ListItem","position":2,"name":"Adlercreutz: Ty\u00f6llisyystoimet eiv\u00e4t voi odottaa"}]},{"@type":"WebSite","@id":"https:\/\/andersadlercreutz.fi\/blog\/#website","url":"https:\/\/andersadlercreutz.fi\/blog\/","name":"Anders Adlercreutz","description":"Du. Jag. Vi. Kest&auml;v&auml;sti optimisti","potentialAction":[{"@type":"SearchAction","target":{"@type":"EntryPoint","urlTemplate":"https:\/\/andersadlercreutz.fi\/blog\/?s={search_term_string}"},"query-input":"required name=search_term_string"}],"inLanguage":"sv-SE"},{"@type":"Person","@id":"https:\/\/andersadlercreutz.fi\/blog\/#\/schema\/person\/47d4b72eded862b484f74bb4b3a2354f","name":"Anders","image":{"@type":"ImageObject","inLanguage":"sv-SE","@id":"https:\/\/andersadlercreutz.fi\/blog\/#\/schema\/person\/image\/","url":"https:\/\/secure.gravatar.com\/avatar\/a144c9bda7a581ff6fabba169027e620?s=96&d=mm&r=g","contentUrl":"https:\/\/secure.gravatar.com\/avatar\/a144c9bda7a581ff6fabba169027e620?s=96&d=mm&r=g","caption":"Anders"},"url":"https:\/\/andersadlercreutz.fi\/blog\/author\/admin\/"}]}},"jetpack_featured_media_url":"https:\/\/i0.wp.com\/andersadlercreutz.fi\/blog\/wp-content\/uploads\/2018\/01\/Anders-RD012018-6.jpg?fit=1800%2C1276&ssl=1","jetpack_shortlink":"https:\/\/wp.me\/p4T6Dh-1Gv","jetpack_sharing_enabled":true,"_links":{"self":[{"href":"https:\/\/andersadlercreutz.fi\/blog\/wp-json\/wp\/v2\/posts\/6479"}],"collection":[{"href":"https:\/\/andersadlercreutz.fi\/blog\/wp-json\/wp\/v2\/posts"}],"about":[{"href":"https:\/\/andersadlercreutz.fi\/blog\/wp-json\/wp\/v2\/types\/post"}],"author":[{"embeddable":true,"href":"https:\/\/andersadlercreutz.fi\/blog\/wp-json\/wp\/v2\/users\/1"}],"replies":[{"embeddable":true,"href":"https:\/\/andersadlercreutz.fi\/blog\/wp-json\/wp\/v2\/comments?post=6479"}],"version-history":[{"count":1,"href":"https:\/\/andersadlercreutz.fi\/blog\/wp-json\/wp\/v2\/posts\/6479\/revisions"}],"predecessor-version":[{"id":6480,"href":"https:\/\/andersadlercreutz.fi\/blog\/wp-json\/wp\/v2\/posts\/6479\/revisions\/6480"}],"wp:featuredmedia":[{"embeddable":true,"href":"https:\/\/andersadlercreutz.fi\/blog\/wp-json\/wp\/v2\/media\/3865"}],"wp:attachment":[{"href":"https:\/\/andersadlercreutz.fi\/blog\/wp-json\/wp\/v2\/media?parent=6479"}],"wp:term":[{"taxonomy":"category","embeddable":true,"href":"https:\/\/andersadlercreutz.fi\/blog\/wp-json\/wp\/v2\/categories?post=6479"},{"taxonomy":"post_tag","embeddable":true,"href":"https:\/\/andersadlercreutz.fi\/blog\/wp-json\/wp\/v2\/tags?post=6479"}],"curies":[{"name":"wp","href":"https:\/\/api.w.org\/{rel}","templated":true}]}}