{"id":6492,"date":"2020-06-22T14:32:10","date_gmt":"2020-06-22T11:32:10","guid":{"rendered":"http:\/\/andersadlercreutz.fi\/blog\/?p=6492"},"modified":"2020-06-23T12:56:33","modified_gmt":"2020-06-23T09:56:33","slug":"tarvitsemme-kilpailukykylupauksen","status":"publish","type":"post","link":"https:\/\/andersadlercreutz.fi\/blog\/blog\/tarvitsemme-kilpailukykylupauksen\/?lang=fi","title":{"rendered":"Tarvitsemme kilpailukykylupauksen"},"content":{"rendered":"<p>V-k\u00e4yr\u00e4, U-k\u00e4yr\u00e4, L-k\u00e4yr\u00e4 \u2013 koronakev\u00e4\u00e4n toipumisen k\u00e4yr\u00e4\u00e4 on t\u00e4ss\u00e4 vaiheessa vaikea ennustaa. Ep\u00e4tietoisuus on suuri. Miten vientikumppaneidemme taloudet l\u00e4htev\u00e4t vet\u00e4m\u00e4\u00e4n? Ent\u00e4 tuleeko kenties se pel\u00e4tty toinen aalto sotkemaan kaikkien suunnitelmat lopullisesti?<\/p>\n<p>T\u00e4ss\u00e4 siet\u00e4m\u00e4tt\u00f6m\u00e4ss\u00e4 ep\u00e4tietoisuudessa yrityksemme t\u00e4ll\u00e4 hetkell\u00e4 navigoivat. Kotimainen kulutus n\u00e4ytt\u00e4isi l\u00e4htev\u00e4n liikkeelle, mutta kansainv\u00e4lisell\u00e4 tasolla talouteen ja kysynn\u00e4n kehittymiseen sis\u00e4ltyy isoja kysymysmerkkej\u00e4.<\/p>\n<p>T\u00e4llaisessa tilanteessa on elint\u00e4rke\u00e4\u00e4, ettei ep\u00e4tietoisuutta ruokita my\u00f6s kotimaassa.<\/p>\n<p>On selv\u00e4\u00e4, ja v\u00e4ltt\u00e4m\u00e4t\u00f6nt\u00e4, ett\u00e4 huomattavien elvytt\u00e4vien toimien rinnalla tehd\u00e4\u00e4n linjauksia my\u00f6s talouden tasapainottamistoimista. N\u00e4iden toimien keski\u00f6ss\u00e4 tulee olla\u00a0ty\u00f6llisyystoimet, mutta my\u00f6s menoleikkaukset ja mahdolliset verojen tarkistukset.<\/p>\n<p>Monet yritykset pohtivat tulevaisuuttaan. Uskaltaisivatko ne investoida, palkata uusia ihmisi\u00e4, vied\u00e4 eteenp\u00e4in sit\u00e4 tuotekehitysprojektia, joka edellytt\u00e4\u00e4 vuoden sis\u00e4ll\u00e4 merkitt\u00e4vi\u00e4 laitehankintoja?<\/p>\n<p>T\u00e4ss\u00e4 tilanteessa yritykset eiv\u00e4t kaipaa lis\u00e4\u00e4 ep\u00e4varmuutta siit\u00e4, miten heid\u00e4n kulurakenteensa kehittyy, miten investointipanostukset vaikuttavat verotukseen tai miten he yrityksen mahdollisesta tuloksesta joutuvat maksamaan veroa.<\/p>\n<p>Er\u00e4s yst\u00e4v\u00e4ni toimii yrityskonsulttina veroasioissa. H\u00e4n kertoi minulle, miten vaikeaa h\u00e4nen on keksi\u00e4 hyv\u00e4\u00e4 vastausta yritysten kyselless\u00e4, miksi niiden tulisi j\u00e4\u00e4d\u00e4 Suomeen. Yritysten on luonnollista kysy\u00e4 itselt\u00e4\u00e4n, mikseiv\u00e4t ne siirt\u00e4isi toimintojaan esimerkiksi Viroon, miss\u00e4 verotus on pysynyt ennustettavana jo yli kahden vuosikymmenen ajan?<\/p>\n<p>Meid\u00e4n tulee ep\u00e4vakaan maailmantilanteen kohdalla pyrki\u00e4 juuri t\u00e4llaisen vakauden lis\u00e4\u00e4miseen.<\/p>\n<p>Toivoisin pohdintaa siit\u00e4, miten luomme Suomesta entist\u00e4 ennustettavamman ja houkuttelevamman investointiymp\u00e4rist\u00f6n. Taloutta pit\u00e4\u00e4 sopeuttaa, se on itsest\u00e4\u00e4nselvyys, mutta ep\u00e4tietoisuus vie pohjaa tulevalta kasvulta.\u00a0Tarvitsemme pitk\u00e4n t\u00e4ht\u00e4imen sitoumuksen yritysverotuksen tasosta ja investointikannustimista.<\/p>\n<p>Meid\u00e4n pit\u00e4\u00e4 voida kertoa yrityksillemme, ettei yhteis\u00f6veroa nosteta. Ett\u00e4 p\u00e4\u00e4omaveron nykyinen taso p\u00e4tee my\u00f6s huomenna. Etteiv\u00e4t sopeutustoimet rasita niiden kulurakennetta. Meid\u00e4n pit\u00e4\u00e4 my\u00f6s voida sinet\u00f6id\u00e4 n\u00e4m\u00e4 lupaukset lupauksella siit\u00e4, ett\u00e4 tulemme panostamaan osaavan ty\u00f6voiman kouluttamiseen my\u00f6s jatkossa.<\/p>\n<p>Tarvitsemme kriisin j\u00e4lkimainingeissa, ep\u00e4varmuutta h\u00e4lvent\u00e4\u00e4ksemme, kilpailukykylupauksen.<\/p>\n","protected":false},"excerpt":{"rendered":"<p>V-k\u00e4yr\u00e4, U-k\u00e4yr\u00e4, L-k\u00e4yr\u00e4 \u2013 koronakev\u00e4\u00e4n toipumisen k\u00e4yr\u00e4\u00e4 on t\u00e4ss\u00e4 vaiheessa vaikea ennustaa. Ep\u00e4tietoisuus on suuri. Miten vientikumppaneidemme taloudet l\u00e4htev\u00e4t vet\u00e4m\u00e4\u00e4n? Ent\u00e4 tuleeko kenties se pel\u00e4tty toinen aalto sotkemaan kaikkien suunnitelmat lopullisesti? T\u00e4ss\u00e4 siet\u00e4m\u00e4tt\u00f6m\u00e4ss\u00e4 ep\u00e4tietoisuudessa yrityksemme t\u00e4ll\u00e4 hetkell\u00e4 navigoivat. Kotimainen kulutus n\u00e4ytt\u00e4isi l\u00e4htev\u00e4n liikkeelle, mutta kansainv\u00e4lisell\u00e4 tasolla talouteen ja kysynn\u00e4n kehittymiseen sis\u00e4ltyy isoja kysymysmerkkej\u00e4. T\u00e4llaisessa tilanteessa [&hellip;]<\/p>\n","protected":false},"author":1,"featured_media":6453,"comment_status":"open","ping_status":"open","sticky":false,"template":"","format":"standard","meta":{"jetpack_post_was_ever_published":false,"_jetpack_newsletter_access":"","jetpack_publicize_message":"","jetpack_is_tweetstorm":false,"jetpack_publicize_feature_enabled":true,"jetpack_social_post_already_shared":true,"jetpack_social_options":{"image_generator_settings":{"template":"highway","enabled":false}}},"categories":[18,61,89],"tags":[],"jetpack_publicize_connections":[],"yoast_head":"<!-- This site is optimized with the Yoast SEO plugin v20.12 - https:\/\/yoast.com\/wordpress\/plugins\/seo\/ -->\n<title>Tarvitsemme kilpailukykylupauksen - Anders Adlercreutz<\/title>\n<meta name=\"robots\" content=\"index, follow, max-snippet:-1, max-image-preview:large, max-video-preview:-1\" \/>\n<link rel=\"canonical\" href=\"https:\/\/andersadlercreutz.fi\/blog\/blog\/tarvitsemme-kilpailukykylupauksen\/\" \/>\n<meta property=\"og:locale\" content=\"sv_SE\" \/>\n<meta property=\"og:type\" content=\"article\" \/>\n<meta property=\"og:title\" content=\"Tarvitsemme kilpailukykylupauksen - Anders Adlercreutz\" \/>\n<meta property=\"og:description\" content=\"V-k\u00e4yr\u00e4, U-k\u00e4yr\u00e4, L-k\u00e4yr\u00e4 \u2013 koronakev\u00e4\u00e4n toipumisen k\u00e4yr\u00e4\u00e4 on t\u00e4ss\u00e4 vaiheessa vaikea ennustaa. Ep\u00e4tietoisuus on suuri. Miten vientikumppaneidemme taloudet l\u00e4htev\u00e4t vet\u00e4m\u00e4\u00e4n? Ent\u00e4 tuleeko kenties se pel\u00e4tty toinen aalto sotkemaan kaikkien suunnitelmat lopullisesti? T\u00e4ss\u00e4 siet\u00e4m\u00e4tt\u00f6m\u00e4ss\u00e4 ep\u00e4tietoisuudessa yrityksemme t\u00e4ll\u00e4 hetkell\u00e4 navigoivat. Kotimainen kulutus n\u00e4ytt\u00e4isi l\u00e4htev\u00e4n liikkeelle, mutta kansainv\u00e4lisell\u00e4 tasolla talouteen ja kysynn\u00e4n kehittymiseen sis\u00e4ltyy isoja kysymysmerkkej\u00e4. T\u00e4llaisessa tilanteessa [&hellip;]\" \/>\n<meta property=\"og:url\" content=\"https:\/\/andersadlercreutz.fi\/blog\/blog\/tarvitsemme-kilpailukykylupauksen\/?lang=fi\" \/>\n<meta property=\"og:site_name\" content=\"Anders Adlercreutz\" \/>\n<meta property=\"article:published_time\" content=\"2020-06-22T11:32:10+00:00\" \/>\n<meta property=\"article:modified_time\" content=\"2020-06-23T09:56:33+00:00\" \/>\n<meta property=\"og:image\" content=\"https:\/\/i0.wp.com\/andersadlercreutz.fi\/blog\/wp-content\/uploads\/2020\/05\/RD-052020-4.jpeg?fit=1280%2C723&ssl=1\" \/>\n\t<meta property=\"og:image:width\" content=\"1280\" \/>\n\t<meta property=\"og:image:height\" content=\"723\" \/>\n\t<meta property=\"og:image:type\" content=\"image\/jpeg\" \/>\n<meta name=\"author\" content=\"Anders\" \/>\n<meta name=\"twitter:card\" content=\"summary_large_image\" \/>\n<meta name=\"twitter:label1\" content=\"Skriven av\" \/>\n\t<meta name=\"twitter:data1\" content=\"Anders\" \/>\n\t<meta name=\"twitter:label2\" content=\"Ber\u00e4knad l\u00e4stid\" \/>\n\t<meta name=\"twitter:data2\" content=\"2 minuter\" \/>\n<script type=\"application\/ld+json\" class=\"yoast-schema-graph\">{\"@context\":\"https:\/\/schema.org\",\"@graph\":[{\"@type\":\"WebPage\",\"@id\":\"https:\/\/andersadlercreutz.fi\/blog\/blog\/tarvitsemme-kilpailukykylupauksen\/?lang=fi\",\"url\":\"https:\/\/andersadlercreutz.fi\/blog\/blog\/tarvitsemme-kilpailukykylupauksen\/?lang=fi\",\"name\":\"Tarvitsemme kilpailukykylupauksen - Anders Adlercreutz\",\"isPartOf\":{\"@id\":\"https:\/\/andersadlercreutz.fi\/blog\/#website\"},\"datePublished\":\"2020-06-22T11:32:10+00:00\",\"dateModified\":\"2020-06-23T09:56:33+00:00\",\"author\":{\"@id\":\"https:\/\/andersadlercreutz.fi\/blog\/#\/schema\/person\/47d4b72eded862b484f74bb4b3a2354f\"},\"breadcrumb\":{\"@id\":\"https:\/\/andersadlercreutz.fi\/blog\/blog\/tarvitsemme-kilpailukykylupauksen\/?lang=fi#breadcrumb\"},\"inLanguage\":\"sv-SE\",\"potentialAction\":[{\"@type\":\"ReadAction\",\"target\":[\"https:\/\/andersadlercreutz.fi\/blog\/blog\/tarvitsemme-kilpailukykylupauksen\/?lang=fi\"]}]},{\"@type\":\"BreadcrumbList\",\"@id\":\"https:\/\/andersadlercreutz.fi\/blog\/blog\/tarvitsemme-kilpailukykylupauksen\/?lang=fi#breadcrumb\",\"itemListElement\":[{\"@type\":\"ListItem\",\"position\":1,\"name\":\"Home\",\"item\":\"https:\/\/andersadlercreutz.fi\/blog\/blogg\/?lang=sv\"},{\"@type\":\"ListItem\",\"position\":2,\"name\":\"Tarvitsemme kilpailukykylupauksen\"}]},{\"@type\":\"WebSite\",\"@id\":\"https:\/\/andersadlercreutz.fi\/blog\/#website\",\"url\":\"https:\/\/andersadlercreutz.fi\/blog\/\",\"name\":\"Anders Adlercreutz\",\"description\":\"Du. Jag. Vi. Kest&auml;v&auml;sti optimisti\",\"potentialAction\":[{\"@type\":\"SearchAction\",\"target\":{\"@type\":\"EntryPoint\",\"urlTemplate\":\"https:\/\/andersadlercreutz.fi\/blog\/?s={search_term_string}\"},\"query-input\":\"required name=search_term_string\"}],\"inLanguage\":\"sv-SE\"},{\"@type\":\"Person\",\"@id\":\"https:\/\/andersadlercreutz.fi\/blog\/#\/schema\/person\/47d4b72eded862b484f74bb4b3a2354f\",\"name\":\"Anders\",\"image\":{\"@type\":\"ImageObject\",\"inLanguage\":\"sv-SE\",\"@id\":\"https:\/\/andersadlercreutz.fi\/blog\/#\/schema\/person\/image\/\",\"url\":\"https:\/\/secure.gravatar.com\/avatar\/a144c9bda7a581ff6fabba169027e620?s=96&d=mm&r=g\",\"contentUrl\":\"https:\/\/secure.gravatar.com\/avatar\/a144c9bda7a581ff6fabba169027e620?s=96&d=mm&r=g\",\"caption\":\"Anders\"},\"url\":\"https:\/\/andersadlercreutz.fi\/blog\/author\/admin\/\"}]}<\/script>\n<!-- \/ Yoast SEO plugin. -->","yoast_head_json":{"title":"Tarvitsemme kilpailukykylupauksen - Anders Adlercreutz","robots":{"index":"index","follow":"follow","max-snippet":"max-snippet:-1","max-image-preview":"max-image-preview:large","max-video-preview":"max-video-preview:-1"},"canonical":"https:\/\/andersadlercreutz.fi\/blog\/blog\/tarvitsemme-kilpailukykylupauksen\/","og_locale":"sv_SE","og_type":"article","og_title":"Tarvitsemme kilpailukykylupauksen - Anders Adlercreutz","og_description":"V-k\u00e4yr\u00e4, U-k\u00e4yr\u00e4, L-k\u00e4yr\u00e4 \u2013 koronakev\u00e4\u00e4n toipumisen k\u00e4yr\u00e4\u00e4 on t\u00e4ss\u00e4 vaiheessa vaikea ennustaa. Ep\u00e4tietoisuus on suuri. Miten vientikumppaneidemme taloudet l\u00e4htev\u00e4t vet\u00e4m\u00e4\u00e4n? Ent\u00e4 tuleeko kenties se pel\u00e4tty toinen aalto sotkemaan kaikkien suunnitelmat lopullisesti? T\u00e4ss\u00e4 siet\u00e4m\u00e4tt\u00f6m\u00e4ss\u00e4 ep\u00e4tietoisuudessa yrityksemme t\u00e4ll\u00e4 hetkell\u00e4 navigoivat. Kotimainen kulutus n\u00e4ytt\u00e4isi l\u00e4htev\u00e4n liikkeelle, mutta kansainv\u00e4lisell\u00e4 tasolla talouteen ja kysynn\u00e4n kehittymiseen sis\u00e4ltyy isoja kysymysmerkkej\u00e4. T\u00e4llaisessa tilanteessa [&hellip;]","og_url":"https:\/\/andersadlercreutz.fi\/blog\/blog\/tarvitsemme-kilpailukykylupauksen\/?lang=fi","og_site_name":"Anders Adlercreutz","article_published_time":"2020-06-22T11:32:10+00:00","article_modified_time":"2020-06-23T09:56:33+00:00","og_image":[{"width":1280,"height":723,"url":"https:\/\/i0.wp.com\/andersadlercreutz.fi\/blog\/wp-content\/uploads\/2020\/05\/RD-052020-4.jpeg?fit=1280%2C723&ssl=1","type":"image\/jpeg"}],"author":"Anders","twitter_card":"summary_large_image","twitter_misc":{"Skriven av":"Anders","Ber\u00e4knad l\u00e4stid":"2 minuter"},"schema":{"@context":"https:\/\/schema.org","@graph":[{"@type":"WebPage","@id":"https:\/\/andersadlercreutz.fi\/blog\/blog\/tarvitsemme-kilpailukykylupauksen\/?lang=fi","url":"https:\/\/andersadlercreutz.fi\/blog\/blog\/tarvitsemme-kilpailukykylupauksen\/?lang=fi","name":"Tarvitsemme kilpailukykylupauksen - Anders Adlercreutz","isPartOf":{"@id":"https:\/\/andersadlercreutz.fi\/blog\/#website"},"datePublished":"2020-06-22T11:32:10+00:00","dateModified":"2020-06-23T09:56:33+00:00","author":{"@id":"https:\/\/andersadlercreutz.fi\/blog\/#\/schema\/person\/47d4b72eded862b484f74bb4b3a2354f"},"breadcrumb":{"@id":"https:\/\/andersadlercreutz.fi\/blog\/blog\/tarvitsemme-kilpailukykylupauksen\/?lang=fi#breadcrumb"},"inLanguage":"sv-SE","potentialAction":[{"@type":"ReadAction","target":["https:\/\/andersadlercreutz.fi\/blog\/blog\/tarvitsemme-kilpailukykylupauksen\/?lang=fi"]}]},{"@type":"BreadcrumbList","@id":"https:\/\/andersadlercreutz.fi\/blog\/blog\/tarvitsemme-kilpailukykylupauksen\/?lang=fi#breadcrumb","itemListElement":[{"@type":"ListItem","position":1,"name":"Home","item":"https:\/\/andersadlercreutz.fi\/blog\/blogg\/?lang=sv"},{"@type":"ListItem","position":2,"name":"Tarvitsemme kilpailukykylupauksen"}]},{"@type":"WebSite","@id":"https:\/\/andersadlercreutz.fi\/blog\/#website","url":"https:\/\/andersadlercreutz.fi\/blog\/","name":"Anders Adlercreutz","description":"Du. Jag. Vi. Kest&auml;v&auml;sti optimisti","potentialAction":[{"@type":"SearchAction","target":{"@type":"EntryPoint","urlTemplate":"https:\/\/andersadlercreutz.fi\/blog\/?s={search_term_string}"},"query-input":"required name=search_term_string"}],"inLanguage":"sv-SE"},{"@type":"Person","@id":"https:\/\/andersadlercreutz.fi\/blog\/#\/schema\/person\/47d4b72eded862b484f74bb4b3a2354f","name":"Anders","image":{"@type":"ImageObject","inLanguage":"sv-SE","@id":"https:\/\/andersadlercreutz.fi\/blog\/#\/schema\/person\/image\/","url":"https:\/\/secure.gravatar.com\/avatar\/a144c9bda7a581ff6fabba169027e620?s=96&d=mm&r=g","contentUrl":"https:\/\/secure.gravatar.com\/avatar\/a144c9bda7a581ff6fabba169027e620?s=96&d=mm&r=g","caption":"Anders"},"url":"https:\/\/andersadlercreutz.fi\/blog\/author\/admin\/"}]}},"jetpack_featured_media_url":"https:\/\/i0.wp.com\/andersadlercreutz.fi\/blog\/wp-content\/uploads\/2020\/05\/RD-052020-4.jpeg?fit=1280%2C723&ssl=1","jetpack_shortlink":"https:\/\/wp.me\/p4T6Dh-1GI","jetpack_sharing_enabled":true,"_links":{"self":[{"href":"https:\/\/andersadlercreutz.fi\/blog\/wp-json\/wp\/v2\/posts\/6492"}],"collection":[{"href":"https:\/\/andersadlercreutz.fi\/blog\/wp-json\/wp\/v2\/posts"}],"about":[{"href":"https:\/\/andersadlercreutz.fi\/blog\/wp-json\/wp\/v2\/types\/post"}],"author":[{"embeddable":true,"href":"https:\/\/andersadlercreutz.fi\/blog\/wp-json\/wp\/v2\/users\/1"}],"replies":[{"embeddable":true,"href":"https:\/\/andersadlercreutz.fi\/blog\/wp-json\/wp\/v2\/comments?post=6492"}],"version-history":[{"count":1,"href":"https:\/\/andersadlercreutz.fi\/blog\/wp-json\/wp\/v2\/posts\/6492\/revisions"}],"predecessor-version":[{"id":6493,"href":"https:\/\/andersadlercreutz.fi\/blog\/wp-json\/wp\/v2\/posts\/6492\/revisions\/6493"}],"wp:featuredmedia":[{"embeddable":true,"href":"https:\/\/andersadlercreutz.fi\/blog\/wp-json\/wp\/v2\/media\/6453"}],"wp:attachment":[{"href":"https:\/\/andersadlercreutz.fi\/blog\/wp-json\/wp\/v2\/media?parent=6492"}],"wp:term":[{"taxonomy":"category","embeddable":true,"href":"https:\/\/andersadlercreutz.fi\/blog\/wp-json\/wp\/v2\/categories?post=6492"},{"taxonomy":"post_tag","embeddable":true,"href":"https:\/\/andersadlercreutz.fi\/blog\/wp-json\/wp\/v2\/tags?post=6492"}],"curies":[{"name":"wp","href":"https:\/\/api.w.org\/{rel}","templated":true}]}}