{"id":6516,"date":"2020-08-20T13:13:57","date_gmt":"2020-08-20T10:13:57","guid":{"rendered":"http:\/\/andersadlercreutz.fi\/blog\/?p=6516"},"modified":"2020-08-20T13:13:57","modified_gmt":"2020-08-20T10:13:57","slug":"ruotsalainen-eduskuntaryhma-menestyva-suomi-myos-pandemian-jalkeen","status":"publish","type":"post","link":"https:\/\/andersadlercreutz.fi\/blog\/lehdistotiedote\/ruotsalainen-eduskuntaryhma-menestyva-suomi-myos-pandemian-jalkeen\/?lang=fi","title":{"rendered":"Ruotsalainen eduskuntaryhm\u00e4: Menestyv\u00e4 Suomi \u2013 my\u00f6s pandemian j\u00e4lkeen"},"content":{"rendered":"<p><em>RKP:n eduskuntaryhm\u00e4 hyv\u00e4ksyi 15 kohdan ty\u00f6llisyystoimenpideohjelman<\/em><\/p>\n<p>Koronapandemian seuraukset ovat luoneet ankaran toimintaymp\u00e4rist\u00f6n yrityksille. Tarvitsemme toisaalta m\u00e4\u00e4r\u00e4tietoisia ty\u00f6el\u00e4m\u00e4uudistuksia, toisaalta luottamusta kasvattavia toimenpiteit\u00e4, jotta yritykset uskaltaisivat taas investoida ja palkata henkil\u00f6st\u00f6\u00e4. 15 kohdan toimenpideohjelma hyv\u00e4ksyttiin Ruotsalaisen eduskuntaryhm\u00e4n kes\u00e4kokouksessa Hangossa.<\/p>\n<p>\u2013 Kun julkista taloutta pyrit\u00e4\u00e4n tasapainottamaan, on ensisijaisen t\u00e4rke\u00e4\u00e4 tarjota yrityksille vakaa ja ennakoitava toimintaymp\u00e4rist\u00f6, sanoo RKP:n puheenjohtaja, oikeusministeri Anna-Maja Henriksson.<\/p>\n<p>Ohjelmasta Henriksson nostaa esiin panostukset parempaan ty\u00f6paikkahyvinvointiin ja motivoituneiden ty\u00f6ntekij\u00f6iden t\u00e4rkeyteen. Henriksson painottaa my\u00f6s kotitalousv\u00e4hennyksen ty\u00f6llist\u00e4v\u00e4\u00e4 vaikutusta ja n\u00e4kee ik\u00e4\u00e4ntyneiss\u00e4 huomattavan potentiaalin hallituksen ty\u00f6llisyystavoitteen saavuttamiseksi.<\/p>\n<p>\u2013 On t\u00e4rke\u00e4\u00e4, ett\u00e4 ihmiset viihtyv\u00e4t ty\u00f6el\u00e4m\u00e4ss\u00e4 pidemp\u00e4\u00e4n. Meid\u00e4n on l\u00f6ydett\u00e4v\u00e4 malleja, jotka verotuksessa kannustavat yhdist\u00e4m\u00e4\u00e4n el\u00e4kkeen eri ty\u00f6panoksiin. Aina pit\u00e4isi olla kannattavaa ty\u00f6skennell\u00e4 el\u00e4kel\u00e4isen\u00e4. Samalla haluamme korottaa kotitalousv\u00e4hennyksen 7 500 euroon tukeaksemme yritt\u00e4jyytt\u00e4 ja parantaaksemme ty\u00f6llisyytt\u00e4, Henriksson sanoo.<\/p>\n<p>RKP:n eduskuntaryhm\u00e4 painottaa toimenpideohjelmassaan, ettei ty\u00f6n verotusta saa kirist\u00e4\u00e4. Eduskuntaryhm\u00e4 haluaa sallia paikallisen sopimisen pienille ja keskisuurille j\u00e4rjest\u00e4ytym\u00e4tt\u00f6mille yrityksille. Ansiosidonnaisen ty\u00f6tt\u00f6myysp\u00e4iv\u00e4rahan tulisi olla korkeampi tukikauden alkuvaiheessa, jotta se kannustaisi nopeampaan ty\u00f6el\u00e4m\u00e4\u00e4n paluuseen.<\/p>\n<p>Eduskuntaryhm\u00e4n puheenjohtaja Anders Adlercreutz painottaa laajan rintaman ty\u00f6llisyystoimien t\u00e4rkeytt\u00e4.<\/p>\n<p>\u2013 Hallitusohjelma rakentuu korkeamman ty\u00f6llisyysasteen varaan. Meid\u00e4n panostuksemme ovat riippuvaisia siit\u00e4. Samalla meid\u00e4n on saatava yritykset luottamaan tulevaan. Yritysten tulisi saada lupaus, ett\u00e4 yhteis\u00f6veron taso ei nouse. Toimenpideohjelmassa esit\u00e4mme sek\u00e4 ylim\u00e4\u00e4r\u00e4ist\u00e4 tutkimus- ja kehitysv\u00e4hennyst\u00e4, ja per\u00e4\u00e4nkuulutamme vahvempaa yritysten ja yliopistojen v\u00e4list\u00e4 yhteisty\u00f6t\u00e4 kest\u00e4vien innovatiivisten ratkaisujen l\u00f6yt\u00e4miseksi ja vihre\u00e4n siirtym\u00e4n nopeuttamiseksi, Adlercreutz sanoo.<\/p>\n<p>\u2013 RKP:n eduskuntaryhm\u00e4 haluaa my\u00f6s vahvistaa yritt\u00e4jien sosiaaliturvaa. Tarvitsemme lis\u00e4\u00e4 yritt\u00e4jiksi haluavia ja lis\u00e4\u00e4 yrityksi\u00e4, jotka uskaltavat investoida. Sit\u00e4 kautta saamme lis\u00e4\u00e4 ty\u00f6paikkoja, toteaa pohjoismaisen yhteisty\u00f6n ja tasa-arvon ministeri Thomas Blomqvist.<\/p>\n<p>\u2013 My\u00f6s valmisteilla olevan sosiaaliturvauudistuksen kantavana ajatuksena on ty\u00f6nteon kannattavuus. On tapana sanoa, ett\u00e4 ty\u00f6nteko on parasta sosiaaliturvaa, mutta meill\u00e4 on silti oltava riitt\u00e4v\u00e4 sosiaaliturva niille, joilla ei syyst\u00e4 tai toisesta ole ty\u00f6t\u00e4. Tarvitsemme joustavuutta ty\u00f6n ja vapaa-ajan yhdist\u00e4miseen. Siksi my\u00f6s suunniteltu perhevapaauudistus, joka tasa-arvoistaa ty\u00f6markkinoita, on viipym\u00e4tt\u00e4 viet\u00e4v\u00e4 maaliin, Blomqvist sanoo.<\/p>\n<p>Ruotsalaisen eduskuntaryhm\u00e4n kaksip\u00e4iv\u00e4inen kes\u00e4kokous p\u00e4\u00e4ttyy torstaina vierailuilla paikallisiin yrityksiin muun muassa Hangon satamassa.<\/p>\n<p>Toimenpideohjelma kokonaisuudessaan. <a href=\"https:\/\/mcusercontent.com\/a9919c3cf36df3cc766cb07e0\/files\/18289a8b-c865-4975-801b-5ba245cf9ed3\/Ruotsalaisen_eduskuntaryhm%C3%A4n_viisitoista_kohtaa_menestyv%C3%A4n_Suomen_hyv%C3%A4ksi_Kes%C3%A4kokous_elokuu_2020.pdf\"><b>Lue t\u00e4st\u00e4!<\/b><\/a><\/p>\n","protected":false},"excerpt":{"rendered":"<p>RKP:n eduskuntaryhm\u00e4 hyv\u00e4ksyi 15 kohdan ty\u00f6llisyystoimenpideohjelman Koronapandemian seuraukset ovat luoneet ankaran toimintaymp\u00e4rist\u00f6n yrityksille. Tarvitsemme toisaalta m\u00e4\u00e4r\u00e4tietoisia ty\u00f6el\u00e4m\u00e4uudistuksia, toisaalta luottamusta kasvattavia toimenpiteit\u00e4, jotta yritykset uskaltaisivat taas investoida ja palkata henkil\u00f6st\u00f6\u00e4. 15 kohdan toimenpideohjelma hyv\u00e4ksyttiin Ruotsalaisen eduskuntaryhm\u00e4n kes\u00e4kokouksessa Hangossa. \u2013 Kun julkista taloutta pyrit\u00e4\u00e4n tasapainottamaan, on ensisijaisen t\u00e4rke\u00e4\u00e4 tarjota yrityksille vakaa ja ennakoitava toimintaymp\u00e4rist\u00f6, sanoo RKP:n puheenjohtaja, [&hellip;]<\/p>\n","protected":false},"author":1,"featured_media":6453,"comment_status":"open","ping_status":"open","sticky":false,"template":"","format":"standard","meta":{"jetpack_post_was_ever_published":false,"_jetpack_newsletter_access":"","jetpack_publicize_message":"","jetpack_is_tweetstorm":false,"jetpack_publicize_feature_enabled":true,"jetpack_social_post_already_shared":true,"jetpack_social_options":{"image_generator_settings":{"template":"highway","enabled":false}}},"categories":[60,113,71,61],"tags":[],"jetpack_publicize_connections":[],"yoast_head":"<!-- This site is optimized with the Yoast SEO plugin v20.12 - https:\/\/yoast.com\/wordpress\/plugins\/seo\/ -->\n<title>Ruotsalainen eduskuntaryhm\u00e4: Menestyv\u00e4 Suomi \u2013 my\u00f6s pandemian j\u00e4lkeen - Anders Adlercreutz<\/title>\n<meta name=\"robots\" content=\"index, follow, max-snippet:-1, max-image-preview:large, max-video-preview:-1\" \/>\n<link rel=\"canonical\" href=\"https:\/\/andersadlercreutz.fi\/blog\/lehdistotiedote\/ruotsalainen-eduskuntaryhma-menestyva-suomi-myos-pandemian-jalkeen\/\" \/>\n<meta property=\"og:locale\" content=\"sv_SE\" \/>\n<meta property=\"og:type\" content=\"article\" \/>\n<meta property=\"og:title\" content=\"Ruotsalainen eduskuntaryhm\u00e4: Menestyv\u00e4 Suomi \u2013 my\u00f6s pandemian j\u00e4lkeen - Anders Adlercreutz\" \/>\n<meta property=\"og:description\" content=\"RKP:n eduskuntaryhm\u00e4 hyv\u00e4ksyi 15 kohdan ty\u00f6llisyystoimenpideohjelman Koronapandemian seuraukset ovat luoneet ankaran toimintaymp\u00e4rist\u00f6n yrityksille. Tarvitsemme toisaalta m\u00e4\u00e4r\u00e4tietoisia ty\u00f6el\u00e4m\u00e4uudistuksia, toisaalta luottamusta kasvattavia toimenpiteit\u00e4, jotta yritykset uskaltaisivat taas investoida ja palkata henkil\u00f6st\u00f6\u00e4. 15 kohdan toimenpideohjelma hyv\u00e4ksyttiin Ruotsalaisen eduskuntaryhm\u00e4n kes\u00e4kokouksessa Hangossa. \u2013 Kun julkista taloutta pyrit\u00e4\u00e4n tasapainottamaan, on ensisijaisen t\u00e4rke\u00e4\u00e4 tarjota yrityksille vakaa ja ennakoitava toimintaymp\u00e4rist\u00f6, sanoo RKP:n puheenjohtaja, [&hellip;]\" \/>\n<meta property=\"og:url\" content=\"https:\/\/andersadlercreutz.fi\/blog\/lehdistotiedote\/ruotsalainen-eduskuntaryhma-menestyva-suomi-myos-pandemian-jalkeen\/?lang=fi\" \/>\n<meta property=\"og:site_name\" content=\"Anders Adlercreutz\" \/>\n<meta property=\"article:published_time\" content=\"2020-08-20T10:13:57+00:00\" \/>\n<meta property=\"og:image\" content=\"https:\/\/i0.wp.com\/andersadlercreutz.fi\/blog\/wp-content\/uploads\/2020\/05\/RD-052020-4.jpeg?fit=1280%2C723&ssl=1\" \/>\n\t<meta property=\"og:image:width\" content=\"1280\" \/>\n\t<meta property=\"og:image:height\" content=\"723\" \/>\n\t<meta property=\"og:image:type\" content=\"image\/jpeg\" \/>\n<meta name=\"author\" content=\"Anders\" \/>\n<meta name=\"twitter:card\" content=\"summary_large_image\" \/>\n<meta name=\"twitter:label1\" content=\"Skriven av\" \/>\n\t<meta name=\"twitter:data1\" content=\"Anders\" \/>\n\t<meta name=\"twitter:label2\" content=\"Ber\u00e4knad l\u00e4stid\" \/>\n\t<meta name=\"twitter:data2\" content=\"2 minuter\" \/>\n<script type=\"application\/ld+json\" class=\"yoast-schema-graph\">{\"@context\":\"https:\/\/schema.org\",\"@graph\":[{\"@type\":\"WebPage\",\"@id\":\"https:\/\/andersadlercreutz.fi\/blog\/lehdistotiedote\/ruotsalainen-eduskuntaryhma-menestyva-suomi-myos-pandemian-jalkeen\/?lang=fi\",\"url\":\"https:\/\/andersadlercreutz.fi\/blog\/lehdistotiedote\/ruotsalainen-eduskuntaryhma-menestyva-suomi-myos-pandemian-jalkeen\/?lang=fi\",\"name\":\"Ruotsalainen eduskuntaryhm\u00e4: Menestyv\u00e4 Suomi \u2013 my\u00f6s pandemian j\u00e4lkeen - Anders Adlercreutz\",\"isPartOf\":{\"@id\":\"https:\/\/andersadlercreutz.fi\/blog\/#website\"},\"datePublished\":\"2020-08-20T10:13:57+00:00\",\"dateModified\":\"2020-08-20T10:13:57+00:00\",\"author\":{\"@id\":\"https:\/\/andersadlercreutz.fi\/blog\/#\/schema\/person\/47d4b72eded862b484f74bb4b3a2354f\"},\"breadcrumb\":{\"@id\":\"https:\/\/andersadlercreutz.fi\/blog\/lehdistotiedote\/ruotsalainen-eduskuntaryhma-menestyva-suomi-myos-pandemian-jalkeen\/?lang=fi#breadcrumb\"},\"inLanguage\":\"sv-SE\",\"potentialAction\":[{\"@type\":\"ReadAction\",\"target\":[\"https:\/\/andersadlercreutz.fi\/blog\/lehdistotiedote\/ruotsalainen-eduskuntaryhma-menestyva-suomi-myos-pandemian-jalkeen\/?lang=fi\"]}]},{\"@type\":\"BreadcrumbList\",\"@id\":\"https:\/\/andersadlercreutz.fi\/blog\/lehdistotiedote\/ruotsalainen-eduskuntaryhma-menestyva-suomi-myos-pandemian-jalkeen\/?lang=fi#breadcrumb\",\"itemListElement\":[{\"@type\":\"ListItem\",\"position\":1,\"name\":\"Home\",\"item\":\"https:\/\/andersadlercreutz.fi\/blog\/blogg\/?lang=sv\"},{\"@type\":\"ListItem\",\"position\":2,\"name\":\"Ruotsalainen eduskuntaryhm\u00e4: Menestyv\u00e4 Suomi \u2013 my\u00f6s pandemian j\u00e4lkeen\"}]},{\"@type\":\"WebSite\",\"@id\":\"https:\/\/andersadlercreutz.fi\/blog\/#website\",\"url\":\"https:\/\/andersadlercreutz.fi\/blog\/\",\"name\":\"Anders Adlercreutz\",\"description\":\"Du. Jag. Vi. Kest&auml;v&auml;sti optimisti\",\"potentialAction\":[{\"@type\":\"SearchAction\",\"target\":{\"@type\":\"EntryPoint\",\"urlTemplate\":\"https:\/\/andersadlercreutz.fi\/blog\/?s={search_term_string}\"},\"query-input\":\"required name=search_term_string\"}],\"inLanguage\":\"sv-SE\"},{\"@type\":\"Person\",\"@id\":\"https:\/\/andersadlercreutz.fi\/blog\/#\/schema\/person\/47d4b72eded862b484f74bb4b3a2354f\",\"name\":\"Anders\",\"image\":{\"@type\":\"ImageObject\",\"inLanguage\":\"sv-SE\",\"@id\":\"https:\/\/andersadlercreutz.fi\/blog\/#\/schema\/person\/image\/\",\"url\":\"https:\/\/secure.gravatar.com\/avatar\/a144c9bda7a581ff6fabba169027e620?s=96&d=mm&r=g\",\"contentUrl\":\"https:\/\/secure.gravatar.com\/avatar\/a144c9bda7a581ff6fabba169027e620?s=96&d=mm&r=g\",\"caption\":\"Anders\"},\"url\":\"https:\/\/andersadlercreutz.fi\/blog\/author\/admin\/\"}]}<\/script>\n<!-- \/ Yoast SEO plugin. -->","yoast_head_json":{"title":"Ruotsalainen eduskuntaryhm\u00e4: Menestyv\u00e4 Suomi \u2013 my\u00f6s pandemian j\u00e4lkeen - Anders Adlercreutz","robots":{"index":"index","follow":"follow","max-snippet":"max-snippet:-1","max-image-preview":"max-image-preview:large","max-video-preview":"max-video-preview:-1"},"canonical":"https:\/\/andersadlercreutz.fi\/blog\/lehdistotiedote\/ruotsalainen-eduskuntaryhma-menestyva-suomi-myos-pandemian-jalkeen\/","og_locale":"sv_SE","og_type":"article","og_title":"Ruotsalainen eduskuntaryhm\u00e4: Menestyv\u00e4 Suomi \u2013 my\u00f6s pandemian j\u00e4lkeen - Anders Adlercreutz","og_description":"RKP:n eduskuntaryhm\u00e4 hyv\u00e4ksyi 15 kohdan ty\u00f6llisyystoimenpideohjelman Koronapandemian seuraukset ovat luoneet ankaran toimintaymp\u00e4rist\u00f6n yrityksille. Tarvitsemme toisaalta m\u00e4\u00e4r\u00e4tietoisia ty\u00f6el\u00e4m\u00e4uudistuksia, toisaalta luottamusta kasvattavia toimenpiteit\u00e4, jotta yritykset uskaltaisivat taas investoida ja palkata henkil\u00f6st\u00f6\u00e4. 15 kohdan toimenpideohjelma hyv\u00e4ksyttiin Ruotsalaisen eduskuntaryhm\u00e4n kes\u00e4kokouksessa Hangossa. \u2013 Kun julkista taloutta pyrit\u00e4\u00e4n tasapainottamaan, on ensisijaisen t\u00e4rke\u00e4\u00e4 tarjota yrityksille vakaa ja ennakoitava toimintaymp\u00e4rist\u00f6, sanoo RKP:n puheenjohtaja, [&hellip;]","og_url":"https:\/\/andersadlercreutz.fi\/blog\/lehdistotiedote\/ruotsalainen-eduskuntaryhma-menestyva-suomi-myos-pandemian-jalkeen\/?lang=fi","og_site_name":"Anders Adlercreutz","article_published_time":"2020-08-20T10:13:57+00:00","og_image":[{"width":1280,"height":723,"url":"https:\/\/i0.wp.com\/andersadlercreutz.fi\/blog\/wp-content\/uploads\/2020\/05\/RD-052020-4.jpeg?fit=1280%2C723&ssl=1","type":"image\/jpeg"}],"author":"Anders","twitter_card":"summary_large_image","twitter_misc":{"Skriven av":"Anders","Ber\u00e4knad l\u00e4stid":"2 minuter"},"schema":{"@context":"https:\/\/schema.org","@graph":[{"@type":"WebPage","@id":"https:\/\/andersadlercreutz.fi\/blog\/lehdistotiedote\/ruotsalainen-eduskuntaryhma-menestyva-suomi-myos-pandemian-jalkeen\/?lang=fi","url":"https:\/\/andersadlercreutz.fi\/blog\/lehdistotiedote\/ruotsalainen-eduskuntaryhma-menestyva-suomi-myos-pandemian-jalkeen\/?lang=fi","name":"Ruotsalainen eduskuntaryhm\u00e4: Menestyv\u00e4 Suomi \u2013 my\u00f6s pandemian j\u00e4lkeen - Anders Adlercreutz","isPartOf":{"@id":"https:\/\/andersadlercreutz.fi\/blog\/#website"},"datePublished":"2020-08-20T10:13:57+00:00","dateModified":"2020-08-20T10:13:57+00:00","author":{"@id":"https:\/\/andersadlercreutz.fi\/blog\/#\/schema\/person\/47d4b72eded862b484f74bb4b3a2354f"},"breadcrumb":{"@id":"https:\/\/andersadlercreutz.fi\/blog\/lehdistotiedote\/ruotsalainen-eduskuntaryhma-menestyva-suomi-myos-pandemian-jalkeen\/?lang=fi#breadcrumb"},"inLanguage":"sv-SE","potentialAction":[{"@type":"ReadAction","target":["https:\/\/andersadlercreutz.fi\/blog\/lehdistotiedote\/ruotsalainen-eduskuntaryhma-menestyva-suomi-myos-pandemian-jalkeen\/?lang=fi"]}]},{"@type":"BreadcrumbList","@id":"https:\/\/andersadlercreutz.fi\/blog\/lehdistotiedote\/ruotsalainen-eduskuntaryhma-menestyva-suomi-myos-pandemian-jalkeen\/?lang=fi#breadcrumb","itemListElement":[{"@type":"ListItem","position":1,"name":"Home","item":"https:\/\/andersadlercreutz.fi\/blog\/blogg\/?lang=sv"},{"@type":"ListItem","position":2,"name":"Ruotsalainen eduskuntaryhm\u00e4: Menestyv\u00e4 Suomi \u2013 my\u00f6s pandemian j\u00e4lkeen"}]},{"@type":"WebSite","@id":"https:\/\/andersadlercreutz.fi\/blog\/#website","url":"https:\/\/andersadlercreutz.fi\/blog\/","name":"Anders Adlercreutz","description":"Du. Jag. Vi. Kest&auml;v&auml;sti optimisti","potentialAction":[{"@type":"SearchAction","target":{"@type":"EntryPoint","urlTemplate":"https:\/\/andersadlercreutz.fi\/blog\/?s={search_term_string}"},"query-input":"required name=search_term_string"}],"inLanguage":"sv-SE"},{"@type":"Person","@id":"https:\/\/andersadlercreutz.fi\/blog\/#\/schema\/person\/47d4b72eded862b484f74bb4b3a2354f","name":"Anders","image":{"@type":"ImageObject","inLanguage":"sv-SE","@id":"https:\/\/andersadlercreutz.fi\/blog\/#\/schema\/person\/image\/","url":"https:\/\/secure.gravatar.com\/avatar\/a144c9bda7a581ff6fabba169027e620?s=96&d=mm&r=g","contentUrl":"https:\/\/secure.gravatar.com\/avatar\/a144c9bda7a581ff6fabba169027e620?s=96&d=mm&r=g","caption":"Anders"},"url":"https:\/\/andersadlercreutz.fi\/blog\/author\/admin\/"}]}},"jetpack_featured_media_url":"https:\/\/i0.wp.com\/andersadlercreutz.fi\/blog\/wp-content\/uploads\/2020\/05\/RD-052020-4.jpeg?fit=1280%2C723&ssl=1","jetpack_shortlink":"https:\/\/wp.me\/p4T6Dh-1H6","jetpack_sharing_enabled":true,"_links":{"self":[{"href":"https:\/\/andersadlercreutz.fi\/blog\/wp-json\/wp\/v2\/posts\/6516"}],"collection":[{"href":"https:\/\/andersadlercreutz.fi\/blog\/wp-json\/wp\/v2\/posts"}],"about":[{"href":"https:\/\/andersadlercreutz.fi\/blog\/wp-json\/wp\/v2\/types\/post"}],"author":[{"embeddable":true,"href":"https:\/\/andersadlercreutz.fi\/blog\/wp-json\/wp\/v2\/users\/1"}],"replies":[{"embeddable":true,"href":"https:\/\/andersadlercreutz.fi\/blog\/wp-json\/wp\/v2\/comments?post=6516"}],"version-history":[{"count":1,"href":"https:\/\/andersadlercreutz.fi\/blog\/wp-json\/wp\/v2\/posts\/6516\/revisions"}],"predecessor-version":[{"id":6517,"href":"https:\/\/andersadlercreutz.fi\/blog\/wp-json\/wp\/v2\/posts\/6516\/revisions\/6517"}],"wp:featuredmedia":[{"embeddable":true,"href":"https:\/\/andersadlercreutz.fi\/blog\/wp-json\/wp\/v2\/media\/6453"}],"wp:attachment":[{"href":"https:\/\/andersadlercreutz.fi\/blog\/wp-json\/wp\/v2\/media?parent=6516"}],"wp:term":[{"taxonomy":"category","embeddable":true,"href":"https:\/\/andersadlercreutz.fi\/blog\/wp-json\/wp\/v2\/categories?post=6516"},{"taxonomy":"post_tag","embeddable":true,"href":"https:\/\/andersadlercreutz.fi\/blog\/wp-json\/wp\/v2\/tags?post=6516"}],"curies":[{"name":"wp","href":"https:\/\/api.w.org\/{rel}","templated":true}]}}