{"id":6528,"date":"2020-08-27T17:34:49","date_gmt":"2020-08-27T14:34:49","guid":{"rendered":"http:\/\/andersadlercreutz.fi\/blog\/?p=6528"},"modified":"2020-08-27T17:34:49","modified_gmt":"2020-08-27T14:34:49","slug":"adlercreutz-kaipolan-tehtaan-sulkeminen-on-viesti-joka-tulee-ottaa-vakavasti","status":"publish","type":"post","link":"https:\/\/andersadlercreutz.fi\/blog\/lehdistotiedote\/adlercreutz-kaipolan-tehtaan-sulkeminen-on-viesti-joka-tulee-ottaa-vakavasti\/?lang=fi","title":{"rendered":"Adlercreutz: Kaipolan tehtaan sulkeminen on viesti, joka tulee ottaa vakavasti"},"content":{"rendered":"<p>Mets\u00e4yhti\u00f6 UPM:n ilmoitus sulkea Kaipolan tehdas on kova isku Suomen viennille, sanoo Anders Adlercreutz, Ruotsalaisen eduskuntaryhm\u00e4n puheenjohtaja. P\u00e4\u00e4t\u00f6s koettelee raskaalla tavalla J\u00e4ms\u00e4\u00e4, jossa paperitehdas on ollut keskeinen ty\u00f6nantaja.<\/p>\n<p>Adlercreutz sanoo, ett\u00e4 talvesta voi tulla hyvin vaikea suomalaiselle teollisuudelle.<\/p>\n<p>&#8211; Teollisuus on toistaiseksi selviytynyt hyvin koronakriisist\u00e4, mutta paljon riippuu my\u00f6s siit\u00e4, ett\u00e4 on eletty vanhan ohjekirjan opeilla. UPM:n p\u00e4\u00e4t\u00f6s on monen tekij\u00e4n seurausta. Se on pitk\u00e4n kehityksen tulos. Meid\u00e4n tulee kuunnella tarkkaan sit\u00e4 viesti\u00e4, jonka p\u00e4\u00e4t\u00f6s l\u00e4hett\u00e4\u00e4, h\u00e4n sanoo.<\/p>\n<p>Hallitus tulee alentamaan teollisuuden energiaveroa EU:n minimitasolle t\u00e4n\u00e4 vuonna. Toimenpide on t\u00e4rke\u00e4, Adlercreutz sanoo.<\/p>\n<p>&#8211; T\u00e4m\u00e4 on selke\u00e4sti positiivinen signaali teollisuudellemme. Mutta me tarvitsemme enemm\u00e4n. Kaikki ep\u00e4varmuus on pahasta. Meid\u00e4n t\u00e4ytyy luoda uskoa tulevaan ja vahvistaa sit\u00e4 kuvaa, ett\u00e4 Suomi on hyv\u00e4 maa investoinneille. Meid\u00e4n t\u00e4ytyy yksinkertaisesti kyet\u00e4 antaa kilpailukykylupaus &#8211; lupaus siit\u00e4, ett\u00e4 yritystemme toimintaymp\u00e4rist\u00f6 ei saa heikenty\u00e4 koronakriisin seurauksena.<\/p>\n<p>Hallitus tulee esittelem\u00e4\u00e4n ty\u00f6llisyystoimenpiteit\u00e4 budjettineuvottelujen yhteydess\u00e4 reilun kahden viikon p\u00e4\u00e4st\u00e4.<\/p>\n<p>&#8211; Yritysten toimintaymp\u00e4rist\u00f6 ei ole irrallinen julkisesta taloudesta. Jos emme luo tasapainoa, luomme huolia. Siksi ei pid\u00e4 aliarvioida sit\u00e4 painoarvoa, joka p\u00e4\u00e4tt\u00e4v\u00e4isill\u00e4 ty\u00f6llisyystoimilla voi olla. Vain p\u00e4\u00e4sem\u00e4ll\u00e4 yhteisymm\u00e4rrykseen t\u00e4llaisista toimenpiteist\u00e4 voimme varmistaa, ett\u00e4 teollisuus vastaisuudessakin n\u00e4kee Suomen houkuttelevana maana, sanoo Adlercreutz.<\/p>\n","protected":false},"excerpt":{"rendered":"<p>Mets\u00e4yhti\u00f6 UPM:n ilmoitus sulkea Kaipolan tehdas on kova isku Suomen viennille, sanoo Anders Adlercreutz, Ruotsalaisen eduskuntaryhm\u00e4n puheenjohtaja. P\u00e4\u00e4t\u00f6s koettelee raskaalla tavalla J\u00e4ms\u00e4\u00e4, jossa paperitehdas on ollut keskeinen ty\u00f6nantaja. Adlercreutz sanoo, ett\u00e4 talvesta voi tulla hyvin vaikea suomalaiselle teollisuudelle. &#8211; Teollisuus on toistaiseksi selviytynyt hyvin koronakriisist\u00e4, mutta paljon riippuu my\u00f6s siit\u00e4, ett\u00e4 on eletty vanhan ohjekirjan [&hellip;]<\/p>\n","protected":false},"author":1,"featured_media":4309,"comment_status":"open","ping_status":"open","sticky":false,"template":"","format":"standard","meta":{"jetpack_post_was_ever_published":false,"_jetpack_newsletter_access":"","jetpack_publicize_message":"","jetpack_is_tweetstorm":false,"jetpack_publicize_feature_enabled":true,"jetpack_social_post_already_shared":true,"jetpack_social_options":{"image_generator_settings":{"template":"highway","enabled":false}}},"categories":[71],"tags":[],"jetpack_publicize_connections":[],"yoast_head":"<!-- This site is optimized with the Yoast SEO plugin v20.12 - https:\/\/yoast.com\/wordpress\/plugins\/seo\/ -->\n<title>Adlercreutz: Kaipolan tehtaan sulkeminen on viesti, joka tulee ottaa vakavasti - Anders Adlercreutz<\/title>\n<meta name=\"robots\" content=\"index, follow, max-snippet:-1, max-image-preview:large, max-video-preview:-1\" \/>\n<link rel=\"canonical\" href=\"https:\/\/andersadlercreutz.fi\/blog\/lehdistotiedote\/adlercreutz-kaipolan-tehtaan-sulkeminen-on-viesti-joka-tulee-ottaa-vakavasti\/\" \/>\n<meta property=\"og:locale\" content=\"sv_SE\" \/>\n<meta property=\"og:type\" content=\"article\" \/>\n<meta property=\"og:title\" content=\"Adlercreutz: Kaipolan tehtaan sulkeminen on viesti, joka tulee ottaa vakavasti - Anders Adlercreutz\" \/>\n<meta property=\"og:description\" content=\"Mets\u00e4yhti\u00f6 UPM:n ilmoitus sulkea Kaipolan tehdas on kova isku Suomen viennille, sanoo Anders Adlercreutz, Ruotsalaisen eduskuntaryhm\u00e4n puheenjohtaja. P\u00e4\u00e4t\u00f6s koettelee raskaalla tavalla J\u00e4ms\u00e4\u00e4, jossa paperitehdas on ollut keskeinen ty\u00f6nantaja. Adlercreutz sanoo, ett\u00e4 talvesta voi tulla hyvin vaikea suomalaiselle teollisuudelle. &#8211; Teollisuus on toistaiseksi selviytynyt hyvin koronakriisist\u00e4, mutta paljon riippuu my\u00f6s siit\u00e4, ett\u00e4 on eletty vanhan ohjekirjan [&hellip;]\" \/>\n<meta property=\"og:url\" content=\"https:\/\/andersadlercreutz.fi\/blog\/lehdistotiedote\/adlercreutz-kaipolan-tehtaan-sulkeminen-on-viesti-joka-tulee-ottaa-vakavasti\/?lang=fi\" \/>\n<meta property=\"og:site_name\" content=\"Anders Adlercreutz\" \/>\n<meta property=\"article:published_time\" content=\"2020-08-27T14:34:49+00:00\" \/>\n<meta property=\"og:image\" content=\"https:\/\/i0.wp.com\/andersadlercreutz.fi\/blog\/wp-content\/uploads\/2018\/10\/Anders-h\u00e4sten-2018-9.jpg?fit=1214%2C809&ssl=1\" \/>\n\t<meta property=\"og:image:width\" content=\"1214\" \/>\n\t<meta property=\"og:image:height\" content=\"809\" \/>\n\t<meta property=\"og:image:type\" content=\"image\/jpeg\" \/>\n<meta name=\"author\" content=\"Anders\" \/>\n<meta name=\"twitter:card\" content=\"summary_large_image\" \/>\n<meta name=\"twitter:label1\" content=\"Skriven av\" \/>\n\t<meta name=\"twitter:data1\" content=\"Anders\" \/>\n\t<meta name=\"twitter:label2\" content=\"Ber\u00e4knad l\u00e4stid\" \/>\n\t<meta name=\"twitter:data2\" content=\"1 minut\" \/>\n<script type=\"application\/ld+json\" class=\"yoast-schema-graph\">{\"@context\":\"https:\/\/schema.org\",\"@graph\":[{\"@type\":\"WebPage\",\"@id\":\"https:\/\/andersadlercreutz.fi\/blog\/lehdistotiedote\/adlercreutz-kaipolan-tehtaan-sulkeminen-on-viesti-joka-tulee-ottaa-vakavasti\/?lang=fi\",\"url\":\"https:\/\/andersadlercreutz.fi\/blog\/lehdistotiedote\/adlercreutz-kaipolan-tehtaan-sulkeminen-on-viesti-joka-tulee-ottaa-vakavasti\/?lang=fi\",\"name\":\"Adlercreutz: Kaipolan tehtaan sulkeminen on viesti, joka tulee ottaa vakavasti - Anders Adlercreutz\",\"isPartOf\":{\"@id\":\"https:\/\/andersadlercreutz.fi\/blog\/#website\"},\"datePublished\":\"2020-08-27T14:34:49+00:00\",\"dateModified\":\"2020-08-27T14:34:49+00:00\",\"author\":{\"@id\":\"https:\/\/andersadlercreutz.fi\/blog\/#\/schema\/person\/47d4b72eded862b484f74bb4b3a2354f\"},\"breadcrumb\":{\"@id\":\"https:\/\/andersadlercreutz.fi\/blog\/lehdistotiedote\/adlercreutz-kaipolan-tehtaan-sulkeminen-on-viesti-joka-tulee-ottaa-vakavasti\/?lang=fi#breadcrumb\"},\"inLanguage\":\"sv-SE\",\"potentialAction\":[{\"@type\":\"ReadAction\",\"target\":[\"https:\/\/andersadlercreutz.fi\/blog\/lehdistotiedote\/adlercreutz-kaipolan-tehtaan-sulkeminen-on-viesti-joka-tulee-ottaa-vakavasti\/?lang=fi\"]}]},{\"@type\":\"BreadcrumbList\",\"@id\":\"https:\/\/andersadlercreutz.fi\/blog\/lehdistotiedote\/adlercreutz-kaipolan-tehtaan-sulkeminen-on-viesti-joka-tulee-ottaa-vakavasti\/?lang=fi#breadcrumb\",\"itemListElement\":[{\"@type\":\"ListItem\",\"position\":1,\"name\":\"Home\",\"item\":\"https:\/\/andersadlercreutz.fi\/blog\/blogg\/?lang=sv\"},{\"@type\":\"ListItem\",\"position\":2,\"name\":\"Adlercreutz: Kaipolan tehtaan sulkeminen on viesti, joka tulee ottaa vakavasti\"}]},{\"@type\":\"WebSite\",\"@id\":\"https:\/\/andersadlercreutz.fi\/blog\/#website\",\"url\":\"https:\/\/andersadlercreutz.fi\/blog\/\",\"name\":\"Anders Adlercreutz\",\"description\":\"Du. Jag. Vi. Kest&auml;v&auml;sti optimisti\",\"potentialAction\":[{\"@type\":\"SearchAction\",\"target\":{\"@type\":\"EntryPoint\",\"urlTemplate\":\"https:\/\/andersadlercreutz.fi\/blog\/?s={search_term_string}\"},\"query-input\":\"required name=search_term_string\"}],\"inLanguage\":\"sv-SE\"},{\"@type\":\"Person\",\"@id\":\"https:\/\/andersadlercreutz.fi\/blog\/#\/schema\/person\/47d4b72eded862b484f74bb4b3a2354f\",\"name\":\"Anders\",\"image\":{\"@type\":\"ImageObject\",\"inLanguage\":\"sv-SE\",\"@id\":\"https:\/\/andersadlercreutz.fi\/blog\/#\/schema\/person\/image\/\",\"url\":\"https:\/\/secure.gravatar.com\/avatar\/a144c9bda7a581ff6fabba169027e620?s=96&d=mm&r=g\",\"contentUrl\":\"https:\/\/secure.gravatar.com\/avatar\/a144c9bda7a581ff6fabba169027e620?s=96&d=mm&r=g\",\"caption\":\"Anders\"},\"url\":\"https:\/\/andersadlercreutz.fi\/blog\/author\/admin\/\"}]}<\/script>\n<!-- \/ Yoast SEO plugin. -->","yoast_head_json":{"title":"Adlercreutz: Kaipolan tehtaan sulkeminen on viesti, joka tulee ottaa vakavasti - Anders Adlercreutz","robots":{"index":"index","follow":"follow","max-snippet":"max-snippet:-1","max-image-preview":"max-image-preview:large","max-video-preview":"max-video-preview:-1"},"canonical":"https:\/\/andersadlercreutz.fi\/blog\/lehdistotiedote\/adlercreutz-kaipolan-tehtaan-sulkeminen-on-viesti-joka-tulee-ottaa-vakavasti\/","og_locale":"sv_SE","og_type":"article","og_title":"Adlercreutz: Kaipolan tehtaan sulkeminen on viesti, joka tulee ottaa vakavasti - Anders Adlercreutz","og_description":"Mets\u00e4yhti\u00f6 UPM:n ilmoitus sulkea Kaipolan tehdas on kova isku Suomen viennille, sanoo Anders Adlercreutz, Ruotsalaisen eduskuntaryhm\u00e4n puheenjohtaja. P\u00e4\u00e4t\u00f6s koettelee raskaalla tavalla J\u00e4ms\u00e4\u00e4, jossa paperitehdas on ollut keskeinen ty\u00f6nantaja. Adlercreutz sanoo, ett\u00e4 talvesta voi tulla hyvin vaikea suomalaiselle teollisuudelle. &#8211; Teollisuus on toistaiseksi selviytynyt hyvin koronakriisist\u00e4, mutta paljon riippuu my\u00f6s siit\u00e4, ett\u00e4 on eletty vanhan ohjekirjan [&hellip;]","og_url":"https:\/\/andersadlercreutz.fi\/blog\/lehdistotiedote\/adlercreutz-kaipolan-tehtaan-sulkeminen-on-viesti-joka-tulee-ottaa-vakavasti\/?lang=fi","og_site_name":"Anders Adlercreutz","article_published_time":"2020-08-27T14:34:49+00:00","og_image":[{"width":1214,"height":809,"url":"https:\/\/i0.wp.com\/andersadlercreutz.fi\/blog\/wp-content\/uploads\/2018\/10\/Anders-h\u00e4sten-2018-9.jpg?fit=1214%2C809&ssl=1","type":"image\/jpeg"}],"author":"Anders","twitter_card":"summary_large_image","twitter_misc":{"Skriven av":"Anders","Ber\u00e4knad l\u00e4stid":"1 minut"},"schema":{"@context":"https:\/\/schema.org","@graph":[{"@type":"WebPage","@id":"https:\/\/andersadlercreutz.fi\/blog\/lehdistotiedote\/adlercreutz-kaipolan-tehtaan-sulkeminen-on-viesti-joka-tulee-ottaa-vakavasti\/?lang=fi","url":"https:\/\/andersadlercreutz.fi\/blog\/lehdistotiedote\/adlercreutz-kaipolan-tehtaan-sulkeminen-on-viesti-joka-tulee-ottaa-vakavasti\/?lang=fi","name":"Adlercreutz: Kaipolan tehtaan sulkeminen on viesti, joka tulee ottaa vakavasti - Anders Adlercreutz","isPartOf":{"@id":"https:\/\/andersadlercreutz.fi\/blog\/#website"},"datePublished":"2020-08-27T14:34:49+00:00","dateModified":"2020-08-27T14:34:49+00:00","author":{"@id":"https:\/\/andersadlercreutz.fi\/blog\/#\/schema\/person\/47d4b72eded862b484f74bb4b3a2354f"},"breadcrumb":{"@id":"https:\/\/andersadlercreutz.fi\/blog\/lehdistotiedote\/adlercreutz-kaipolan-tehtaan-sulkeminen-on-viesti-joka-tulee-ottaa-vakavasti\/?lang=fi#breadcrumb"},"inLanguage":"sv-SE","potentialAction":[{"@type":"ReadAction","target":["https:\/\/andersadlercreutz.fi\/blog\/lehdistotiedote\/adlercreutz-kaipolan-tehtaan-sulkeminen-on-viesti-joka-tulee-ottaa-vakavasti\/?lang=fi"]}]},{"@type":"BreadcrumbList","@id":"https:\/\/andersadlercreutz.fi\/blog\/lehdistotiedote\/adlercreutz-kaipolan-tehtaan-sulkeminen-on-viesti-joka-tulee-ottaa-vakavasti\/?lang=fi#breadcrumb","itemListElement":[{"@type":"ListItem","position":1,"name":"Home","item":"https:\/\/andersadlercreutz.fi\/blog\/blogg\/?lang=sv"},{"@type":"ListItem","position":2,"name":"Adlercreutz: Kaipolan tehtaan sulkeminen on viesti, joka tulee ottaa vakavasti"}]},{"@type":"WebSite","@id":"https:\/\/andersadlercreutz.fi\/blog\/#website","url":"https:\/\/andersadlercreutz.fi\/blog\/","name":"Anders Adlercreutz","description":"Du. Jag. Vi. Kest&auml;v&auml;sti optimisti","potentialAction":[{"@type":"SearchAction","target":{"@type":"EntryPoint","urlTemplate":"https:\/\/andersadlercreutz.fi\/blog\/?s={search_term_string}"},"query-input":"required name=search_term_string"}],"inLanguage":"sv-SE"},{"@type":"Person","@id":"https:\/\/andersadlercreutz.fi\/blog\/#\/schema\/person\/47d4b72eded862b484f74bb4b3a2354f","name":"Anders","image":{"@type":"ImageObject","inLanguage":"sv-SE","@id":"https:\/\/andersadlercreutz.fi\/blog\/#\/schema\/person\/image\/","url":"https:\/\/secure.gravatar.com\/avatar\/a144c9bda7a581ff6fabba169027e620?s=96&d=mm&r=g","contentUrl":"https:\/\/secure.gravatar.com\/avatar\/a144c9bda7a581ff6fabba169027e620?s=96&d=mm&r=g","caption":"Anders"},"url":"https:\/\/andersadlercreutz.fi\/blog\/author\/admin\/"}]}},"jetpack_featured_media_url":"https:\/\/i0.wp.com\/andersadlercreutz.fi\/blog\/wp-content\/uploads\/2018\/10\/Anders-h\u00e4sten-2018-9.jpg?fit=1214%2C809&ssl=1","jetpack_shortlink":"https:\/\/wp.me\/p4T6Dh-1Hi","jetpack_sharing_enabled":true,"_links":{"self":[{"href":"https:\/\/andersadlercreutz.fi\/blog\/wp-json\/wp\/v2\/posts\/6528"}],"collection":[{"href":"https:\/\/andersadlercreutz.fi\/blog\/wp-json\/wp\/v2\/posts"}],"about":[{"href":"https:\/\/andersadlercreutz.fi\/blog\/wp-json\/wp\/v2\/types\/post"}],"author":[{"embeddable":true,"href":"https:\/\/andersadlercreutz.fi\/blog\/wp-json\/wp\/v2\/users\/1"}],"replies":[{"embeddable":true,"href":"https:\/\/andersadlercreutz.fi\/blog\/wp-json\/wp\/v2\/comments?post=6528"}],"version-history":[{"count":1,"href":"https:\/\/andersadlercreutz.fi\/blog\/wp-json\/wp\/v2\/posts\/6528\/revisions"}],"predecessor-version":[{"id":6529,"href":"https:\/\/andersadlercreutz.fi\/blog\/wp-json\/wp\/v2\/posts\/6528\/revisions\/6529"}],"wp:featuredmedia":[{"embeddable":true,"href":"https:\/\/andersadlercreutz.fi\/blog\/wp-json\/wp\/v2\/media\/4309"}],"wp:attachment":[{"href":"https:\/\/andersadlercreutz.fi\/blog\/wp-json\/wp\/v2\/media?parent=6528"}],"wp:term":[{"taxonomy":"category","embeddable":true,"href":"https:\/\/andersadlercreutz.fi\/blog\/wp-json\/wp\/v2\/categories?post=6528"},{"taxonomy":"post_tag","embeddable":true,"href":"https:\/\/andersadlercreutz.fi\/blog\/wp-json\/wp\/v2\/tags?post=6528"}],"curies":[{"name":"wp","href":"https:\/\/api.w.org\/{rel}","templated":true}]}}