{"id":6531,"date":"2020-08-27T17:36:51","date_gmt":"2020-08-27T14:36:51","guid":{"rendered":"http:\/\/andersadlercreutz.fi\/blog\/?p=6531"},"modified":"2020-08-27T17:36:51","modified_gmt":"2020-08-27T14:36:51","slug":"adlercreutz-itameripaivana-oljyntorjunta-on-turvattava","status":"publish","type":"post","link":"https:\/\/andersadlercreutz.fi\/blog\/lehdistotiedote\/adlercreutz-itameripaivana-oljyntorjunta-on-turvattava\/?lang=fi","title":{"rendered":"Adlercreutz It\u00e4merip\u00e4iv\u00e4n\u00e4: \u00d6ljyntorjunta on turvattava"},"content":{"rendered":"<p>\u00d6ljysuojarahaston varat ovat loppumassa, jonka seurauksena \u00f6ljyvahinkojen torjuntavalmius on huonontunut Suomenlahden ja koko rannikon alueella. It\u00e4merip\u00e4iv\u00e4n\u00e4 kansanedustaja Anders Adlercreutz haluaa kiinnitt\u00e4\u00e4 ongelmaan huomiota.<\/p>\n<p>\u2013\u00a0Tilanne on huolestuttava. It\u00e4merip\u00e4iv\u00e4n\u00e4 \u2013 kuten kaikkina muinakin p\u00e4ivin\u00e4 \u2013 on syyt\u00e4 muistaa, ett\u00e4 Suomenlahti on herkk\u00e4 meri, joka ei kest\u00e4 \u00f6ljyvahinkoja. T\u00e4st\u00e4 syyst\u00e4 on t\u00e4rke\u00e4\u00e4, ett\u00e4 huolehdimme hyv\u00e4st\u00e4 \u00f6ljyntorjuntavalmiudesta, Adlercreutz sanoo.<\/p>\n<p>H\u00e4n kuvailee \u00f6ljysuojarahaston tilannetta tukalaksi. Resurssipula on johtanut siihen, ettei torjuntakalustoa voida p\u00e4ivitt\u00e4\u00e4 eik\u00e4 \u00f6ljyntorjuntaharjoituksia ole varaa j\u00e4rjest\u00e4\u00e4.<\/p>\n<p>\u2013\u00a0\u00d6ljysuojarahaston budjetin aukko pit\u00e4\u00e4 tukkia. Meid\u00e4n tulee voida yll\u00e4pit\u00e4\u00e4 hyv\u00e4 torjuntavalmius, jotta rannikon pelastuslaitokset voivat huolehtia teht\u00e4v\u00e4st\u00e4\u00e4n. Pidemm\u00e4n aikav\u00e4lin n\u00e4k\u00f6kulmasta on t\u00e4rke\u00e4\u00e4 tarkastella koko rahoitusmallia, jotta \u00f6ljyvahinkojen torjuntavalmius voidaan varmistaa ja toimintaa kehitt\u00e4\u00e4, Adlercreutz sanoo.<\/p>\n<p>Kes\u00e4kuussa 2020 p\u00e4iv\u00e4tyss\u00e4 kirjeess\u00e4 \u00f6ljysuojarahaston hallitus vetoaa ymp\u00e4rist\u00f6ministeri\u00f6\u00f6n nopeiden toimenpiteiden tarpeellisuudesta \u00f6ljyvahinkojen torjuntavalmiuden turvaamiseksi.<\/p>\n","protected":false},"excerpt":{"rendered":"<p>\u00d6ljysuojarahaston varat ovat loppumassa, jonka seurauksena \u00f6ljyvahinkojen torjuntavalmius on huonontunut Suomenlahden ja koko rannikon alueella. It\u00e4merip\u00e4iv\u00e4n\u00e4 kansanedustaja Anders Adlercreutz haluaa kiinnitt\u00e4\u00e4 ongelmaan huomiota. \u2013\u00a0Tilanne on huolestuttava. It\u00e4merip\u00e4iv\u00e4n\u00e4 \u2013 kuten kaikkina muinakin p\u00e4ivin\u00e4 \u2013 on syyt\u00e4 muistaa, ett\u00e4 Suomenlahti on herkk\u00e4 meri, joka ei kest\u00e4 \u00f6ljyvahinkoja. T\u00e4st\u00e4 syyst\u00e4 on t\u00e4rke\u00e4\u00e4, ett\u00e4 huolehdimme hyv\u00e4st\u00e4 \u00f6ljyntorjuntavalmiudesta, Adlercreutz sanoo. [&hellip;]<\/p>\n","protected":false},"author":1,"featured_media":659,"comment_status":"open","ping_status":"open","sticky":false,"template":"","format":"standard","meta":{"jetpack_post_was_ever_published":false,"_jetpack_newsletter_access":"","jetpack_publicize_message":"","jetpack_is_tweetstorm":false,"jetpack_publicize_feature_enabled":true,"jetpack_social_post_already_shared":true,"jetpack_social_options":{"image_generator_settings":{"template":"highway","enabled":false}}},"categories":[71],"tags":[],"jetpack_publicize_connections":[],"yoast_head":"<!-- This site is optimized with the Yoast SEO plugin v20.12 - https:\/\/yoast.com\/wordpress\/plugins\/seo\/ -->\n<title>Adlercreutz It\u00e4merip\u00e4iv\u00e4n\u00e4: \u00d6ljyntorjunta on turvattava - Anders Adlercreutz<\/title>\n<meta name=\"robots\" content=\"index, follow, max-snippet:-1, max-image-preview:large, max-video-preview:-1\" \/>\n<link rel=\"canonical\" href=\"https:\/\/andersadlercreutz.fi\/blog\/lehdistotiedote\/adlercreutz-itameripaivana-oljyntorjunta-on-turvattava\/\" \/>\n<meta property=\"og:locale\" content=\"sv_SE\" \/>\n<meta property=\"og:type\" content=\"article\" \/>\n<meta property=\"og:title\" content=\"Adlercreutz It\u00e4merip\u00e4iv\u00e4n\u00e4: \u00d6ljyntorjunta on turvattava - Anders Adlercreutz\" \/>\n<meta property=\"og:description\" content=\"\u00d6ljysuojarahaston varat ovat loppumassa, jonka seurauksena \u00f6ljyvahinkojen torjuntavalmius on huonontunut Suomenlahden ja koko rannikon alueella. It\u00e4merip\u00e4iv\u00e4n\u00e4 kansanedustaja Anders Adlercreutz haluaa kiinnitt\u00e4\u00e4 ongelmaan huomiota. \u2013\u00a0Tilanne on huolestuttava. It\u00e4merip\u00e4iv\u00e4n\u00e4 \u2013 kuten kaikkina muinakin p\u00e4ivin\u00e4 \u2013 on syyt\u00e4 muistaa, ett\u00e4 Suomenlahti on herkk\u00e4 meri, joka ei kest\u00e4 \u00f6ljyvahinkoja. T\u00e4st\u00e4 syyst\u00e4 on t\u00e4rke\u00e4\u00e4, ett\u00e4 huolehdimme hyv\u00e4st\u00e4 \u00f6ljyntorjuntavalmiudesta, Adlercreutz sanoo. [&hellip;]\" \/>\n<meta property=\"og:url\" content=\"https:\/\/andersadlercreutz.fi\/blog\/lehdistotiedote\/adlercreutz-itameripaivana-oljyntorjunta-on-turvattava\/?lang=fi\" \/>\n<meta property=\"og:site_name\" content=\"Anders Adlercreutz\" \/>\n<meta property=\"article:published_time\" content=\"2020-08-27T14:36:51+00:00\" \/>\n<meta property=\"og:image\" content=\"https:\/\/i0.wp.com\/andersadlercreutz.fi\/blog\/wp-content\/uploads\/2014\/10\/it\u00e4meri.png?fit=1130%2C320&ssl=1\" \/>\n\t<meta property=\"og:image:width\" content=\"1130\" \/>\n\t<meta property=\"og:image:height\" content=\"320\" \/>\n\t<meta property=\"og:image:type\" content=\"image\/png\" \/>\n<meta name=\"author\" content=\"Anders\" \/>\n<meta name=\"twitter:card\" content=\"summary_large_image\" \/>\n<meta name=\"twitter:label1\" content=\"Skriven av\" \/>\n\t<meta name=\"twitter:data1\" content=\"Anders\" \/>\n\t<meta name=\"twitter:label2\" content=\"Ber\u00e4knad l\u00e4stid\" \/>\n\t<meta name=\"twitter:data2\" content=\"1 minut\" \/>\n<script type=\"application\/ld+json\" class=\"yoast-schema-graph\">{\"@context\":\"https:\/\/schema.org\",\"@graph\":[{\"@type\":\"WebPage\",\"@id\":\"https:\/\/andersadlercreutz.fi\/blog\/lehdistotiedote\/adlercreutz-itameripaivana-oljyntorjunta-on-turvattava\/?lang=fi\",\"url\":\"https:\/\/andersadlercreutz.fi\/blog\/lehdistotiedote\/adlercreutz-itameripaivana-oljyntorjunta-on-turvattava\/?lang=fi\",\"name\":\"Adlercreutz It\u00e4merip\u00e4iv\u00e4n\u00e4: \u00d6ljyntorjunta on turvattava - Anders Adlercreutz\",\"isPartOf\":{\"@id\":\"https:\/\/andersadlercreutz.fi\/blog\/#website\"},\"datePublished\":\"2020-08-27T14:36:51+00:00\",\"dateModified\":\"2020-08-27T14:36:51+00:00\",\"author\":{\"@id\":\"https:\/\/andersadlercreutz.fi\/blog\/#\/schema\/person\/47d4b72eded862b484f74bb4b3a2354f\"},\"breadcrumb\":{\"@id\":\"https:\/\/andersadlercreutz.fi\/blog\/lehdistotiedote\/adlercreutz-itameripaivana-oljyntorjunta-on-turvattava\/?lang=fi#breadcrumb\"},\"inLanguage\":\"sv-SE\",\"potentialAction\":[{\"@type\":\"ReadAction\",\"target\":[\"https:\/\/andersadlercreutz.fi\/blog\/lehdistotiedote\/adlercreutz-itameripaivana-oljyntorjunta-on-turvattava\/?lang=fi\"]}]},{\"@type\":\"BreadcrumbList\",\"@id\":\"https:\/\/andersadlercreutz.fi\/blog\/lehdistotiedote\/adlercreutz-itameripaivana-oljyntorjunta-on-turvattava\/?lang=fi#breadcrumb\",\"itemListElement\":[{\"@type\":\"ListItem\",\"position\":1,\"name\":\"Home\",\"item\":\"https:\/\/andersadlercreutz.fi\/blog\/blogg\/?lang=sv\"},{\"@type\":\"ListItem\",\"position\":2,\"name\":\"Adlercreutz It\u00e4merip\u00e4iv\u00e4n\u00e4: \u00d6ljyntorjunta on turvattava\"}]},{\"@type\":\"WebSite\",\"@id\":\"https:\/\/andersadlercreutz.fi\/blog\/#website\",\"url\":\"https:\/\/andersadlercreutz.fi\/blog\/\",\"name\":\"Anders Adlercreutz\",\"description\":\"Du. Jag. Vi. Kest&auml;v&auml;sti optimisti\",\"potentialAction\":[{\"@type\":\"SearchAction\",\"target\":{\"@type\":\"EntryPoint\",\"urlTemplate\":\"https:\/\/andersadlercreutz.fi\/blog\/?s={search_term_string}\"},\"query-input\":\"required name=search_term_string\"}],\"inLanguage\":\"sv-SE\"},{\"@type\":\"Person\",\"@id\":\"https:\/\/andersadlercreutz.fi\/blog\/#\/schema\/person\/47d4b72eded862b484f74bb4b3a2354f\",\"name\":\"Anders\",\"image\":{\"@type\":\"ImageObject\",\"inLanguage\":\"sv-SE\",\"@id\":\"https:\/\/andersadlercreutz.fi\/blog\/#\/schema\/person\/image\/\",\"url\":\"https:\/\/secure.gravatar.com\/avatar\/a144c9bda7a581ff6fabba169027e620?s=96&d=mm&r=g\",\"contentUrl\":\"https:\/\/secure.gravatar.com\/avatar\/a144c9bda7a581ff6fabba169027e620?s=96&d=mm&r=g\",\"caption\":\"Anders\"},\"url\":\"https:\/\/andersadlercreutz.fi\/blog\/author\/admin\/\"}]}<\/script>\n<!-- \/ Yoast SEO plugin. -->","yoast_head_json":{"title":"Adlercreutz It\u00e4merip\u00e4iv\u00e4n\u00e4: \u00d6ljyntorjunta on turvattava - Anders Adlercreutz","robots":{"index":"index","follow":"follow","max-snippet":"max-snippet:-1","max-image-preview":"max-image-preview:large","max-video-preview":"max-video-preview:-1"},"canonical":"https:\/\/andersadlercreutz.fi\/blog\/lehdistotiedote\/adlercreutz-itameripaivana-oljyntorjunta-on-turvattava\/","og_locale":"sv_SE","og_type":"article","og_title":"Adlercreutz It\u00e4merip\u00e4iv\u00e4n\u00e4: \u00d6ljyntorjunta on turvattava - Anders Adlercreutz","og_description":"\u00d6ljysuojarahaston varat ovat loppumassa, jonka seurauksena \u00f6ljyvahinkojen torjuntavalmius on huonontunut Suomenlahden ja koko rannikon alueella. It\u00e4merip\u00e4iv\u00e4n\u00e4 kansanedustaja Anders Adlercreutz haluaa kiinnitt\u00e4\u00e4 ongelmaan huomiota. \u2013\u00a0Tilanne on huolestuttava. It\u00e4merip\u00e4iv\u00e4n\u00e4 \u2013 kuten kaikkina muinakin p\u00e4ivin\u00e4 \u2013 on syyt\u00e4 muistaa, ett\u00e4 Suomenlahti on herkk\u00e4 meri, joka ei kest\u00e4 \u00f6ljyvahinkoja. T\u00e4st\u00e4 syyst\u00e4 on t\u00e4rke\u00e4\u00e4, ett\u00e4 huolehdimme hyv\u00e4st\u00e4 \u00f6ljyntorjuntavalmiudesta, Adlercreutz sanoo. [&hellip;]","og_url":"https:\/\/andersadlercreutz.fi\/blog\/lehdistotiedote\/adlercreutz-itameripaivana-oljyntorjunta-on-turvattava\/?lang=fi","og_site_name":"Anders Adlercreutz","article_published_time":"2020-08-27T14:36:51+00:00","og_image":[{"width":1130,"height":320,"url":"https:\/\/i0.wp.com\/andersadlercreutz.fi\/blog\/wp-content\/uploads\/2014\/10\/it\u00e4meri.png?fit=1130%2C320&ssl=1","type":"image\/png"}],"author":"Anders","twitter_card":"summary_large_image","twitter_misc":{"Skriven av":"Anders","Ber\u00e4knad l\u00e4stid":"1 minut"},"schema":{"@context":"https:\/\/schema.org","@graph":[{"@type":"WebPage","@id":"https:\/\/andersadlercreutz.fi\/blog\/lehdistotiedote\/adlercreutz-itameripaivana-oljyntorjunta-on-turvattava\/?lang=fi","url":"https:\/\/andersadlercreutz.fi\/blog\/lehdistotiedote\/adlercreutz-itameripaivana-oljyntorjunta-on-turvattava\/?lang=fi","name":"Adlercreutz It\u00e4merip\u00e4iv\u00e4n\u00e4: \u00d6ljyntorjunta on turvattava - Anders Adlercreutz","isPartOf":{"@id":"https:\/\/andersadlercreutz.fi\/blog\/#website"},"datePublished":"2020-08-27T14:36:51+00:00","dateModified":"2020-08-27T14:36:51+00:00","author":{"@id":"https:\/\/andersadlercreutz.fi\/blog\/#\/schema\/person\/47d4b72eded862b484f74bb4b3a2354f"},"breadcrumb":{"@id":"https:\/\/andersadlercreutz.fi\/blog\/lehdistotiedote\/adlercreutz-itameripaivana-oljyntorjunta-on-turvattava\/?lang=fi#breadcrumb"},"inLanguage":"sv-SE","potentialAction":[{"@type":"ReadAction","target":["https:\/\/andersadlercreutz.fi\/blog\/lehdistotiedote\/adlercreutz-itameripaivana-oljyntorjunta-on-turvattava\/?lang=fi"]}]},{"@type":"BreadcrumbList","@id":"https:\/\/andersadlercreutz.fi\/blog\/lehdistotiedote\/adlercreutz-itameripaivana-oljyntorjunta-on-turvattava\/?lang=fi#breadcrumb","itemListElement":[{"@type":"ListItem","position":1,"name":"Home","item":"https:\/\/andersadlercreutz.fi\/blog\/blogg\/?lang=sv"},{"@type":"ListItem","position":2,"name":"Adlercreutz It\u00e4merip\u00e4iv\u00e4n\u00e4: \u00d6ljyntorjunta on turvattava"}]},{"@type":"WebSite","@id":"https:\/\/andersadlercreutz.fi\/blog\/#website","url":"https:\/\/andersadlercreutz.fi\/blog\/","name":"Anders Adlercreutz","description":"Du. Jag. Vi. Kest&auml;v&auml;sti optimisti","potentialAction":[{"@type":"SearchAction","target":{"@type":"EntryPoint","urlTemplate":"https:\/\/andersadlercreutz.fi\/blog\/?s={search_term_string}"},"query-input":"required name=search_term_string"}],"inLanguage":"sv-SE"},{"@type":"Person","@id":"https:\/\/andersadlercreutz.fi\/blog\/#\/schema\/person\/47d4b72eded862b484f74bb4b3a2354f","name":"Anders","image":{"@type":"ImageObject","inLanguage":"sv-SE","@id":"https:\/\/andersadlercreutz.fi\/blog\/#\/schema\/person\/image\/","url":"https:\/\/secure.gravatar.com\/avatar\/a144c9bda7a581ff6fabba169027e620?s=96&d=mm&r=g","contentUrl":"https:\/\/secure.gravatar.com\/avatar\/a144c9bda7a581ff6fabba169027e620?s=96&d=mm&r=g","caption":"Anders"},"url":"https:\/\/andersadlercreutz.fi\/blog\/author\/admin\/"}]}},"jetpack_featured_media_url":"https:\/\/i0.wp.com\/andersadlercreutz.fi\/blog\/wp-content\/uploads\/2014\/10\/it\u00e4meri.png?fit=1130%2C320&ssl=1","jetpack_shortlink":"https:\/\/wp.me\/p4T6Dh-1Hl","jetpack_sharing_enabled":true,"_links":{"self":[{"href":"https:\/\/andersadlercreutz.fi\/blog\/wp-json\/wp\/v2\/posts\/6531"}],"collection":[{"href":"https:\/\/andersadlercreutz.fi\/blog\/wp-json\/wp\/v2\/posts"}],"about":[{"href":"https:\/\/andersadlercreutz.fi\/blog\/wp-json\/wp\/v2\/types\/post"}],"author":[{"embeddable":true,"href":"https:\/\/andersadlercreutz.fi\/blog\/wp-json\/wp\/v2\/users\/1"}],"replies":[{"embeddable":true,"href":"https:\/\/andersadlercreutz.fi\/blog\/wp-json\/wp\/v2\/comments?post=6531"}],"version-history":[{"count":1,"href":"https:\/\/andersadlercreutz.fi\/blog\/wp-json\/wp\/v2\/posts\/6531\/revisions"}],"predecessor-version":[{"id":6532,"href":"https:\/\/andersadlercreutz.fi\/blog\/wp-json\/wp\/v2\/posts\/6531\/revisions\/6532"}],"wp:featuredmedia":[{"embeddable":true,"href":"https:\/\/andersadlercreutz.fi\/blog\/wp-json\/wp\/v2\/media\/659"}],"wp:attachment":[{"href":"https:\/\/andersadlercreutz.fi\/blog\/wp-json\/wp\/v2\/media?parent=6531"}],"wp:term":[{"taxonomy":"category","embeddable":true,"href":"https:\/\/andersadlercreutz.fi\/blog\/wp-json\/wp\/v2\/categories?post=6531"},{"taxonomy":"post_tag","embeddable":true,"href":"https:\/\/andersadlercreutz.fi\/blog\/wp-json\/wp\/v2\/tags?post=6531"}],"curies":[{"name":"wp","href":"https:\/\/api.w.org\/{rel}","templated":true}]}}