{"id":6550,"date":"2020-09-03T14:15:59","date_gmt":"2020-09-03T11:15:59","guid":{"rendered":"http:\/\/andersadlercreutz.fi\/blog\/?p=6550"},"modified":"2020-09-03T14:15:59","modified_gmt":"2020-09-03T11:15:59","slug":"adlercreutz-pidennetty-tilikausi-helpottaisi-teollisuuden-tilannetta","status":"publish","type":"post","link":"https:\/\/andersadlercreutz.fi\/blog\/lehdistotiedote\/adlercreutz-pidennetty-tilikausi-helpottaisi-teollisuuden-tilannetta\/?lang=fi","title":{"rendered":"Adlercreutz: Pidennetty tilikausi helpottaisi teollisuuden tilannetta"},"content":{"rendered":"<p>Vientiteollisuuden n\u00e4kym\u00e4t ovat odotetusti synkkenem\u00e4ss\u00e4. Alkuvuonna koronakriisi iski l\u00e4hinn\u00e4 palvelualoihin teollisuuden viel\u00e4 py\u00f6riess\u00e4 vahvojen tilauskirjojen turvin. Loppuvuodesta tilanne kuitenkin muuttuu. RKP:n valtiovarainvaliokunnan j\u00e4sen, kansanedustaja Anders Adlercreutz on tilanteesta huolissaan.<\/p>\n<p>\u2013 Alkuvuodesta olemme tukeneet harkinnanvaraisesti yrityksi\u00e4 kriisin alkuvaiheen yli. Kriisi ei kuitenkaan ole ohi ja meille erityisen t\u00e4rke\u00e4n vientiteollisuuden tilanne on synkkenem\u00e4\u00e4n p\u00e4in, Adlercreutz sanoo.<\/p>\n<p>\u2013 Ehdotan, ett\u00e4 tutkimme eritt\u00e4in huolellisesti mahdollisuuden pident\u00e4\u00e4 yritysten tilikautta siten, ett\u00e4 vuosien 2020 ja 2021 yhteis\u00f6vero kannettaisiin kootusti vuonna 2022. T\u00e4m\u00e4 mahdollistaisi yrityksille v\u00e4h\u00e4n pidemm\u00e4n n\u00e4kym\u00e4n taloudenhallinnan n\u00e4k\u00f6kulmasta ja huomioisi sen, ett\u00e4 vaikka useampi yritys tulee tekem\u00e4\u00e4n siedett\u00e4v\u00e4n tuloksen viel\u00e4 vuonna 2020, vuosi 2021 tulee olemaan monelle rajusti tappiollinen.<\/p>\n<p>Adlercreutzin mukaan muutos olisi k\u00e4yt\u00e4nn\u00f6n tasolla yksinkertainen, kustannusneutraali ja hallinnollisesti kevyt. Se auttaisi nimenomaan elint\u00e4rke\u00e4\u00e4 vientiteollisuuttamme, niit\u00e4 yrityksi\u00e4, jotka k\u00e4rsiv\u00e4t viiveell\u00e4, h\u00e4n t\u00e4sment\u00e4\u00e4.<\/p>\n<p>\u2013 Nyt on varottava tilannetta, jossa elinkeinopolitiikka politisoituu. Ei pid\u00e4 luoda keinotekoisia vastakkainasetteluja. Meid\u00e4n on uskallettava puhua konkreettisista keinoista, joilla varmistetaan t\u00e4h\u00e4n asti menestyneiden yritysten olemassaolo ja toimintakyky my\u00f6s jatkossa, toteaa Adlercreutz, joka on viime kuukausien aikana yritt\u00e4nyt kuunnella erityisen tarkasti yrityskent\u00e4n viestej\u00e4.<\/p>\n","protected":false},"excerpt":{"rendered":"<p>Vientiteollisuuden n\u00e4kym\u00e4t ovat odotetusti synkkenem\u00e4ss\u00e4. Alkuvuonna koronakriisi iski l\u00e4hinn\u00e4 palvelualoihin teollisuuden viel\u00e4 py\u00f6riess\u00e4 vahvojen tilauskirjojen turvin. Loppuvuodesta tilanne kuitenkin muuttuu. RKP:n valtiovarainvaliokunnan j\u00e4sen, kansanedustaja Anders Adlercreutz on tilanteesta huolissaan. \u2013 Alkuvuodesta olemme tukeneet harkinnanvaraisesti yrityksi\u00e4 kriisin alkuvaiheen yli. Kriisi ei kuitenkaan ole ohi ja meille erityisen t\u00e4rke\u00e4n vientiteollisuuden tilanne on synkkenem\u00e4\u00e4n p\u00e4in, Adlercreutz sanoo. \u2013 [&hellip;]<\/p>\n","protected":false},"author":1,"featured_media":4398,"comment_status":"open","ping_status":"open","sticky":false,"template":"","format":"standard","meta":{"jetpack_post_was_ever_published":false,"_jetpack_newsletter_access":"","jetpack_publicize_message":"","jetpack_is_tweetstorm":false,"jetpack_publicize_feature_enabled":true,"jetpack_social_post_already_shared":true,"jetpack_social_options":{"image_generator_settings":{"template":"highway","enabled":false}}},"categories":[60,71,89],"tags":[],"jetpack_publicize_connections":[],"yoast_head":"<!-- This site is optimized with the Yoast SEO plugin v20.12 - https:\/\/yoast.com\/wordpress\/plugins\/seo\/ -->\n<title>Adlercreutz: Pidennetty tilikausi helpottaisi teollisuuden tilannetta - Anders Adlercreutz<\/title>\n<meta name=\"robots\" content=\"index, follow, max-snippet:-1, max-image-preview:large, max-video-preview:-1\" \/>\n<link rel=\"canonical\" href=\"https:\/\/andersadlercreutz.fi\/blog\/lehdistotiedote\/adlercreutz-pidennetty-tilikausi-helpottaisi-teollisuuden-tilannetta\/\" \/>\n<meta property=\"og:locale\" content=\"sv_SE\" \/>\n<meta property=\"og:type\" content=\"article\" \/>\n<meta property=\"og:title\" content=\"Adlercreutz: Pidennetty tilikausi helpottaisi teollisuuden tilannetta - Anders Adlercreutz\" \/>\n<meta property=\"og:description\" content=\"Vientiteollisuuden n\u00e4kym\u00e4t ovat odotetusti synkkenem\u00e4ss\u00e4. Alkuvuonna koronakriisi iski l\u00e4hinn\u00e4 palvelualoihin teollisuuden viel\u00e4 py\u00f6riess\u00e4 vahvojen tilauskirjojen turvin. Loppuvuodesta tilanne kuitenkin muuttuu. RKP:n valtiovarainvaliokunnan j\u00e4sen, kansanedustaja Anders Adlercreutz on tilanteesta huolissaan. \u2013 Alkuvuodesta olemme tukeneet harkinnanvaraisesti yrityksi\u00e4 kriisin alkuvaiheen yli. Kriisi ei kuitenkaan ole ohi ja meille erityisen t\u00e4rke\u00e4n vientiteollisuuden tilanne on synkkenem\u00e4\u00e4n p\u00e4in, Adlercreutz sanoo. \u2013 [&hellip;]\" \/>\n<meta property=\"og:url\" content=\"https:\/\/andersadlercreutz.fi\/blog\/lehdistotiedote\/adlercreutz-pidennetty-tilikausi-helpottaisi-teollisuuden-tilannetta\/?lang=fi\" \/>\n<meta property=\"og:site_name\" content=\"Anders Adlercreutz\" \/>\n<meta property=\"article:published_time\" content=\"2020-09-03T11:15:59+00:00\" \/>\n<meta property=\"og:image\" content=\"https:\/\/i0.wp.com\/andersadlercreutz.fi\/blog\/wp-content\/uploads\/2019\/01\/Anders-paneler_16_9_allvarlig.jpg?fit=1214%2C683&ssl=1\" \/>\n\t<meta property=\"og:image:width\" content=\"1214\" \/>\n\t<meta property=\"og:image:height\" content=\"683\" \/>\n\t<meta property=\"og:image:type\" content=\"image\/jpeg\" \/>\n<meta name=\"author\" content=\"Anders\" \/>\n<meta name=\"twitter:card\" content=\"summary_large_image\" \/>\n<meta name=\"twitter:label1\" content=\"Skriven av\" \/>\n\t<meta name=\"twitter:data1\" content=\"Anders\" \/>\n\t<meta name=\"twitter:label2\" content=\"Ber\u00e4knad l\u00e4stid\" \/>\n\t<meta name=\"twitter:data2\" content=\"1 minut\" \/>\n<script type=\"application\/ld+json\" class=\"yoast-schema-graph\">{\"@context\":\"https:\/\/schema.org\",\"@graph\":[{\"@type\":\"WebPage\",\"@id\":\"https:\/\/andersadlercreutz.fi\/blog\/lehdistotiedote\/adlercreutz-pidennetty-tilikausi-helpottaisi-teollisuuden-tilannetta\/?lang=fi\",\"url\":\"https:\/\/andersadlercreutz.fi\/blog\/lehdistotiedote\/adlercreutz-pidennetty-tilikausi-helpottaisi-teollisuuden-tilannetta\/?lang=fi\",\"name\":\"Adlercreutz: Pidennetty tilikausi helpottaisi teollisuuden tilannetta - Anders Adlercreutz\",\"isPartOf\":{\"@id\":\"https:\/\/andersadlercreutz.fi\/blog\/#website\"},\"datePublished\":\"2020-09-03T11:15:59+00:00\",\"dateModified\":\"2020-09-03T11:15:59+00:00\",\"author\":{\"@id\":\"https:\/\/andersadlercreutz.fi\/blog\/#\/schema\/person\/47d4b72eded862b484f74bb4b3a2354f\"},\"breadcrumb\":{\"@id\":\"https:\/\/andersadlercreutz.fi\/blog\/lehdistotiedote\/adlercreutz-pidennetty-tilikausi-helpottaisi-teollisuuden-tilannetta\/?lang=fi#breadcrumb\"},\"inLanguage\":\"sv-SE\",\"potentialAction\":[{\"@type\":\"ReadAction\",\"target\":[\"https:\/\/andersadlercreutz.fi\/blog\/lehdistotiedote\/adlercreutz-pidennetty-tilikausi-helpottaisi-teollisuuden-tilannetta\/?lang=fi\"]}]},{\"@type\":\"BreadcrumbList\",\"@id\":\"https:\/\/andersadlercreutz.fi\/blog\/lehdistotiedote\/adlercreutz-pidennetty-tilikausi-helpottaisi-teollisuuden-tilannetta\/?lang=fi#breadcrumb\",\"itemListElement\":[{\"@type\":\"ListItem\",\"position\":1,\"name\":\"Home\",\"item\":\"https:\/\/andersadlercreutz.fi\/blog\/blogg\/?lang=sv\"},{\"@type\":\"ListItem\",\"position\":2,\"name\":\"Adlercreutz: Pidennetty tilikausi helpottaisi teollisuuden tilannetta\"}]},{\"@type\":\"WebSite\",\"@id\":\"https:\/\/andersadlercreutz.fi\/blog\/#website\",\"url\":\"https:\/\/andersadlercreutz.fi\/blog\/\",\"name\":\"Anders Adlercreutz\",\"description\":\"Du. Jag. Vi. Kest&auml;v&auml;sti optimisti\",\"potentialAction\":[{\"@type\":\"SearchAction\",\"target\":{\"@type\":\"EntryPoint\",\"urlTemplate\":\"https:\/\/andersadlercreutz.fi\/blog\/?s={search_term_string}\"},\"query-input\":\"required name=search_term_string\"}],\"inLanguage\":\"sv-SE\"},{\"@type\":\"Person\",\"@id\":\"https:\/\/andersadlercreutz.fi\/blog\/#\/schema\/person\/47d4b72eded862b484f74bb4b3a2354f\",\"name\":\"Anders\",\"image\":{\"@type\":\"ImageObject\",\"inLanguage\":\"sv-SE\",\"@id\":\"https:\/\/andersadlercreutz.fi\/blog\/#\/schema\/person\/image\/\",\"url\":\"https:\/\/secure.gravatar.com\/avatar\/a144c9bda7a581ff6fabba169027e620?s=96&d=mm&r=g\",\"contentUrl\":\"https:\/\/secure.gravatar.com\/avatar\/a144c9bda7a581ff6fabba169027e620?s=96&d=mm&r=g\",\"caption\":\"Anders\"},\"url\":\"https:\/\/andersadlercreutz.fi\/blog\/author\/admin\/\"}]}<\/script>\n<!-- \/ Yoast SEO plugin. -->","yoast_head_json":{"title":"Adlercreutz: Pidennetty tilikausi helpottaisi teollisuuden tilannetta - Anders Adlercreutz","robots":{"index":"index","follow":"follow","max-snippet":"max-snippet:-1","max-image-preview":"max-image-preview:large","max-video-preview":"max-video-preview:-1"},"canonical":"https:\/\/andersadlercreutz.fi\/blog\/lehdistotiedote\/adlercreutz-pidennetty-tilikausi-helpottaisi-teollisuuden-tilannetta\/","og_locale":"sv_SE","og_type":"article","og_title":"Adlercreutz: Pidennetty tilikausi helpottaisi teollisuuden tilannetta - Anders Adlercreutz","og_description":"Vientiteollisuuden n\u00e4kym\u00e4t ovat odotetusti synkkenem\u00e4ss\u00e4. Alkuvuonna koronakriisi iski l\u00e4hinn\u00e4 palvelualoihin teollisuuden viel\u00e4 py\u00f6riess\u00e4 vahvojen tilauskirjojen turvin. Loppuvuodesta tilanne kuitenkin muuttuu. RKP:n valtiovarainvaliokunnan j\u00e4sen, kansanedustaja Anders Adlercreutz on tilanteesta huolissaan. \u2013 Alkuvuodesta olemme tukeneet harkinnanvaraisesti yrityksi\u00e4 kriisin alkuvaiheen yli. Kriisi ei kuitenkaan ole ohi ja meille erityisen t\u00e4rke\u00e4n vientiteollisuuden tilanne on synkkenem\u00e4\u00e4n p\u00e4in, Adlercreutz sanoo. \u2013 [&hellip;]","og_url":"https:\/\/andersadlercreutz.fi\/blog\/lehdistotiedote\/adlercreutz-pidennetty-tilikausi-helpottaisi-teollisuuden-tilannetta\/?lang=fi","og_site_name":"Anders Adlercreutz","article_published_time":"2020-09-03T11:15:59+00:00","og_image":[{"width":1214,"height":683,"url":"https:\/\/i0.wp.com\/andersadlercreutz.fi\/blog\/wp-content\/uploads\/2019\/01\/Anders-paneler_16_9_allvarlig.jpg?fit=1214%2C683&ssl=1","type":"image\/jpeg"}],"author":"Anders","twitter_card":"summary_large_image","twitter_misc":{"Skriven av":"Anders","Ber\u00e4knad l\u00e4stid":"1 minut"},"schema":{"@context":"https:\/\/schema.org","@graph":[{"@type":"WebPage","@id":"https:\/\/andersadlercreutz.fi\/blog\/lehdistotiedote\/adlercreutz-pidennetty-tilikausi-helpottaisi-teollisuuden-tilannetta\/?lang=fi","url":"https:\/\/andersadlercreutz.fi\/blog\/lehdistotiedote\/adlercreutz-pidennetty-tilikausi-helpottaisi-teollisuuden-tilannetta\/?lang=fi","name":"Adlercreutz: Pidennetty tilikausi helpottaisi teollisuuden tilannetta - Anders Adlercreutz","isPartOf":{"@id":"https:\/\/andersadlercreutz.fi\/blog\/#website"},"datePublished":"2020-09-03T11:15:59+00:00","dateModified":"2020-09-03T11:15:59+00:00","author":{"@id":"https:\/\/andersadlercreutz.fi\/blog\/#\/schema\/person\/47d4b72eded862b484f74bb4b3a2354f"},"breadcrumb":{"@id":"https:\/\/andersadlercreutz.fi\/blog\/lehdistotiedote\/adlercreutz-pidennetty-tilikausi-helpottaisi-teollisuuden-tilannetta\/?lang=fi#breadcrumb"},"inLanguage":"sv-SE","potentialAction":[{"@type":"ReadAction","target":["https:\/\/andersadlercreutz.fi\/blog\/lehdistotiedote\/adlercreutz-pidennetty-tilikausi-helpottaisi-teollisuuden-tilannetta\/?lang=fi"]}]},{"@type":"BreadcrumbList","@id":"https:\/\/andersadlercreutz.fi\/blog\/lehdistotiedote\/adlercreutz-pidennetty-tilikausi-helpottaisi-teollisuuden-tilannetta\/?lang=fi#breadcrumb","itemListElement":[{"@type":"ListItem","position":1,"name":"Home","item":"https:\/\/andersadlercreutz.fi\/blog\/blogg\/?lang=sv"},{"@type":"ListItem","position":2,"name":"Adlercreutz: Pidennetty tilikausi helpottaisi teollisuuden tilannetta"}]},{"@type":"WebSite","@id":"https:\/\/andersadlercreutz.fi\/blog\/#website","url":"https:\/\/andersadlercreutz.fi\/blog\/","name":"Anders Adlercreutz","description":"Du. Jag. Vi. Kest&auml;v&auml;sti optimisti","potentialAction":[{"@type":"SearchAction","target":{"@type":"EntryPoint","urlTemplate":"https:\/\/andersadlercreutz.fi\/blog\/?s={search_term_string}"},"query-input":"required name=search_term_string"}],"inLanguage":"sv-SE"},{"@type":"Person","@id":"https:\/\/andersadlercreutz.fi\/blog\/#\/schema\/person\/47d4b72eded862b484f74bb4b3a2354f","name":"Anders","image":{"@type":"ImageObject","inLanguage":"sv-SE","@id":"https:\/\/andersadlercreutz.fi\/blog\/#\/schema\/person\/image\/","url":"https:\/\/secure.gravatar.com\/avatar\/a144c9bda7a581ff6fabba169027e620?s=96&d=mm&r=g","contentUrl":"https:\/\/secure.gravatar.com\/avatar\/a144c9bda7a581ff6fabba169027e620?s=96&d=mm&r=g","caption":"Anders"},"url":"https:\/\/andersadlercreutz.fi\/blog\/author\/admin\/"}]}},"jetpack_featured_media_url":"https:\/\/i0.wp.com\/andersadlercreutz.fi\/blog\/wp-content\/uploads\/2019\/01\/Anders-paneler_16_9_allvarlig.jpg?fit=1214%2C683&ssl=1","jetpack_shortlink":"https:\/\/wp.me\/p4T6Dh-1HE","jetpack_sharing_enabled":true,"_links":{"self":[{"href":"https:\/\/andersadlercreutz.fi\/blog\/wp-json\/wp\/v2\/posts\/6550"}],"collection":[{"href":"https:\/\/andersadlercreutz.fi\/blog\/wp-json\/wp\/v2\/posts"}],"about":[{"href":"https:\/\/andersadlercreutz.fi\/blog\/wp-json\/wp\/v2\/types\/post"}],"author":[{"embeddable":true,"href":"https:\/\/andersadlercreutz.fi\/blog\/wp-json\/wp\/v2\/users\/1"}],"replies":[{"embeddable":true,"href":"https:\/\/andersadlercreutz.fi\/blog\/wp-json\/wp\/v2\/comments?post=6550"}],"version-history":[{"count":1,"href":"https:\/\/andersadlercreutz.fi\/blog\/wp-json\/wp\/v2\/posts\/6550\/revisions"}],"predecessor-version":[{"id":6551,"href":"https:\/\/andersadlercreutz.fi\/blog\/wp-json\/wp\/v2\/posts\/6550\/revisions\/6551"}],"wp:featuredmedia":[{"embeddable":true,"href":"https:\/\/andersadlercreutz.fi\/blog\/wp-json\/wp\/v2\/media\/4398"}],"wp:attachment":[{"href":"https:\/\/andersadlercreutz.fi\/blog\/wp-json\/wp\/v2\/media?parent=6550"}],"wp:term":[{"taxonomy":"category","embeddable":true,"href":"https:\/\/andersadlercreutz.fi\/blog\/wp-json\/wp\/v2\/categories?post=6550"},{"taxonomy":"post_tag","embeddable":true,"href":"https:\/\/andersadlercreutz.fi\/blog\/wp-json\/wp\/v2\/tags?post=6550"}],"curies":[{"name":"wp","href":"https:\/\/api.w.org\/{rel}","templated":true}]}}