{"id":6563,"date":"2020-09-16T17:49:28","date_gmt":"2020-09-16T14:49:28","guid":{"rendered":"http:\/\/andersadlercreutz.fi\/blog\/?p=6563"},"modified":"2020-09-16T17:49:28","modified_gmt":"2020-09-16T14:49:28","slug":"adlercreutz-alijaama-on-vaistamaton-mutta-tulee-ottaa-vakavasti","status":"publish","type":"post","link":"https:\/\/andersadlercreutz.fi\/blog\/lehdistotiedote\/adlercreutz-alijaama-on-vaistamaton-mutta-tulee-ottaa-vakavasti\/?lang=fi","title":{"rendered":"Adlercreutz: Alij\u00e4\u00e4m\u00e4 on v\u00e4ist\u00e4m\u00e4t\u00f6n, mutta tulee ottaa vakavasti\u00a0"},"content":{"rendered":"<p>Ruotsalaisen eduskuntaryhm\u00e4n puheenjohtaja Anders Adlercreutz on tyytyv\u00e4inen siihen kokonaisuuteen, jonka hallitus on valmistellut budjettiriihen aikana. Adlercreutzin mukaan nyt on t\u00e4rke\u00e4\u00e4, ett\u00e4 houkuttelemme Suomeen investointeja ja ett\u00e4 panostamme ty\u00f6llisyysastetta parantaviin toimenpiteisiin ty\u00f6markkinoita sujuvoittamalla ja tasa-arvoa parantamalla.<\/p>\n<p>\u2013\u00a0Kyseess\u00e4 on 10,7 miljardin euron massiivinen alij\u00e4\u00e4m\u00e4. T\u00e4t\u00e4 ei kuitenkaan voida v\u00e4ltt\u00e4\u00e4, jos haluamme selviyty\u00e4 koronakriisist\u00e4, joka edelleen vaikuttaa vahvasti Suomen taloudellisiin n\u00e4kymiin. Meid\u00e4n tulee tukea yrityksi\u00e4, tehd\u00e4 enemm\u00e4n koronatestej\u00e4 ja auttaa kuntia. Alij\u00e4\u00e4m\u00e4 ei kuitenkaan saa tulla j\u00e4\u00e4d\u00e4kseen. Nyt on t\u00e4rke\u00e4\u00e4 ajatella seuraavaa askelta ja panostaa kattaviin toimenpiteisiin talouden tasapainottamiseksi ja Suomen kilpailukyvyn nostamiseksi. Meid\u00e4n on luotava suotuisa investointiymp\u00e4rist\u00f6. T\u00e4ss\u00e4 energiaverouudistuksella on t\u00e4rke\u00e4 rooli, sill\u00e4 se muun muassa v\u00e4hent\u00e4\u00e4 voimakkaasti teollisuuden s\u00e4hk\u00f6kustannuksia, Adlercreutz sanoo.<\/p>\n<p>Hallitus on sopinut ty\u00f6llisyyspaketista, jonka tavoitteena on 31 000-36 000 lis\u00e4ty\u00f6llist\u00e4.<\/p>\n<p>\u2013\u00a0Ty\u00f6llisyystoimenpiteet ovat t\u00e4ysin ratkaisevassa asemassa, jotta saamme Suomen takaisin jaloilleen kriisin j\u00e4lkeen. Hallitus esitt\u00e4\u00e4 nyt monia konkreettisia ehdotuksia ty\u00f6llisyysasteen nostamiseksi: muun muassa el\u00e4keputkeen haetaan ratkaisua, ja ty\u00f6nhakuvelvoitetta uudistetaan niin sanotun pohjoismaisen mallin mukaan. Ty\u00f6 ei kuitenkaan lopu t\u00e4h\u00e4n. Meid\u00e4n tulee edet\u00e4 my\u00f6s paikallisen sopimisen mahdollistamisessa sek\u00e4 monien muiden toimien osalta. Ty\u00f6nteko on paras sosiaaliturva, ja t\u00e4m\u00e4n takia on \u00e4\u00e4rimm\u00e4isen t\u00e4rke\u00e4\u00e4, ett\u00e4 panostamme ty\u00f6voiman kysynt\u00e4\u00e4 ja tarjontaa lis\u00e4\u00e4viin toimiin.<\/p>\n","protected":false},"excerpt":{"rendered":"<p>Ruotsalaisen eduskuntaryhm\u00e4n puheenjohtaja Anders Adlercreutz on tyytyv\u00e4inen siihen kokonaisuuteen, jonka hallitus on valmistellut budjettiriihen aikana. Adlercreutzin mukaan nyt on t\u00e4rke\u00e4\u00e4, ett\u00e4 houkuttelemme Suomeen investointeja ja ett\u00e4 panostamme ty\u00f6llisyysastetta parantaviin toimenpiteisiin ty\u00f6markkinoita sujuvoittamalla ja tasa-arvoa parantamalla. \u2013\u00a0Kyseess\u00e4 on 10,7 miljardin euron massiivinen alij\u00e4\u00e4m\u00e4. T\u00e4t\u00e4 ei kuitenkaan voida v\u00e4ltt\u00e4\u00e4, jos haluamme selviyty\u00e4 koronakriisist\u00e4, joka edelleen vaikuttaa vahvasti [&hellip;]<\/p>\n","protected":false},"author":1,"featured_media":6453,"comment_status":"open","ping_status":"open","sticky":false,"template":"","format":"standard","meta":{"jetpack_post_was_ever_published":false,"_jetpack_newsletter_access":"","jetpack_publicize_message":"","jetpack_is_tweetstorm":false,"jetpack_publicize_feature_enabled":true,"jetpack_social_post_already_shared":true,"jetpack_social_options":{"image_generator_settings":{"template":"highway","enabled":false}}},"categories":[14,71,61],"tags":[],"jetpack_publicize_connections":[],"yoast_head":"<!-- This site is optimized with the Yoast SEO plugin v20.12 - https:\/\/yoast.com\/wordpress\/plugins\/seo\/ -->\n<title>Adlercreutz: Alij\u00e4\u00e4m\u00e4 on v\u00e4ist\u00e4m\u00e4t\u00f6n, mutta tulee ottaa vakavasti\u00a0 - Anders Adlercreutz<\/title>\n<meta name=\"robots\" content=\"index, follow, max-snippet:-1, max-image-preview:large, max-video-preview:-1\" \/>\n<link rel=\"canonical\" href=\"https:\/\/andersadlercreutz.fi\/blog\/lehdistotiedote\/adlercreutz-alijaama-on-vaistamaton-mutta-tulee-ottaa-vakavasti\/\" \/>\n<meta property=\"og:locale\" content=\"sv_SE\" \/>\n<meta property=\"og:type\" content=\"article\" \/>\n<meta property=\"og:title\" content=\"Adlercreutz: Alij\u00e4\u00e4m\u00e4 on v\u00e4ist\u00e4m\u00e4t\u00f6n, mutta tulee ottaa vakavasti\u00a0 - Anders Adlercreutz\" \/>\n<meta property=\"og:description\" content=\"Ruotsalaisen eduskuntaryhm\u00e4n puheenjohtaja Anders Adlercreutz on tyytyv\u00e4inen siihen kokonaisuuteen, jonka hallitus on valmistellut budjettiriihen aikana. Adlercreutzin mukaan nyt on t\u00e4rke\u00e4\u00e4, ett\u00e4 houkuttelemme Suomeen investointeja ja ett\u00e4 panostamme ty\u00f6llisyysastetta parantaviin toimenpiteisiin ty\u00f6markkinoita sujuvoittamalla ja tasa-arvoa parantamalla. \u2013\u00a0Kyseess\u00e4 on 10,7 miljardin euron massiivinen alij\u00e4\u00e4m\u00e4. T\u00e4t\u00e4 ei kuitenkaan voida v\u00e4ltt\u00e4\u00e4, jos haluamme selviyty\u00e4 koronakriisist\u00e4, joka edelleen vaikuttaa vahvasti [&hellip;]\" \/>\n<meta property=\"og:url\" content=\"https:\/\/andersadlercreutz.fi\/blog\/lehdistotiedote\/adlercreutz-alijaama-on-vaistamaton-mutta-tulee-ottaa-vakavasti\/?lang=fi\" \/>\n<meta property=\"og:site_name\" content=\"Anders Adlercreutz\" \/>\n<meta property=\"article:published_time\" content=\"2020-09-16T14:49:28+00:00\" \/>\n<meta property=\"og:image\" content=\"https:\/\/i0.wp.com\/andersadlercreutz.fi\/blog\/wp-content\/uploads\/2020\/05\/RD-052020-4.jpeg?fit=1280%2C723&ssl=1\" \/>\n\t<meta property=\"og:image:width\" content=\"1280\" \/>\n\t<meta property=\"og:image:height\" content=\"723\" \/>\n\t<meta property=\"og:image:type\" content=\"image\/jpeg\" \/>\n<meta name=\"author\" content=\"Anders\" \/>\n<meta name=\"twitter:card\" content=\"summary_large_image\" \/>\n<meta name=\"twitter:label1\" content=\"Skriven av\" \/>\n\t<meta name=\"twitter:data1\" content=\"Anders\" \/>\n\t<meta name=\"twitter:label2\" content=\"Ber\u00e4knad l\u00e4stid\" \/>\n\t<meta name=\"twitter:data2\" content=\"1 minut\" \/>\n<script type=\"application\/ld+json\" class=\"yoast-schema-graph\">{\"@context\":\"https:\/\/schema.org\",\"@graph\":[{\"@type\":\"WebPage\",\"@id\":\"https:\/\/andersadlercreutz.fi\/blog\/lehdistotiedote\/adlercreutz-alijaama-on-vaistamaton-mutta-tulee-ottaa-vakavasti\/?lang=fi\",\"url\":\"https:\/\/andersadlercreutz.fi\/blog\/lehdistotiedote\/adlercreutz-alijaama-on-vaistamaton-mutta-tulee-ottaa-vakavasti\/?lang=fi\",\"name\":\"Adlercreutz: Alij\u00e4\u00e4m\u00e4 on v\u00e4ist\u00e4m\u00e4t\u00f6n, mutta tulee ottaa vakavasti\u00a0 - Anders Adlercreutz\",\"isPartOf\":{\"@id\":\"https:\/\/andersadlercreutz.fi\/blog\/#website\"},\"datePublished\":\"2020-09-16T14:49:28+00:00\",\"dateModified\":\"2020-09-16T14:49:28+00:00\",\"author\":{\"@id\":\"https:\/\/andersadlercreutz.fi\/blog\/#\/schema\/person\/47d4b72eded862b484f74bb4b3a2354f\"},\"breadcrumb\":{\"@id\":\"https:\/\/andersadlercreutz.fi\/blog\/lehdistotiedote\/adlercreutz-alijaama-on-vaistamaton-mutta-tulee-ottaa-vakavasti\/?lang=fi#breadcrumb\"},\"inLanguage\":\"sv-SE\",\"potentialAction\":[{\"@type\":\"ReadAction\",\"target\":[\"https:\/\/andersadlercreutz.fi\/blog\/lehdistotiedote\/adlercreutz-alijaama-on-vaistamaton-mutta-tulee-ottaa-vakavasti\/?lang=fi\"]}]},{\"@type\":\"BreadcrumbList\",\"@id\":\"https:\/\/andersadlercreutz.fi\/blog\/lehdistotiedote\/adlercreutz-alijaama-on-vaistamaton-mutta-tulee-ottaa-vakavasti\/?lang=fi#breadcrumb\",\"itemListElement\":[{\"@type\":\"ListItem\",\"position\":1,\"name\":\"Home\",\"item\":\"https:\/\/andersadlercreutz.fi\/blog\/blogg\/?lang=sv\"},{\"@type\":\"ListItem\",\"position\":2,\"name\":\"Adlercreutz: Alij\u00e4\u00e4m\u00e4 on v\u00e4ist\u00e4m\u00e4t\u00f6n, mutta tulee ottaa vakavasti\u00a0\"}]},{\"@type\":\"WebSite\",\"@id\":\"https:\/\/andersadlercreutz.fi\/blog\/#website\",\"url\":\"https:\/\/andersadlercreutz.fi\/blog\/\",\"name\":\"Anders Adlercreutz\",\"description\":\"Du. Jag. Vi. Kest&auml;v&auml;sti optimisti\",\"potentialAction\":[{\"@type\":\"SearchAction\",\"target\":{\"@type\":\"EntryPoint\",\"urlTemplate\":\"https:\/\/andersadlercreutz.fi\/blog\/?s={search_term_string}\"},\"query-input\":\"required name=search_term_string\"}],\"inLanguage\":\"sv-SE\"},{\"@type\":\"Person\",\"@id\":\"https:\/\/andersadlercreutz.fi\/blog\/#\/schema\/person\/47d4b72eded862b484f74bb4b3a2354f\",\"name\":\"Anders\",\"image\":{\"@type\":\"ImageObject\",\"inLanguage\":\"sv-SE\",\"@id\":\"https:\/\/andersadlercreutz.fi\/blog\/#\/schema\/person\/image\/\",\"url\":\"https:\/\/secure.gravatar.com\/avatar\/a144c9bda7a581ff6fabba169027e620?s=96&d=mm&r=g\",\"contentUrl\":\"https:\/\/secure.gravatar.com\/avatar\/a144c9bda7a581ff6fabba169027e620?s=96&d=mm&r=g\",\"caption\":\"Anders\"},\"url\":\"https:\/\/andersadlercreutz.fi\/blog\/author\/admin\/\"}]}<\/script>\n<!-- \/ Yoast SEO plugin. -->","yoast_head_json":{"title":"Adlercreutz: Alij\u00e4\u00e4m\u00e4 on v\u00e4ist\u00e4m\u00e4t\u00f6n, mutta tulee ottaa vakavasti\u00a0 - Anders Adlercreutz","robots":{"index":"index","follow":"follow","max-snippet":"max-snippet:-1","max-image-preview":"max-image-preview:large","max-video-preview":"max-video-preview:-1"},"canonical":"https:\/\/andersadlercreutz.fi\/blog\/lehdistotiedote\/adlercreutz-alijaama-on-vaistamaton-mutta-tulee-ottaa-vakavasti\/","og_locale":"sv_SE","og_type":"article","og_title":"Adlercreutz: Alij\u00e4\u00e4m\u00e4 on v\u00e4ist\u00e4m\u00e4t\u00f6n, mutta tulee ottaa vakavasti\u00a0 - Anders Adlercreutz","og_description":"Ruotsalaisen eduskuntaryhm\u00e4n puheenjohtaja Anders Adlercreutz on tyytyv\u00e4inen siihen kokonaisuuteen, jonka hallitus on valmistellut budjettiriihen aikana. Adlercreutzin mukaan nyt on t\u00e4rke\u00e4\u00e4, ett\u00e4 houkuttelemme Suomeen investointeja ja ett\u00e4 panostamme ty\u00f6llisyysastetta parantaviin toimenpiteisiin ty\u00f6markkinoita sujuvoittamalla ja tasa-arvoa parantamalla. \u2013\u00a0Kyseess\u00e4 on 10,7 miljardin euron massiivinen alij\u00e4\u00e4m\u00e4. T\u00e4t\u00e4 ei kuitenkaan voida v\u00e4ltt\u00e4\u00e4, jos haluamme selviyty\u00e4 koronakriisist\u00e4, joka edelleen vaikuttaa vahvasti [&hellip;]","og_url":"https:\/\/andersadlercreutz.fi\/blog\/lehdistotiedote\/adlercreutz-alijaama-on-vaistamaton-mutta-tulee-ottaa-vakavasti\/?lang=fi","og_site_name":"Anders Adlercreutz","article_published_time":"2020-09-16T14:49:28+00:00","og_image":[{"width":1280,"height":723,"url":"https:\/\/i0.wp.com\/andersadlercreutz.fi\/blog\/wp-content\/uploads\/2020\/05\/RD-052020-4.jpeg?fit=1280%2C723&ssl=1","type":"image\/jpeg"}],"author":"Anders","twitter_card":"summary_large_image","twitter_misc":{"Skriven av":"Anders","Ber\u00e4knad l\u00e4stid":"1 minut"},"schema":{"@context":"https:\/\/schema.org","@graph":[{"@type":"WebPage","@id":"https:\/\/andersadlercreutz.fi\/blog\/lehdistotiedote\/adlercreutz-alijaama-on-vaistamaton-mutta-tulee-ottaa-vakavasti\/?lang=fi","url":"https:\/\/andersadlercreutz.fi\/blog\/lehdistotiedote\/adlercreutz-alijaama-on-vaistamaton-mutta-tulee-ottaa-vakavasti\/?lang=fi","name":"Adlercreutz: Alij\u00e4\u00e4m\u00e4 on v\u00e4ist\u00e4m\u00e4t\u00f6n, mutta tulee ottaa vakavasti\u00a0 - Anders Adlercreutz","isPartOf":{"@id":"https:\/\/andersadlercreutz.fi\/blog\/#website"},"datePublished":"2020-09-16T14:49:28+00:00","dateModified":"2020-09-16T14:49:28+00:00","author":{"@id":"https:\/\/andersadlercreutz.fi\/blog\/#\/schema\/person\/47d4b72eded862b484f74bb4b3a2354f"},"breadcrumb":{"@id":"https:\/\/andersadlercreutz.fi\/blog\/lehdistotiedote\/adlercreutz-alijaama-on-vaistamaton-mutta-tulee-ottaa-vakavasti\/?lang=fi#breadcrumb"},"inLanguage":"sv-SE","potentialAction":[{"@type":"ReadAction","target":["https:\/\/andersadlercreutz.fi\/blog\/lehdistotiedote\/adlercreutz-alijaama-on-vaistamaton-mutta-tulee-ottaa-vakavasti\/?lang=fi"]}]},{"@type":"BreadcrumbList","@id":"https:\/\/andersadlercreutz.fi\/blog\/lehdistotiedote\/adlercreutz-alijaama-on-vaistamaton-mutta-tulee-ottaa-vakavasti\/?lang=fi#breadcrumb","itemListElement":[{"@type":"ListItem","position":1,"name":"Home","item":"https:\/\/andersadlercreutz.fi\/blog\/blogg\/?lang=sv"},{"@type":"ListItem","position":2,"name":"Adlercreutz: Alij\u00e4\u00e4m\u00e4 on v\u00e4ist\u00e4m\u00e4t\u00f6n, mutta tulee ottaa vakavasti\u00a0"}]},{"@type":"WebSite","@id":"https:\/\/andersadlercreutz.fi\/blog\/#website","url":"https:\/\/andersadlercreutz.fi\/blog\/","name":"Anders Adlercreutz","description":"Du. Jag. Vi. Kest&auml;v&auml;sti optimisti","potentialAction":[{"@type":"SearchAction","target":{"@type":"EntryPoint","urlTemplate":"https:\/\/andersadlercreutz.fi\/blog\/?s={search_term_string}"},"query-input":"required name=search_term_string"}],"inLanguage":"sv-SE"},{"@type":"Person","@id":"https:\/\/andersadlercreutz.fi\/blog\/#\/schema\/person\/47d4b72eded862b484f74bb4b3a2354f","name":"Anders","image":{"@type":"ImageObject","inLanguage":"sv-SE","@id":"https:\/\/andersadlercreutz.fi\/blog\/#\/schema\/person\/image\/","url":"https:\/\/secure.gravatar.com\/avatar\/a144c9bda7a581ff6fabba169027e620?s=96&d=mm&r=g","contentUrl":"https:\/\/secure.gravatar.com\/avatar\/a144c9bda7a581ff6fabba169027e620?s=96&d=mm&r=g","caption":"Anders"},"url":"https:\/\/andersadlercreutz.fi\/blog\/author\/admin\/"}]}},"jetpack_featured_media_url":"https:\/\/i0.wp.com\/andersadlercreutz.fi\/blog\/wp-content\/uploads\/2020\/05\/RD-052020-4.jpeg?fit=1280%2C723&ssl=1","jetpack_shortlink":"https:\/\/wp.me\/p4T6Dh-1HR","jetpack_sharing_enabled":true,"_links":{"self":[{"href":"https:\/\/andersadlercreutz.fi\/blog\/wp-json\/wp\/v2\/posts\/6563"}],"collection":[{"href":"https:\/\/andersadlercreutz.fi\/blog\/wp-json\/wp\/v2\/posts"}],"about":[{"href":"https:\/\/andersadlercreutz.fi\/blog\/wp-json\/wp\/v2\/types\/post"}],"author":[{"embeddable":true,"href":"https:\/\/andersadlercreutz.fi\/blog\/wp-json\/wp\/v2\/users\/1"}],"replies":[{"embeddable":true,"href":"https:\/\/andersadlercreutz.fi\/blog\/wp-json\/wp\/v2\/comments?post=6563"}],"version-history":[{"count":1,"href":"https:\/\/andersadlercreutz.fi\/blog\/wp-json\/wp\/v2\/posts\/6563\/revisions"}],"predecessor-version":[{"id":6564,"href":"https:\/\/andersadlercreutz.fi\/blog\/wp-json\/wp\/v2\/posts\/6563\/revisions\/6564"}],"wp:featuredmedia":[{"embeddable":true,"href":"https:\/\/andersadlercreutz.fi\/blog\/wp-json\/wp\/v2\/media\/6453"}],"wp:attachment":[{"href":"https:\/\/andersadlercreutz.fi\/blog\/wp-json\/wp\/v2\/media?parent=6563"}],"wp:term":[{"taxonomy":"category","embeddable":true,"href":"https:\/\/andersadlercreutz.fi\/blog\/wp-json\/wp\/v2\/categories?post=6563"},{"taxonomy":"post_tag","embeddable":true,"href":"https:\/\/andersadlercreutz.fi\/blog\/wp-json\/wp\/v2\/tags?post=6563"}],"curies":[{"name":"wp","href":"https:\/\/api.w.org\/{rel}","templated":true}]}}