{"id":6578,"date":"2020-09-26T11:59:31","date_gmt":"2020-09-26T08:59:31","guid":{"rendered":"http:\/\/andersadlercreutz.fi\/blog\/?p=6578"},"modified":"2020-09-26T11:59:31","modified_gmt":"2020-09-26T08:59:31","slug":"adlercreutz-puoluekokouksessa-rkp-on-kriiseissa-vahva","status":"publish","type":"post","link":"https:\/\/andersadlercreutz.fi\/blog\/lehdistotiedote\/adlercreutz-puoluekokouksessa-rkp-on-kriiseissa-vahva\/?lang=fi","title":{"rendered":"Adlercreutz puoluekokouksessa: RKP on kriiseiss\u00e4 vahva"},"content":{"rendered":"<p>Ruotsalaisen eduskuntaryhm\u00e4n puheenjohtaja Anders Adlercreutz painotti puheessaan RKP:n puoluekokouksessa Vantaalla sit\u00e4, ett\u00e4 kriisien kohtaamiseen tarvitaan varsinkin kahta ominaisuutta. Ensimm\u00e4inen on joustavuus, ja toinen luovuus, eli ongelmienratkaisukyky\u00e4.<\/p>\n<p>\u2013\u00a0Kuluneen vuoden aikana on ollut erityisen hienoa huomata, ett\u00e4 RKP on puolueena vahva my\u00f6s kriisiss\u00e4. Puolue on t\u00e4ynn\u00e4 ihmisi\u00e4, jotka eiv\u00e4t ole valmiita luopumaan arvoistaan tiukassakaan tilanteessa. Juuri siksi uskon, ett\u00e4 RKP:ll\u00e4 voi olla juuri t\u00e4ss\u00e4 hetkess\u00e4 ja maailmatilanteessa vakaan muutosjohtajan ja luovan ongelmanratkaisijan rooli.<\/p>\n<p>Pienen\u00e4 maana Suomi ei Adlercreutzin mukaan voi olla paras kaikessa. Meill\u00e4 tulee kuitenkin olla vahvaa osaamista kriittisiss\u00e4 tulevaisuudenkysymyksiss\u00e4.<\/p>\n<p>\u2013\u00a0Olemme sivistyksen ja osaamisen puolue. Ilmastonmuutos on suurin haasteemme pidemm\u00e4ll\u00e4 aikav\u00e4lill\u00e4. Ilmastonmuutos voi muuttaa kaiken. Ratkaisu ei kuitenkaan ole yksinkertainen tai mustavalkoinen. Ratkaisu on usein sek\u00e4 ett\u00e4 \u2013 mutta \u00e4lykk\u00e4\u00e4ll\u00e4 tavalla. Ratkaisu rakentuu vahvasta ekosysteemist\u00e4, mutta vaatii my\u00f6s suurta vastuunkantoa niilt\u00e4, jotka k\u00e4ytt\u00e4v\u00e4t t\u00e4t\u00e4 ekosysteemi\u00e4.<\/p>\n<p>Adlercreutz nosti puheessaan esiin my\u00f6s sen, ett\u00e4 RKP on maantieteellisesti jakautunut puolue. H\u00e4n ei halua n\u00e4hd\u00e4 t\u00e4t\u00e4 ongelmana, vaan mahdollisuutena.<\/p>\n<p>\u2013\u00a0Puolueen sis\u00e4ll\u00e4, koko maassamme, on vallinnut jonkinlainen kaupunki\u2013maaseutu -vastakkainasettelu, jota on my\u00f6s ajoittain ruokittu \u2013 jos ei meid\u00e4n itsemme, niin median toimesta. Muutosjohtajan ja ongelmanratkaisijan roolissa olemme uskottavia vain, jos pystymme ratkomaan omat ristiriitamme. Uskon, ett\u00e4 olemme t\u00e4h\u00e4n valmiita. Uskon my\u00f6s, ett\u00e4 olemme valmiita toimimaan monikielisemmin, mik\u00e4 on edellytys puolueemme vahvistumiselle. Se on siksi mahdollisuus, ei uhka, Adlercreutz sanoo.<\/p>\n","protected":false},"excerpt":{"rendered":"<p>Ruotsalaisen eduskuntaryhm\u00e4n puheenjohtaja Anders Adlercreutz painotti puheessaan RKP:n puoluekokouksessa Vantaalla sit\u00e4, ett\u00e4 kriisien kohtaamiseen tarvitaan varsinkin kahta ominaisuutta. Ensimm\u00e4inen on joustavuus, ja toinen luovuus, eli ongelmienratkaisukyky\u00e4. \u2013\u00a0Kuluneen vuoden aikana on ollut erityisen hienoa huomata, ett\u00e4 RKP on puolueena vahva my\u00f6s kriisiss\u00e4. Puolue on t\u00e4ynn\u00e4 ihmisi\u00e4, jotka eiv\u00e4t ole valmiita luopumaan arvoistaan tiukassakaan tilanteessa. Juuri siksi [&hellip;]<\/p>\n","protected":false},"author":1,"featured_media":6444,"comment_status":"open","ping_status":"open","sticky":false,"template":"","format":"standard","meta":{"jetpack_post_was_ever_published":false,"_jetpack_newsletter_access":"","jetpack_publicize_message":"","jetpack_is_tweetstorm":false,"jetpack_publicize_feature_enabled":true,"jetpack_social_post_already_shared":true,"jetpack_social_options":{"image_generator_settings":{"template":"highway","enabled":false}}},"categories":[71,87],"tags":[],"jetpack_publicize_connections":[],"yoast_head":"<!-- This site is optimized with the Yoast SEO plugin v20.12 - https:\/\/yoast.com\/wordpress\/plugins\/seo\/ -->\n<title>Adlercreutz puoluekokouksessa: RKP on kriiseiss\u00e4 vahva - Anders Adlercreutz<\/title>\n<meta name=\"robots\" content=\"index, follow, max-snippet:-1, max-image-preview:large, max-video-preview:-1\" \/>\n<link rel=\"canonical\" href=\"https:\/\/andersadlercreutz.fi\/blog\/lehdistotiedote\/adlercreutz-puoluekokouksessa-rkp-on-kriiseissa-vahva\/\" \/>\n<meta property=\"og:locale\" content=\"sv_SE\" \/>\n<meta property=\"og:type\" content=\"article\" \/>\n<meta property=\"og:title\" content=\"Adlercreutz puoluekokouksessa: RKP on kriiseiss\u00e4 vahva - Anders Adlercreutz\" \/>\n<meta property=\"og:description\" content=\"Ruotsalaisen eduskuntaryhm\u00e4n puheenjohtaja Anders Adlercreutz painotti puheessaan RKP:n puoluekokouksessa Vantaalla sit\u00e4, ett\u00e4 kriisien kohtaamiseen tarvitaan varsinkin kahta ominaisuutta. Ensimm\u00e4inen on joustavuus, ja toinen luovuus, eli ongelmienratkaisukyky\u00e4. \u2013\u00a0Kuluneen vuoden aikana on ollut erityisen hienoa huomata, ett\u00e4 RKP on puolueena vahva my\u00f6s kriisiss\u00e4. Puolue on t\u00e4ynn\u00e4 ihmisi\u00e4, jotka eiv\u00e4t ole valmiita luopumaan arvoistaan tiukassakaan tilanteessa. Juuri siksi [&hellip;]\" \/>\n<meta property=\"og:url\" content=\"https:\/\/andersadlercreutz.fi\/blog\/lehdistotiedote\/adlercreutz-puoluekokouksessa-rkp-on-kriiseissa-vahva\/?lang=fi\" \/>\n<meta property=\"og:site_name\" content=\"Anders Adlercreutz\" \/>\n<meta property=\"article:published_time\" content=\"2020-09-26T08:59:31+00:00\" \/>\n<meta property=\"og:image\" content=\"https:\/\/i0.wp.com\/andersadlercreutz.fi\/blog\/wp-content\/uploads\/2020\/05\/RD-052020-6.jpeg?fit=1280%2C733&ssl=1\" \/>\n\t<meta property=\"og:image:width\" content=\"1280\" \/>\n\t<meta property=\"og:image:height\" content=\"733\" \/>\n\t<meta property=\"og:image:type\" content=\"image\/jpeg\" \/>\n<meta name=\"author\" content=\"Anders\" \/>\n<meta name=\"twitter:card\" content=\"summary_large_image\" \/>\n<meta name=\"twitter:label1\" content=\"Skriven av\" \/>\n\t<meta name=\"twitter:data1\" content=\"Anders\" \/>\n\t<meta name=\"twitter:label2\" content=\"Ber\u00e4knad l\u00e4stid\" \/>\n\t<meta name=\"twitter:data2\" content=\"1 minut\" \/>\n<script type=\"application\/ld+json\" class=\"yoast-schema-graph\">{\"@context\":\"https:\/\/schema.org\",\"@graph\":[{\"@type\":\"WebPage\",\"@id\":\"https:\/\/andersadlercreutz.fi\/blog\/lehdistotiedote\/adlercreutz-puoluekokouksessa-rkp-on-kriiseissa-vahva\/?lang=fi\",\"url\":\"https:\/\/andersadlercreutz.fi\/blog\/lehdistotiedote\/adlercreutz-puoluekokouksessa-rkp-on-kriiseissa-vahva\/?lang=fi\",\"name\":\"Adlercreutz puoluekokouksessa: RKP on kriiseiss\u00e4 vahva - Anders Adlercreutz\",\"isPartOf\":{\"@id\":\"https:\/\/andersadlercreutz.fi\/blog\/#website\"},\"datePublished\":\"2020-09-26T08:59:31+00:00\",\"dateModified\":\"2020-09-26T08:59:31+00:00\",\"author\":{\"@id\":\"https:\/\/andersadlercreutz.fi\/blog\/#\/schema\/person\/47d4b72eded862b484f74bb4b3a2354f\"},\"breadcrumb\":{\"@id\":\"https:\/\/andersadlercreutz.fi\/blog\/lehdistotiedote\/adlercreutz-puoluekokouksessa-rkp-on-kriiseissa-vahva\/?lang=fi#breadcrumb\"},\"inLanguage\":\"sv-SE\",\"potentialAction\":[{\"@type\":\"ReadAction\",\"target\":[\"https:\/\/andersadlercreutz.fi\/blog\/lehdistotiedote\/adlercreutz-puoluekokouksessa-rkp-on-kriiseissa-vahva\/?lang=fi\"]}]},{\"@type\":\"BreadcrumbList\",\"@id\":\"https:\/\/andersadlercreutz.fi\/blog\/lehdistotiedote\/adlercreutz-puoluekokouksessa-rkp-on-kriiseissa-vahva\/?lang=fi#breadcrumb\",\"itemListElement\":[{\"@type\":\"ListItem\",\"position\":1,\"name\":\"Home\",\"item\":\"https:\/\/andersadlercreutz.fi\/blog\/blogg\/?lang=sv\"},{\"@type\":\"ListItem\",\"position\":2,\"name\":\"Adlercreutz puoluekokouksessa: RKP on kriiseiss\u00e4 vahva\"}]},{\"@type\":\"WebSite\",\"@id\":\"https:\/\/andersadlercreutz.fi\/blog\/#website\",\"url\":\"https:\/\/andersadlercreutz.fi\/blog\/\",\"name\":\"Anders Adlercreutz\",\"description\":\"Du. Jag. Vi. Kest&auml;v&auml;sti optimisti\",\"potentialAction\":[{\"@type\":\"SearchAction\",\"target\":{\"@type\":\"EntryPoint\",\"urlTemplate\":\"https:\/\/andersadlercreutz.fi\/blog\/?s={search_term_string}\"},\"query-input\":\"required name=search_term_string\"}],\"inLanguage\":\"sv-SE\"},{\"@type\":\"Person\",\"@id\":\"https:\/\/andersadlercreutz.fi\/blog\/#\/schema\/person\/47d4b72eded862b484f74bb4b3a2354f\",\"name\":\"Anders\",\"image\":{\"@type\":\"ImageObject\",\"inLanguage\":\"sv-SE\",\"@id\":\"https:\/\/andersadlercreutz.fi\/blog\/#\/schema\/person\/image\/\",\"url\":\"https:\/\/secure.gravatar.com\/avatar\/a144c9bda7a581ff6fabba169027e620?s=96&d=mm&r=g\",\"contentUrl\":\"https:\/\/secure.gravatar.com\/avatar\/a144c9bda7a581ff6fabba169027e620?s=96&d=mm&r=g\",\"caption\":\"Anders\"},\"url\":\"https:\/\/andersadlercreutz.fi\/blog\/author\/admin\/\"}]}<\/script>\n<!-- \/ Yoast SEO plugin. -->","yoast_head_json":{"title":"Adlercreutz puoluekokouksessa: RKP on kriiseiss\u00e4 vahva - Anders Adlercreutz","robots":{"index":"index","follow":"follow","max-snippet":"max-snippet:-1","max-image-preview":"max-image-preview:large","max-video-preview":"max-video-preview:-1"},"canonical":"https:\/\/andersadlercreutz.fi\/blog\/lehdistotiedote\/adlercreutz-puoluekokouksessa-rkp-on-kriiseissa-vahva\/","og_locale":"sv_SE","og_type":"article","og_title":"Adlercreutz puoluekokouksessa: RKP on kriiseiss\u00e4 vahva - Anders Adlercreutz","og_description":"Ruotsalaisen eduskuntaryhm\u00e4n puheenjohtaja Anders Adlercreutz painotti puheessaan RKP:n puoluekokouksessa Vantaalla sit\u00e4, ett\u00e4 kriisien kohtaamiseen tarvitaan varsinkin kahta ominaisuutta. Ensimm\u00e4inen on joustavuus, ja toinen luovuus, eli ongelmienratkaisukyky\u00e4. \u2013\u00a0Kuluneen vuoden aikana on ollut erityisen hienoa huomata, ett\u00e4 RKP on puolueena vahva my\u00f6s kriisiss\u00e4. Puolue on t\u00e4ynn\u00e4 ihmisi\u00e4, jotka eiv\u00e4t ole valmiita luopumaan arvoistaan tiukassakaan tilanteessa. Juuri siksi [&hellip;]","og_url":"https:\/\/andersadlercreutz.fi\/blog\/lehdistotiedote\/adlercreutz-puoluekokouksessa-rkp-on-kriiseissa-vahva\/?lang=fi","og_site_name":"Anders Adlercreutz","article_published_time":"2020-09-26T08:59:31+00:00","og_image":[{"width":1280,"height":733,"url":"https:\/\/i0.wp.com\/andersadlercreutz.fi\/blog\/wp-content\/uploads\/2020\/05\/RD-052020-6.jpeg?fit=1280%2C733&ssl=1","type":"image\/jpeg"}],"author":"Anders","twitter_card":"summary_large_image","twitter_misc":{"Skriven av":"Anders","Ber\u00e4knad l\u00e4stid":"1 minut"},"schema":{"@context":"https:\/\/schema.org","@graph":[{"@type":"WebPage","@id":"https:\/\/andersadlercreutz.fi\/blog\/lehdistotiedote\/adlercreutz-puoluekokouksessa-rkp-on-kriiseissa-vahva\/?lang=fi","url":"https:\/\/andersadlercreutz.fi\/blog\/lehdistotiedote\/adlercreutz-puoluekokouksessa-rkp-on-kriiseissa-vahva\/?lang=fi","name":"Adlercreutz puoluekokouksessa: RKP on kriiseiss\u00e4 vahva - Anders Adlercreutz","isPartOf":{"@id":"https:\/\/andersadlercreutz.fi\/blog\/#website"},"datePublished":"2020-09-26T08:59:31+00:00","dateModified":"2020-09-26T08:59:31+00:00","author":{"@id":"https:\/\/andersadlercreutz.fi\/blog\/#\/schema\/person\/47d4b72eded862b484f74bb4b3a2354f"},"breadcrumb":{"@id":"https:\/\/andersadlercreutz.fi\/blog\/lehdistotiedote\/adlercreutz-puoluekokouksessa-rkp-on-kriiseissa-vahva\/?lang=fi#breadcrumb"},"inLanguage":"sv-SE","potentialAction":[{"@type":"ReadAction","target":["https:\/\/andersadlercreutz.fi\/blog\/lehdistotiedote\/adlercreutz-puoluekokouksessa-rkp-on-kriiseissa-vahva\/?lang=fi"]}]},{"@type":"BreadcrumbList","@id":"https:\/\/andersadlercreutz.fi\/blog\/lehdistotiedote\/adlercreutz-puoluekokouksessa-rkp-on-kriiseissa-vahva\/?lang=fi#breadcrumb","itemListElement":[{"@type":"ListItem","position":1,"name":"Home","item":"https:\/\/andersadlercreutz.fi\/blog\/blogg\/?lang=sv"},{"@type":"ListItem","position":2,"name":"Adlercreutz puoluekokouksessa: RKP on kriiseiss\u00e4 vahva"}]},{"@type":"WebSite","@id":"https:\/\/andersadlercreutz.fi\/blog\/#website","url":"https:\/\/andersadlercreutz.fi\/blog\/","name":"Anders Adlercreutz","description":"Du. Jag. Vi. Kest&auml;v&auml;sti optimisti","potentialAction":[{"@type":"SearchAction","target":{"@type":"EntryPoint","urlTemplate":"https:\/\/andersadlercreutz.fi\/blog\/?s={search_term_string}"},"query-input":"required name=search_term_string"}],"inLanguage":"sv-SE"},{"@type":"Person","@id":"https:\/\/andersadlercreutz.fi\/blog\/#\/schema\/person\/47d4b72eded862b484f74bb4b3a2354f","name":"Anders","image":{"@type":"ImageObject","inLanguage":"sv-SE","@id":"https:\/\/andersadlercreutz.fi\/blog\/#\/schema\/person\/image\/","url":"https:\/\/secure.gravatar.com\/avatar\/a144c9bda7a581ff6fabba169027e620?s=96&d=mm&r=g","contentUrl":"https:\/\/secure.gravatar.com\/avatar\/a144c9bda7a581ff6fabba169027e620?s=96&d=mm&r=g","caption":"Anders"},"url":"https:\/\/andersadlercreutz.fi\/blog\/author\/admin\/"}]}},"jetpack_featured_media_url":"https:\/\/i0.wp.com\/andersadlercreutz.fi\/blog\/wp-content\/uploads\/2020\/05\/RD-052020-6.jpeg?fit=1280%2C733&ssl=1","jetpack_shortlink":"https:\/\/wp.me\/p4T6Dh-1I6","jetpack_sharing_enabled":true,"_links":{"self":[{"href":"https:\/\/andersadlercreutz.fi\/blog\/wp-json\/wp\/v2\/posts\/6578"}],"collection":[{"href":"https:\/\/andersadlercreutz.fi\/blog\/wp-json\/wp\/v2\/posts"}],"about":[{"href":"https:\/\/andersadlercreutz.fi\/blog\/wp-json\/wp\/v2\/types\/post"}],"author":[{"embeddable":true,"href":"https:\/\/andersadlercreutz.fi\/blog\/wp-json\/wp\/v2\/users\/1"}],"replies":[{"embeddable":true,"href":"https:\/\/andersadlercreutz.fi\/blog\/wp-json\/wp\/v2\/comments?post=6578"}],"version-history":[{"count":1,"href":"https:\/\/andersadlercreutz.fi\/blog\/wp-json\/wp\/v2\/posts\/6578\/revisions"}],"predecessor-version":[{"id":6579,"href":"https:\/\/andersadlercreutz.fi\/blog\/wp-json\/wp\/v2\/posts\/6578\/revisions\/6579"}],"wp:featuredmedia":[{"embeddable":true,"href":"https:\/\/andersadlercreutz.fi\/blog\/wp-json\/wp\/v2\/media\/6444"}],"wp:attachment":[{"href":"https:\/\/andersadlercreutz.fi\/blog\/wp-json\/wp\/v2\/media?parent=6578"}],"wp:term":[{"taxonomy":"category","embeddable":true,"href":"https:\/\/andersadlercreutz.fi\/blog\/wp-json\/wp\/v2\/categories?post=6578"},{"taxonomy":"post_tag","embeddable":true,"href":"https:\/\/andersadlercreutz.fi\/blog\/wp-json\/wp\/v2\/tags?post=6578"}],"curies":[{"name":"wp","href":"https:\/\/api.w.org\/{rel}","templated":true}]}}