{"id":6582,"date":"2020-09-28T15:06:01","date_gmt":"2020-09-28T12:06:01","guid":{"rendered":"http:\/\/andersadlercreutz.fi\/blog\/?p=6582"},"modified":"2020-10-02T11:08:01","modified_gmt":"2020-10-02T08:08:01","slug":"adlercreutz-haluaa-yhdenvertaisen-ja-kannustavan-ansiosidonnaisen-paivarahan","status":"publish","type":"post","link":"https:\/\/andersadlercreutz.fi\/blog\/lehdistotiedote\/adlercreutz-haluaa-yhdenvertaisen-ja-kannustavan-ansiosidonnaisen-paivarahan\/?lang=fi","title":{"rendered":"Adlercreutz haluaa yhdenvertaisen ja kannustavan ansiosidonnaisen p\u00e4iv\u00e4rahan"},"content":{"rendered":"<p>Ruotsalaisen eduskuntaryhm\u00e4n puheenjohtaja Anders Adlercreutz ehdottaa, ett\u00e4 ansiosidonnaisen p\u00e4iv\u00e4rahan kehitt\u00e4misen yhteydess\u00e4 se ulotettaisiin koskemaan my\u00f6s niit\u00e4 ty\u00f6tt\u00f6mi\u00e4, jotka eiv\u00e4t kuulu ty\u00f6tt\u00f6myyskassaan.<\/p>\n<p>\u2013\u00a0RKP on ehdottanut, ett\u00e4 ansiosidonnainen p\u00e4iv\u00e4raha porrastettaisiin ja teht\u00e4isiin kannustavammaksi korottamalla tuen m\u00e4\u00e4r\u00e4\u00e4 ty\u00f6tt\u00f6myyden alkuvaiheessa. Mahdollisuudet tuen porrastamiseen ja sen laajentamiseen voitaisiin selvitt\u00e4\u00e4 yhdess\u00e4. Yhdist\u00e4m\u00e4ll\u00e4 n\u00e4m\u00e4 kaksi tavoitetta voisimme l\u00f6yt\u00e4\u00e4 kustannusneutraalin mallin. T\u00e4llainen malli edist\u00e4isi yhdenvertaisuutta, Adlercreutz sanoo.<\/p>\n<p>Ty\u00f6tt\u00f6myyskassan rahoitusosuus ansiosidonnaisesta p\u00e4iv\u00e4rahasta on noin 5,5 prosenttia. Loppuosa rahoitetaan veroilla. Siksi voidaan pit\u00e4\u00e4 ristiriitaisena sit\u00e4, ett\u00e4 p\u00e4iv\u00e4rahan saaminen edellytt\u00e4\u00e4 j\u00e4senyytt\u00e4 ty\u00f6tt\u00f6myyskassassa.<\/p>\n<p>\u2013 Nykyinen malli on vaikeasti perusteltavissa yhdenvertaisuusn\u00e4k\u00f6kulmasta. Kyseh\u00e4n on perustavanlaatuisesta turvasta. Toki asian voisi ajatella niin, ett\u00e4 kassaan kuuluva voisi saada suuremman ty\u00f6tt\u00f6myyskorvauksen &#8211; esimerkiksi 5\u201310 prosenttia, Adlercreutz sanoo.<\/p>\n<p>Monien asiantuntijoiden mukaan porrastettu p\u00e4iv\u00e4raha lis\u00e4\u00e4 ty\u00f6llisyytt\u00e4. Kokemukset Tanskasta, jossa kyseinen malli on k\u00e4yt\u00f6ss\u00e4, tukevat tutkimusta.<\/p>\n<p>\u2013\u00a0Varsinkin kriisin aikana on t\u00e4rke\u00e4\u00e4 sek\u00e4 huolehtia siit\u00e4, ett\u00e4 kaikkia kohdellaan yhdenvertaisesti ja siit\u00e4, ett\u00e4 ty\u00f6llisyytt\u00e4 parannetaan. T\u00e4m\u00e4 malli toteuttaisi molempia pyrkimyksi\u00e4.<\/p>\n","protected":false},"excerpt":{"rendered":"<p>Ruotsalaisen eduskuntaryhm\u00e4n puheenjohtaja Anders Adlercreutz ehdottaa, ett\u00e4 ansiosidonnaisen p\u00e4iv\u00e4rahan kehitt\u00e4misen yhteydess\u00e4 se ulotettaisiin koskemaan my\u00f6s niit\u00e4 ty\u00f6tt\u00f6mi\u00e4, jotka eiv\u00e4t kuulu ty\u00f6tt\u00f6myyskassaan. \u2013\u00a0RKP on ehdottanut, ett\u00e4 ansiosidonnainen p\u00e4iv\u00e4raha porrastettaisiin ja teht\u00e4isiin kannustavammaksi korottamalla tuen m\u00e4\u00e4r\u00e4\u00e4 ty\u00f6tt\u00f6myyden alkuvaiheessa. Mahdollisuudet tuen porrastamiseen ja sen laajentamiseen voitaisiin selvitt\u00e4\u00e4 yhdess\u00e4. Yhdist\u00e4m\u00e4ll\u00e4 n\u00e4m\u00e4 kaksi tavoitetta voisimme l\u00f6yt\u00e4\u00e4 kustannusneutraalin mallin. T\u00e4llainen malli [&hellip;]<\/p>\n","protected":false},"author":1,"featured_media":3864,"comment_status":"open","ping_status":"open","sticky":false,"template":"","format":"standard","meta":{"jetpack_post_was_ever_published":false,"_jetpack_newsletter_access":"","jetpack_publicize_message":"","jetpack_is_tweetstorm":false,"jetpack_publicize_feature_enabled":true,"jetpack_social_post_already_shared":true,"jetpack_social_options":{"image_generator_settings":{"template":"highway","enabled":false}}},"categories":[71,61],"tags":[],"jetpack_publicize_connections":[],"yoast_head":"<!-- This site is optimized with the Yoast SEO plugin v20.12 - https:\/\/yoast.com\/wordpress\/plugins\/seo\/ -->\n<title>Adlercreutz haluaa yhdenvertaisen ja kannustavan ansiosidonnaisen p\u00e4iv\u00e4rahan - Anders Adlercreutz<\/title>\n<meta name=\"robots\" content=\"index, follow, max-snippet:-1, max-image-preview:large, max-video-preview:-1\" \/>\n<link rel=\"canonical\" href=\"https:\/\/andersadlercreutz.fi\/blog\/lehdistotiedote\/adlercreutz-haluaa-yhdenvertaisen-ja-kannustavan-ansiosidonnaisen-paivarahan\/\" \/>\n<meta property=\"og:locale\" content=\"sv_SE\" \/>\n<meta property=\"og:type\" content=\"article\" \/>\n<meta property=\"og:title\" content=\"Adlercreutz haluaa yhdenvertaisen ja kannustavan ansiosidonnaisen p\u00e4iv\u00e4rahan - Anders Adlercreutz\" \/>\n<meta property=\"og:description\" content=\"Ruotsalaisen eduskuntaryhm\u00e4n puheenjohtaja Anders Adlercreutz ehdottaa, ett\u00e4 ansiosidonnaisen p\u00e4iv\u00e4rahan kehitt\u00e4misen yhteydess\u00e4 se ulotettaisiin koskemaan my\u00f6s niit\u00e4 ty\u00f6tt\u00f6mi\u00e4, jotka eiv\u00e4t kuulu ty\u00f6tt\u00f6myyskassaan. \u2013\u00a0RKP on ehdottanut, ett\u00e4 ansiosidonnainen p\u00e4iv\u00e4raha porrastettaisiin ja teht\u00e4isiin kannustavammaksi korottamalla tuen m\u00e4\u00e4r\u00e4\u00e4 ty\u00f6tt\u00f6myyden alkuvaiheessa. Mahdollisuudet tuen porrastamiseen ja sen laajentamiseen voitaisiin selvitt\u00e4\u00e4 yhdess\u00e4. Yhdist\u00e4m\u00e4ll\u00e4 n\u00e4m\u00e4 kaksi tavoitetta voisimme l\u00f6yt\u00e4\u00e4 kustannusneutraalin mallin. T\u00e4llainen malli [&hellip;]\" \/>\n<meta property=\"og:url\" content=\"https:\/\/andersadlercreutz.fi\/blog\/lehdistotiedote\/adlercreutz-haluaa-yhdenvertaisen-ja-kannustavan-ansiosidonnaisen-paivarahan\/?lang=fi\" \/>\n<meta property=\"og:site_name\" content=\"Anders Adlercreutz\" \/>\n<meta property=\"article:published_time\" content=\"2020-09-28T12:06:01+00:00\" \/>\n<meta property=\"article:modified_time\" content=\"2020-10-02T08:08:01+00:00\" \/>\n<meta property=\"og:image\" content=\"https:\/\/i0.wp.com\/andersadlercreutz.fi\/blog\/wp-content\/uploads\/2018\/01\/Anders-RD012018-5.jpg?fit=1800%2C1227&ssl=1\" \/>\n\t<meta property=\"og:image:width\" content=\"1800\" \/>\n\t<meta property=\"og:image:height\" content=\"1227\" \/>\n\t<meta property=\"og:image:type\" content=\"image\/jpeg\" \/>\n<meta name=\"author\" content=\"Anders\" \/>\n<meta name=\"twitter:card\" content=\"summary_large_image\" \/>\n<meta name=\"twitter:label1\" content=\"Skriven av\" \/>\n\t<meta name=\"twitter:data1\" content=\"Anders\" \/>\n\t<meta name=\"twitter:label2\" content=\"Ber\u00e4knad l\u00e4stid\" \/>\n\t<meta name=\"twitter:data2\" content=\"1 minut\" \/>\n<script type=\"application\/ld+json\" class=\"yoast-schema-graph\">{\"@context\":\"https:\/\/schema.org\",\"@graph\":[{\"@type\":\"WebPage\",\"@id\":\"https:\/\/andersadlercreutz.fi\/blog\/lehdistotiedote\/adlercreutz-haluaa-yhdenvertaisen-ja-kannustavan-ansiosidonnaisen-paivarahan\/?lang=fi\",\"url\":\"https:\/\/andersadlercreutz.fi\/blog\/lehdistotiedote\/adlercreutz-haluaa-yhdenvertaisen-ja-kannustavan-ansiosidonnaisen-paivarahan\/?lang=fi\",\"name\":\"Adlercreutz haluaa yhdenvertaisen ja kannustavan ansiosidonnaisen p\u00e4iv\u00e4rahan - Anders Adlercreutz\",\"isPartOf\":{\"@id\":\"https:\/\/andersadlercreutz.fi\/blog\/#website\"},\"datePublished\":\"2020-09-28T12:06:01+00:00\",\"dateModified\":\"2020-10-02T08:08:01+00:00\",\"author\":{\"@id\":\"https:\/\/andersadlercreutz.fi\/blog\/#\/schema\/person\/47d4b72eded862b484f74bb4b3a2354f\"},\"breadcrumb\":{\"@id\":\"https:\/\/andersadlercreutz.fi\/blog\/lehdistotiedote\/adlercreutz-haluaa-yhdenvertaisen-ja-kannustavan-ansiosidonnaisen-paivarahan\/?lang=fi#breadcrumb\"},\"inLanguage\":\"sv-SE\",\"potentialAction\":[{\"@type\":\"ReadAction\",\"target\":[\"https:\/\/andersadlercreutz.fi\/blog\/lehdistotiedote\/adlercreutz-haluaa-yhdenvertaisen-ja-kannustavan-ansiosidonnaisen-paivarahan\/?lang=fi\"]}]},{\"@type\":\"BreadcrumbList\",\"@id\":\"https:\/\/andersadlercreutz.fi\/blog\/lehdistotiedote\/adlercreutz-haluaa-yhdenvertaisen-ja-kannustavan-ansiosidonnaisen-paivarahan\/?lang=fi#breadcrumb\",\"itemListElement\":[{\"@type\":\"ListItem\",\"position\":1,\"name\":\"Home\",\"item\":\"https:\/\/andersadlercreutz.fi\/blog\/blogg\/?lang=sv\"},{\"@type\":\"ListItem\",\"position\":2,\"name\":\"Adlercreutz haluaa yhdenvertaisen ja kannustavan ansiosidonnaisen p\u00e4iv\u00e4rahan\"}]},{\"@type\":\"WebSite\",\"@id\":\"https:\/\/andersadlercreutz.fi\/blog\/#website\",\"url\":\"https:\/\/andersadlercreutz.fi\/blog\/\",\"name\":\"Anders Adlercreutz\",\"description\":\"Du. Jag. Vi. Kest&auml;v&auml;sti optimisti\",\"potentialAction\":[{\"@type\":\"SearchAction\",\"target\":{\"@type\":\"EntryPoint\",\"urlTemplate\":\"https:\/\/andersadlercreutz.fi\/blog\/?s={search_term_string}\"},\"query-input\":\"required name=search_term_string\"}],\"inLanguage\":\"sv-SE\"},{\"@type\":\"Person\",\"@id\":\"https:\/\/andersadlercreutz.fi\/blog\/#\/schema\/person\/47d4b72eded862b484f74bb4b3a2354f\",\"name\":\"Anders\",\"image\":{\"@type\":\"ImageObject\",\"inLanguage\":\"sv-SE\",\"@id\":\"https:\/\/andersadlercreutz.fi\/blog\/#\/schema\/person\/image\/\",\"url\":\"https:\/\/secure.gravatar.com\/avatar\/a144c9bda7a581ff6fabba169027e620?s=96&d=mm&r=g\",\"contentUrl\":\"https:\/\/secure.gravatar.com\/avatar\/a144c9bda7a581ff6fabba169027e620?s=96&d=mm&r=g\",\"caption\":\"Anders\"},\"url\":\"https:\/\/andersadlercreutz.fi\/blog\/author\/admin\/\"}]}<\/script>\n<!-- \/ Yoast SEO plugin. -->","yoast_head_json":{"title":"Adlercreutz haluaa yhdenvertaisen ja kannustavan ansiosidonnaisen p\u00e4iv\u00e4rahan - Anders Adlercreutz","robots":{"index":"index","follow":"follow","max-snippet":"max-snippet:-1","max-image-preview":"max-image-preview:large","max-video-preview":"max-video-preview:-1"},"canonical":"https:\/\/andersadlercreutz.fi\/blog\/lehdistotiedote\/adlercreutz-haluaa-yhdenvertaisen-ja-kannustavan-ansiosidonnaisen-paivarahan\/","og_locale":"sv_SE","og_type":"article","og_title":"Adlercreutz haluaa yhdenvertaisen ja kannustavan ansiosidonnaisen p\u00e4iv\u00e4rahan - Anders Adlercreutz","og_description":"Ruotsalaisen eduskuntaryhm\u00e4n puheenjohtaja Anders Adlercreutz ehdottaa, ett\u00e4 ansiosidonnaisen p\u00e4iv\u00e4rahan kehitt\u00e4misen yhteydess\u00e4 se ulotettaisiin koskemaan my\u00f6s niit\u00e4 ty\u00f6tt\u00f6mi\u00e4, jotka eiv\u00e4t kuulu ty\u00f6tt\u00f6myyskassaan. \u2013\u00a0RKP on ehdottanut, ett\u00e4 ansiosidonnainen p\u00e4iv\u00e4raha porrastettaisiin ja teht\u00e4isiin kannustavammaksi korottamalla tuen m\u00e4\u00e4r\u00e4\u00e4 ty\u00f6tt\u00f6myyden alkuvaiheessa. Mahdollisuudet tuen porrastamiseen ja sen laajentamiseen voitaisiin selvitt\u00e4\u00e4 yhdess\u00e4. Yhdist\u00e4m\u00e4ll\u00e4 n\u00e4m\u00e4 kaksi tavoitetta voisimme l\u00f6yt\u00e4\u00e4 kustannusneutraalin mallin. T\u00e4llainen malli [&hellip;]","og_url":"https:\/\/andersadlercreutz.fi\/blog\/lehdistotiedote\/adlercreutz-haluaa-yhdenvertaisen-ja-kannustavan-ansiosidonnaisen-paivarahan\/?lang=fi","og_site_name":"Anders Adlercreutz","article_published_time":"2020-09-28T12:06:01+00:00","article_modified_time":"2020-10-02T08:08:01+00:00","og_image":[{"width":1800,"height":1227,"url":"https:\/\/i0.wp.com\/andersadlercreutz.fi\/blog\/wp-content\/uploads\/2018\/01\/Anders-RD012018-5.jpg?fit=1800%2C1227&ssl=1","type":"image\/jpeg"}],"author":"Anders","twitter_card":"summary_large_image","twitter_misc":{"Skriven av":"Anders","Ber\u00e4knad l\u00e4stid":"1 minut"},"schema":{"@context":"https:\/\/schema.org","@graph":[{"@type":"WebPage","@id":"https:\/\/andersadlercreutz.fi\/blog\/lehdistotiedote\/adlercreutz-haluaa-yhdenvertaisen-ja-kannustavan-ansiosidonnaisen-paivarahan\/?lang=fi","url":"https:\/\/andersadlercreutz.fi\/blog\/lehdistotiedote\/adlercreutz-haluaa-yhdenvertaisen-ja-kannustavan-ansiosidonnaisen-paivarahan\/?lang=fi","name":"Adlercreutz haluaa yhdenvertaisen ja kannustavan ansiosidonnaisen p\u00e4iv\u00e4rahan - Anders Adlercreutz","isPartOf":{"@id":"https:\/\/andersadlercreutz.fi\/blog\/#website"},"datePublished":"2020-09-28T12:06:01+00:00","dateModified":"2020-10-02T08:08:01+00:00","author":{"@id":"https:\/\/andersadlercreutz.fi\/blog\/#\/schema\/person\/47d4b72eded862b484f74bb4b3a2354f"},"breadcrumb":{"@id":"https:\/\/andersadlercreutz.fi\/blog\/lehdistotiedote\/adlercreutz-haluaa-yhdenvertaisen-ja-kannustavan-ansiosidonnaisen-paivarahan\/?lang=fi#breadcrumb"},"inLanguage":"sv-SE","potentialAction":[{"@type":"ReadAction","target":["https:\/\/andersadlercreutz.fi\/blog\/lehdistotiedote\/adlercreutz-haluaa-yhdenvertaisen-ja-kannustavan-ansiosidonnaisen-paivarahan\/?lang=fi"]}]},{"@type":"BreadcrumbList","@id":"https:\/\/andersadlercreutz.fi\/blog\/lehdistotiedote\/adlercreutz-haluaa-yhdenvertaisen-ja-kannustavan-ansiosidonnaisen-paivarahan\/?lang=fi#breadcrumb","itemListElement":[{"@type":"ListItem","position":1,"name":"Home","item":"https:\/\/andersadlercreutz.fi\/blog\/blogg\/?lang=sv"},{"@type":"ListItem","position":2,"name":"Adlercreutz haluaa yhdenvertaisen ja kannustavan ansiosidonnaisen p\u00e4iv\u00e4rahan"}]},{"@type":"WebSite","@id":"https:\/\/andersadlercreutz.fi\/blog\/#website","url":"https:\/\/andersadlercreutz.fi\/blog\/","name":"Anders Adlercreutz","description":"Du. Jag. Vi. Kest&auml;v&auml;sti optimisti","potentialAction":[{"@type":"SearchAction","target":{"@type":"EntryPoint","urlTemplate":"https:\/\/andersadlercreutz.fi\/blog\/?s={search_term_string}"},"query-input":"required name=search_term_string"}],"inLanguage":"sv-SE"},{"@type":"Person","@id":"https:\/\/andersadlercreutz.fi\/blog\/#\/schema\/person\/47d4b72eded862b484f74bb4b3a2354f","name":"Anders","image":{"@type":"ImageObject","inLanguage":"sv-SE","@id":"https:\/\/andersadlercreutz.fi\/blog\/#\/schema\/person\/image\/","url":"https:\/\/secure.gravatar.com\/avatar\/a144c9bda7a581ff6fabba169027e620?s=96&d=mm&r=g","contentUrl":"https:\/\/secure.gravatar.com\/avatar\/a144c9bda7a581ff6fabba169027e620?s=96&d=mm&r=g","caption":"Anders"},"url":"https:\/\/andersadlercreutz.fi\/blog\/author\/admin\/"}]}},"jetpack_featured_media_url":"https:\/\/i0.wp.com\/andersadlercreutz.fi\/blog\/wp-content\/uploads\/2018\/01\/Anders-RD012018-5.jpg?fit=1800%2C1227&ssl=1","jetpack_shortlink":"https:\/\/wp.me\/p4T6Dh-1Ia","jetpack_sharing_enabled":true,"_links":{"self":[{"href":"https:\/\/andersadlercreutz.fi\/blog\/wp-json\/wp\/v2\/posts\/6582"}],"collection":[{"href":"https:\/\/andersadlercreutz.fi\/blog\/wp-json\/wp\/v2\/posts"}],"about":[{"href":"https:\/\/andersadlercreutz.fi\/blog\/wp-json\/wp\/v2\/types\/post"}],"author":[{"embeddable":true,"href":"https:\/\/andersadlercreutz.fi\/blog\/wp-json\/wp\/v2\/users\/1"}],"replies":[{"embeddable":true,"href":"https:\/\/andersadlercreutz.fi\/blog\/wp-json\/wp\/v2\/comments?post=6582"}],"version-history":[{"count":2,"href":"https:\/\/andersadlercreutz.fi\/blog\/wp-json\/wp\/v2\/posts\/6582\/revisions"}],"predecessor-version":[{"id":6592,"href":"https:\/\/andersadlercreutz.fi\/blog\/wp-json\/wp\/v2\/posts\/6582\/revisions\/6592"}],"wp:featuredmedia":[{"embeddable":true,"href":"https:\/\/andersadlercreutz.fi\/blog\/wp-json\/wp\/v2\/media\/3864"}],"wp:attachment":[{"href":"https:\/\/andersadlercreutz.fi\/blog\/wp-json\/wp\/v2\/media?parent=6582"}],"wp:term":[{"taxonomy":"category","embeddable":true,"href":"https:\/\/andersadlercreutz.fi\/blog\/wp-json\/wp\/v2\/categories?post=6582"},{"taxonomy":"post_tag","embeddable":true,"href":"https:\/\/andersadlercreutz.fi\/blog\/wp-json\/wp\/v2\/tags?post=6582"}],"curies":[{"name":"wp","href":"https:\/\/api.w.org\/{rel}","templated":true}]}}