{"id":6588,"date":"2020-10-01T17:22:58","date_gmt":"2020-10-01T14:22:58","guid":{"rendered":"http:\/\/andersadlercreutz.fi\/blog\/?p=6588"},"modified":"2020-10-01T17:22:58","modified_gmt":"2020-10-01T14:22:58","slug":"sfps-nylandska-riksdagsledamoter-mycket-olyckligt-om-lovisa-blir-utan-tagforbindelse","status":"publish","type":"post","link":"https:\/\/andersadlercreutz.fi\/blog\/pressmeddelande\/sfps-nylandska-riksdagsledamoter-mycket-olyckligt-om-lovisa-blir-utan-tagforbindelse\/","title":{"rendered":"SFP:s\u00a0nyl\u00e4ndska riksdagsledam\u00f6ter: Mycket olyckligt om Lovisa blir utan t\u00e5gf\u00f6rbindelse"},"content":{"rendered":"<p><span data-contrast=\"auto\">Kommunikationsministeriet meddelade ig\u00e5r att planeringen g\u00e4llande t\u00e5gf\u00f6rbindelsen \u00f6sterut fr\u00e5n Helsingfors kommer att g\u00e5 vidare enligt planen f\u00f6r\u00a0<\/span><span data-contrast=\"auto\">\u00d6stbanan<\/span><span data-contrast=\"auto\">, d\u00e4r rutten g\u00e5r via Borg\u00e5 till Kouvola. Det inneb\u00e4r att Lovisa skulle bli utan t\u00e5gf\u00f6rbindelse.\u00a0<\/span><span data-contrast=\"auto\">SFP:s<\/span><span data-contrast=\"auto\">\u00a0nyl\u00e4ndska riksdagsledam\u00f6ter Anders Adlercreutz och Veronica Rehn-Kivi \u00e4r besvikna \u00f6ver beslutet.<\/span><span data-ccp-props=\"{&quot;201341983&quot;:0,&quot;335559739&quot;:160,&quot;335559740&quot;:259}\">\u00a0<\/span><\/p>\n<p>\u2013\u00a0Rutten f\u00f6r den\u00a0\u00f6stra\u00a0kustbanan skulle ha g\u00e5tt via Borg\u00e5 till Lovisa och vidare mot Kotka och Luum\u00e4ki. T\u00e5gf\u00f6rbindelsen skulle ha fr\u00e4mjat pendlingen och bidragit till inflyttning i regionen, och p\u00e5 s\u00e5 s\u00e4tt f\u00f6rst\u00e4rkt hela omr\u00e5dets livskraft\u00a0och infrastruktur.\u00a0Det uppskattas\u00a0att str\u00e4ckan skulle ha lett till 7,2 miljoner helt nya t\u00e5gresen\u00e4rer.\u00a0Verksamhetsf\u00f6ruts\u00e4ttningarna f\u00f6r f\u00f6retag l\u00e4ngsmed Finlands \u00f6stra kust skulle ocks\u00e5 v\u00e4sentligt ha f\u00f6rb\u00e4ttrats, s\u00e4ger\u00a0Svenska\u00a0riksdagsgruppens ordf\u00f6rande Anders Adlercreutz.<\/p>\n<p><span data-contrast=\"auto\">SFP:s\u00a0riksdagsledamot Veronica Rehn-Kivi \u00e4r inne p\u00e5 samma linje, och betonar \u00e4ven vikten av goda f\u00f6rbindelser ur klimatsynvinkel.<\/span><\/p>\n<p>\u2013 Fungerande t\u00e5gf\u00f6rbindelser \u00e4r i nyckelroll f\u00f6r att minska koldioxidutsl\u00e4ppen och erbjuda klimatv\u00e4nliga alternativ f\u00f6r b\u00e5de arbets- och fritidsresor. F\u00f6r Lovisabornas del \u00e4r jag ledsen att t\u00e5gf\u00f6rbindelsen nu ser ut att utebli.\u00a0\u00d6stra kustbanan skulle ha fogat till helt nya orter till j\u00e4rnv\u00e4gsn\u00e4tet och utvidgat pendlingsomr\u00e5det till huvudstadsregionen markant \u2013 enligt uppskattningar skulle till och med en miljon arbetsresor g\u00f6ras l\u00e4ngsmed hela t\u00e5gstr\u00e4ckan per \u00e5r.\u00a0Str\u00e4ckan\u00a0skulle avsev\u00e4rt f\u00f6rb\u00e4ttra m\u00f6jligheten att smidigt ta sig b\u00e5de \u00f6ster- och v\u00e4sterut l\u00e4ngsmed kusten, s\u00e4ger Rehn-Kivi.<\/p>\n","protected":false},"excerpt":{"rendered":"<p>Kommunikationsministeriet meddelade ig\u00e5r att planeringen g\u00e4llande t\u00e5gf\u00f6rbindelsen \u00f6sterut fr\u00e5n Helsingfors kommer att g\u00e5 vidare enligt planen f\u00f6r\u00a0\u00d6stbanan, d\u00e4r rutten g\u00e5r via Borg\u00e5 till Kouvola. Det inneb\u00e4r att Lovisa skulle bli utan t\u00e5gf\u00f6rbindelse.\u00a0SFP:s\u00a0nyl\u00e4ndska riksdagsledam\u00f6ter Anders Adlercreutz och Veronica Rehn-Kivi \u00e4r besvikna \u00f6ver beslutet.\u00a0 \u2013\u00a0Rutten f\u00f6r den\u00a0\u00f6stra\u00a0kustbanan skulle ha g\u00e5tt via Borg\u00e5 till Lovisa och vidare mot [&hellip;]<\/p>\n","protected":false},"author":1,"featured_media":5207,"comment_status":"open","ping_status":"open","sticky":false,"template":"","format":"standard","meta":{"jetpack_post_was_ever_published":false,"_jetpack_newsletter_access":"","jetpack_publicize_message":"","jetpack_is_tweetstorm":false,"jetpack_publicize_feature_enabled":true,"jetpack_social_post_already_shared":true,"jetpack_social_options":{"image_generator_settings":{"template":"highway","enabled":false}}},"categories":[32,72],"tags":[],"jetpack_publicize_connections":[],"yoast_head":"<!-- This site is optimized with the Yoast SEO plugin v20.12 - https:\/\/yoast.com\/wordpress\/plugins\/seo\/ -->\n<title>SFP:s\u00a0nyl\u00e4ndska riksdagsledam\u00f6ter: Mycket olyckligt om Lovisa blir utan t\u00e5gf\u00f6rbindelse - Anders Adlercreutz<\/title>\n<meta name=\"robots\" content=\"index, follow, max-snippet:-1, max-image-preview:large, max-video-preview:-1\" \/>\n<link rel=\"canonical\" href=\"https:\/\/andersadlercreutz.fi\/blog\/pressmeddelande\/sfps-nylandska-riksdagsledamoter-mycket-olyckligt-om-lovisa-blir-utan-tagforbindelse\/\" \/>\n<meta property=\"og:locale\" content=\"sv_SE\" \/>\n<meta property=\"og:type\" content=\"article\" \/>\n<meta property=\"og:title\" content=\"SFP:s\u00a0nyl\u00e4ndska riksdagsledam\u00f6ter: Mycket olyckligt om Lovisa blir utan t\u00e5gf\u00f6rbindelse - Anders Adlercreutz\" \/>\n<meta property=\"og:description\" content=\"Kommunikationsministeriet meddelade ig\u00e5r att planeringen g\u00e4llande t\u00e5gf\u00f6rbindelsen \u00f6sterut fr\u00e5n Helsingfors kommer att g\u00e5 vidare enligt planen f\u00f6r\u00a0\u00d6stbanan, d\u00e4r rutten g\u00e5r via Borg\u00e5 till Kouvola. Det inneb\u00e4r att Lovisa skulle bli utan t\u00e5gf\u00f6rbindelse.\u00a0SFP:s\u00a0nyl\u00e4ndska riksdagsledam\u00f6ter Anders Adlercreutz och Veronica Rehn-Kivi \u00e4r besvikna \u00f6ver beslutet.\u00a0 \u2013\u00a0Rutten f\u00f6r den\u00a0\u00f6stra\u00a0kustbanan skulle ha g\u00e5tt via Borg\u00e5 till Lovisa och vidare mot [&hellip;]\" \/>\n<meta property=\"og:url\" content=\"https:\/\/andersadlercreutz.fi\/blog\/pressmeddelande\/sfps-nylandska-riksdagsledamoter-mycket-olyckligt-om-lovisa-blir-utan-tagforbindelse\/\" \/>\n<meta property=\"og:site_name\" content=\"Anders Adlercreutz\" \/>\n<meta property=\"article:published_time\" content=\"2020-10-01T14:22:58+00:00\" \/>\n<meta property=\"og:image\" content=\"https:\/\/i0.wp.com\/andersadlercreutz.fi\/blog\/wp-content\/uploads\/2018\/01\/Anders-RD012018-5.jpg?fit=1800%2C1227&ssl=1\" \/>\n\t<meta property=\"og:image:width\" content=\"1800\" \/>\n\t<meta property=\"og:image:height\" content=\"1227\" \/>\n\t<meta property=\"og:image:type\" content=\"image\/jpeg\" \/>\n<meta name=\"author\" content=\"Anders\" \/>\n<meta name=\"twitter:card\" content=\"summary_large_image\" \/>\n<meta name=\"twitter:label1\" content=\"Skriven av\" \/>\n\t<meta name=\"twitter:data1\" content=\"Anders\" \/>\n\t<meta name=\"twitter:label2\" content=\"Ber\u00e4knad l\u00e4stid\" \/>\n\t<meta name=\"twitter:data2\" content=\"1 minut\" \/>\n<script type=\"application\/ld+json\" class=\"yoast-schema-graph\">{\"@context\":\"https:\/\/schema.org\",\"@graph\":[{\"@type\":\"WebPage\",\"@id\":\"https:\/\/andersadlercreutz.fi\/blog\/pressmeddelande\/sfps-nylandska-riksdagsledamoter-mycket-olyckligt-om-lovisa-blir-utan-tagforbindelse\/\",\"url\":\"https:\/\/andersadlercreutz.fi\/blog\/pressmeddelande\/sfps-nylandska-riksdagsledamoter-mycket-olyckligt-om-lovisa-blir-utan-tagforbindelse\/\",\"name\":\"SFP:s\u00a0nyl\u00e4ndska riksdagsledam\u00f6ter: Mycket olyckligt om Lovisa blir utan t\u00e5gf\u00f6rbindelse - Anders Adlercreutz\",\"isPartOf\":{\"@id\":\"https:\/\/andersadlercreutz.fi\/blog\/#website\"},\"datePublished\":\"2020-10-01T14:22:58+00:00\",\"dateModified\":\"2020-10-01T14:22:58+00:00\",\"author\":{\"@id\":\"https:\/\/andersadlercreutz.fi\/blog\/#\/schema\/person\/47d4b72eded862b484f74bb4b3a2354f\"},\"breadcrumb\":{\"@id\":\"https:\/\/andersadlercreutz.fi\/blog\/pressmeddelande\/sfps-nylandska-riksdagsledamoter-mycket-olyckligt-om-lovisa-blir-utan-tagforbindelse\/#breadcrumb\"},\"inLanguage\":\"sv-SE\",\"potentialAction\":[{\"@type\":\"ReadAction\",\"target\":[\"https:\/\/andersadlercreutz.fi\/blog\/pressmeddelande\/sfps-nylandska-riksdagsledamoter-mycket-olyckligt-om-lovisa-blir-utan-tagforbindelse\/\"]}]},{\"@type\":\"BreadcrumbList\",\"@id\":\"https:\/\/andersadlercreutz.fi\/blog\/pressmeddelande\/sfps-nylandska-riksdagsledamoter-mycket-olyckligt-om-lovisa-blir-utan-tagforbindelse\/#breadcrumb\",\"itemListElement\":[{\"@type\":\"ListItem\",\"position\":1,\"name\":\"Home\",\"item\":\"https:\/\/andersadlercreutz.fi\/blog\/blogg\/?lang=sv\"},{\"@type\":\"ListItem\",\"position\":2,\"name\":\"SFP:s\u00a0nyl\u00e4ndska riksdagsledam\u00f6ter: Mycket olyckligt om Lovisa blir utan t\u00e5gf\u00f6rbindelse\"}]},{\"@type\":\"WebSite\",\"@id\":\"https:\/\/andersadlercreutz.fi\/blog\/#website\",\"url\":\"https:\/\/andersadlercreutz.fi\/blog\/\",\"name\":\"Anders Adlercreutz\",\"description\":\"Du. Jag. Vi. Kest&auml;v&auml;sti optimisti\",\"potentialAction\":[{\"@type\":\"SearchAction\",\"target\":{\"@type\":\"EntryPoint\",\"urlTemplate\":\"https:\/\/andersadlercreutz.fi\/blog\/?s={search_term_string}\"},\"query-input\":\"required name=search_term_string\"}],\"inLanguage\":\"sv-SE\"},{\"@type\":\"Person\",\"@id\":\"https:\/\/andersadlercreutz.fi\/blog\/#\/schema\/person\/47d4b72eded862b484f74bb4b3a2354f\",\"name\":\"Anders\",\"image\":{\"@type\":\"ImageObject\",\"inLanguage\":\"sv-SE\",\"@id\":\"https:\/\/andersadlercreutz.fi\/blog\/#\/schema\/person\/image\/\",\"url\":\"https:\/\/secure.gravatar.com\/avatar\/a144c9bda7a581ff6fabba169027e620?s=96&d=mm&r=g\",\"contentUrl\":\"https:\/\/secure.gravatar.com\/avatar\/a144c9bda7a581ff6fabba169027e620?s=96&d=mm&r=g\",\"caption\":\"Anders\"},\"url\":\"https:\/\/andersadlercreutz.fi\/blog\/author\/admin\/\"}]}<\/script>\n<!-- \/ Yoast SEO plugin. -->","yoast_head_json":{"title":"SFP:s\u00a0nyl\u00e4ndska riksdagsledam\u00f6ter: Mycket olyckligt om Lovisa blir utan t\u00e5gf\u00f6rbindelse - Anders Adlercreutz","robots":{"index":"index","follow":"follow","max-snippet":"max-snippet:-1","max-image-preview":"max-image-preview:large","max-video-preview":"max-video-preview:-1"},"canonical":"https:\/\/andersadlercreutz.fi\/blog\/pressmeddelande\/sfps-nylandska-riksdagsledamoter-mycket-olyckligt-om-lovisa-blir-utan-tagforbindelse\/","og_locale":"sv_SE","og_type":"article","og_title":"SFP:s\u00a0nyl\u00e4ndska riksdagsledam\u00f6ter: Mycket olyckligt om Lovisa blir utan t\u00e5gf\u00f6rbindelse - Anders Adlercreutz","og_description":"Kommunikationsministeriet meddelade ig\u00e5r att planeringen g\u00e4llande t\u00e5gf\u00f6rbindelsen \u00f6sterut fr\u00e5n Helsingfors kommer att g\u00e5 vidare enligt planen f\u00f6r\u00a0\u00d6stbanan, d\u00e4r rutten g\u00e5r via Borg\u00e5 till Kouvola. Det inneb\u00e4r att Lovisa skulle bli utan t\u00e5gf\u00f6rbindelse.\u00a0SFP:s\u00a0nyl\u00e4ndska riksdagsledam\u00f6ter Anders Adlercreutz och Veronica Rehn-Kivi \u00e4r besvikna \u00f6ver beslutet.\u00a0 \u2013\u00a0Rutten f\u00f6r den\u00a0\u00f6stra\u00a0kustbanan skulle ha g\u00e5tt via Borg\u00e5 till Lovisa och vidare mot [&hellip;]","og_url":"https:\/\/andersadlercreutz.fi\/blog\/pressmeddelande\/sfps-nylandska-riksdagsledamoter-mycket-olyckligt-om-lovisa-blir-utan-tagforbindelse\/","og_site_name":"Anders Adlercreutz","article_published_time":"2020-10-01T14:22:58+00:00","og_image":[{"width":1800,"height":1227,"url":"https:\/\/i0.wp.com\/andersadlercreutz.fi\/blog\/wp-content\/uploads\/2018\/01\/Anders-RD012018-5.jpg?fit=1800%2C1227&ssl=1","type":"image\/jpeg"}],"author":"Anders","twitter_card":"summary_large_image","twitter_misc":{"Skriven av":"Anders","Ber\u00e4knad l\u00e4stid":"1 minut"},"schema":{"@context":"https:\/\/schema.org","@graph":[{"@type":"WebPage","@id":"https:\/\/andersadlercreutz.fi\/blog\/pressmeddelande\/sfps-nylandska-riksdagsledamoter-mycket-olyckligt-om-lovisa-blir-utan-tagforbindelse\/","url":"https:\/\/andersadlercreutz.fi\/blog\/pressmeddelande\/sfps-nylandska-riksdagsledamoter-mycket-olyckligt-om-lovisa-blir-utan-tagforbindelse\/","name":"SFP:s\u00a0nyl\u00e4ndska riksdagsledam\u00f6ter: Mycket olyckligt om Lovisa blir utan t\u00e5gf\u00f6rbindelse - Anders Adlercreutz","isPartOf":{"@id":"https:\/\/andersadlercreutz.fi\/blog\/#website"},"datePublished":"2020-10-01T14:22:58+00:00","dateModified":"2020-10-01T14:22:58+00:00","author":{"@id":"https:\/\/andersadlercreutz.fi\/blog\/#\/schema\/person\/47d4b72eded862b484f74bb4b3a2354f"},"breadcrumb":{"@id":"https:\/\/andersadlercreutz.fi\/blog\/pressmeddelande\/sfps-nylandska-riksdagsledamoter-mycket-olyckligt-om-lovisa-blir-utan-tagforbindelse\/#breadcrumb"},"inLanguage":"sv-SE","potentialAction":[{"@type":"ReadAction","target":["https:\/\/andersadlercreutz.fi\/blog\/pressmeddelande\/sfps-nylandska-riksdagsledamoter-mycket-olyckligt-om-lovisa-blir-utan-tagforbindelse\/"]}]},{"@type":"BreadcrumbList","@id":"https:\/\/andersadlercreutz.fi\/blog\/pressmeddelande\/sfps-nylandska-riksdagsledamoter-mycket-olyckligt-om-lovisa-blir-utan-tagforbindelse\/#breadcrumb","itemListElement":[{"@type":"ListItem","position":1,"name":"Home","item":"https:\/\/andersadlercreutz.fi\/blog\/blogg\/?lang=sv"},{"@type":"ListItem","position":2,"name":"SFP:s\u00a0nyl\u00e4ndska riksdagsledam\u00f6ter: Mycket olyckligt om Lovisa blir utan t\u00e5gf\u00f6rbindelse"}]},{"@type":"WebSite","@id":"https:\/\/andersadlercreutz.fi\/blog\/#website","url":"https:\/\/andersadlercreutz.fi\/blog\/","name":"Anders Adlercreutz","description":"Du. Jag. Vi. Kest&auml;v&auml;sti optimisti","potentialAction":[{"@type":"SearchAction","target":{"@type":"EntryPoint","urlTemplate":"https:\/\/andersadlercreutz.fi\/blog\/?s={search_term_string}"},"query-input":"required name=search_term_string"}],"inLanguage":"sv-SE"},{"@type":"Person","@id":"https:\/\/andersadlercreutz.fi\/blog\/#\/schema\/person\/47d4b72eded862b484f74bb4b3a2354f","name":"Anders","image":{"@type":"ImageObject","inLanguage":"sv-SE","@id":"https:\/\/andersadlercreutz.fi\/blog\/#\/schema\/person\/image\/","url":"https:\/\/secure.gravatar.com\/avatar\/a144c9bda7a581ff6fabba169027e620?s=96&d=mm&r=g","contentUrl":"https:\/\/secure.gravatar.com\/avatar\/a144c9bda7a581ff6fabba169027e620?s=96&d=mm&r=g","caption":"Anders"},"url":"https:\/\/andersadlercreutz.fi\/blog\/author\/admin\/"}]}},"jetpack_featured_media_url":"https:\/\/i0.wp.com\/andersadlercreutz.fi\/blog\/wp-content\/uploads\/2018\/01\/Anders-RD012018-5.jpg?fit=1800%2C1227&ssl=1","jetpack_shortlink":"https:\/\/wp.me\/p4T6Dh-1Ig","jetpack_sharing_enabled":true,"_links":{"self":[{"href":"https:\/\/andersadlercreutz.fi\/blog\/wp-json\/wp\/v2\/posts\/6588"}],"collection":[{"href":"https:\/\/andersadlercreutz.fi\/blog\/wp-json\/wp\/v2\/posts"}],"about":[{"href":"https:\/\/andersadlercreutz.fi\/blog\/wp-json\/wp\/v2\/types\/post"}],"author":[{"embeddable":true,"href":"https:\/\/andersadlercreutz.fi\/blog\/wp-json\/wp\/v2\/users\/1"}],"replies":[{"embeddable":true,"href":"https:\/\/andersadlercreutz.fi\/blog\/wp-json\/wp\/v2\/comments?post=6588"}],"version-history":[{"count":1,"href":"https:\/\/andersadlercreutz.fi\/blog\/wp-json\/wp\/v2\/posts\/6588\/revisions"}],"predecessor-version":[{"id":6589,"href":"https:\/\/andersadlercreutz.fi\/blog\/wp-json\/wp\/v2\/posts\/6588\/revisions\/6589"}],"wp:featuredmedia":[{"embeddable":true,"href":"https:\/\/andersadlercreutz.fi\/blog\/wp-json\/wp\/v2\/media\/5207"}],"wp:attachment":[{"href":"https:\/\/andersadlercreutz.fi\/blog\/wp-json\/wp\/v2\/media?parent=6588"}],"wp:term":[{"taxonomy":"category","embeddable":true,"href":"https:\/\/andersadlercreutz.fi\/blog\/wp-json\/wp\/v2\/categories?post=6588"},{"taxonomy":"post_tag","embeddable":true,"href":"https:\/\/andersadlercreutz.fi\/blog\/wp-json\/wp\/v2\/tags?post=6588"}],"curies":[{"name":"wp","href":"https:\/\/api.w.org\/{rel}","templated":true}]}}