{"id":6720,"date":"2020-12-11T11:09:04","date_gmt":"2020-12-11T09:09:04","guid":{"rendered":"http:\/\/andersadlercreutz.fi\/blog\/?p=6720"},"modified":"2020-12-11T11:09:04","modified_gmt":"2020-12-11T09:09:04","slug":"adlercreutz-och-rehn-kivi-nojda-med-finansutskottets-extra-anslag-viktiga-trafikleder-stod-for-unga-foretagare-och-yrkesfiskare-finns-med-pa-listan","status":"publish","type":"post","link":"https:\/\/andersadlercreutz.fi\/blog\/pressmeddelande\/adlercreutz-och-rehn-kivi-nojda-med-finansutskottets-extra-anslag-viktiga-trafikleder-stod-for-unga-foretagare-och-yrkesfiskare-finns-med-pa-listan\/","title":{"rendered":"Adlercreutz och Rehn-Kivi n\u00f6jda med finansutskottets extra anslag: Viktiga trafikleder, st\u00f6d f\u00f6r unga f\u00f6retagare och yrkesfiskare finns med p\u00e5 listan"},"content":{"rendered":"<p>Viktiga trafikprojekt i Nyland och \u00d6sterbotten avancerar. Det blev klart p\u00e5 fredagen d\u00e5 riksdagens finansutskott godk\u00e4nde listan p\u00e5 de projekt som f\u00e5r medel fr\u00e5n den extra pott p\u00e5 cirka 40 miljoner som finansutskottet f\u00f6rdelar.<\/p>\n<p>I Nyland f\u00f6rb\u00e4ttras Fagerviksv\u00e4gen, riksv\u00e4g 51 ska f\u00e5 belysning p\u00e5 str\u00e4ckan Ing\u00e5-Karis och cirka 40\u201350 kilometer cykelv\u00e4gar i Helsingforsregionen ska f\u00e5 ny bel\u00e4ggning. I \u00d6sterbotten f\u00e5r Vasa hamnv\u00e4g planeringsanslag och en helt ny l\u00e4ttrafikled byggs i Kronoby.<\/p>\n<p>V\u00e4rldsnaturarvet vid Kvarken f\u00e5r anslag f\u00f6r att bygga ut vandringsleder.<\/p>\n<p>\u2013\u00a0 Det h\u00e4r \u00e4r alla v\u00e4rdefulla lokala projekt som nu f\u00e5s ig\u00e5ng, s\u00e4ger riksdagsledam\u00f6terna <strong>Anders Adlercreutz <\/strong>och <strong>Veronica Rehn-Kivi<\/strong> som har varit SFP:s f\u00f6rhandlare i finansutskottet.<\/p>\n<p>SFP har arbetat f\u00f6r att flera organisationer ska f\u00e5 till\u00e4ggsanslag. Kvinnoorganisationernas anslag h\u00f6js till samma niv\u00e5 som i \u00e5r. Anslag beviljas \u00e4ven f\u00f6r organisationen f\u00f6r exportfr\u00e4mjande, Viexpo och Finsk-svenska handelskammaren.<\/p>\n<p>Yrkesfiskarnas f\u00f6rbund f\u00e5r sitt anslag f\u00f6rdubblat. Restaureringen av museiskeppet Vega i Jakobstad f\u00e5r ett lika stort anslag som ifjol. Inom lantbruket st\u00f6ds 4H-verksamheten. Ocks\u00e5 f\u00f6retagarfostran f\u00f6r unga f\u00e5r st\u00f6d.<\/p>\n<p>\u2013 Tanken med den h\u00e4r processen i finansutskottet \u00e4r att hitta enstaka strategiskt \u00f6mma punkter som skulle vinna p\u00e5 extra satsningar. Exempelvis med de h\u00e4r k\u00e4nnbara v\u00e4gsatsningarna i v\u00e4stra Nyland tror vi att hela regionen kan f\u00e5 ett lyft. Samtidigt kan vi forts\u00e4tta st\u00f6dja exportsatsningar framf\u00f6r allt till Sverige, s\u00e4ger Anders Adlercreutz.<\/p>\n<p>Rehn-Kivi lyfter fram arbetet f\u00f6r att bek\u00e4mpa familjev\u00e5ld och v\u00e5ld mot kvinnor i enlighet med Istanbul-avtalet.<\/p>\n<p>\u2013 Ocks\u00e5 befr\u00e4mjandet av \u00e5tg\u00e4rdsprogrammet att f\u00f6rhindra k\u00f6nsstympning av flickor och kvinnor uppm\u00e4rksammas i budgeten med ett till\u00e4ggsanslag p\u00e5 100 000 euro, vilket \u00e4r mycket v\u00e4lkommet, s\u00e4ger hon.<\/p>\n<p>Riksdagens finansutskott presenterar sitt budgetbet\u00e4nkande p\u00e5 en presskonferens idag kl. 12 som streamas p\u00e5 riksdagens hemsidor.<\/p>\n","protected":false},"excerpt":{"rendered":"<p>Viktiga trafikprojekt i Nyland och \u00d6sterbotten avancerar. Det blev klart p\u00e5 fredagen d\u00e5 riksdagens finansutskott godk\u00e4nde listan p\u00e5 de projekt som f\u00e5r medel fr\u00e5n den extra pott p\u00e5 cirka 40 miljoner som finansutskottet f\u00f6rdelar. I Nyland f\u00f6rb\u00e4ttras Fagerviksv\u00e4gen, riksv\u00e4g 51 ska f\u00e5 belysning p\u00e5 str\u00e4ckan Ing\u00e5-Karis och cirka 40\u201350 kilometer cykelv\u00e4gar i Helsingforsregionen ska f\u00e5 [&hellip;]<\/p>\n","protected":false},"author":1,"featured_media":6681,"comment_status":"open","ping_status":"open","sticky":false,"template":"","format":"standard","meta":{"jetpack_post_was_ever_published":false,"_jetpack_newsletter_access":"","jetpack_publicize_message":"","jetpack_is_tweetstorm":false,"jetpack_publicize_feature_enabled":true,"jetpack_social_post_already_shared":true,"jetpack_social_options":{"image_generator_settings":{"template":"highway","enabled":false}}},"categories":[31,72,64],"tags":[],"jetpack_publicize_connections":[],"yoast_head":"<!-- This site is optimized with the Yoast SEO plugin v20.12 - https:\/\/yoast.com\/wordpress\/plugins\/seo\/ -->\n<title>Adlercreutz och Rehn-Kivi n\u00f6jda med finansutskottets extra anslag: Viktiga trafikleder, st\u00f6d f\u00f6r unga f\u00f6retagare och yrkesfiskare finns med p\u00e5 listan - Anders Adlercreutz<\/title>\n<meta name=\"robots\" content=\"index, follow, max-snippet:-1, max-image-preview:large, max-video-preview:-1\" \/>\n<link rel=\"canonical\" href=\"https:\/\/andersadlercreutz.fi\/blog\/pressmeddelande\/adlercreutz-och-rehn-kivi-nojda-med-finansutskottets-extra-anslag-viktiga-trafikleder-stod-for-unga-foretagare-och-yrkesfiskare-finns-med-pa-listan\/\" \/>\n<meta property=\"og:locale\" content=\"sv_SE\" \/>\n<meta property=\"og:type\" content=\"article\" \/>\n<meta property=\"og:title\" content=\"Adlercreutz och Rehn-Kivi n\u00f6jda med finansutskottets extra anslag: Viktiga trafikleder, st\u00f6d f\u00f6r unga f\u00f6retagare och yrkesfiskare finns med p\u00e5 listan - Anders Adlercreutz\" \/>\n<meta property=\"og:description\" content=\"Viktiga trafikprojekt i Nyland och \u00d6sterbotten avancerar. Det blev klart p\u00e5 fredagen d\u00e5 riksdagens finansutskott godk\u00e4nde listan p\u00e5 de projekt som f\u00e5r medel fr\u00e5n den extra pott p\u00e5 cirka 40 miljoner som finansutskottet f\u00f6rdelar. I Nyland f\u00f6rb\u00e4ttras Fagerviksv\u00e4gen, riksv\u00e4g 51 ska f\u00e5 belysning p\u00e5 str\u00e4ckan Ing\u00e5-Karis och cirka 40\u201350 kilometer cykelv\u00e4gar i Helsingforsregionen ska f\u00e5 [&hellip;]\" \/>\n<meta property=\"og:url\" content=\"https:\/\/andersadlercreutz.fi\/blog\/pressmeddelande\/adlercreutz-och-rehn-kivi-nojda-med-finansutskottets-extra-anslag-viktiga-trafikleder-stod-for-unga-foretagare-och-yrkesfiskare-finns-med-pa-listan\/\" \/>\n<meta property=\"og:site_name\" content=\"Anders Adlercreutz\" \/>\n<meta property=\"article:published_time\" content=\"2020-12-11T09:09:04+00:00\" \/>\n<meta property=\"og:image\" content=\"https:\/\/i0.wp.com\/andersadlercreutz.fi\/blog\/wp-content\/uploads\/2020\/11\/781A6580.jpg?fit=1200%2C600&ssl=1\" \/>\n\t<meta property=\"og:image:width\" content=\"1200\" \/>\n\t<meta property=\"og:image:height\" content=\"600\" \/>\n\t<meta property=\"og:image:type\" content=\"image\/jpeg\" \/>\n<meta name=\"author\" content=\"Anders\" \/>\n<meta name=\"twitter:card\" content=\"summary_large_image\" \/>\n<meta name=\"twitter:label1\" content=\"Skriven av\" \/>\n\t<meta name=\"twitter:data1\" content=\"Anders\" \/>\n\t<meta name=\"twitter:label2\" content=\"Ber\u00e4knad l\u00e4stid\" \/>\n\t<meta name=\"twitter:data2\" content=\"2 minuter\" \/>\n<script type=\"application\/ld+json\" class=\"yoast-schema-graph\">{\"@context\":\"https:\/\/schema.org\",\"@graph\":[{\"@type\":\"WebPage\",\"@id\":\"https:\/\/andersadlercreutz.fi\/blog\/pressmeddelande\/adlercreutz-och-rehn-kivi-nojda-med-finansutskottets-extra-anslag-viktiga-trafikleder-stod-for-unga-foretagare-och-yrkesfiskare-finns-med-pa-listan\/\",\"url\":\"https:\/\/andersadlercreutz.fi\/blog\/pressmeddelande\/adlercreutz-och-rehn-kivi-nojda-med-finansutskottets-extra-anslag-viktiga-trafikleder-stod-for-unga-foretagare-och-yrkesfiskare-finns-med-pa-listan\/\",\"name\":\"Adlercreutz och Rehn-Kivi n\u00f6jda med finansutskottets extra anslag: Viktiga trafikleder, st\u00f6d f\u00f6r unga f\u00f6retagare och yrkesfiskare finns med p\u00e5 listan - Anders Adlercreutz\",\"isPartOf\":{\"@id\":\"https:\/\/andersadlercreutz.fi\/blog\/#website\"},\"datePublished\":\"2020-12-11T09:09:04+00:00\",\"dateModified\":\"2020-12-11T09:09:04+00:00\",\"author\":{\"@id\":\"https:\/\/andersadlercreutz.fi\/blog\/#\/schema\/person\/47d4b72eded862b484f74bb4b3a2354f\"},\"breadcrumb\":{\"@id\":\"https:\/\/andersadlercreutz.fi\/blog\/pressmeddelande\/adlercreutz-och-rehn-kivi-nojda-med-finansutskottets-extra-anslag-viktiga-trafikleder-stod-for-unga-foretagare-och-yrkesfiskare-finns-med-pa-listan\/#breadcrumb\"},\"inLanguage\":\"sv-SE\",\"potentialAction\":[{\"@type\":\"ReadAction\",\"target\":[\"https:\/\/andersadlercreutz.fi\/blog\/pressmeddelande\/adlercreutz-och-rehn-kivi-nojda-med-finansutskottets-extra-anslag-viktiga-trafikleder-stod-for-unga-foretagare-och-yrkesfiskare-finns-med-pa-listan\/\"]}]},{\"@type\":\"BreadcrumbList\",\"@id\":\"https:\/\/andersadlercreutz.fi\/blog\/pressmeddelande\/adlercreutz-och-rehn-kivi-nojda-med-finansutskottets-extra-anslag-viktiga-trafikleder-stod-for-unga-foretagare-och-yrkesfiskare-finns-med-pa-listan\/#breadcrumb\",\"itemListElement\":[{\"@type\":\"ListItem\",\"position\":1,\"name\":\"Home\",\"item\":\"https:\/\/andersadlercreutz.fi\/blog\/blogg\/?lang=sv\"},{\"@type\":\"ListItem\",\"position\":2,\"name\":\"Adlercreutz och Rehn-Kivi n\u00f6jda med finansutskottets extra anslag: Viktiga trafikleder, st\u00f6d f\u00f6r unga f\u00f6retagare och yrkesfiskare finns med p\u00e5 listan\"}]},{\"@type\":\"WebSite\",\"@id\":\"https:\/\/andersadlercreutz.fi\/blog\/#website\",\"url\":\"https:\/\/andersadlercreutz.fi\/blog\/\",\"name\":\"Anders Adlercreutz\",\"description\":\"Du. Jag. Vi. Kest&auml;v&auml;sti optimisti\",\"potentialAction\":[{\"@type\":\"SearchAction\",\"target\":{\"@type\":\"EntryPoint\",\"urlTemplate\":\"https:\/\/andersadlercreutz.fi\/blog\/?s={search_term_string}\"},\"query-input\":\"required name=search_term_string\"}],\"inLanguage\":\"sv-SE\"},{\"@type\":\"Person\",\"@id\":\"https:\/\/andersadlercreutz.fi\/blog\/#\/schema\/person\/47d4b72eded862b484f74bb4b3a2354f\",\"name\":\"Anders\",\"image\":{\"@type\":\"ImageObject\",\"inLanguage\":\"sv-SE\",\"@id\":\"https:\/\/andersadlercreutz.fi\/blog\/#\/schema\/person\/image\/\",\"url\":\"https:\/\/secure.gravatar.com\/avatar\/a144c9bda7a581ff6fabba169027e620?s=96&d=mm&r=g\",\"contentUrl\":\"https:\/\/secure.gravatar.com\/avatar\/a144c9bda7a581ff6fabba169027e620?s=96&d=mm&r=g\",\"caption\":\"Anders\"},\"url\":\"https:\/\/andersadlercreutz.fi\/blog\/author\/admin\/\"}]}<\/script>\n<!-- \/ Yoast SEO plugin. -->","yoast_head_json":{"title":"Adlercreutz och Rehn-Kivi n\u00f6jda med finansutskottets extra anslag: Viktiga trafikleder, st\u00f6d f\u00f6r unga f\u00f6retagare och yrkesfiskare finns med p\u00e5 listan - Anders Adlercreutz","robots":{"index":"index","follow":"follow","max-snippet":"max-snippet:-1","max-image-preview":"max-image-preview:large","max-video-preview":"max-video-preview:-1"},"canonical":"https:\/\/andersadlercreutz.fi\/blog\/pressmeddelande\/adlercreutz-och-rehn-kivi-nojda-med-finansutskottets-extra-anslag-viktiga-trafikleder-stod-for-unga-foretagare-och-yrkesfiskare-finns-med-pa-listan\/","og_locale":"sv_SE","og_type":"article","og_title":"Adlercreutz och Rehn-Kivi n\u00f6jda med finansutskottets extra anslag: Viktiga trafikleder, st\u00f6d f\u00f6r unga f\u00f6retagare och yrkesfiskare finns med p\u00e5 listan - Anders Adlercreutz","og_description":"Viktiga trafikprojekt i Nyland och \u00d6sterbotten avancerar. Det blev klart p\u00e5 fredagen d\u00e5 riksdagens finansutskott godk\u00e4nde listan p\u00e5 de projekt som f\u00e5r medel fr\u00e5n den extra pott p\u00e5 cirka 40 miljoner som finansutskottet f\u00f6rdelar. I Nyland f\u00f6rb\u00e4ttras Fagerviksv\u00e4gen, riksv\u00e4g 51 ska f\u00e5 belysning p\u00e5 str\u00e4ckan Ing\u00e5-Karis och cirka 40\u201350 kilometer cykelv\u00e4gar i Helsingforsregionen ska f\u00e5 [&hellip;]","og_url":"https:\/\/andersadlercreutz.fi\/blog\/pressmeddelande\/adlercreutz-och-rehn-kivi-nojda-med-finansutskottets-extra-anslag-viktiga-trafikleder-stod-for-unga-foretagare-och-yrkesfiskare-finns-med-pa-listan\/","og_site_name":"Anders Adlercreutz","article_published_time":"2020-12-11T09:09:04+00:00","og_image":[{"width":1200,"height":600,"url":"https:\/\/i0.wp.com\/andersadlercreutz.fi\/blog\/wp-content\/uploads\/2020\/11\/781A6580.jpg?fit=1200%2C600&ssl=1","type":"image\/jpeg"}],"author":"Anders","twitter_card":"summary_large_image","twitter_misc":{"Skriven av":"Anders","Ber\u00e4knad l\u00e4stid":"2 minuter"},"schema":{"@context":"https:\/\/schema.org","@graph":[{"@type":"WebPage","@id":"https:\/\/andersadlercreutz.fi\/blog\/pressmeddelande\/adlercreutz-och-rehn-kivi-nojda-med-finansutskottets-extra-anslag-viktiga-trafikleder-stod-for-unga-foretagare-och-yrkesfiskare-finns-med-pa-listan\/","url":"https:\/\/andersadlercreutz.fi\/blog\/pressmeddelande\/adlercreutz-och-rehn-kivi-nojda-med-finansutskottets-extra-anslag-viktiga-trafikleder-stod-for-unga-foretagare-och-yrkesfiskare-finns-med-pa-listan\/","name":"Adlercreutz och Rehn-Kivi n\u00f6jda med finansutskottets extra anslag: Viktiga trafikleder, st\u00f6d f\u00f6r unga f\u00f6retagare och yrkesfiskare finns med p\u00e5 listan - Anders Adlercreutz","isPartOf":{"@id":"https:\/\/andersadlercreutz.fi\/blog\/#website"},"datePublished":"2020-12-11T09:09:04+00:00","dateModified":"2020-12-11T09:09:04+00:00","author":{"@id":"https:\/\/andersadlercreutz.fi\/blog\/#\/schema\/person\/47d4b72eded862b484f74bb4b3a2354f"},"breadcrumb":{"@id":"https:\/\/andersadlercreutz.fi\/blog\/pressmeddelande\/adlercreutz-och-rehn-kivi-nojda-med-finansutskottets-extra-anslag-viktiga-trafikleder-stod-for-unga-foretagare-och-yrkesfiskare-finns-med-pa-listan\/#breadcrumb"},"inLanguage":"sv-SE","potentialAction":[{"@type":"ReadAction","target":["https:\/\/andersadlercreutz.fi\/blog\/pressmeddelande\/adlercreutz-och-rehn-kivi-nojda-med-finansutskottets-extra-anslag-viktiga-trafikleder-stod-for-unga-foretagare-och-yrkesfiskare-finns-med-pa-listan\/"]}]},{"@type":"BreadcrumbList","@id":"https:\/\/andersadlercreutz.fi\/blog\/pressmeddelande\/adlercreutz-och-rehn-kivi-nojda-med-finansutskottets-extra-anslag-viktiga-trafikleder-stod-for-unga-foretagare-och-yrkesfiskare-finns-med-pa-listan\/#breadcrumb","itemListElement":[{"@type":"ListItem","position":1,"name":"Home","item":"https:\/\/andersadlercreutz.fi\/blog\/blogg\/?lang=sv"},{"@type":"ListItem","position":2,"name":"Adlercreutz och Rehn-Kivi n\u00f6jda med finansutskottets extra anslag: Viktiga trafikleder, st\u00f6d f\u00f6r unga f\u00f6retagare och yrkesfiskare finns med p\u00e5 listan"}]},{"@type":"WebSite","@id":"https:\/\/andersadlercreutz.fi\/blog\/#website","url":"https:\/\/andersadlercreutz.fi\/blog\/","name":"Anders Adlercreutz","description":"Du. Jag. Vi. Kest&auml;v&auml;sti optimisti","potentialAction":[{"@type":"SearchAction","target":{"@type":"EntryPoint","urlTemplate":"https:\/\/andersadlercreutz.fi\/blog\/?s={search_term_string}"},"query-input":"required name=search_term_string"}],"inLanguage":"sv-SE"},{"@type":"Person","@id":"https:\/\/andersadlercreutz.fi\/blog\/#\/schema\/person\/47d4b72eded862b484f74bb4b3a2354f","name":"Anders","image":{"@type":"ImageObject","inLanguage":"sv-SE","@id":"https:\/\/andersadlercreutz.fi\/blog\/#\/schema\/person\/image\/","url":"https:\/\/secure.gravatar.com\/avatar\/a144c9bda7a581ff6fabba169027e620?s=96&d=mm&r=g","contentUrl":"https:\/\/secure.gravatar.com\/avatar\/a144c9bda7a581ff6fabba169027e620?s=96&d=mm&r=g","caption":"Anders"},"url":"https:\/\/andersadlercreutz.fi\/blog\/author\/admin\/"}]}},"jetpack_featured_media_url":"https:\/\/i0.wp.com\/andersadlercreutz.fi\/blog\/wp-content\/uploads\/2020\/11\/781A6580.jpg?fit=1200%2C600&ssl=1","jetpack_shortlink":"https:\/\/wp.me\/p4T6Dh-1Ko","jetpack_sharing_enabled":true,"_links":{"self":[{"href":"https:\/\/andersadlercreutz.fi\/blog\/wp-json\/wp\/v2\/posts\/6720"}],"collection":[{"href":"https:\/\/andersadlercreutz.fi\/blog\/wp-json\/wp\/v2\/posts"}],"about":[{"href":"https:\/\/andersadlercreutz.fi\/blog\/wp-json\/wp\/v2\/types\/post"}],"author":[{"embeddable":true,"href":"https:\/\/andersadlercreutz.fi\/blog\/wp-json\/wp\/v2\/users\/1"}],"replies":[{"embeddable":true,"href":"https:\/\/andersadlercreutz.fi\/blog\/wp-json\/wp\/v2\/comments?post=6720"}],"version-history":[{"count":1,"href":"https:\/\/andersadlercreutz.fi\/blog\/wp-json\/wp\/v2\/posts\/6720\/revisions"}],"predecessor-version":[{"id":6721,"href":"https:\/\/andersadlercreutz.fi\/blog\/wp-json\/wp\/v2\/posts\/6720\/revisions\/6721"}],"wp:featuredmedia":[{"embeddable":true,"href":"https:\/\/andersadlercreutz.fi\/blog\/wp-json\/wp\/v2\/media\/6681"}],"wp:attachment":[{"href":"https:\/\/andersadlercreutz.fi\/blog\/wp-json\/wp\/v2\/media?parent=6720"}],"wp:term":[{"taxonomy":"category","embeddable":true,"href":"https:\/\/andersadlercreutz.fi\/blog\/wp-json\/wp\/v2\/categories?post=6720"},{"taxonomy":"post_tag","embeddable":true,"href":"https:\/\/andersadlercreutz.fi\/blog\/wp-json\/wp\/v2\/tags?post=6720"}],"curies":[{"name":"wp","href":"https:\/\/api.w.org\/{rel}","templated":true}]}}