{"id":6811,"date":"2021-02-08T11:21:08","date_gmt":"2021-02-08T09:21:08","guid":{"rendered":"http:\/\/andersadlercreutz.fi\/blog\/?p=6811"},"modified":"2021-02-08T11:21:08","modified_gmt":"2021-02-08T09:21:08","slug":"adlercreutz-valkomnar-ny-professur-i-agarskap-synsattet-pa-agande-ar-i-radikal-forandring","status":"publish","type":"post","link":"https:\/\/andersadlercreutz.fi\/blog\/pressmeddelande\/adlercreutz-valkomnar-ny-professur-i-agarskap-synsattet-pa-agande-ar-i-radikal-forandring\/","title":{"rendered":"Adlercreutz v\u00e4lkomnar ny professur i \u00e4garskap: Syns\u00e4ttet p\u00e5 \u00e4gande \u00e4r i radikal f\u00f6r\u00e4ndring"},"content":{"rendered":"<p>Ett starkt finl\u00e4ndskt \u00e4gande kr\u00e4ver kapital men ocks\u00e5 kunskap om samh\u00e4llet. Det handlar inte bara om att hantera kapitalet, utan i allt h\u00f6gre grad ocks\u00e5 om att hantera dess inverkan p\u00e5 samh\u00e4llet, s\u00e4ger Anders Adlercreutz, ordf\u00f6rande f\u00f6r Svenska riksdagsgruppen, om den nya professuren i \u00e4garskap som med hj\u00e4lp av privata donationer inr\u00e4ttas vid Aalto-universitetet.<\/p>\n<p>\u2013\u00a0\u00c4gandet har flera aspekter. I takt med att Milton Friedmans tes om f\u00f6retagens fr\u00e4msta syfte, aktieavkastning framf\u00f6r allt annat, minskar i v\u00e4rde stiger andra faktorer fram: \u00e4garen f\u00f6rv\u00e4ntas b\u00e4ra ett allt st\u00f6rre socialt ansvar i och med att v\u00e5ra utmaningar ocks\u00e5 globaliseras. \u00c4gandet har inte bara ett ekonomiskt avtryck utan ocks\u00e5 ett socialt och ekologiskt avtryck. Det h\u00e4r ser jag som ett viktigt forskningsomr\u00e5de f\u00f6r den kommande professuren, s\u00e4ger Adlercreutz.<\/p>\n<p>\u2013\u00a0Det \u00e4r fr\u00e5ga om en unik satsning, ocks\u00e5 i globalt h\u00e4nseende. I en allt mer global v\u00e4rld d\u00e4r kapital och f\u00f6retag byter \u00e4gare i snabb takt \u00e4r \u00e4gandets natur och i synnerhet f\u00f6retags\u00e4gandets natur i snabb f\u00f6r\u00e4ndring. Det h\u00e4r \u00e4r en professur som svarar p\u00e5 ett konkret behov.<\/p>\n<p>\u2013\u00a0I Finland har vi l\u00e4nge f\u00e5tt se hur v\u00e5ra nya f\u00f6retag ofta i ett tidigt skede k\u00f6ps upp av utl\u00e4ndska akt\u00f6rer. Det \u00e4r ett tveeggat sv\u00e4rd. Det \u00e4r alltid bra n\u00e4r finl\u00e4ndska f\u00f6retag hittar investerare, men samtidigt hoppas jag att man via denna professur kan ta fram forskning som st\u00e4rker v\u00e5ra f\u00f6retag och hj\u00e4lper dem i den internationella konkurrensen. Att den kunde hj\u00e4lpa att \u00f6ka volymen av f\u00f6retag som ser Finland som sitt l\u00e5ngsiktiga hem och oss politiker att fatta beslut som st\u00f6der denna utveckling.<\/p>\n<p>Rekryteringen har inletts och m\u00e5ls\u00e4ttningen \u00e4r att den nya professorn ska kunna p\u00e5b\u00f6rja sitt arbete senast i b\u00f6rjan av \u00e5r 2022<em>.<\/em><\/p>\n","protected":false},"excerpt":{"rendered":"<p>Ett starkt finl\u00e4ndskt \u00e4gande kr\u00e4ver kapital men ocks\u00e5 kunskap om samh\u00e4llet. Det handlar inte bara om att hantera kapitalet, utan i allt h\u00f6gre grad ocks\u00e5 om att hantera dess inverkan p\u00e5 samh\u00e4llet, s\u00e4ger Anders Adlercreutz, ordf\u00f6rande f\u00f6r Svenska riksdagsgruppen, om den nya professuren i \u00e4garskap som med hj\u00e4lp av privata donationer inr\u00e4ttas vid Aalto-universitetet. \u2013\u00a0\u00c4gandet [&hellip;]<\/p>\n","protected":false},"author":1,"featured_media":6753,"comment_status":"open","ping_status":"open","sticky":false,"template":"","format":"standard","meta":{"jetpack_post_was_ever_published":false,"_jetpack_newsletter_access":"","jetpack_publicize_message":"","jetpack_is_tweetstorm":false,"jetpack_publicize_feature_enabled":true,"jetpack_social_post_already_shared":true,"jetpack_social_options":{"image_generator_settings":{"template":"highway","enabled":false}}},"categories":[105,72],"tags":[],"jetpack_publicize_connections":[],"yoast_head":"<!-- This site is optimized with the Yoast SEO plugin v20.12 - https:\/\/yoast.com\/wordpress\/plugins\/seo\/ -->\n<title>Adlercreutz v\u00e4lkomnar ny professur i \u00e4garskap: Syns\u00e4ttet p\u00e5 \u00e4gande \u00e4r i radikal f\u00f6r\u00e4ndring - Anders Adlercreutz<\/title>\n<meta name=\"robots\" content=\"index, follow, max-snippet:-1, max-image-preview:large, max-video-preview:-1\" \/>\n<link rel=\"canonical\" href=\"https:\/\/andersadlercreutz.fi\/blog\/pressmeddelande\/adlercreutz-valkomnar-ny-professur-i-agarskap-synsattet-pa-agande-ar-i-radikal-forandring\/\" \/>\n<meta property=\"og:locale\" content=\"sv_SE\" \/>\n<meta property=\"og:type\" content=\"article\" \/>\n<meta property=\"og:title\" content=\"Adlercreutz v\u00e4lkomnar ny professur i \u00e4garskap: Syns\u00e4ttet p\u00e5 \u00e4gande \u00e4r i radikal f\u00f6r\u00e4ndring - Anders Adlercreutz\" \/>\n<meta property=\"og:description\" content=\"Ett starkt finl\u00e4ndskt \u00e4gande kr\u00e4ver kapital men ocks\u00e5 kunskap om samh\u00e4llet. Det handlar inte bara om att hantera kapitalet, utan i allt h\u00f6gre grad ocks\u00e5 om att hantera dess inverkan p\u00e5 samh\u00e4llet, s\u00e4ger Anders Adlercreutz, ordf\u00f6rande f\u00f6r Svenska riksdagsgruppen, om den nya professuren i \u00e4garskap som med hj\u00e4lp av privata donationer inr\u00e4ttas vid Aalto-universitetet. \u2013\u00a0\u00c4gandet [&hellip;]\" \/>\n<meta property=\"og:url\" content=\"https:\/\/andersadlercreutz.fi\/blog\/pressmeddelande\/adlercreutz-valkomnar-ny-professur-i-agarskap-synsattet-pa-agande-ar-i-radikal-forandring\/\" \/>\n<meta property=\"og:site_name\" content=\"Anders Adlercreutz\" \/>\n<meta property=\"article:published_time\" content=\"2021-02-08T09:21:08+00:00\" \/>\n<meta property=\"og:image\" content=\"https:\/\/i0.wp.com\/andersadlercreutz.fi\/blog\/wp-content\/uploads\/2020\/12\/781A6339.jpg?fit=1440%2C2160&ssl=1\" \/>\n\t<meta property=\"og:image:width\" content=\"1440\" \/>\n\t<meta property=\"og:image:height\" content=\"2160\" \/>\n\t<meta property=\"og:image:type\" content=\"image\/jpeg\" \/>\n<meta name=\"author\" content=\"Anders\" \/>\n<meta name=\"twitter:card\" content=\"summary_large_image\" \/>\n<meta name=\"twitter:label1\" content=\"Skriven av\" \/>\n\t<meta name=\"twitter:data1\" content=\"Anders\" \/>\n\t<meta name=\"twitter:label2\" content=\"Ber\u00e4knad l\u00e4stid\" \/>\n\t<meta name=\"twitter:data2\" content=\"2 minuter\" \/>\n<script type=\"application\/ld+json\" class=\"yoast-schema-graph\">{\"@context\":\"https:\/\/schema.org\",\"@graph\":[{\"@type\":\"WebPage\",\"@id\":\"https:\/\/andersadlercreutz.fi\/blog\/pressmeddelande\/adlercreutz-valkomnar-ny-professur-i-agarskap-synsattet-pa-agande-ar-i-radikal-forandring\/\",\"url\":\"https:\/\/andersadlercreutz.fi\/blog\/pressmeddelande\/adlercreutz-valkomnar-ny-professur-i-agarskap-synsattet-pa-agande-ar-i-radikal-forandring\/\",\"name\":\"Adlercreutz v\u00e4lkomnar ny professur i \u00e4garskap: Syns\u00e4ttet p\u00e5 \u00e4gande \u00e4r i radikal f\u00f6r\u00e4ndring - Anders Adlercreutz\",\"isPartOf\":{\"@id\":\"https:\/\/andersadlercreutz.fi\/blog\/#website\"},\"datePublished\":\"2021-02-08T09:21:08+00:00\",\"dateModified\":\"2021-02-08T09:21:08+00:00\",\"author\":{\"@id\":\"https:\/\/andersadlercreutz.fi\/blog\/#\/schema\/person\/47d4b72eded862b484f74bb4b3a2354f\"},\"breadcrumb\":{\"@id\":\"https:\/\/andersadlercreutz.fi\/blog\/pressmeddelande\/adlercreutz-valkomnar-ny-professur-i-agarskap-synsattet-pa-agande-ar-i-radikal-forandring\/#breadcrumb\"},\"inLanguage\":\"sv-SE\",\"potentialAction\":[{\"@type\":\"ReadAction\",\"target\":[\"https:\/\/andersadlercreutz.fi\/blog\/pressmeddelande\/adlercreutz-valkomnar-ny-professur-i-agarskap-synsattet-pa-agande-ar-i-radikal-forandring\/\"]}]},{\"@type\":\"BreadcrumbList\",\"@id\":\"https:\/\/andersadlercreutz.fi\/blog\/pressmeddelande\/adlercreutz-valkomnar-ny-professur-i-agarskap-synsattet-pa-agande-ar-i-radikal-forandring\/#breadcrumb\",\"itemListElement\":[{\"@type\":\"ListItem\",\"position\":1,\"name\":\"Home\",\"item\":\"https:\/\/andersadlercreutz.fi\/blog\/blogg\/?lang=sv\"},{\"@type\":\"ListItem\",\"position\":2,\"name\":\"Adlercreutz v\u00e4lkomnar ny professur i \u00e4garskap: Syns\u00e4ttet p\u00e5 \u00e4gande \u00e4r i radikal f\u00f6r\u00e4ndring\"}]},{\"@type\":\"WebSite\",\"@id\":\"https:\/\/andersadlercreutz.fi\/blog\/#website\",\"url\":\"https:\/\/andersadlercreutz.fi\/blog\/\",\"name\":\"Anders Adlercreutz\",\"description\":\"Du. Jag. Vi. Kest&auml;v&auml;sti optimisti\",\"potentialAction\":[{\"@type\":\"SearchAction\",\"target\":{\"@type\":\"EntryPoint\",\"urlTemplate\":\"https:\/\/andersadlercreutz.fi\/blog\/?s={search_term_string}\"},\"query-input\":\"required name=search_term_string\"}],\"inLanguage\":\"sv-SE\"},{\"@type\":\"Person\",\"@id\":\"https:\/\/andersadlercreutz.fi\/blog\/#\/schema\/person\/47d4b72eded862b484f74bb4b3a2354f\",\"name\":\"Anders\",\"image\":{\"@type\":\"ImageObject\",\"inLanguage\":\"sv-SE\",\"@id\":\"https:\/\/andersadlercreutz.fi\/blog\/#\/schema\/person\/image\/\",\"url\":\"https:\/\/secure.gravatar.com\/avatar\/a144c9bda7a581ff6fabba169027e620?s=96&d=mm&r=g\",\"contentUrl\":\"https:\/\/secure.gravatar.com\/avatar\/a144c9bda7a581ff6fabba169027e620?s=96&d=mm&r=g\",\"caption\":\"Anders\"},\"url\":\"https:\/\/andersadlercreutz.fi\/blog\/author\/admin\/\"}]}<\/script>\n<!-- \/ Yoast SEO plugin. -->","yoast_head_json":{"title":"Adlercreutz v\u00e4lkomnar ny professur i \u00e4garskap: Syns\u00e4ttet p\u00e5 \u00e4gande \u00e4r i radikal f\u00f6r\u00e4ndring - Anders Adlercreutz","robots":{"index":"index","follow":"follow","max-snippet":"max-snippet:-1","max-image-preview":"max-image-preview:large","max-video-preview":"max-video-preview:-1"},"canonical":"https:\/\/andersadlercreutz.fi\/blog\/pressmeddelande\/adlercreutz-valkomnar-ny-professur-i-agarskap-synsattet-pa-agande-ar-i-radikal-forandring\/","og_locale":"sv_SE","og_type":"article","og_title":"Adlercreutz v\u00e4lkomnar ny professur i \u00e4garskap: Syns\u00e4ttet p\u00e5 \u00e4gande \u00e4r i radikal f\u00f6r\u00e4ndring - Anders Adlercreutz","og_description":"Ett starkt finl\u00e4ndskt \u00e4gande kr\u00e4ver kapital men ocks\u00e5 kunskap om samh\u00e4llet. Det handlar inte bara om att hantera kapitalet, utan i allt h\u00f6gre grad ocks\u00e5 om att hantera dess inverkan p\u00e5 samh\u00e4llet, s\u00e4ger Anders Adlercreutz, ordf\u00f6rande f\u00f6r Svenska riksdagsgruppen, om den nya professuren i \u00e4garskap som med hj\u00e4lp av privata donationer inr\u00e4ttas vid Aalto-universitetet. \u2013\u00a0\u00c4gandet [&hellip;]","og_url":"https:\/\/andersadlercreutz.fi\/blog\/pressmeddelande\/adlercreutz-valkomnar-ny-professur-i-agarskap-synsattet-pa-agande-ar-i-radikal-forandring\/","og_site_name":"Anders Adlercreutz","article_published_time":"2021-02-08T09:21:08+00:00","og_image":[{"width":1440,"height":2160,"url":"https:\/\/i0.wp.com\/andersadlercreutz.fi\/blog\/wp-content\/uploads\/2020\/12\/781A6339.jpg?fit=1440%2C2160&ssl=1","type":"image\/jpeg"}],"author":"Anders","twitter_card":"summary_large_image","twitter_misc":{"Skriven av":"Anders","Ber\u00e4knad l\u00e4stid":"2 minuter"},"schema":{"@context":"https:\/\/schema.org","@graph":[{"@type":"WebPage","@id":"https:\/\/andersadlercreutz.fi\/blog\/pressmeddelande\/adlercreutz-valkomnar-ny-professur-i-agarskap-synsattet-pa-agande-ar-i-radikal-forandring\/","url":"https:\/\/andersadlercreutz.fi\/blog\/pressmeddelande\/adlercreutz-valkomnar-ny-professur-i-agarskap-synsattet-pa-agande-ar-i-radikal-forandring\/","name":"Adlercreutz v\u00e4lkomnar ny professur i \u00e4garskap: Syns\u00e4ttet p\u00e5 \u00e4gande \u00e4r i radikal f\u00f6r\u00e4ndring - Anders Adlercreutz","isPartOf":{"@id":"https:\/\/andersadlercreutz.fi\/blog\/#website"},"datePublished":"2021-02-08T09:21:08+00:00","dateModified":"2021-02-08T09:21:08+00:00","author":{"@id":"https:\/\/andersadlercreutz.fi\/blog\/#\/schema\/person\/47d4b72eded862b484f74bb4b3a2354f"},"breadcrumb":{"@id":"https:\/\/andersadlercreutz.fi\/blog\/pressmeddelande\/adlercreutz-valkomnar-ny-professur-i-agarskap-synsattet-pa-agande-ar-i-radikal-forandring\/#breadcrumb"},"inLanguage":"sv-SE","potentialAction":[{"@type":"ReadAction","target":["https:\/\/andersadlercreutz.fi\/blog\/pressmeddelande\/adlercreutz-valkomnar-ny-professur-i-agarskap-synsattet-pa-agande-ar-i-radikal-forandring\/"]}]},{"@type":"BreadcrumbList","@id":"https:\/\/andersadlercreutz.fi\/blog\/pressmeddelande\/adlercreutz-valkomnar-ny-professur-i-agarskap-synsattet-pa-agande-ar-i-radikal-forandring\/#breadcrumb","itemListElement":[{"@type":"ListItem","position":1,"name":"Home","item":"https:\/\/andersadlercreutz.fi\/blog\/blogg\/?lang=sv"},{"@type":"ListItem","position":2,"name":"Adlercreutz v\u00e4lkomnar ny professur i \u00e4garskap: Syns\u00e4ttet p\u00e5 \u00e4gande \u00e4r i radikal f\u00f6r\u00e4ndring"}]},{"@type":"WebSite","@id":"https:\/\/andersadlercreutz.fi\/blog\/#website","url":"https:\/\/andersadlercreutz.fi\/blog\/","name":"Anders Adlercreutz","description":"Du. Jag. Vi. Kest&auml;v&auml;sti optimisti","potentialAction":[{"@type":"SearchAction","target":{"@type":"EntryPoint","urlTemplate":"https:\/\/andersadlercreutz.fi\/blog\/?s={search_term_string}"},"query-input":"required name=search_term_string"}],"inLanguage":"sv-SE"},{"@type":"Person","@id":"https:\/\/andersadlercreutz.fi\/blog\/#\/schema\/person\/47d4b72eded862b484f74bb4b3a2354f","name":"Anders","image":{"@type":"ImageObject","inLanguage":"sv-SE","@id":"https:\/\/andersadlercreutz.fi\/blog\/#\/schema\/person\/image\/","url":"https:\/\/secure.gravatar.com\/avatar\/a144c9bda7a581ff6fabba169027e620?s=96&d=mm&r=g","contentUrl":"https:\/\/secure.gravatar.com\/avatar\/a144c9bda7a581ff6fabba169027e620?s=96&d=mm&r=g","caption":"Anders"},"url":"https:\/\/andersadlercreutz.fi\/blog\/author\/admin\/"}]}},"jetpack_featured_media_url":"https:\/\/i0.wp.com\/andersadlercreutz.fi\/blog\/wp-content\/uploads\/2020\/12\/781A6339.jpg?fit=1440%2C2160&ssl=1","jetpack_shortlink":"https:\/\/wp.me\/p4T6Dh-1LR","jetpack_sharing_enabled":true,"_links":{"self":[{"href":"https:\/\/andersadlercreutz.fi\/blog\/wp-json\/wp\/v2\/posts\/6811"}],"collection":[{"href":"https:\/\/andersadlercreutz.fi\/blog\/wp-json\/wp\/v2\/posts"}],"about":[{"href":"https:\/\/andersadlercreutz.fi\/blog\/wp-json\/wp\/v2\/types\/post"}],"author":[{"embeddable":true,"href":"https:\/\/andersadlercreutz.fi\/blog\/wp-json\/wp\/v2\/users\/1"}],"replies":[{"embeddable":true,"href":"https:\/\/andersadlercreutz.fi\/blog\/wp-json\/wp\/v2\/comments?post=6811"}],"version-history":[{"count":1,"href":"https:\/\/andersadlercreutz.fi\/blog\/wp-json\/wp\/v2\/posts\/6811\/revisions"}],"predecessor-version":[{"id":6812,"href":"https:\/\/andersadlercreutz.fi\/blog\/wp-json\/wp\/v2\/posts\/6811\/revisions\/6812"}],"wp:featuredmedia":[{"embeddable":true,"href":"https:\/\/andersadlercreutz.fi\/blog\/wp-json\/wp\/v2\/media\/6753"}],"wp:attachment":[{"href":"https:\/\/andersadlercreutz.fi\/blog\/wp-json\/wp\/v2\/media?parent=6811"}],"wp:term":[{"taxonomy":"category","embeddable":true,"href":"https:\/\/andersadlercreutz.fi\/blog\/wp-json\/wp\/v2\/categories?post=6811"},{"taxonomy":"post_tag","embeddable":true,"href":"https:\/\/andersadlercreutz.fi\/blog\/wp-json\/wp\/v2\/tags?post=6811"}],"curies":[{"name":"wp","href":"https:\/\/api.w.org\/{rel}","templated":true}]}}