{"id":6828,"date":"2021-02-09T16:21:37","date_gmt":"2021-02-09T14:21:37","guid":{"rendered":"http:\/\/andersadlercreutz.fi\/blog\/?p=6828"},"modified":"2021-02-10T16:32:28","modified_gmt":"2021-02-10T14:32:28","slug":"ryhmapuheenvuoro-valtiopaivien-avauskeskustelussa-9-2-2021","status":"publish","type":"post","link":"https:\/\/andersadlercreutz.fi\/blog\/blog\/ryhmapuheenvuoro-valtiopaivien-avauskeskustelussa-9-2-2021\/?lang=fi","title":{"rendered":"Ryhm\u00e4puheenvuoro valtiop\u00e4ivien avauskeskustelussa 9.2.2021"},"content":{"rendered":"<p>\u00c4rade talman, arvoisa puhemies,<\/p>\n<p>Trivialisointi ja karrikointi on helppoa, samoin ihmisten ja ihmisryhmien lokeroiminen. Ummistamme silm\u00e4mme ja vetoamme ennakkoluuloihin ja ennakkok\u00e4sityksiin. Se on tuttua meille kaikille politiikantekij\u00f6ille. Ja vaikka tied\u00e4mme liiankin hyvin, mihin se johtaa, emme aina pysty vastustamaan kiusausta. Mutta silmien ummistaminen tosiasioilta eli todellisuudelta ei vie eteenp\u00e4in. Se johtaa ep\u00e4olennaisiin ja toisarvoisiin toimenpiteisiin todellisten ja konkreettisten sijaan.<\/p>\n<p>N\u00e4r vi inleder arbetet i \u00e5r \u00e4r det bra att se var vi st\u00e5r. Att se fakta. Vad vi har gjort och vad vi har framf\u00f6r oss. Inte vad vi tror, vad vi befarar, utan vad vi vet. Inf\u00f6r coronakrisen hade vi inget facit. Alla l\u00e4nder stod inf\u00f6r en helt ny uppgift. Ocks\u00e5 vi, ocks\u00e5 denna regering och riksdag.<\/p>\n<p>Vi har inte i dag ett slutbetyg att ta till. Men vi kan avl\u00e4gga en mellanrapport. Finland kan i dag skatta sig lycklig f\u00f6r att vara ett av de l\u00e4nder som kommer ut ur krisen med minst blessyrer. Vi har klarat oss bra enligt alla m\u00e4tare \u2014 b\u00e5de de epidemiologiska och de ekonomiska. V\u00e5r sjukv\u00e5rd har pr\u00f6vats, men h\u00e5llits ig\u00e5ng. V\u00e5r ekonomi har gungat, men klarat sig.<\/p>\n<p>Arvoisa puhemies,<\/p>\n<p>Viime vuonna tehtiin jo konkreettisia rakenteellisia uudistuksia, joiden tulokset n\u00e4kyv\u00e4t t\u00e4n\u00e4 vuonna.<\/p>\n<p>Se, ett\u00e4 jokaisella lapsella taas on subjektiivinen oikeus t\u00e4ysp\u00e4iv\u00e4iseen varhaiskasvatukseen, on iso tasa-arvokysymys. Se hy\u00f6dytt\u00e4\u00e4 kaikkia.<\/p>\n<p>Oppivelvollisuuden pident\u00e4minen on merkitt\u00e4v\u00e4 uudistus. Se on rakenteellinen koulutusuudistus, jota sek\u00e4 opettajat ett\u00e4 ekonomistit kannattavat \u2014 jo se itsess\u00e4\u00e4n on harvinaista. Se on satsaus nuoriin.<\/p>\n<p>Syksyll\u00e4 p\u00e4\u00e4tettiin monista konkreettisista ty\u00f6llisyytt\u00e4 parantavista toimenpiteist\u00e4, jotka pysyv\u00e4ll\u00e4 tavalla viev\u00e4t ty\u00f6markkinoiden tasapainoa my\u00f6nteiseen suuntaan. El\u00e4keputki lakkautetaan ja samalla yli 55-vuotiaita kannustetaan ja tuetaan aktiivisuuteen ty\u00f6markkinoilla ja jaksamiseen ty\u00f6el\u00e4m\u00e4ss\u00e4.<\/p>\n<p>Jo nyt t\u00e4m\u00e4 hallitus \u2014 epidemiologisesta ja taloudellisesta kriisist\u00e4 huolimatta \u2014 on tehnyt yht\u00e4 merkitt\u00e4vi\u00e4 toimenpiteit\u00e4 ty\u00f6llisyyden parantamiseksi kuin edellinen hallitus koko hallituskautensa aikana. Edellisen hallituksen aloittamaa ty\u00f6t\u00e4 on jatkettu.<\/p>\n<p>\u00c4rade talman,<\/p>\n<p>Ocks\u00e5 regeringens halvtidsgranskning i april kommer att ha fokus p\u00e5 \u00e5tg\u00e4rder som h\u00f6jer syssels\u00e4ttningsgraden. SFP och svenska riksdagsgruppen vill se lokala avtal. Vi vill se en utvidgning av hush\u00e5llsavdraget. Vi vill f\u00f6rb\u00e4ttra syssels\u00e4ttningstj\u00e4nsterna och se \u00f6ver det inkomstrelaterade arbetsl\u00f6shetsunderst\u00f6det.<\/p>\n<p>I en situation d\u00e4r den internationella konjunkturen \u00e4r sv\u00e5r att f\u00f6rutsp\u00e5 \u00e4r det v\u00e4sentligt att vi sj\u00e4lva g\u00f6r allt vad vi kan f\u00f6r att s\u00e4kerst\u00e4lla en dynamisk och konkurrenskraftig ekonomi.<\/p>\n<p>Coronakrisen resulterade f\u00f6rra \u00e5ret i ett rekordstort underskott. Men det verkar bli mindre \u00e4n befarat. Att det har krympt n\u00e5got \u00e4r bra, eftersom det betyder att vi snabbare kan n\u00e5 en balans i den offentliga ekonomin. Under v\u00e5ren m\u00e5ste den v\u00e4gkarta som \u00e5tg\u00e4rdar h\u00e5llbarhetsunderskottet uppdateras och konkretiseras.<\/p>\n<p>I sinom tid \u2014 inte nu \u2014 beh\u00f6vs ocks\u00e5 f\u00f6rnuftiga, v\u00e4lavv\u00e4gda anpassnings\u00e5tg\u00e4rder.<\/p>\n<p>\u00c4rade talman,<\/p>\n<p>Det \u00e4r viktigt att vi 2021 ser v\u00e5r roll i Norden, men ocks\u00e5 v\u00e5r roll i Europa.<\/p>\n<p>Arvoisa puhemies,<\/p>\n<p>Suomesta tuli vuodenvaihteessa Pohjoismaiden ministerineuvoston puheenjohtajamaa.<\/p>\n<p>Koronaepidemia ja sen my\u00f6t\u00e4 tehdyt rajoitukset eiv\u00e4t saa sokaista meit\u00e4 pohjoismaiselta yhteisty\u00f6lt\u00e4. P\u00e4invastoin Suomen puheenjohtajuuskaudella meid\u00e4n tulee el\u00e4v\u00f6itt\u00e4\u00e4 pohjoismaisten naapureidemme v\u00e4lisi\u00e4 suhteita. Meid\u00e4n tulee vahvistaa maailman parasta yhteis\u00f6\u00e4 ja maailman vahvinta aluebr\u00e4ndi\u00e4. Koronasta huolimatta, ja erityisesti t\u00e4m\u00e4n mullistavan pandemian j\u00e4lkeen, on yht\u00e4 t\u00e4rke\u00e4\u00e4 kuin ennenkin, ett\u00e4 ihmiset ja yritykset voivat toimia vapaasti Pohjoismaissa ja ett\u00e4 me yhdess\u00e4 samanmielisten naapureidemme kanssa pyrimme vastaamaan yhteisiin haasteisiimme.<\/p>\n<p>Arvoisa puhemies,<\/p>\n<p>Aloitin puhumalla yksinkertaistuksista, joita usein teemme poliittisessa retoriikassa. Sellainen ajatus, ett\u00e4 me nykymaailmassa voisimme valita olla kantamatta globaalia vastuuta tai vastuuta ymp\u00e4rist\u00f6st\u00e4, on t\u00e4ysin vieras RKP:lle. Ajatus siit\u00e4, ett\u00e4 voisimme harjoittaa politiikkaa, joka ei perustu oikeusvaltion ja ihmisoikeuksien kunnioittamiselle, on mahdoton.<\/p>\n<p>N\u00e4m\u00e4 ovat universaaleja arvoja, jotka ohjaavat ja joiden tulee ohjata Suomen politiikkaa hallituksen kokoonpanosta riippumatta.<\/p>\n<p>Arvoisa puhemies, \u00e4rade talman, ne eiv\u00e4t vie vasemmalle tai oikealle, ne viev\u00e4t eteenp\u00e4in.<\/p>\n","protected":false},"excerpt":{"rendered":"<p>\u00c4rade talman, arvoisa puhemies, Trivialisointi ja karrikointi on helppoa, samoin ihmisten ja ihmisryhmien lokeroiminen. Ummistamme silm\u00e4mme ja vetoamme ennakkoluuloihin ja ennakkok\u00e4sityksiin. Se on tuttua meille kaikille politiikantekij\u00f6ille. Ja vaikka tied\u00e4mme liiankin hyvin, mihin se johtaa, emme aina pysty vastustamaan kiusausta. Mutta silmien ummistaminen tosiasioilta eli todellisuudelta ei vie eteenp\u00e4in. Se johtaa ep\u00e4olennaisiin ja toisarvoisiin toimenpiteisiin [&hellip;]<\/p>\n","protected":false},"author":1,"featured_media":3863,"comment_status":"open","ping_status":"open","sticky":false,"template":"","format":"standard","meta":{"jetpack_post_was_ever_published":false,"_jetpack_newsletter_access":"","jetpack_publicize_message":"","jetpack_is_tweetstorm":false,"jetpack_publicize_feature_enabled":true,"jetpack_social_post_already_shared":true,"jetpack_social_options":{"image_generator_settings":{"template":"highway","enabled":false}}},"categories":[18,60,118],"tags":[],"jetpack_publicize_connections":[],"yoast_head":"<!-- This site is optimized with the Yoast SEO plugin v20.12 - https:\/\/yoast.com\/wordpress\/plugins\/seo\/ -->\n<title>Ryhm\u00e4puheenvuoro valtiop\u00e4ivien avauskeskustelussa 9.2.2021 - Anders Adlercreutz<\/title>\n<meta name=\"robots\" content=\"index, follow, max-snippet:-1, max-image-preview:large, max-video-preview:-1\" \/>\n<link rel=\"canonical\" href=\"https:\/\/andersadlercreutz.fi\/blog\/blog\/ryhmapuheenvuoro-valtiopaivien-avauskeskustelussa-9-2-2021\/\" \/>\n<meta property=\"og:locale\" content=\"sv_SE\" \/>\n<meta property=\"og:type\" content=\"article\" \/>\n<meta property=\"og:title\" content=\"Ryhm\u00e4puheenvuoro valtiop\u00e4ivien avauskeskustelussa 9.2.2021 - Anders Adlercreutz\" \/>\n<meta property=\"og:description\" content=\"\u00c4rade talman, arvoisa puhemies, Trivialisointi ja karrikointi on helppoa, samoin ihmisten ja ihmisryhmien lokeroiminen. Ummistamme silm\u00e4mme ja vetoamme ennakkoluuloihin ja ennakkok\u00e4sityksiin. Se on tuttua meille kaikille politiikantekij\u00f6ille. Ja vaikka tied\u00e4mme liiankin hyvin, mihin se johtaa, emme aina pysty vastustamaan kiusausta. Mutta silmien ummistaminen tosiasioilta eli todellisuudelta ei vie eteenp\u00e4in. Se johtaa ep\u00e4olennaisiin ja toisarvoisiin toimenpiteisiin [&hellip;]\" \/>\n<meta property=\"og:url\" content=\"https:\/\/andersadlercreutz.fi\/blog\/blog\/ryhmapuheenvuoro-valtiopaivien-avauskeskustelussa-9-2-2021\/?lang=fi\" \/>\n<meta property=\"og:site_name\" content=\"Anders Adlercreutz\" \/>\n<meta property=\"article:published_time\" content=\"2021-02-09T14:21:37+00:00\" \/>\n<meta property=\"article:modified_time\" content=\"2021-02-10T14:32:28+00:00\" \/>\n<meta property=\"og:image\" content=\"https:\/\/i0.wp.com\/andersadlercreutz.fi\/blog\/wp-content\/uploads\/2018\/01\/Anders-RD012018-2.jpg?fit=1800%2C1179&ssl=1\" \/>\n\t<meta property=\"og:image:width\" content=\"1800\" \/>\n\t<meta property=\"og:image:height\" content=\"1179\" \/>\n\t<meta property=\"og:image:type\" content=\"image\/jpeg\" \/>\n<meta name=\"author\" content=\"Anders\" \/>\n<meta name=\"twitter:card\" content=\"summary_large_image\" \/>\n<meta name=\"twitter:label1\" content=\"Skriven av\" \/>\n\t<meta name=\"twitter:data1\" content=\"Anders\" \/>\n\t<meta name=\"twitter:label2\" content=\"Ber\u00e4knad l\u00e4stid\" \/>\n\t<meta name=\"twitter:data2\" content=\"3 minuter\" \/>\n<script type=\"application\/ld+json\" class=\"yoast-schema-graph\">{\"@context\":\"https:\/\/schema.org\",\"@graph\":[{\"@type\":\"WebPage\",\"@id\":\"https:\/\/andersadlercreutz.fi\/blog\/blog\/ryhmapuheenvuoro-valtiopaivien-avauskeskustelussa-9-2-2021\/?lang=fi\",\"url\":\"https:\/\/andersadlercreutz.fi\/blog\/blog\/ryhmapuheenvuoro-valtiopaivien-avauskeskustelussa-9-2-2021\/?lang=fi\",\"name\":\"Ryhm\u00e4puheenvuoro valtiop\u00e4ivien avauskeskustelussa 9.2.2021 - Anders Adlercreutz\",\"isPartOf\":{\"@id\":\"https:\/\/andersadlercreutz.fi\/blog\/#website\"},\"datePublished\":\"2021-02-09T14:21:37+00:00\",\"dateModified\":\"2021-02-10T14:32:28+00:00\",\"author\":{\"@id\":\"https:\/\/andersadlercreutz.fi\/blog\/#\/schema\/person\/47d4b72eded862b484f74bb4b3a2354f\"},\"breadcrumb\":{\"@id\":\"https:\/\/andersadlercreutz.fi\/blog\/blog\/ryhmapuheenvuoro-valtiopaivien-avauskeskustelussa-9-2-2021\/?lang=fi#breadcrumb\"},\"inLanguage\":\"sv-SE\",\"potentialAction\":[{\"@type\":\"ReadAction\",\"target\":[\"https:\/\/andersadlercreutz.fi\/blog\/blog\/ryhmapuheenvuoro-valtiopaivien-avauskeskustelussa-9-2-2021\/?lang=fi\"]}]},{\"@type\":\"BreadcrumbList\",\"@id\":\"https:\/\/andersadlercreutz.fi\/blog\/blog\/ryhmapuheenvuoro-valtiopaivien-avauskeskustelussa-9-2-2021\/?lang=fi#breadcrumb\",\"itemListElement\":[{\"@type\":\"ListItem\",\"position\":1,\"name\":\"Home\",\"item\":\"https:\/\/andersadlercreutz.fi\/blog\/blogg\/?lang=sv\"},{\"@type\":\"ListItem\",\"position\":2,\"name\":\"Ryhm\u00e4puheenvuoro valtiop\u00e4ivien avauskeskustelussa 9.2.2021\"}]},{\"@type\":\"WebSite\",\"@id\":\"https:\/\/andersadlercreutz.fi\/blog\/#website\",\"url\":\"https:\/\/andersadlercreutz.fi\/blog\/\",\"name\":\"Anders Adlercreutz\",\"description\":\"Du. Jag. Vi. Kest&auml;v&auml;sti optimisti\",\"potentialAction\":[{\"@type\":\"SearchAction\",\"target\":{\"@type\":\"EntryPoint\",\"urlTemplate\":\"https:\/\/andersadlercreutz.fi\/blog\/?s={search_term_string}\"},\"query-input\":\"required name=search_term_string\"}],\"inLanguage\":\"sv-SE\"},{\"@type\":\"Person\",\"@id\":\"https:\/\/andersadlercreutz.fi\/blog\/#\/schema\/person\/47d4b72eded862b484f74bb4b3a2354f\",\"name\":\"Anders\",\"image\":{\"@type\":\"ImageObject\",\"inLanguage\":\"sv-SE\",\"@id\":\"https:\/\/andersadlercreutz.fi\/blog\/#\/schema\/person\/image\/\",\"url\":\"https:\/\/secure.gravatar.com\/avatar\/a144c9bda7a581ff6fabba169027e620?s=96&d=mm&r=g\",\"contentUrl\":\"https:\/\/secure.gravatar.com\/avatar\/a144c9bda7a581ff6fabba169027e620?s=96&d=mm&r=g\",\"caption\":\"Anders\"},\"url\":\"https:\/\/andersadlercreutz.fi\/blog\/author\/admin\/\"}]}<\/script>\n<!-- \/ Yoast SEO plugin. -->","yoast_head_json":{"title":"Ryhm\u00e4puheenvuoro valtiop\u00e4ivien avauskeskustelussa 9.2.2021 - Anders Adlercreutz","robots":{"index":"index","follow":"follow","max-snippet":"max-snippet:-1","max-image-preview":"max-image-preview:large","max-video-preview":"max-video-preview:-1"},"canonical":"https:\/\/andersadlercreutz.fi\/blog\/blog\/ryhmapuheenvuoro-valtiopaivien-avauskeskustelussa-9-2-2021\/","og_locale":"sv_SE","og_type":"article","og_title":"Ryhm\u00e4puheenvuoro valtiop\u00e4ivien avauskeskustelussa 9.2.2021 - Anders Adlercreutz","og_description":"\u00c4rade talman, arvoisa puhemies, Trivialisointi ja karrikointi on helppoa, samoin ihmisten ja ihmisryhmien lokeroiminen. Ummistamme silm\u00e4mme ja vetoamme ennakkoluuloihin ja ennakkok\u00e4sityksiin. Se on tuttua meille kaikille politiikantekij\u00f6ille. Ja vaikka tied\u00e4mme liiankin hyvin, mihin se johtaa, emme aina pysty vastustamaan kiusausta. Mutta silmien ummistaminen tosiasioilta eli todellisuudelta ei vie eteenp\u00e4in. Se johtaa ep\u00e4olennaisiin ja toisarvoisiin toimenpiteisiin [&hellip;]","og_url":"https:\/\/andersadlercreutz.fi\/blog\/blog\/ryhmapuheenvuoro-valtiopaivien-avauskeskustelussa-9-2-2021\/?lang=fi","og_site_name":"Anders Adlercreutz","article_published_time":"2021-02-09T14:21:37+00:00","article_modified_time":"2021-02-10T14:32:28+00:00","og_image":[{"width":1800,"height":1179,"url":"https:\/\/i0.wp.com\/andersadlercreutz.fi\/blog\/wp-content\/uploads\/2018\/01\/Anders-RD012018-2.jpg?fit=1800%2C1179&ssl=1","type":"image\/jpeg"}],"author":"Anders","twitter_card":"summary_large_image","twitter_misc":{"Skriven av":"Anders","Ber\u00e4knad l\u00e4stid":"3 minuter"},"schema":{"@context":"https:\/\/schema.org","@graph":[{"@type":"WebPage","@id":"https:\/\/andersadlercreutz.fi\/blog\/blog\/ryhmapuheenvuoro-valtiopaivien-avauskeskustelussa-9-2-2021\/?lang=fi","url":"https:\/\/andersadlercreutz.fi\/blog\/blog\/ryhmapuheenvuoro-valtiopaivien-avauskeskustelussa-9-2-2021\/?lang=fi","name":"Ryhm\u00e4puheenvuoro valtiop\u00e4ivien avauskeskustelussa 9.2.2021 - Anders Adlercreutz","isPartOf":{"@id":"https:\/\/andersadlercreutz.fi\/blog\/#website"},"datePublished":"2021-02-09T14:21:37+00:00","dateModified":"2021-02-10T14:32:28+00:00","author":{"@id":"https:\/\/andersadlercreutz.fi\/blog\/#\/schema\/person\/47d4b72eded862b484f74bb4b3a2354f"},"breadcrumb":{"@id":"https:\/\/andersadlercreutz.fi\/blog\/blog\/ryhmapuheenvuoro-valtiopaivien-avauskeskustelussa-9-2-2021\/?lang=fi#breadcrumb"},"inLanguage":"sv-SE","potentialAction":[{"@type":"ReadAction","target":["https:\/\/andersadlercreutz.fi\/blog\/blog\/ryhmapuheenvuoro-valtiopaivien-avauskeskustelussa-9-2-2021\/?lang=fi"]}]},{"@type":"BreadcrumbList","@id":"https:\/\/andersadlercreutz.fi\/blog\/blog\/ryhmapuheenvuoro-valtiopaivien-avauskeskustelussa-9-2-2021\/?lang=fi#breadcrumb","itemListElement":[{"@type":"ListItem","position":1,"name":"Home","item":"https:\/\/andersadlercreutz.fi\/blog\/blogg\/?lang=sv"},{"@type":"ListItem","position":2,"name":"Ryhm\u00e4puheenvuoro valtiop\u00e4ivien avauskeskustelussa 9.2.2021"}]},{"@type":"WebSite","@id":"https:\/\/andersadlercreutz.fi\/blog\/#website","url":"https:\/\/andersadlercreutz.fi\/blog\/","name":"Anders Adlercreutz","description":"Du. Jag. Vi. Kest&auml;v&auml;sti optimisti","potentialAction":[{"@type":"SearchAction","target":{"@type":"EntryPoint","urlTemplate":"https:\/\/andersadlercreutz.fi\/blog\/?s={search_term_string}"},"query-input":"required name=search_term_string"}],"inLanguage":"sv-SE"},{"@type":"Person","@id":"https:\/\/andersadlercreutz.fi\/blog\/#\/schema\/person\/47d4b72eded862b484f74bb4b3a2354f","name":"Anders","image":{"@type":"ImageObject","inLanguage":"sv-SE","@id":"https:\/\/andersadlercreutz.fi\/blog\/#\/schema\/person\/image\/","url":"https:\/\/secure.gravatar.com\/avatar\/a144c9bda7a581ff6fabba169027e620?s=96&d=mm&r=g","contentUrl":"https:\/\/secure.gravatar.com\/avatar\/a144c9bda7a581ff6fabba169027e620?s=96&d=mm&r=g","caption":"Anders"},"url":"https:\/\/andersadlercreutz.fi\/blog\/author\/admin\/"}]}},"jetpack_featured_media_url":"https:\/\/i0.wp.com\/andersadlercreutz.fi\/blog\/wp-content\/uploads\/2018\/01\/Anders-RD012018-2.jpg?fit=1800%2C1179&ssl=1","jetpack_shortlink":"https:\/\/wp.me\/p4T6Dh-1M8","jetpack_sharing_enabled":true,"_links":{"self":[{"href":"https:\/\/andersadlercreutz.fi\/blog\/wp-json\/wp\/v2\/posts\/6828"}],"collection":[{"href":"https:\/\/andersadlercreutz.fi\/blog\/wp-json\/wp\/v2\/posts"}],"about":[{"href":"https:\/\/andersadlercreutz.fi\/blog\/wp-json\/wp\/v2\/types\/post"}],"author":[{"embeddable":true,"href":"https:\/\/andersadlercreutz.fi\/blog\/wp-json\/wp\/v2\/users\/1"}],"replies":[{"embeddable":true,"href":"https:\/\/andersadlercreutz.fi\/blog\/wp-json\/wp\/v2\/comments?post=6828"}],"version-history":[{"count":1,"href":"https:\/\/andersadlercreutz.fi\/blog\/wp-json\/wp\/v2\/posts\/6828\/revisions"}],"predecessor-version":[{"id":6829,"href":"https:\/\/andersadlercreutz.fi\/blog\/wp-json\/wp\/v2\/posts\/6828\/revisions\/6829"}],"wp:featuredmedia":[{"embeddable":true,"href":"https:\/\/andersadlercreutz.fi\/blog\/wp-json\/wp\/v2\/media\/3863"}],"wp:attachment":[{"href":"https:\/\/andersadlercreutz.fi\/blog\/wp-json\/wp\/v2\/media?parent=6828"}],"wp:term":[{"taxonomy":"category","embeddable":true,"href":"https:\/\/andersadlercreutz.fi\/blog\/wp-json\/wp\/v2\/categories?post=6828"},{"taxonomy":"post_tag","embeddable":true,"href":"https:\/\/andersadlercreutz.fi\/blog\/wp-json\/wp\/v2\/tags?post=6828"}],"curies":[{"name":"wp","href":"https:\/\/api.w.org\/{rel}","templated":true}]}}