{"id":6832,"date":"2021-02-16T14:39:36","date_gmt":"2021-02-16T12:39:36","guid":{"rendered":"http:\/\/andersadlercreutz.fi\/blog\/?p=6832"},"modified":"2021-02-16T14:39:36","modified_gmt":"2021-02-16T12:39:36","slug":"adlercreutz-iloitsee-perhevapaamallista-tarvitsemme-myos-asennemuutoksen","status":"publish","type":"post","link":"https:\/\/andersadlercreutz.fi\/blog\/lehdistotiedote\/adlercreutz-iloitsee-perhevapaamallista-tarvitsemme-myos-asennemuutoksen\/?lang=fi","title":{"rendered":"Adlercreutz iloitsee perhevapaamallista: Tarvitsemme my\u00f6s asennemuutoksen"},"content":{"rendered":"<p>T\u00e4n\u00e4\u00e4n esiteltiin hallituksen malli tulevasta perhevapaauudistuksesta. Ruotsalaisen eduskuntaryhm\u00e4n puheenjohtaja Anders Adlercreutz iloitsee siit\u00e4, ett\u00e4 uudistus etenee ja ett\u00e4 malli mahdollistaa perhevapaiden tasaisemman jaon vanhempien kesken.<\/p>\n<p>\u2013\u00a0Malli ilmaisee selv\u00e4sti sen, ett\u00e4 perhevapaat tulee jakaa \u2013 ja ett\u00e4 ne tulee jakaa tasan. T\u00e4m\u00e4n toteutuminen on nyt jokaisen omalla vastuulla. Se vaatii asennemuutoksen, Adlercreutz sanoo.<\/p>\n<p>Tasa-arvoinen ty\u00f6el\u00e4m\u00e4 edellytt\u00e4\u00e4 sit\u00e4, ett\u00e4 vanhemmat jakavat perhevapaat huomattavasti nykyist\u00e4 enemm\u00e4n, Adlercreutz painottaa.<\/p>\n<p>\u2013\u00a0Ainoastaan vapaita jakamalla voimme muuttaa totuttuja kaavoja \u2013 eli odotusarvoa siit\u00e4, ett\u00e4 \u00e4iti j\u00e4\u00e4 kotiin. Sek\u00e4 vanhemmille ett\u00e4 ty\u00f6nantajille l\u00e4ht\u00f6kohtana tulee olla se, ett\u00e4 molemmat vanhemmat k\u00e4ytt\u00e4v\u00e4t osuutensa. T\u00e4m\u00e4 malli ohjaa meid\u00e4t nyt oikeaan suuntaan kohti tasa-arvoisempaa perhe- ja ty\u00f6el\u00e4m\u00e4\u00e4.<\/p>\n","protected":false},"excerpt":{"rendered":"<p>T\u00e4n\u00e4\u00e4n esiteltiin hallituksen malli tulevasta perhevapaauudistuksesta. Ruotsalaisen eduskuntaryhm\u00e4n puheenjohtaja Anders Adlercreutz iloitsee siit\u00e4, ett\u00e4 uudistus etenee ja ett\u00e4 malli mahdollistaa perhevapaiden tasaisemman jaon vanhempien kesken. \u2013\u00a0Malli ilmaisee selv\u00e4sti sen, ett\u00e4 perhevapaat tulee jakaa \u2013 ja ett\u00e4 ne tulee jakaa tasan. T\u00e4m\u00e4n toteutuminen on nyt jokaisen omalla vastuulla. Se vaatii asennemuutoksen, Adlercreutz sanoo. Tasa-arvoinen ty\u00f6el\u00e4m\u00e4 edellytt\u00e4\u00e4 [&hellip;]<\/p>\n","protected":false},"author":1,"featured_media":6743,"comment_status":"open","ping_status":"open","sticky":false,"template":"","format":"standard","meta":{"jetpack_post_was_ever_published":false,"_jetpack_newsletter_access":"","jetpack_publicize_message":"","jetpack_is_tweetstorm":false,"jetpack_publicize_feature_enabled":true,"jetpack_social_post_already_shared":true,"jetpack_social_options":{"image_generator_settings":{"template":"highway","enabled":false}}},"categories":[71],"tags":[],"jetpack_publicize_connections":[],"yoast_head":"<!-- This site is optimized with the Yoast SEO plugin v20.12 - https:\/\/yoast.com\/wordpress\/plugins\/seo\/ -->\n<title>Adlercreutz iloitsee perhevapaamallista: Tarvitsemme my\u00f6s asennemuutoksen - Anders Adlercreutz<\/title>\n<meta name=\"robots\" content=\"index, follow, max-snippet:-1, max-image-preview:large, max-video-preview:-1\" \/>\n<link rel=\"canonical\" href=\"https:\/\/andersadlercreutz.fi\/blog\/lehdistotiedote\/adlercreutz-iloitsee-perhevapaamallista-tarvitsemme-myos-asennemuutoksen\/\" \/>\n<meta property=\"og:locale\" content=\"sv_SE\" \/>\n<meta property=\"og:type\" content=\"article\" \/>\n<meta property=\"og:title\" content=\"Adlercreutz iloitsee perhevapaamallista: Tarvitsemme my\u00f6s asennemuutoksen - Anders Adlercreutz\" \/>\n<meta property=\"og:description\" content=\"T\u00e4n\u00e4\u00e4n esiteltiin hallituksen malli tulevasta perhevapaauudistuksesta. Ruotsalaisen eduskuntaryhm\u00e4n puheenjohtaja Anders Adlercreutz iloitsee siit\u00e4, ett\u00e4 uudistus etenee ja ett\u00e4 malli mahdollistaa perhevapaiden tasaisemman jaon vanhempien kesken. \u2013\u00a0Malli ilmaisee selv\u00e4sti sen, ett\u00e4 perhevapaat tulee jakaa \u2013 ja ett\u00e4 ne tulee jakaa tasan. T\u00e4m\u00e4n toteutuminen on nyt jokaisen omalla vastuulla. Se vaatii asennemuutoksen, Adlercreutz sanoo. Tasa-arvoinen ty\u00f6el\u00e4m\u00e4 edellytt\u00e4\u00e4 [&hellip;]\" \/>\n<meta property=\"og:url\" content=\"https:\/\/andersadlercreutz.fi\/blog\/lehdistotiedote\/adlercreutz-iloitsee-perhevapaamallista-tarvitsemme-myos-asennemuutoksen\/?lang=fi\" \/>\n<meta property=\"og:site_name\" content=\"Anders Adlercreutz\" \/>\n<meta property=\"article:published_time\" content=\"2021-02-16T12:39:36+00:00\" \/>\n<meta property=\"og:image\" content=\"https:\/\/i0.wp.com\/andersadlercreutz.fi\/blog\/wp-content\/uploads\/2020\/12\/781A6526.jpg?fit=1440%2C2160&ssl=1\" \/>\n\t<meta property=\"og:image:width\" content=\"1440\" \/>\n\t<meta property=\"og:image:height\" content=\"2160\" \/>\n\t<meta property=\"og:image:type\" content=\"image\/jpeg\" \/>\n<meta name=\"author\" content=\"Anders\" \/>\n<meta name=\"twitter:card\" content=\"summary_large_image\" \/>\n<meta name=\"twitter:label1\" content=\"Skriven av\" \/>\n\t<meta name=\"twitter:data1\" content=\"Anders\" \/>\n\t<meta name=\"twitter:label2\" content=\"Ber\u00e4knad l\u00e4stid\" \/>\n\t<meta name=\"twitter:data2\" content=\"1 minut\" \/>\n<script type=\"application\/ld+json\" class=\"yoast-schema-graph\">{\"@context\":\"https:\/\/schema.org\",\"@graph\":[{\"@type\":\"WebPage\",\"@id\":\"https:\/\/andersadlercreutz.fi\/blog\/lehdistotiedote\/adlercreutz-iloitsee-perhevapaamallista-tarvitsemme-myos-asennemuutoksen\/?lang=fi\",\"url\":\"https:\/\/andersadlercreutz.fi\/blog\/lehdistotiedote\/adlercreutz-iloitsee-perhevapaamallista-tarvitsemme-myos-asennemuutoksen\/?lang=fi\",\"name\":\"Adlercreutz iloitsee perhevapaamallista: Tarvitsemme my\u00f6s asennemuutoksen - Anders Adlercreutz\",\"isPartOf\":{\"@id\":\"https:\/\/andersadlercreutz.fi\/blog\/#website\"},\"datePublished\":\"2021-02-16T12:39:36+00:00\",\"dateModified\":\"2021-02-16T12:39:36+00:00\",\"author\":{\"@id\":\"https:\/\/andersadlercreutz.fi\/blog\/#\/schema\/person\/47d4b72eded862b484f74bb4b3a2354f\"},\"breadcrumb\":{\"@id\":\"https:\/\/andersadlercreutz.fi\/blog\/lehdistotiedote\/adlercreutz-iloitsee-perhevapaamallista-tarvitsemme-myos-asennemuutoksen\/?lang=fi#breadcrumb\"},\"inLanguage\":\"sv-SE\",\"potentialAction\":[{\"@type\":\"ReadAction\",\"target\":[\"https:\/\/andersadlercreutz.fi\/blog\/lehdistotiedote\/adlercreutz-iloitsee-perhevapaamallista-tarvitsemme-myos-asennemuutoksen\/?lang=fi\"]}]},{\"@type\":\"BreadcrumbList\",\"@id\":\"https:\/\/andersadlercreutz.fi\/blog\/lehdistotiedote\/adlercreutz-iloitsee-perhevapaamallista-tarvitsemme-myos-asennemuutoksen\/?lang=fi#breadcrumb\",\"itemListElement\":[{\"@type\":\"ListItem\",\"position\":1,\"name\":\"Home\",\"item\":\"https:\/\/andersadlercreutz.fi\/blog\/blogg\/?lang=sv\"},{\"@type\":\"ListItem\",\"position\":2,\"name\":\"Adlercreutz iloitsee perhevapaamallista: Tarvitsemme my\u00f6s asennemuutoksen\"}]},{\"@type\":\"WebSite\",\"@id\":\"https:\/\/andersadlercreutz.fi\/blog\/#website\",\"url\":\"https:\/\/andersadlercreutz.fi\/blog\/\",\"name\":\"Anders Adlercreutz\",\"description\":\"Du. Jag. Vi. Kest&auml;v&auml;sti optimisti\",\"potentialAction\":[{\"@type\":\"SearchAction\",\"target\":{\"@type\":\"EntryPoint\",\"urlTemplate\":\"https:\/\/andersadlercreutz.fi\/blog\/?s={search_term_string}\"},\"query-input\":\"required name=search_term_string\"}],\"inLanguage\":\"sv-SE\"},{\"@type\":\"Person\",\"@id\":\"https:\/\/andersadlercreutz.fi\/blog\/#\/schema\/person\/47d4b72eded862b484f74bb4b3a2354f\",\"name\":\"Anders\",\"image\":{\"@type\":\"ImageObject\",\"inLanguage\":\"sv-SE\",\"@id\":\"https:\/\/andersadlercreutz.fi\/blog\/#\/schema\/person\/image\/\",\"url\":\"https:\/\/secure.gravatar.com\/avatar\/a144c9bda7a581ff6fabba169027e620?s=96&d=mm&r=g\",\"contentUrl\":\"https:\/\/secure.gravatar.com\/avatar\/a144c9bda7a581ff6fabba169027e620?s=96&d=mm&r=g\",\"caption\":\"Anders\"},\"url\":\"https:\/\/andersadlercreutz.fi\/blog\/author\/admin\/\"}]}<\/script>\n<!-- \/ Yoast SEO plugin. -->","yoast_head_json":{"title":"Adlercreutz iloitsee perhevapaamallista: Tarvitsemme my\u00f6s asennemuutoksen - Anders Adlercreutz","robots":{"index":"index","follow":"follow","max-snippet":"max-snippet:-1","max-image-preview":"max-image-preview:large","max-video-preview":"max-video-preview:-1"},"canonical":"https:\/\/andersadlercreutz.fi\/blog\/lehdistotiedote\/adlercreutz-iloitsee-perhevapaamallista-tarvitsemme-myos-asennemuutoksen\/","og_locale":"sv_SE","og_type":"article","og_title":"Adlercreutz iloitsee perhevapaamallista: Tarvitsemme my\u00f6s asennemuutoksen - Anders Adlercreutz","og_description":"T\u00e4n\u00e4\u00e4n esiteltiin hallituksen malli tulevasta perhevapaauudistuksesta. Ruotsalaisen eduskuntaryhm\u00e4n puheenjohtaja Anders Adlercreutz iloitsee siit\u00e4, ett\u00e4 uudistus etenee ja ett\u00e4 malli mahdollistaa perhevapaiden tasaisemman jaon vanhempien kesken. \u2013\u00a0Malli ilmaisee selv\u00e4sti sen, ett\u00e4 perhevapaat tulee jakaa \u2013 ja ett\u00e4 ne tulee jakaa tasan. T\u00e4m\u00e4n toteutuminen on nyt jokaisen omalla vastuulla. Se vaatii asennemuutoksen, Adlercreutz sanoo. Tasa-arvoinen ty\u00f6el\u00e4m\u00e4 edellytt\u00e4\u00e4 [&hellip;]","og_url":"https:\/\/andersadlercreutz.fi\/blog\/lehdistotiedote\/adlercreutz-iloitsee-perhevapaamallista-tarvitsemme-myos-asennemuutoksen\/?lang=fi","og_site_name":"Anders Adlercreutz","article_published_time":"2021-02-16T12:39:36+00:00","og_image":[{"width":1440,"height":2160,"url":"https:\/\/i0.wp.com\/andersadlercreutz.fi\/blog\/wp-content\/uploads\/2020\/12\/781A6526.jpg?fit=1440%2C2160&ssl=1","type":"image\/jpeg"}],"author":"Anders","twitter_card":"summary_large_image","twitter_misc":{"Skriven av":"Anders","Ber\u00e4knad l\u00e4stid":"1 minut"},"schema":{"@context":"https:\/\/schema.org","@graph":[{"@type":"WebPage","@id":"https:\/\/andersadlercreutz.fi\/blog\/lehdistotiedote\/adlercreutz-iloitsee-perhevapaamallista-tarvitsemme-myos-asennemuutoksen\/?lang=fi","url":"https:\/\/andersadlercreutz.fi\/blog\/lehdistotiedote\/adlercreutz-iloitsee-perhevapaamallista-tarvitsemme-myos-asennemuutoksen\/?lang=fi","name":"Adlercreutz iloitsee perhevapaamallista: Tarvitsemme my\u00f6s asennemuutoksen - Anders Adlercreutz","isPartOf":{"@id":"https:\/\/andersadlercreutz.fi\/blog\/#website"},"datePublished":"2021-02-16T12:39:36+00:00","dateModified":"2021-02-16T12:39:36+00:00","author":{"@id":"https:\/\/andersadlercreutz.fi\/blog\/#\/schema\/person\/47d4b72eded862b484f74bb4b3a2354f"},"breadcrumb":{"@id":"https:\/\/andersadlercreutz.fi\/blog\/lehdistotiedote\/adlercreutz-iloitsee-perhevapaamallista-tarvitsemme-myos-asennemuutoksen\/?lang=fi#breadcrumb"},"inLanguage":"sv-SE","potentialAction":[{"@type":"ReadAction","target":["https:\/\/andersadlercreutz.fi\/blog\/lehdistotiedote\/adlercreutz-iloitsee-perhevapaamallista-tarvitsemme-myos-asennemuutoksen\/?lang=fi"]}]},{"@type":"BreadcrumbList","@id":"https:\/\/andersadlercreutz.fi\/blog\/lehdistotiedote\/adlercreutz-iloitsee-perhevapaamallista-tarvitsemme-myos-asennemuutoksen\/?lang=fi#breadcrumb","itemListElement":[{"@type":"ListItem","position":1,"name":"Home","item":"https:\/\/andersadlercreutz.fi\/blog\/blogg\/?lang=sv"},{"@type":"ListItem","position":2,"name":"Adlercreutz iloitsee perhevapaamallista: Tarvitsemme my\u00f6s asennemuutoksen"}]},{"@type":"WebSite","@id":"https:\/\/andersadlercreutz.fi\/blog\/#website","url":"https:\/\/andersadlercreutz.fi\/blog\/","name":"Anders Adlercreutz","description":"Du. Jag. Vi. Kest&auml;v&auml;sti optimisti","potentialAction":[{"@type":"SearchAction","target":{"@type":"EntryPoint","urlTemplate":"https:\/\/andersadlercreutz.fi\/blog\/?s={search_term_string}"},"query-input":"required name=search_term_string"}],"inLanguage":"sv-SE"},{"@type":"Person","@id":"https:\/\/andersadlercreutz.fi\/blog\/#\/schema\/person\/47d4b72eded862b484f74bb4b3a2354f","name":"Anders","image":{"@type":"ImageObject","inLanguage":"sv-SE","@id":"https:\/\/andersadlercreutz.fi\/blog\/#\/schema\/person\/image\/","url":"https:\/\/secure.gravatar.com\/avatar\/a144c9bda7a581ff6fabba169027e620?s=96&d=mm&r=g","contentUrl":"https:\/\/secure.gravatar.com\/avatar\/a144c9bda7a581ff6fabba169027e620?s=96&d=mm&r=g","caption":"Anders"},"url":"https:\/\/andersadlercreutz.fi\/blog\/author\/admin\/"}]}},"jetpack_featured_media_url":"https:\/\/i0.wp.com\/andersadlercreutz.fi\/blog\/wp-content\/uploads\/2020\/12\/781A6526.jpg?fit=1440%2C2160&ssl=1","jetpack_shortlink":"https:\/\/wp.me\/p4T6Dh-1Mc","jetpack_sharing_enabled":true,"_links":{"self":[{"href":"https:\/\/andersadlercreutz.fi\/blog\/wp-json\/wp\/v2\/posts\/6832"}],"collection":[{"href":"https:\/\/andersadlercreutz.fi\/blog\/wp-json\/wp\/v2\/posts"}],"about":[{"href":"https:\/\/andersadlercreutz.fi\/blog\/wp-json\/wp\/v2\/types\/post"}],"author":[{"embeddable":true,"href":"https:\/\/andersadlercreutz.fi\/blog\/wp-json\/wp\/v2\/users\/1"}],"replies":[{"embeddable":true,"href":"https:\/\/andersadlercreutz.fi\/blog\/wp-json\/wp\/v2\/comments?post=6832"}],"version-history":[{"count":1,"href":"https:\/\/andersadlercreutz.fi\/blog\/wp-json\/wp\/v2\/posts\/6832\/revisions"}],"predecessor-version":[{"id":6833,"href":"https:\/\/andersadlercreutz.fi\/blog\/wp-json\/wp\/v2\/posts\/6832\/revisions\/6833"}],"wp:featuredmedia":[{"embeddable":true,"href":"https:\/\/andersadlercreutz.fi\/blog\/wp-json\/wp\/v2\/media\/6743"}],"wp:attachment":[{"href":"https:\/\/andersadlercreutz.fi\/blog\/wp-json\/wp\/v2\/media?parent=6832"}],"wp:term":[{"taxonomy":"category","embeddable":true,"href":"https:\/\/andersadlercreutz.fi\/blog\/wp-json\/wp\/v2\/categories?post=6832"},{"taxonomy":"post_tag","embeddable":true,"href":"https:\/\/andersadlercreutz.fi\/blog\/wp-json\/wp\/v2\/tags?post=6832"}],"curies":[{"name":"wp","href":"https:\/\/api.w.org\/{rel}","templated":true}]}}