{"id":6849,"date":"2021-03-12T12:51:34","date_gmt":"2021-03-12T10:51:34","guid":{"rendered":"http:\/\/andersadlercreutz.fi\/blog\/?p=6849"},"modified":"2021-03-13T09:55:59","modified_gmt":"2021-03-13T07:55:59","slug":"adlercreutz-vasemmistoliiton-veronkorotuspuheista-puolivaliriihessa-tulee-keskittya-tyollisyystoimenpiteisiin","status":"publish","type":"post","link":"https:\/\/andersadlercreutz.fi\/blog\/lehdistotiedote\/adlercreutz-vasemmistoliiton-veronkorotuspuheista-puolivaliriihessa-tulee-keskittya-tyollisyystoimenpiteisiin\/?lang=fi","title":{"rendered":"Adlercreutz Vasemmistoliiton veronkorotuspuheista: Puoliv\u00e4liriihess\u00e4 tulee keskitty\u00e4 ty\u00f6llisyystoimenpiteisiin"},"content":{"rendered":"<p>Huhtikuun puoliv\u00e4liriihess\u00e4 hallitus p\u00e4\u00e4tt\u00e4\u00e4 loppukautensa linjauksista. Talouden ja ty\u00f6llisyystoimenpiteiden tulee olla keski\u00f6ss\u00e4, Ruotsalaisen eduskuntaryhm\u00e4n puheenjohtaja <strong>Anders Adlercreutz<\/strong> sanoo. Samalla h\u00e4n on my\u00f6s huolestunut Vasemmistoliiton esitt\u00e4mist\u00e4 ehdotuksista yritysveron korottamisesta.<\/p>\n<p>\u2013 Nyt on luotava luottamusta, ei ep\u00e4varmuutta. On t\u00e4ysin selv\u00e4\u00e4, ett\u00e4 nyt ei ole oikea aika heikent\u00e4\u00e4 kannustimia investointeihin tai kasvattaa yritysten verokuormaa. Veropolitiikan linjauksista on sovittu jo hallitusohjelmassa ja niiss\u00e4 tulee pit\u00e4yty\u00e4, Adlercreutz sanoo.<\/p>\n<p>Varsinkin listaamattomien yritysten osingot ovat aiheuttaneet keskustelua.<\/p>\n<p>\u2013 Nykyinen j\u00e4rjestelm\u00e4 on luotu hyv\u00e4st\u00e4 syyst\u00e4. Emme halua, ett\u00e4 varat, joita voisi investoida uusiin yrityksiin enenev\u00e4ss\u00e4 m\u00e4\u00e4rin karkaisivat esimerkiksi kiinteist\u00f6markkinoille. Keskustelua ei hy\u00f6dyt\u00e4 verotuspopulismi: kaikki maksetut osingot verotetaan. Ja yrityksen tulos, joka toimii osingonmaksun perusteena, on jo kertaalleen verotettu.<\/p>\n<p>Adlercreutz on kuitenkin sit\u00e4 mielt\u00e4, ett\u00e4 nykyisen j\u00e4rjestelm\u00e4n haasteita olisi syyt\u00e4 tarkastella laajemmassa uudistuksessa.<\/p>\n<p>\u2013 Syyst\u00e4 voi todeta, ett\u00e4 suuria varoja omistavia yrityksi\u00e4 suositaan t\u00e4ll\u00e4 hetkell\u00e4 suhteessa startup-yrityksiin. Lis\u00e4ksi nykyinen j\u00e4rjestelm\u00e4 luo kynnyksen p\u00f6rssiin listautumiselle. L\u00e4ht\u00f6kohtana tulevalle uudistukselle ei kuitenkaan voi olla dynamiikkaa haittaava verotuksen kiristyminen. Tarvitsemme uudistuksen, joka kannustaa yritt\u00e4miseen ja joka luo neutraalin ja dynaamisen yritysilmaston.<\/p>\n","protected":false},"excerpt":{"rendered":"<p>Huhtikuun puoliv\u00e4liriihess\u00e4 hallitus p\u00e4\u00e4tt\u00e4\u00e4 loppukautensa linjauksista. Talouden ja ty\u00f6llisyystoimenpiteiden tulee olla keski\u00f6ss\u00e4, Ruotsalaisen eduskuntaryhm\u00e4n puheenjohtaja Anders Adlercreutz sanoo. Samalla h\u00e4n on my\u00f6s huolestunut Vasemmistoliiton esitt\u00e4mist\u00e4 ehdotuksista yritysveron korottamisesta. \u2013 Nyt on luotava luottamusta, ei ep\u00e4varmuutta. On t\u00e4ysin selv\u00e4\u00e4, ett\u00e4 nyt ei ole oikea aika heikent\u00e4\u00e4 kannustimia investointeihin tai kasvattaa yritysten verokuormaa. Veropolitiikan linjauksista on sovittu [&hellip;]<\/p>\n","protected":false},"author":1,"featured_media":6453,"comment_status":"open","ping_status":"open","sticky":false,"template":"","format":"standard","meta":{"jetpack_post_was_ever_published":false,"_jetpack_newsletter_access":"","jetpack_publicize_message":"","jetpack_is_tweetstorm":false,"jetpack_publicize_feature_enabled":true,"jetpack_social_post_already_shared":true,"jetpack_social_options":{"image_generator_settings":{"template":"highway","enabled":false}}},"categories":[71],"tags":[],"jetpack_publicize_connections":[],"yoast_head":"<!-- This site is optimized with the Yoast SEO plugin v20.12 - https:\/\/yoast.com\/wordpress\/plugins\/seo\/ -->\n<title>Adlercreutz Vasemmistoliiton veronkorotuspuheista: Puoliv\u00e4liriihess\u00e4 tulee keskitty\u00e4 ty\u00f6llisyystoimenpiteisiin - Anders Adlercreutz<\/title>\n<meta name=\"robots\" content=\"index, follow, max-snippet:-1, max-image-preview:large, max-video-preview:-1\" \/>\n<link rel=\"canonical\" href=\"https:\/\/andersadlercreutz.fi\/blog\/lehdistotiedote\/adlercreutz-vasemmistoliiton-veronkorotuspuheista-puolivaliriihessa-tulee-keskittya-tyollisyystoimenpiteisiin\/\" \/>\n<meta property=\"og:locale\" content=\"sv_SE\" \/>\n<meta property=\"og:type\" content=\"article\" \/>\n<meta property=\"og:title\" content=\"Adlercreutz Vasemmistoliiton veronkorotuspuheista: Puoliv\u00e4liriihess\u00e4 tulee keskitty\u00e4 ty\u00f6llisyystoimenpiteisiin - Anders Adlercreutz\" \/>\n<meta property=\"og:description\" content=\"Huhtikuun puoliv\u00e4liriihess\u00e4 hallitus p\u00e4\u00e4tt\u00e4\u00e4 loppukautensa linjauksista. Talouden ja ty\u00f6llisyystoimenpiteiden tulee olla keski\u00f6ss\u00e4, Ruotsalaisen eduskuntaryhm\u00e4n puheenjohtaja Anders Adlercreutz sanoo. Samalla h\u00e4n on my\u00f6s huolestunut Vasemmistoliiton esitt\u00e4mist\u00e4 ehdotuksista yritysveron korottamisesta. \u2013 Nyt on luotava luottamusta, ei ep\u00e4varmuutta. On t\u00e4ysin selv\u00e4\u00e4, ett\u00e4 nyt ei ole oikea aika heikent\u00e4\u00e4 kannustimia investointeihin tai kasvattaa yritysten verokuormaa. Veropolitiikan linjauksista on sovittu [&hellip;]\" \/>\n<meta property=\"og:url\" content=\"https:\/\/andersadlercreutz.fi\/blog\/lehdistotiedote\/adlercreutz-vasemmistoliiton-veronkorotuspuheista-puolivaliriihessa-tulee-keskittya-tyollisyystoimenpiteisiin\/?lang=fi\" \/>\n<meta property=\"og:site_name\" content=\"Anders Adlercreutz\" \/>\n<meta property=\"article:published_time\" content=\"2021-03-12T10:51:34+00:00\" \/>\n<meta property=\"article:modified_time\" content=\"2021-03-13T07:55:59+00:00\" \/>\n<meta property=\"og:image\" content=\"https:\/\/i0.wp.com\/andersadlercreutz.fi\/blog\/wp-content\/uploads\/2020\/05\/RD-052020-4.jpeg?fit=1280%2C723&ssl=1\" \/>\n\t<meta property=\"og:image:width\" content=\"1280\" \/>\n\t<meta property=\"og:image:height\" content=\"723\" \/>\n\t<meta property=\"og:image:type\" content=\"image\/jpeg\" \/>\n<meta name=\"author\" content=\"Anders\" \/>\n<meta name=\"twitter:card\" content=\"summary_large_image\" \/>\n<meta name=\"twitter:label1\" content=\"Skriven av\" \/>\n\t<meta name=\"twitter:data1\" content=\"Anders\" \/>\n\t<meta name=\"twitter:label2\" content=\"Ber\u00e4knad l\u00e4stid\" \/>\n\t<meta name=\"twitter:data2\" content=\"1 minut\" \/>\n<script type=\"application\/ld+json\" class=\"yoast-schema-graph\">{\"@context\":\"https:\/\/schema.org\",\"@graph\":[{\"@type\":\"WebPage\",\"@id\":\"https:\/\/andersadlercreutz.fi\/blog\/lehdistotiedote\/adlercreutz-vasemmistoliiton-veronkorotuspuheista-puolivaliriihessa-tulee-keskittya-tyollisyystoimenpiteisiin\/?lang=fi\",\"url\":\"https:\/\/andersadlercreutz.fi\/blog\/lehdistotiedote\/adlercreutz-vasemmistoliiton-veronkorotuspuheista-puolivaliriihessa-tulee-keskittya-tyollisyystoimenpiteisiin\/?lang=fi\",\"name\":\"Adlercreutz Vasemmistoliiton veronkorotuspuheista: Puoliv\u00e4liriihess\u00e4 tulee keskitty\u00e4 ty\u00f6llisyystoimenpiteisiin - Anders Adlercreutz\",\"isPartOf\":{\"@id\":\"https:\/\/andersadlercreutz.fi\/blog\/#website\"},\"datePublished\":\"2021-03-12T10:51:34+00:00\",\"dateModified\":\"2021-03-13T07:55:59+00:00\",\"author\":{\"@id\":\"https:\/\/andersadlercreutz.fi\/blog\/#\/schema\/person\/47d4b72eded862b484f74bb4b3a2354f\"},\"breadcrumb\":{\"@id\":\"https:\/\/andersadlercreutz.fi\/blog\/lehdistotiedote\/adlercreutz-vasemmistoliiton-veronkorotuspuheista-puolivaliriihessa-tulee-keskittya-tyollisyystoimenpiteisiin\/?lang=fi#breadcrumb\"},\"inLanguage\":\"sv-SE\",\"potentialAction\":[{\"@type\":\"ReadAction\",\"target\":[\"https:\/\/andersadlercreutz.fi\/blog\/lehdistotiedote\/adlercreutz-vasemmistoliiton-veronkorotuspuheista-puolivaliriihessa-tulee-keskittya-tyollisyystoimenpiteisiin\/?lang=fi\"]}]},{\"@type\":\"BreadcrumbList\",\"@id\":\"https:\/\/andersadlercreutz.fi\/blog\/lehdistotiedote\/adlercreutz-vasemmistoliiton-veronkorotuspuheista-puolivaliriihessa-tulee-keskittya-tyollisyystoimenpiteisiin\/?lang=fi#breadcrumb\",\"itemListElement\":[{\"@type\":\"ListItem\",\"position\":1,\"name\":\"Home\",\"item\":\"https:\/\/andersadlercreutz.fi\/blog\/blogg\/?lang=sv\"},{\"@type\":\"ListItem\",\"position\":2,\"name\":\"Adlercreutz Vasemmistoliiton veronkorotuspuheista: Puoliv\u00e4liriihess\u00e4 tulee keskitty\u00e4 ty\u00f6llisyystoimenpiteisiin\"}]},{\"@type\":\"WebSite\",\"@id\":\"https:\/\/andersadlercreutz.fi\/blog\/#website\",\"url\":\"https:\/\/andersadlercreutz.fi\/blog\/\",\"name\":\"Anders Adlercreutz\",\"description\":\"Du. Jag. Vi. Kest&auml;v&auml;sti optimisti\",\"potentialAction\":[{\"@type\":\"SearchAction\",\"target\":{\"@type\":\"EntryPoint\",\"urlTemplate\":\"https:\/\/andersadlercreutz.fi\/blog\/?s={search_term_string}\"},\"query-input\":\"required name=search_term_string\"}],\"inLanguage\":\"sv-SE\"},{\"@type\":\"Person\",\"@id\":\"https:\/\/andersadlercreutz.fi\/blog\/#\/schema\/person\/47d4b72eded862b484f74bb4b3a2354f\",\"name\":\"Anders\",\"image\":{\"@type\":\"ImageObject\",\"inLanguage\":\"sv-SE\",\"@id\":\"https:\/\/andersadlercreutz.fi\/blog\/#\/schema\/person\/image\/\",\"url\":\"https:\/\/secure.gravatar.com\/avatar\/a144c9bda7a581ff6fabba169027e620?s=96&d=mm&r=g\",\"contentUrl\":\"https:\/\/secure.gravatar.com\/avatar\/a144c9bda7a581ff6fabba169027e620?s=96&d=mm&r=g\",\"caption\":\"Anders\"},\"url\":\"https:\/\/andersadlercreutz.fi\/blog\/author\/admin\/\"}]}<\/script>\n<!-- \/ Yoast SEO plugin. -->","yoast_head_json":{"title":"Adlercreutz Vasemmistoliiton veronkorotuspuheista: Puoliv\u00e4liriihess\u00e4 tulee keskitty\u00e4 ty\u00f6llisyystoimenpiteisiin - Anders Adlercreutz","robots":{"index":"index","follow":"follow","max-snippet":"max-snippet:-1","max-image-preview":"max-image-preview:large","max-video-preview":"max-video-preview:-1"},"canonical":"https:\/\/andersadlercreutz.fi\/blog\/lehdistotiedote\/adlercreutz-vasemmistoliiton-veronkorotuspuheista-puolivaliriihessa-tulee-keskittya-tyollisyystoimenpiteisiin\/","og_locale":"sv_SE","og_type":"article","og_title":"Adlercreutz Vasemmistoliiton veronkorotuspuheista: Puoliv\u00e4liriihess\u00e4 tulee keskitty\u00e4 ty\u00f6llisyystoimenpiteisiin - Anders Adlercreutz","og_description":"Huhtikuun puoliv\u00e4liriihess\u00e4 hallitus p\u00e4\u00e4tt\u00e4\u00e4 loppukautensa linjauksista. Talouden ja ty\u00f6llisyystoimenpiteiden tulee olla keski\u00f6ss\u00e4, Ruotsalaisen eduskuntaryhm\u00e4n puheenjohtaja Anders Adlercreutz sanoo. Samalla h\u00e4n on my\u00f6s huolestunut Vasemmistoliiton esitt\u00e4mist\u00e4 ehdotuksista yritysveron korottamisesta. \u2013 Nyt on luotava luottamusta, ei ep\u00e4varmuutta. On t\u00e4ysin selv\u00e4\u00e4, ett\u00e4 nyt ei ole oikea aika heikent\u00e4\u00e4 kannustimia investointeihin tai kasvattaa yritysten verokuormaa. Veropolitiikan linjauksista on sovittu [&hellip;]","og_url":"https:\/\/andersadlercreutz.fi\/blog\/lehdistotiedote\/adlercreutz-vasemmistoliiton-veronkorotuspuheista-puolivaliriihessa-tulee-keskittya-tyollisyystoimenpiteisiin\/?lang=fi","og_site_name":"Anders Adlercreutz","article_published_time":"2021-03-12T10:51:34+00:00","article_modified_time":"2021-03-13T07:55:59+00:00","og_image":[{"width":1280,"height":723,"url":"https:\/\/i0.wp.com\/andersadlercreutz.fi\/blog\/wp-content\/uploads\/2020\/05\/RD-052020-4.jpeg?fit=1280%2C723&ssl=1","type":"image\/jpeg"}],"author":"Anders","twitter_card":"summary_large_image","twitter_misc":{"Skriven av":"Anders","Ber\u00e4knad l\u00e4stid":"1 minut"},"schema":{"@context":"https:\/\/schema.org","@graph":[{"@type":"WebPage","@id":"https:\/\/andersadlercreutz.fi\/blog\/lehdistotiedote\/adlercreutz-vasemmistoliiton-veronkorotuspuheista-puolivaliriihessa-tulee-keskittya-tyollisyystoimenpiteisiin\/?lang=fi","url":"https:\/\/andersadlercreutz.fi\/blog\/lehdistotiedote\/adlercreutz-vasemmistoliiton-veronkorotuspuheista-puolivaliriihessa-tulee-keskittya-tyollisyystoimenpiteisiin\/?lang=fi","name":"Adlercreutz Vasemmistoliiton veronkorotuspuheista: Puoliv\u00e4liriihess\u00e4 tulee keskitty\u00e4 ty\u00f6llisyystoimenpiteisiin - Anders Adlercreutz","isPartOf":{"@id":"https:\/\/andersadlercreutz.fi\/blog\/#website"},"datePublished":"2021-03-12T10:51:34+00:00","dateModified":"2021-03-13T07:55:59+00:00","author":{"@id":"https:\/\/andersadlercreutz.fi\/blog\/#\/schema\/person\/47d4b72eded862b484f74bb4b3a2354f"},"breadcrumb":{"@id":"https:\/\/andersadlercreutz.fi\/blog\/lehdistotiedote\/adlercreutz-vasemmistoliiton-veronkorotuspuheista-puolivaliriihessa-tulee-keskittya-tyollisyystoimenpiteisiin\/?lang=fi#breadcrumb"},"inLanguage":"sv-SE","potentialAction":[{"@type":"ReadAction","target":["https:\/\/andersadlercreutz.fi\/blog\/lehdistotiedote\/adlercreutz-vasemmistoliiton-veronkorotuspuheista-puolivaliriihessa-tulee-keskittya-tyollisyystoimenpiteisiin\/?lang=fi"]}]},{"@type":"BreadcrumbList","@id":"https:\/\/andersadlercreutz.fi\/blog\/lehdistotiedote\/adlercreutz-vasemmistoliiton-veronkorotuspuheista-puolivaliriihessa-tulee-keskittya-tyollisyystoimenpiteisiin\/?lang=fi#breadcrumb","itemListElement":[{"@type":"ListItem","position":1,"name":"Home","item":"https:\/\/andersadlercreutz.fi\/blog\/blogg\/?lang=sv"},{"@type":"ListItem","position":2,"name":"Adlercreutz Vasemmistoliiton veronkorotuspuheista: Puoliv\u00e4liriihess\u00e4 tulee keskitty\u00e4 ty\u00f6llisyystoimenpiteisiin"}]},{"@type":"WebSite","@id":"https:\/\/andersadlercreutz.fi\/blog\/#website","url":"https:\/\/andersadlercreutz.fi\/blog\/","name":"Anders Adlercreutz","description":"Du. Jag. Vi. Kest&auml;v&auml;sti optimisti","potentialAction":[{"@type":"SearchAction","target":{"@type":"EntryPoint","urlTemplate":"https:\/\/andersadlercreutz.fi\/blog\/?s={search_term_string}"},"query-input":"required name=search_term_string"}],"inLanguage":"sv-SE"},{"@type":"Person","@id":"https:\/\/andersadlercreutz.fi\/blog\/#\/schema\/person\/47d4b72eded862b484f74bb4b3a2354f","name":"Anders","image":{"@type":"ImageObject","inLanguage":"sv-SE","@id":"https:\/\/andersadlercreutz.fi\/blog\/#\/schema\/person\/image\/","url":"https:\/\/secure.gravatar.com\/avatar\/a144c9bda7a581ff6fabba169027e620?s=96&d=mm&r=g","contentUrl":"https:\/\/secure.gravatar.com\/avatar\/a144c9bda7a581ff6fabba169027e620?s=96&d=mm&r=g","caption":"Anders"},"url":"https:\/\/andersadlercreutz.fi\/blog\/author\/admin\/"}]}},"jetpack_featured_media_url":"https:\/\/i0.wp.com\/andersadlercreutz.fi\/blog\/wp-content\/uploads\/2020\/05\/RD-052020-4.jpeg?fit=1280%2C723&ssl=1","jetpack_shortlink":"https:\/\/wp.me\/p4T6Dh-1Mt","jetpack_sharing_enabled":true,"_links":{"self":[{"href":"https:\/\/andersadlercreutz.fi\/blog\/wp-json\/wp\/v2\/posts\/6849"}],"collection":[{"href":"https:\/\/andersadlercreutz.fi\/blog\/wp-json\/wp\/v2\/posts"}],"about":[{"href":"https:\/\/andersadlercreutz.fi\/blog\/wp-json\/wp\/v2\/types\/post"}],"author":[{"embeddable":true,"href":"https:\/\/andersadlercreutz.fi\/blog\/wp-json\/wp\/v2\/users\/1"}],"replies":[{"embeddable":true,"href":"https:\/\/andersadlercreutz.fi\/blog\/wp-json\/wp\/v2\/comments?post=6849"}],"version-history":[{"count":1,"href":"https:\/\/andersadlercreutz.fi\/blog\/wp-json\/wp\/v2\/posts\/6849\/revisions"}],"predecessor-version":[{"id":6850,"href":"https:\/\/andersadlercreutz.fi\/blog\/wp-json\/wp\/v2\/posts\/6849\/revisions\/6850"}],"wp:featuredmedia":[{"embeddable":true,"href":"https:\/\/andersadlercreutz.fi\/blog\/wp-json\/wp\/v2\/media\/6453"}],"wp:attachment":[{"href":"https:\/\/andersadlercreutz.fi\/blog\/wp-json\/wp\/v2\/media?parent=6849"}],"wp:term":[{"taxonomy":"category","embeddable":true,"href":"https:\/\/andersadlercreutz.fi\/blog\/wp-json\/wp\/v2\/categories?post=6849"},{"taxonomy":"post_tag","embeddable":true,"href":"https:\/\/andersadlercreutz.fi\/blog\/wp-json\/wp\/v2\/tags?post=6849"}],"curies":[{"name":"wp","href":"https:\/\/api.w.org\/{rel}","templated":true}]}}