{"id":6871,"date":"2021-04-13T09:52:35","date_gmt":"2021-04-13T06:52:35","guid":{"rendered":"http:\/\/andersadlercreutz.fi\/blog\/?p=6871"},"modified":"2021-04-13T09:52:35","modified_gmt":"2021-04-13T06:52:35","slug":"adlercreutz-nya-grepp-behovs-for-att-oka-arbetsrelaterad-invandring","status":"publish","type":"post","link":"https:\/\/andersadlercreutz.fi\/blog\/pressmeddelande\/adlercreutz-nya-grepp-behovs-for-att-oka-arbetsrelaterad-invandring\/","title":{"rendered":"Adlercreutz: Nya grepp beh\u00f6vs f\u00f6r att \u00f6ka arbetsrelaterad invandring"},"content":{"rendered":"<p>Vi beh\u00f6ver radikalt snabbare lovprocesser och v\u00e5rt samh\u00e4lle beh\u00f6ver i grunden l\u00e4gga om sin attityd n\u00e4r det g\u00e4ller arbetsrelaterad invandring. Det betonar <strong>Anders Adlercreutz<\/strong>, gruppordf\u00f6rande f\u00f6r Svenska riksdagsgruppen.<\/p>\n<p>\u2013\u00a0 Arbetsrelaterad invandring beh\u00f6vs f\u00f6r att h\u00f6ja syssels\u00e4ttningsgraden. V\u00e5ra f\u00f6retag vill v\u00e4xa och ha framg\u00e5ng internationellt. D\u00e5 m\u00e5ste vi satsa p\u00e5 kunnande och d\u00e5 f\u00e5r inte l\u00e5ngsamma lovprocesser bli ett hinder f\u00f6r rekrytering av kunnig personal, s\u00e4ger Adlercreutz.<br \/>\nHan h\u00e4nvisar till Arbets- och n\u00e4ringsministeriets uppgifter om att \u00e5r 2019 kunde cirka 65 000 nya arbetsplatser inte grundas p\u00e5 grund av att det saknades kunnig personal.<\/p>\n<p>\u2013 Det h\u00e4r \u00e4r oacceptabelt h\u00f6ga siffror. Konkreta \u00e5tg\u00e4rder som \u00f6kar den arbetsrelaterade invandringen, m\u00e5ste finnas p\u00e5 regeringens bord d\u00e5 man om en vecka i halvtidsgranskningen tar beslut f\u00f6r att h\u00f6ja syssels\u00e4ttningsgraden.<\/p>\n<p>Adlercreutz tycker att regeringen i denna fr\u00e5ga borde lyssna p\u00e5 ekonomisten Vesa Vihri\u00e4l\u00e4. Han har efterlyst f\u00f6renklade lovprocesser, men ocks\u00e5 stark marknadsf\u00f6ring och f\u00f6r\u00e4ndrade attityder i samh\u00e4llet, s\u00e5 att invandrare k\u00e4nner sig v\u00e4lkomna.<\/p>\n<p>\u2013 I Finland har vi en klar trend att den arbetsf\u00f6ra befolkningen minskar och det tillskott vi f\u00e5r beror n\u00e4stan uteslutande p\u00e5 invandring. Det h\u00e4r \u00e4r inte \u00e5sikter, utan realiteter som vi b\u00f6r kunna acceptera och ta som en m\u00f6jlighet, s\u00e4ger Adlercreutz.<\/p>\n<p>\u2013 Vi b\u00f6r utan dr\u00f6jsm\u00e5l verkst\u00e4lla regeringsprogrammets m\u00e5l om att lovprocesserna helt enkelt inte f\u00e5r ta l\u00e4ngre \u00e4n 30 dagar. Dessutom beh\u00f6vs en snabbare process f\u00f6r experter och startupf\u00f6retagare med familjer som kan ge beslut om uppeh\u00e5llstillst\u00e5nd inom 14 dagar, s\u00e4ger han.<\/p>\n","protected":false},"excerpt":{"rendered":"<p>Vi beh\u00f6ver radikalt snabbare lovprocesser och v\u00e5rt samh\u00e4lle beh\u00f6ver i grunden l\u00e4gga om sin attityd n\u00e4r det g\u00e4ller arbetsrelaterad invandring. Det betonar Anders Adlercreutz, gruppordf\u00f6rande f\u00f6r Svenska riksdagsgruppen. \u2013\u00a0 Arbetsrelaterad invandring beh\u00f6vs f\u00f6r att h\u00f6ja syssels\u00e4ttningsgraden. V\u00e5ra f\u00f6retag vill v\u00e4xa och ha framg\u00e5ng internationellt. D\u00e5 m\u00e5ste vi satsa p\u00e5 kunnande och d\u00e5 f\u00e5r inte l\u00e5ngsamma [&hellip;]<\/p>\n","protected":false},"author":1,"featured_media":6633,"comment_status":"open","ping_status":"open","sticky":false,"template":"","format":"standard","meta":{"jetpack_post_was_ever_published":false,"_jetpack_newsletter_access":"","jetpack_publicize_message":"","jetpack_is_tweetstorm":false,"jetpack_publicize_feature_enabled":true,"jetpack_social_post_already_shared":true,"jetpack_social_options":{"image_generator_settings":{"template":"highway","enabled":false}}},"categories":[72],"tags":[],"jetpack_publicize_connections":[],"yoast_head":"<!-- This site is optimized with the Yoast SEO plugin v20.12 - https:\/\/yoast.com\/wordpress\/plugins\/seo\/ -->\n<title>Adlercreutz: Nya grepp beh\u00f6vs f\u00f6r att \u00f6ka arbetsrelaterad invandring - Anders Adlercreutz<\/title>\n<meta name=\"robots\" content=\"index, follow, max-snippet:-1, max-image-preview:large, max-video-preview:-1\" \/>\n<link rel=\"canonical\" href=\"https:\/\/andersadlercreutz.fi\/blog\/pressmeddelande\/adlercreutz-nya-grepp-behovs-for-att-oka-arbetsrelaterad-invandring\/\" \/>\n<meta property=\"og:locale\" content=\"sv_SE\" \/>\n<meta property=\"og:type\" content=\"article\" \/>\n<meta property=\"og:title\" content=\"Adlercreutz: Nya grepp beh\u00f6vs f\u00f6r att \u00f6ka arbetsrelaterad invandring - Anders Adlercreutz\" \/>\n<meta property=\"og:description\" content=\"Vi beh\u00f6ver radikalt snabbare lovprocesser och v\u00e5rt samh\u00e4lle beh\u00f6ver i grunden l\u00e4gga om sin attityd n\u00e4r det g\u00e4ller arbetsrelaterad invandring. Det betonar Anders Adlercreutz, gruppordf\u00f6rande f\u00f6r Svenska riksdagsgruppen. \u2013\u00a0 Arbetsrelaterad invandring beh\u00f6vs f\u00f6r att h\u00f6ja syssels\u00e4ttningsgraden. V\u00e5ra f\u00f6retag vill v\u00e4xa och ha framg\u00e5ng internationellt. D\u00e5 m\u00e5ste vi satsa p\u00e5 kunnande och d\u00e5 f\u00e5r inte l\u00e5ngsamma [&hellip;]\" \/>\n<meta property=\"og:url\" content=\"https:\/\/andersadlercreutz.fi\/blog\/pressmeddelande\/adlercreutz-nya-grepp-behovs-for-att-oka-arbetsrelaterad-invandring\/\" \/>\n<meta property=\"og:site_name\" content=\"Anders Adlercreutz\" \/>\n<meta property=\"article:published_time\" content=\"2021-04-13T06:52:35+00:00\" \/>\n<meta property=\"og:image\" content=\"https:\/\/i0.wp.com\/andersadlercreutz.fi\/blog\/wp-content\/uploads\/2020\/11\/781A6325.jpg?fit=1200%2C600&ssl=1\" \/>\n\t<meta property=\"og:image:width\" content=\"1200\" \/>\n\t<meta property=\"og:image:height\" content=\"600\" \/>\n\t<meta property=\"og:image:type\" content=\"image\/jpeg\" \/>\n<meta name=\"author\" content=\"Anders\" \/>\n<meta name=\"twitter:card\" content=\"summary_large_image\" \/>\n<meta name=\"twitter:label1\" content=\"Skriven av\" \/>\n\t<meta name=\"twitter:data1\" content=\"Anders\" \/>\n\t<meta name=\"twitter:label2\" content=\"Ber\u00e4knad l\u00e4stid\" \/>\n\t<meta name=\"twitter:data2\" content=\"1 minut\" \/>\n<script type=\"application\/ld+json\" class=\"yoast-schema-graph\">{\"@context\":\"https:\/\/schema.org\",\"@graph\":[{\"@type\":\"WebPage\",\"@id\":\"https:\/\/andersadlercreutz.fi\/blog\/pressmeddelande\/adlercreutz-nya-grepp-behovs-for-att-oka-arbetsrelaterad-invandring\/\",\"url\":\"https:\/\/andersadlercreutz.fi\/blog\/pressmeddelande\/adlercreutz-nya-grepp-behovs-for-att-oka-arbetsrelaterad-invandring\/\",\"name\":\"Adlercreutz: Nya grepp beh\u00f6vs f\u00f6r att \u00f6ka arbetsrelaterad invandring - Anders Adlercreutz\",\"isPartOf\":{\"@id\":\"https:\/\/andersadlercreutz.fi\/blog\/#website\"},\"datePublished\":\"2021-04-13T06:52:35+00:00\",\"dateModified\":\"2021-04-13T06:52:35+00:00\",\"author\":{\"@id\":\"https:\/\/andersadlercreutz.fi\/blog\/#\/schema\/person\/47d4b72eded862b484f74bb4b3a2354f\"},\"breadcrumb\":{\"@id\":\"https:\/\/andersadlercreutz.fi\/blog\/pressmeddelande\/adlercreutz-nya-grepp-behovs-for-att-oka-arbetsrelaterad-invandring\/#breadcrumb\"},\"inLanguage\":\"sv-SE\",\"potentialAction\":[{\"@type\":\"ReadAction\",\"target\":[\"https:\/\/andersadlercreutz.fi\/blog\/pressmeddelande\/adlercreutz-nya-grepp-behovs-for-att-oka-arbetsrelaterad-invandring\/\"]}]},{\"@type\":\"BreadcrumbList\",\"@id\":\"https:\/\/andersadlercreutz.fi\/blog\/pressmeddelande\/adlercreutz-nya-grepp-behovs-for-att-oka-arbetsrelaterad-invandring\/#breadcrumb\",\"itemListElement\":[{\"@type\":\"ListItem\",\"position\":1,\"name\":\"Home\",\"item\":\"https:\/\/andersadlercreutz.fi\/blog\/blogg\/?lang=sv\"},{\"@type\":\"ListItem\",\"position\":2,\"name\":\"Adlercreutz: Nya grepp beh\u00f6vs f\u00f6r att \u00f6ka arbetsrelaterad invandring\"}]},{\"@type\":\"WebSite\",\"@id\":\"https:\/\/andersadlercreutz.fi\/blog\/#website\",\"url\":\"https:\/\/andersadlercreutz.fi\/blog\/\",\"name\":\"Anders Adlercreutz\",\"description\":\"Du. Jag. Vi. Kest&auml;v&auml;sti optimisti\",\"potentialAction\":[{\"@type\":\"SearchAction\",\"target\":{\"@type\":\"EntryPoint\",\"urlTemplate\":\"https:\/\/andersadlercreutz.fi\/blog\/?s={search_term_string}\"},\"query-input\":\"required name=search_term_string\"}],\"inLanguage\":\"sv-SE\"},{\"@type\":\"Person\",\"@id\":\"https:\/\/andersadlercreutz.fi\/blog\/#\/schema\/person\/47d4b72eded862b484f74bb4b3a2354f\",\"name\":\"Anders\",\"image\":{\"@type\":\"ImageObject\",\"inLanguage\":\"sv-SE\",\"@id\":\"https:\/\/andersadlercreutz.fi\/blog\/#\/schema\/person\/image\/\",\"url\":\"https:\/\/secure.gravatar.com\/avatar\/a144c9bda7a581ff6fabba169027e620?s=96&d=mm&r=g\",\"contentUrl\":\"https:\/\/secure.gravatar.com\/avatar\/a144c9bda7a581ff6fabba169027e620?s=96&d=mm&r=g\",\"caption\":\"Anders\"},\"url\":\"https:\/\/andersadlercreutz.fi\/blog\/author\/admin\/\"}]}<\/script>\n<!-- \/ Yoast SEO plugin. -->","yoast_head_json":{"title":"Adlercreutz: Nya grepp beh\u00f6vs f\u00f6r att \u00f6ka arbetsrelaterad invandring - Anders Adlercreutz","robots":{"index":"index","follow":"follow","max-snippet":"max-snippet:-1","max-image-preview":"max-image-preview:large","max-video-preview":"max-video-preview:-1"},"canonical":"https:\/\/andersadlercreutz.fi\/blog\/pressmeddelande\/adlercreutz-nya-grepp-behovs-for-att-oka-arbetsrelaterad-invandring\/","og_locale":"sv_SE","og_type":"article","og_title":"Adlercreutz: Nya grepp beh\u00f6vs f\u00f6r att \u00f6ka arbetsrelaterad invandring - Anders Adlercreutz","og_description":"Vi beh\u00f6ver radikalt snabbare lovprocesser och v\u00e5rt samh\u00e4lle beh\u00f6ver i grunden l\u00e4gga om sin attityd n\u00e4r det g\u00e4ller arbetsrelaterad invandring. Det betonar Anders Adlercreutz, gruppordf\u00f6rande f\u00f6r Svenska riksdagsgruppen. \u2013\u00a0 Arbetsrelaterad invandring beh\u00f6vs f\u00f6r att h\u00f6ja syssels\u00e4ttningsgraden. V\u00e5ra f\u00f6retag vill v\u00e4xa och ha framg\u00e5ng internationellt. D\u00e5 m\u00e5ste vi satsa p\u00e5 kunnande och d\u00e5 f\u00e5r inte l\u00e5ngsamma [&hellip;]","og_url":"https:\/\/andersadlercreutz.fi\/blog\/pressmeddelande\/adlercreutz-nya-grepp-behovs-for-att-oka-arbetsrelaterad-invandring\/","og_site_name":"Anders Adlercreutz","article_published_time":"2021-04-13T06:52:35+00:00","og_image":[{"width":1200,"height":600,"url":"https:\/\/i0.wp.com\/andersadlercreutz.fi\/blog\/wp-content\/uploads\/2020\/11\/781A6325.jpg?fit=1200%2C600&ssl=1","type":"image\/jpeg"}],"author":"Anders","twitter_card":"summary_large_image","twitter_misc":{"Skriven av":"Anders","Ber\u00e4knad l\u00e4stid":"1 minut"},"schema":{"@context":"https:\/\/schema.org","@graph":[{"@type":"WebPage","@id":"https:\/\/andersadlercreutz.fi\/blog\/pressmeddelande\/adlercreutz-nya-grepp-behovs-for-att-oka-arbetsrelaterad-invandring\/","url":"https:\/\/andersadlercreutz.fi\/blog\/pressmeddelande\/adlercreutz-nya-grepp-behovs-for-att-oka-arbetsrelaterad-invandring\/","name":"Adlercreutz: Nya grepp beh\u00f6vs f\u00f6r att \u00f6ka arbetsrelaterad invandring - Anders Adlercreutz","isPartOf":{"@id":"https:\/\/andersadlercreutz.fi\/blog\/#website"},"datePublished":"2021-04-13T06:52:35+00:00","dateModified":"2021-04-13T06:52:35+00:00","author":{"@id":"https:\/\/andersadlercreutz.fi\/blog\/#\/schema\/person\/47d4b72eded862b484f74bb4b3a2354f"},"breadcrumb":{"@id":"https:\/\/andersadlercreutz.fi\/blog\/pressmeddelande\/adlercreutz-nya-grepp-behovs-for-att-oka-arbetsrelaterad-invandring\/#breadcrumb"},"inLanguage":"sv-SE","potentialAction":[{"@type":"ReadAction","target":["https:\/\/andersadlercreutz.fi\/blog\/pressmeddelande\/adlercreutz-nya-grepp-behovs-for-att-oka-arbetsrelaterad-invandring\/"]}]},{"@type":"BreadcrumbList","@id":"https:\/\/andersadlercreutz.fi\/blog\/pressmeddelande\/adlercreutz-nya-grepp-behovs-for-att-oka-arbetsrelaterad-invandring\/#breadcrumb","itemListElement":[{"@type":"ListItem","position":1,"name":"Home","item":"https:\/\/andersadlercreutz.fi\/blog\/blogg\/?lang=sv"},{"@type":"ListItem","position":2,"name":"Adlercreutz: Nya grepp beh\u00f6vs f\u00f6r att \u00f6ka arbetsrelaterad invandring"}]},{"@type":"WebSite","@id":"https:\/\/andersadlercreutz.fi\/blog\/#website","url":"https:\/\/andersadlercreutz.fi\/blog\/","name":"Anders Adlercreutz","description":"Du. Jag. Vi. Kest&auml;v&auml;sti optimisti","potentialAction":[{"@type":"SearchAction","target":{"@type":"EntryPoint","urlTemplate":"https:\/\/andersadlercreutz.fi\/blog\/?s={search_term_string}"},"query-input":"required name=search_term_string"}],"inLanguage":"sv-SE"},{"@type":"Person","@id":"https:\/\/andersadlercreutz.fi\/blog\/#\/schema\/person\/47d4b72eded862b484f74bb4b3a2354f","name":"Anders","image":{"@type":"ImageObject","inLanguage":"sv-SE","@id":"https:\/\/andersadlercreutz.fi\/blog\/#\/schema\/person\/image\/","url":"https:\/\/secure.gravatar.com\/avatar\/a144c9bda7a581ff6fabba169027e620?s=96&d=mm&r=g","contentUrl":"https:\/\/secure.gravatar.com\/avatar\/a144c9bda7a581ff6fabba169027e620?s=96&d=mm&r=g","caption":"Anders"},"url":"https:\/\/andersadlercreutz.fi\/blog\/author\/admin\/"}]}},"jetpack_featured_media_url":"https:\/\/i0.wp.com\/andersadlercreutz.fi\/blog\/wp-content\/uploads\/2020\/11\/781A6325.jpg?fit=1200%2C600&ssl=1","jetpack_shortlink":"https:\/\/wp.me\/p4T6Dh-1MP","jetpack_sharing_enabled":true,"_links":{"self":[{"href":"https:\/\/andersadlercreutz.fi\/blog\/wp-json\/wp\/v2\/posts\/6871"}],"collection":[{"href":"https:\/\/andersadlercreutz.fi\/blog\/wp-json\/wp\/v2\/posts"}],"about":[{"href":"https:\/\/andersadlercreutz.fi\/blog\/wp-json\/wp\/v2\/types\/post"}],"author":[{"embeddable":true,"href":"https:\/\/andersadlercreutz.fi\/blog\/wp-json\/wp\/v2\/users\/1"}],"replies":[{"embeddable":true,"href":"https:\/\/andersadlercreutz.fi\/blog\/wp-json\/wp\/v2\/comments?post=6871"}],"version-history":[{"count":1,"href":"https:\/\/andersadlercreutz.fi\/blog\/wp-json\/wp\/v2\/posts\/6871\/revisions"}],"predecessor-version":[{"id":6872,"href":"https:\/\/andersadlercreutz.fi\/blog\/wp-json\/wp\/v2\/posts\/6871\/revisions\/6872"}],"wp:featuredmedia":[{"embeddable":true,"href":"https:\/\/andersadlercreutz.fi\/blog\/wp-json\/wp\/v2\/media\/6633"}],"wp:attachment":[{"href":"https:\/\/andersadlercreutz.fi\/blog\/wp-json\/wp\/v2\/media?parent=6871"}],"wp:term":[{"taxonomy":"category","embeddable":true,"href":"https:\/\/andersadlercreutz.fi\/blog\/wp-json\/wp\/v2\/categories?post=6871"},{"taxonomy":"post_tag","embeddable":true,"href":"https:\/\/andersadlercreutz.fi\/blog\/wp-json\/wp\/v2\/tags?post=6871"}],"curies":[{"name":"wp","href":"https:\/\/api.w.org\/{rel}","templated":true}]}}