{"id":6955,"date":"2021-06-12T09:32:47","date_gmt":"2021-06-12T06:32:47","guid":{"rendered":"http:\/\/andersadlercreutz.fi\/blog\/?p=6955"},"modified":"2021-06-12T09:32:47","modified_gmt":"2021-06-12T06:32:47","slug":"kirkkonummelainen-politiikka-voi-olla-valtakunnan-rakentavinta-ja-tuloksellisinta","status":"publish","type":"post","link":"https:\/\/andersadlercreutz.fi\/blog\/blog\/kirkkonummelainen-politiikka-voi-olla-valtakunnan-rakentavinta-ja-tuloksellisinta\/?lang=fi","title":{"rendered":"Kirkkonummelainen politiikka voi olla valtakunnan rakentavinta ja tuloksellisinta."},"content":{"rendered":"<p>Kun luemme t\u00e4t\u00e4, niin kuntavaalikampanjointi on jo aivan loppusuoralla. Sunnuntai-iltana uudet valtuutetut ovat jo tiedossa. Silloin tied\u00e4mme, ketk\u00e4 saavat kunnian ohjata laivaa nimelt\u00e4 Kirkkonummi seuraavat nelj\u00e4 vuotta. Olemme siis j\u00e4nn\u00e4n \u00e4\u00e4rell\u00e4.<\/p>\n<p>Ja tulosten julkistamisesta ty\u00f6 vasta alkaa \u2013 kampanjamieli joutaa roskakoriin ja on aika perehty\u00e4 polttaviin ajankohtaisiin kysymyksiin. Onneksi niihin on aikaa perehty\u00e4 kes\u00e4n yli riippumatossa keinuen.<\/p>\n<p>Osalle valtuuston agendalla olevat kysymykset ovat tuttuja, mutta monelle uudelle valtuutetulle ne ovat uusia. Uusien valtuutettujen pit\u00e4\u00e4 lis\u00e4ksi opetella erilaiset ty\u00f6h\u00f6n liittyv\u00e4t k\u00e4yt\u00e4nn\u00f6t. T\u00e4ss\u00e4 vanhoilla valtuutetuilla on tekemisen paikka: mentorin rooli on kunnia.<\/p>\n<p>Ja olipa uusi tai vanha, ihan kaikille valtuusto on uusi, uudistunut.<\/p>\n<p>Itse olen pyrkinyt ty\u00f6ss\u00e4ni kunnanvaltuuston puheenjohtajana ty\u00f6skentelem\u00e4\u00e4n aktiivisesti puoluepolitikointia ja vastakkainasetteluja vastaan. Kuntapolitiikassa mukavaa onkin hallitus-oppositiorajojen puuttuminen. Siin\u00e4 korostuu yhteen hiileen puhaltaminen ja parhaat lopputulokset ovat seurausta rakentavasta yhteisty\u00f6st\u00e4 eri puolueita edustavien valtuutettujen v\u00e4lill\u00e4. Usein esimerkiksi budjetti hyv\u00e4ksyt\u00e4\u00e4n yksimielisesti, jolloin sit\u00e4 voidaan pit\u00e4\u00e4 kaikkien yhteisen\u00e4 n\u00e4kemyksen\u00e4. Useimmat asiat my\u00f6s hyv\u00e4ksyt\u00e4\u00e4n ilman erillist\u00e4 \u00e4\u00e4nestyst\u00e4. Valtuustossa ei puoluekuria juurikaan esiinny ja esimerkiksi aloitteita tehd\u00e4\u00e4n usein kimpassa puoluerajojen yli.<\/p>\n<p>Kun itse tulin valituksi valtuustoon ensimm\u00e4ist\u00e4 kertaa vuonna 2012, olin t\u00e4ydellinen untuvikko politiikassa. Minulla ei ollut edes puoluetaustaa. Yksi ensimm\u00e4isist\u00e4 asioista, joka ty\u00f6n alettua pulpahti mieleeni oli, ett\u00e4 miksi ihmeess\u00e4 en ryhtynyt t\u00e4h\u00e4n jo aikaisemmin! Valtuusto oli t\u00e4ynn\u00e4 mukavia ihmisi\u00e4 ja yhdess\u00e4 tuli vietetty\u00e4 aikaa my\u00f6s valtuustokokousten ulkopuolella. P\u00f6yd\u00e4ll\u00e4 oli my\u00f6s ilmiselv\u00e4sti kaikkiin kuntalaisiin merkitt\u00e4v\u00e4ll\u00e4 tavalla vaikuttavia asioita. Tuntui hienolta p\u00e4\u00e4st\u00e4 vaikuttamaan! Toivon, ett\u00e4 kaikki kohta valittavat uudet valtuutetut saisivat kokea oman alkutaipaleensa politiikassa yht\u00e4 positiivisena.<\/p>\n<p>Korona on kuitenkin tehnyt yhteisty\u00f6st\u00e4 aiempaa vaikeampaa. Huomaan, ett\u00e4 fyysinen et\u00e4isyys ja v\u00e4sytt\u00e4v\u00e4t Teams-kokoukset heijastuvat v\u00e4lill\u00e4 negatiivisesti my\u00f6s politiikan tekemiseen. Toivon t\u00e4st\u00e4kin syyst\u00e4 mahdollisimman nopeaa paluuta normaaliin ja toivon, ett\u00e4 uusi, nyt valittava valtuusto saisi heti alusta alkaen kokea yhdess\u00e4 tekemisen kulttuurin ja innostuneisuuden ilmapiirin. Totuus on, ett\u00e4 olipa joku poliittinen ryhm\u00e4 kuinka iso tahansa, yksin se ei saa mit\u00e4\u00e4n aikaiseksi.<\/p>\n<p>N\u00e4m\u00e4 eiv\u00e4t ole viimeiset kuntavaalit, vaikka moni on tehnyt kampanjaty\u00f6t\u00e4 kuin viimeist\u00e4 p\u00e4iv\u00e4\u00e4. Nelj\u00e4n vuoden p\u00e4\u00e4st\u00e4 kampanjoidaan taas. Vaalien alla on ollut keskustelua siit\u00e4, ett\u00e4 ehdokkaiden saaminen on ollut tavallista vaikeampaa. Mediassakin on ollut keskustelua siit\u00e4, ett\u00e4 moni pelk\u00e4\u00e4 silm\u00e4tikuksi joutumista, eik\u00e4 siksi uskalla l\u00e4hte\u00e4 mukaan politiikkaan. Itse toivon, ett\u00e4 kaikkien Kirkkonummelaisten valittujen tavoitteena on tehd\u00e4 politiikkaa tavalla, joka saa my\u00f6s seuraavan sukupolven uskomaan yhteiskunnallisen p\u00e4\u00e4t\u00f6ksenteon merkityksellisyyteen. Kirkkonummelainen politiikka voi olla valtakunnan rakentavinta ja tuloksellisinta politiikkaa. Sill\u00e4 politiikka on yht\u00e4 kuin ihmiset, jotka sit\u00e4 tekev\u00e4t.<\/p>\n<p>Kiit\u00e4n nykyist\u00e4, kohta v\u00e4istyv\u00e4\u00e4 valtuustoa hyv\u00e4st\u00e4 yhteisty\u00f6st\u00e4 ja ty\u00f6st\u00e4 kuntamme hyv\u00e4ksi.<\/p>\n","protected":false},"excerpt":{"rendered":"<p>Kun luemme t\u00e4t\u00e4, niin kuntavaalikampanjointi on jo aivan loppusuoralla. Sunnuntai-iltana uudet valtuutetut ovat jo tiedossa. Silloin tied\u00e4mme, ketk\u00e4 saavat kunnian ohjata laivaa nimelt\u00e4 Kirkkonummi seuraavat nelj\u00e4 vuotta. Olemme siis j\u00e4nn\u00e4n \u00e4\u00e4rell\u00e4. Ja tulosten julkistamisesta ty\u00f6 vasta alkaa \u2013 kampanjamieli joutaa roskakoriin ja on aika perehty\u00e4 polttaviin ajankohtaisiin kysymyksiin. Onneksi niihin on aikaa perehty\u00e4 kes\u00e4n yli [&hellip;]<\/p>\n","protected":false},"author":1,"featured_media":6673,"comment_status":"open","ping_status":"open","sticky":false,"template":"","format":"standard","meta":{"jetpack_post_was_ever_published":false,"_jetpack_newsletter_access":"","jetpack_publicize_message":"","jetpack_is_tweetstorm":false,"jetpack_publicize_feature_enabled":true,"jetpack_social_post_already_shared":true,"jetpack_social_options":{"image_generator_settings":{"template":"highway","enabled":false}}},"categories":[18,3],"tags":[],"jetpack_publicize_connections":[],"yoast_head":"<!-- This site is optimized with the Yoast SEO plugin v20.12 - https:\/\/yoast.com\/wordpress\/plugins\/seo\/ -->\n<title>Kirkkonummelainen politiikka voi olla valtakunnan rakentavinta ja tuloksellisinta. - Anders Adlercreutz<\/title>\n<meta name=\"robots\" content=\"index, follow, max-snippet:-1, max-image-preview:large, max-video-preview:-1\" \/>\n<link rel=\"canonical\" href=\"https:\/\/andersadlercreutz.fi\/blog\/blog\/kirkkonummelainen-politiikka-voi-olla-valtakunnan-rakentavinta-ja-tuloksellisinta\/\" \/>\n<meta property=\"og:locale\" content=\"sv_SE\" \/>\n<meta property=\"og:type\" content=\"article\" \/>\n<meta property=\"og:title\" content=\"Kirkkonummelainen politiikka voi olla valtakunnan rakentavinta ja tuloksellisinta. - Anders Adlercreutz\" \/>\n<meta property=\"og:description\" content=\"Kun luemme t\u00e4t\u00e4, niin kuntavaalikampanjointi on jo aivan loppusuoralla. Sunnuntai-iltana uudet valtuutetut ovat jo tiedossa. Silloin tied\u00e4mme, ketk\u00e4 saavat kunnian ohjata laivaa nimelt\u00e4 Kirkkonummi seuraavat nelj\u00e4 vuotta. Olemme siis j\u00e4nn\u00e4n \u00e4\u00e4rell\u00e4. Ja tulosten julkistamisesta ty\u00f6 vasta alkaa \u2013 kampanjamieli joutaa roskakoriin ja on aika perehty\u00e4 polttaviin ajankohtaisiin kysymyksiin. Onneksi niihin on aikaa perehty\u00e4 kes\u00e4n yli [&hellip;]\" \/>\n<meta property=\"og:url\" content=\"https:\/\/andersadlercreutz.fi\/blog\/blog\/kirkkonummelainen-politiikka-voi-olla-valtakunnan-rakentavinta-ja-tuloksellisinta\/?lang=fi\" \/>\n<meta property=\"og:site_name\" content=\"Anders Adlercreutz\" \/>\n<meta property=\"article:published_time\" content=\"2021-06-12T06:32:47+00:00\" \/>\n<meta property=\"og:image\" content=\"https:\/\/i0.wp.com\/andersadlercreutz.fi\/blog\/wp-content\/uploads\/2020\/11\/781A6540.jpg?fit=1200%2C600&ssl=1\" \/>\n\t<meta property=\"og:image:width\" content=\"1200\" \/>\n\t<meta property=\"og:image:height\" content=\"600\" \/>\n\t<meta property=\"og:image:type\" content=\"image\/jpeg\" \/>\n<meta name=\"author\" content=\"Anders\" \/>\n<meta name=\"twitter:card\" content=\"summary_large_image\" \/>\n<meta name=\"twitter:label1\" content=\"Skriven av\" \/>\n\t<meta name=\"twitter:data1\" content=\"Anders\" \/>\n\t<meta name=\"twitter:label2\" content=\"Ber\u00e4knad l\u00e4stid\" \/>\n\t<meta name=\"twitter:data2\" content=\"2 minuter\" \/>\n<script type=\"application\/ld+json\" class=\"yoast-schema-graph\">{\"@context\":\"https:\/\/schema.org\",\"@graph\":[{\"@type\":\"WebPage\",\"@id\":\"https:\/\/andersadlercreutz.fi\/blog\/blog\/kirkkonummelainen-politiikka-voi-olla-valtakunnan-rakentavinta-ja-tuloksellisinta\/?lang=fi\",\"url\":\"https:\/\/andersadlercreutz.fi\/blog\/blog\/kirkkonummelainen-politiikka-voi-olla-valtakunnan-rakentavinta-ja-tuloksellisinta\/?lang=fi\",\"name\":\"Kirkkonummelainen politiikka voi olla valtakunnan rakentavinta ja tuloksellisinta. - Anders Adlercreutz\",\"isPartOf\":{\"@id\":\"https:\/\/andersadlercreutz.fi\/blog\/#website\"},\"datePublished\":\"2021-06-12T06:32:47+00:00\",\"dateModified\":\"2021-06-12T06:32:47+00:00\",\"author\":{\"@id\":\"https:\/\/andersadlercreutz.fi\/blog\/#\/schema\/person\/47d4b72eded862b484f74bb4b3a2354f\"},\"breadcrumb\":{\"@id\":\"https:\/\/andersadlercreutz.fi\/blog\/blog\/kirkkonummelainen-politiikka-voi-olla-valtakunnan-rakentavinta-ja-tuloksellisinta\/?lang=fi#breadcrumb\"},\"inLanguage\":\"sv-SE\",\"potentialAction\":[{\"@type\":\"ReadAction\",\"target\":[\"https:\/\/andersadlercreutz.fi\/blog\/blog\/kirkkonummelainen-politiikka-voi-olla-valtakunnan-rakentavinta-ja-tuloksellisinta\/?lang=fi\"]}]},{\"@type\":\"BreadcrumbList\",\"@id\":\"https:\/\/andersadlercreutz.fi\/blog\/blog\/kirkkonummelainen-politiikka-voi-olla-valtakunnan-rakentavinta-ja-tuloksellisinta\/?lang=fi#breadcrumb\",\"itemListElement\":[{\"@type\":\"ListItem\",\"position\":1,\"name\":\"Home\",\"item\":\"https:\/\/andersadlercreutz.fi\/blog\/blogg\/?lang=sv\"},{\"@type\":\"ListItem\",\"position\":2,\"name\":\"Kirkkonummelainen politiikka voi olla valtakunnan rakentavinta ja tuloksellisinta.\"}]},{\"@type\":\"WebSite\",\"@id\":\"https:\/\/andersadlercreutz.fi\/blog\/#website\",\"url\":\"https:\/\/andersadlercreutz.fi\/blog\/\",\"name\":\"Anders Adlercreutz\",\"description\":\"Du. Jag. Vi. Kest&auml;v&auml;sti optimisti\",\"potentialAction\":[{\"@type\":\"SearchAction\",\"target\":{\"@type\":\"EntryPoint\",\"urlTemplate\":\"https:\/\/andersadlercreutz.fi\/blog\/?s={search_term_string}\"},\"query-input\":\"required name=search_term_string\"}],\"inLanguage\":\"sv-SE\"},{\"@type\":\"Person\",\"@id\":\"https:\/\/andersadlercreutz.fi\/blog\/#\/schema\/person\/47d4b72eded862b484f74bb4b3a2354f\",\"name\":\"Anders\",\"image\":{\"@type\":\"ImageObject\",\"inLanguage\":\"sv-SE\",\"@id\":\"https:\/\/andersadlercreutz.fi\/blog\/#\/schema\/person\/image\/\",\"url\":\"https:\/\/secure.gravatar.com\/avatar\/a144c9bda7a581ff6fabba169027e620?s=96&d=mm&r=g\",\"contentUrl\":\"https:\/\/secure.gravatar.com\/avatar\/a144c9bda7a581ff6fabba169027e620?s=96&d=mm&r=g\",\"caption\":\"Anders\"},\"url\":\"https:\/\/andersadlercreutz.fi\/blog\/author\/admin\/\"}]}<\/script>\n<!-- \/ Yoast SEO plugin. -->","yoast_head_json":{"title":"Kirkkonummelainen politiikka voi olla valtakunnan rakentavinta ja tuloksellisinta. - Anders Adlercreutz","robots":{"index":"index","follow":"follow","max-snippet":"max-snippet:-1","max-image-preview":"max-image-preview:large","max-video-preview":"max-video-preview:-1"},"canonical":"https:\/\/andersadlercreutz.fi\/blog\/blog\/kirkkonummelainen-politiikka-voi-olla-valtakunnan-rakentavinta-ja-tuloksellisinta\/","og_locale":"sv_SE","og_type":"article","og_title":"Kirkkonummelainen politiikka voi olla valtakunnan rakentavinta ja tuloksellisinta. - Anders Adlercreutz","og_description":"Kun luemme t\u00e4t\u00e4, niin kuntavaalikampanjointi on jo aivan loppusuoralla. Sunnuntai-iltana uudet valtuutetut ovat jo tiedossa. Silloin tied\u00e4mme, ketk\u00e4 saavat kunnian ohjata laivaa nimelt\u00e4 Kirkkonummi seuraavat nelj\u00e4 vuotta. Olemme siis j\u00e4nn\u00e4n \u00e4\u00e4rell\u00e4. Ja tulosten julkistamisesta ty\u00f6 vasta alkaa \u2013 kampanjamieli joutaa roskakoriin ja on aika perehty\u00e4 polttaviin ajankohtaisiin kysymyksiin. Onneksi niihin on aikaa perehty\u00e4 kes\u00e4n yli [&hellip;]","og_url":"https:\/\/andersadlercreutz.fi\/blog\/blog\/kirkkonummelainen-politiikka-voi-olla-valtakunnan-rakentavinta-ja-tuloksellisinta\/?lang=fi","og_site_name":"Anders Adlercreutz","article_published_time":"2021-06-12T06:32:47+00:00","og_image":[{"width":1200,"height":600,"url":"https:\/\/i0.wp.com\/andersadlercreutz.fi\/blog\/wp-content\/uploads\/2020\/11\/781A6540.jpg?fit=1200%2C600&ssl=1","type":"image\/jpeg"}],"author":"Anders","twitter_card":"summary_large_image","twitter_misc":{"Skriven av":"Anders","Ber\u00e4knad l\u00e4stid":"2 minuter"},"schema":{"@context":"https:\/\/schema.org","@graph":[{"@type":"WebPage","@id":"https:\/\/andersadlercreutz.fi\/blog\/blog\/kirkkonummelainen-politiikka-voi-olla-valtakunnan-rakentavinta-ja-tuloksellisinta\/?lang=fi","url":"https:\/\/andersadlercreutz.fi\/blog\/blog\/kirkkonummelainen-politiikka-voi-olla-valtakunnan-rakentavinta-ja-tuloksellisinta\/?lang=fi","name":"Kirkkonummelainen politiikka voi olla valtakunnan rakentavinta ja tuloksellisinta. - Anders Adlercreutz","isPartOf":{"@id":"https:\/\/andersadlercreutz.fi\/blog\/#website"},"datePublished":"2021-06-12T06:32:47+00:00","dateModified":"2021-06-12T06:32:47+00:00","author":{"@id":"https:\/\/andersadlercreutz.fi\/blog\/#\/schema\/person\/47d4b72eded862b484f74bb4b3a2354f"},"breadcrumb":{"@id":"https:\/\/andersadlercreutz.fi\/blog\/blog\/kirkkonummelainen-politiikka-voi-olla-valtakunnan-rakentavinta-ja-tuloksellisinta\/?lang=fi#breadcrumb"},"inLanguage":"sv-SE","potentialAction":[{"@type":"ReadAction","target":["https:\/\/andersadlercreutz.fi\/blog\/blog\/kirkkonummelainen-politiikka-voi-olla-valtakunnan-rakentavinta-ja-tuloksellisinta\/?lang=fi"]}]},{"@type":"BreadcrumbList","@id":"https:\/\/andersadlercreutz.fi\/blog\/blog\/kirkkonummelainen-politiikka-voi-olla-valtakunnan-rakentavinta-ja-tuloksellisinta\/?lang=fi#breadcrumb","itemListElement":[{"@type":"ListItem","position":1,"name":"Home","item":"https:\/\/andersadlercreutz.fi\/blog\/blogg\/?lang=sv"},{"@type":"ListItem","position":2,"name":"Kirkkonummelainen politiikka voi olla valtakunnan rakentavinta ja tuloksellisinta."}]},{"@type":"WebSite","@id":"https:\/\/andersadlercreutz.fi\/blog\/#website","url":"https:\/\/andersadlercreutz.fi\/blog\/","name":"Anders Adlercreutz","description":"Du. Jag. Vi. Kest&auml;v&auml;sti optimisti","potentialAction":[{"@type":"SearchAction","target":{"@type":"EntryPoint","urlTemplate":"https:\/\/andersadlercreutz.fi\/blog\/?s={search_term_string}"},"query-input":"required name=search_term_string"}],"inLanguage":"sv-SE"},{"@type":"Person","@id":"https:\/\/andersadlercreutz.fi\/blog\/#\/schema\/person\/47d4b72eded862b484f74bb4b3a2354f","name":"Anders","image":{"@type":"ImageObject","inLanguage":"sv-SE","@id":"https:\/\/andersadlercreutz.fi\/blog\/#\/schema\/person\/image\/","url":"https:\/\/secure.gravatar.com\/avatar\/a144c9bda7a581ff6fabba169027e620?s=96&d=mm&r=g","contentUrl":"https:\/\/secure.gravatar.com\/avatar\/a144c9bda7a581ff6fabba169027e620?s=96&d=mm&r=g","caption":"Anders"},"url":"https:\/\/andersadlercreutz.fi\/blog\/author\/admin\/"}]}},"jetpack_featured_media_url":"https:\/\/i0.wp.com\/andersadlercreutz.fi\/blog\/wp-content\/uploads\/2020\/11\/781A6540.jpg?fit=1200%2C600&ssl=1","jetpack_shortlink":"https:\/\/wp.me\/p4T6Dh-1Ob","jetpack_sharing_enabled":true,"_links":{"self":[{"href":"https:\/\/andersadlercreutz.fi\/blog\/wp-json\/wp\/v2\/posts\/6955"}],"collection":[{"href":"https:\/\/andersadlercreutz.fi\/blog\/wp-json\/wp\/v2\/posts"}],"about":[{"href":"https:\/\/andersadlercreutz.fi\/blog\/wp-json\/wp\/v2\/types\/post"}],"author":[{"embeddable":true,"href":"https:\/\/andersadlercreutz.fi\/blog\/wp-json\/wp\/v2\/users\/1"}],"replies":[{"embeddable":true,"href":"https:\/\/andersadlercreutz.fi\/blog\/wp-json\/wp\/v2\/comments?post=6955"}],"version-history":[{"count":1,"href":"https:\/\/andersadlercreutz.fi\/blog\/wp-json\/wp\/v2\/posts\/6955\/revisions"}],"predecessor-version":[{"id":6956,"href":"https:\/\/andersadlercreutz.fi\/blog\/wp-json\/wp\/v2\/posts\/6955\/revisions\/6956"}],"wp:featuredmedia":[{"embeddable":true,"href":"https:\/\/andersadlercreutz.fi\/blog\/wp-json\/wp\/v2\/media\/6673"}],"wp:attachment":[{"href":"https:\/\/andersadlercreutz.fi\/blog\/wp-json\/wp\/v2\/media?parent=6955"}],"wp:term":[{"taxonomy":"category","embeddable":true,"href":"https:\/\/andersadlercreutz.fi\/blog\/wp-json\/wp\/v2\/categories?post=6955"},{"taxonomy":"post_tag","embeddable":true,"href":"https:\/\/andersadlercreutz.fi\/blog\/wp-json\/wp\/v2\/tags?post=6955"}],"curies":[{"name":"wp","href":"https:\/\/api.w.org\/{rel}","templated":true}]}}