{"id":7079,"date":"2021-12-10T13:33:27","date_gmt":"2021-12-10T11:33:27","guid":{"rendered":"https:\/\/andersadlercreutz.fi\/blog\/?p=7079"},"modified":"2021-12-10T13:33:27","modified_gmt":"2021-12-10T11:33:27","slug":"adlercreutz-ar-belaten-over-finansutskottets-tillaggsanslag-satsningar-pa-laskunnighet-vagforbattringar-och-konstupplevelser-for-barn","status":"publish","type":"post","link":"https:\/\/andersadlercreutz.fi\/blog\/pressmeddelande\/adlercreutz-ar-belaten-over-finansutskottets-tillaggsanslag-satsningar-pa-laskunnighet-vagforbattringar-och-konstupplevelser-for-barn\/","title":{"rendered":"Adlercreutz \u00e4r bel\u00e5ten \u00f6ver finansutskottets till\u00e4ggsanslag: Satsningar p\u00e5 l\u00e4skunnighet, v\u00e4gf\u00f6rb\u00e4ttringar och konstupplevelser f\u00f6r barn"},"content":{"rendered":"<p>Riksdagens finansutskott har idag godk\u00e4nt sitt bet\u00e4nkande f\u00f6r statsbudgeten 2022. Samtidigt har utskottet best\u00e4mt om f\u00f6rdelningen av en extra budgetpott p\u00e5 cirka 40 miljoner euro som riktas till olika \u00e4ndam\u00e5l som anses viktiga. Svenska riksdagsgruppens ordf\u00f6rande och medlem i finansutskottet Anders Adlercreutz gl\u00e4ds \u00f6ver flera viktiga projekt som f\u00e5r st\u00f6d.<\/p>\n<p>\u2013 Finansutskottet beviljar 1,5 miljoner euro till fr\u00e4mjandet av l\u00e4skunnigheten. \u00c4ven om finl\u00e4ndska unga i senaste PISA-unders\u00f6kningen var i toppklass g\u00e4llande l\u00e4skunnighet har l\u00e4skunnigheten sjunkit p\u00e5 l\u00e4ngre sikt. D\u00e4rf\u00f6r \u00e4r det bra att vi satsar p\u00e5 att fr\u00e4mja detta, s\u00e4ger Adlercreutz.<\/p>\n<p>Flera viktiga trafikprojekt i Nyland, \u00d6sterbotten och Egentliga Finland f\u00e5r till\u00e4ggsanslag. I Lapptr\u00e4sk kommer Hindersbyv\u00e4gens bel\u00e4ggning att repareras och i V\u00e4stnyland f\u00f6rl\u00e4ngs den belysta str\u00e4ckan p\u00e5 stamv\u00e4g 51. I \u00d6sterbotten kommer Vassorv\u00e4gen i Korsholm, Blaxn\u00e4sv\u00e4gen i N\u00e4rpes och Perusv\u00e4gen i Kristinestad att f\u00f6rb\u00e4ttras. Dessutom kan planeringen av tv\u00e5 l\u00e4ttrafikleder i Malax och Ytterjeppokorsningen i Nykarleby inledas. \u00c4ven i Egentliga Finland riktas anslag till Mj\u00f6sundsv\u00e4gens f\u00f6rb\u00e4ttring i Kimito och en uppdatering av planen f\u00f6r en l\u00e4ttrafikled mellan Prostvik och Nagu centrum.<\/p>\n<p>\u2013 Trafikprojekten \u00e4r viktiga f\u00f6r oss eftersom de konkret f\u00f6rb\u00e4ttrar vardagen f\u00f6r alla som r\u00f6r sig p\u00e5 v\u00e4garna. Alla dessa projekt har en viktig betydelse p\u00e5 den lokala niv\u00e5n, s\u00e4ger Adlercreutz.<br \/>\nSFP har \u00e4ven drivit till\u00e4ggsanslag till flera organisationer.<\/p>\n<p>\u2013 Vi lyckades trygga kvinnoorganisationernas anslag, och \u00e4ven Yrkesfiskarf\u00f6rbundet och 4H-verksamheten f\u00e5r lika stora anslag som ifjol. Dessutom st\u00f6der vi organisationer som fr\u00e4mjar fredsarbete, samt exportfr\u00e4mjande med ett till\u00e4ggsanslag till Viexpo. Restaureringen av museiskeppet Vega i Jakobstad f\u00e5r st\u00f6d och \u00e4ven koordineringsarbetet f\u00f6r s\u00e4llsynta sjukdomar f\u00e5r ett till\u00e4ggsanslag. Dessa \u00e4r v\u00e4lkomna satsningar, s\u00e4ger Adlercreutz.<\/p>\n<p>Adlercreutz lyfter \u00e4ven fram att Konsttestarna, som \u00e4r Finlands st\u00f6rsta program f\u00f6r konstfostran, f\u00e5r ett till\u00e4ggsanslag p\u00e5 1,35 miljoner euro.<\/p>\n<p>\u2013 Med hj\u00e4lp av anslaget till Konsttestarna f\u00e5r \u00e4nnu fler \u00e5ttondeklassister m\u00f6jlighet att tillsammans med sina klasskamrater f\u00e5 en konstupplevelse genom att g\u00f6ra ett bes\u00f6k till en teater, en konsert eller en konstutst\u00e4llning. Alla satsningar som vi kan g\u00f6ra p\u00e5 barn och unga \u00e4r viktiga och gl\u00e4der oss, s\u00e4ger Adlercreutz.<\/p>\n<p>Bland kulturprojekten har finansutskottet ocks\u00e5 reserverat pengar f\u00f6r att ans\u00f6ka om v\u00e4rldsarvs-status f\u00f6r Alvar Aaltos arkitekturhelhet med Pemars sanatorium som kronjuvel.<\/p>\n<p>\u2013 Som arkitekt \u00e4r jag speciellt glad \u00f6ver det och jag \u00e4r \u00f6vertygad om att sanatoriet \u00e4r en helhet som har en stor potential som turistattraktion, s\u00e4ger Adlercreutz.<\/p>\n<p>Riksdagens finansutskott presenterar sitt budgetbet\u00e4nkande p\u00e5 en presskonferens idag kl. 12 som streamas p\u00e5 riksdagens webbsida.<\/p>\n","protected":false},"excerpt":{"rendered":"<p>Riksdagens finansutskott har idag godk\u00e4nt sitt bet\u00e4nkande f\u00f6r statsbudgeten 2022. Samtidigt har utskottet best\u00e4mt om f\u00f6rdelningen av en extra budgetpott p\u00e5 cirka 40 miljoner euro som riktas till olika \u00e4ndam\u00e5l som anses viktiga. Svenska riksdagsgruppens ordf\u00f6rande och medlem i finansutskottet Anders Adlercreutz gl\u00e4ds \u00f6ver flera viktiga projekt som f\u00e5r st\u00f6d. \u2013 Finansutskottet beviljar 1,5 miljoner [&hellip;]<\/p>\n","protected":false},"author":1,"featured_media":6763,"comment_status":"open","ping_status":"open","sticky":false,"template":"","format":"standard","meta":{"jetpack_post_was_ever_published":false,"_jetpack_newsletter_access":"","jetpack_publicize_message":"","jetpack_is_tweetstorm":false,"jetpack_publicize_feature_enabled":true,"jetpack_social_post_already_shared":true,"jetpack_social_options":{"image_generator_settings":{"template":"highway","enabled":false}}},"categories":[45,31,72,64,88],"tags":[],"jetpack_publicize_connections":[],"yoast_head":"<!-- This site is optimized with the Yoast SEO plugin v20.12 - https:\/\/yoast.com\/wordpress\/plugins\/seo\/ -->\n<title>Adlercreutz \u00e4r bel\u00e5ten \u00f6ver finansutskottets till\u00e4ggsanslag: Satsningar p\u00e5 l\u00e4skunnighet, v\u00e4gf\u00f6rb\u00e4ttringar och konstupplevelser f\u00f6r barn - Anders Adlercreutz<\/title>\n<meta name=\"robots\" content=\"index, follow, max-snippet:-1, max-image-preview:large, max-video-preview:-1\" \/>\n<link rel=\"canonical\" href=\"https:\/\/andersadlercreutz.fi\/blog\/pressmeddelande\/adlercreutz-ar-belaten-over-finansutskottets-tillaggsanslag-satsningar-pa-laskunnighet-vagforbattringar-och-konstupplevelser-for-barn\/\" \/>\n<meta property=\"og:locale\" content=\"sv_SE\" \/>\n<meta property=\"og:type\" content=\"article\" \/>\n<meta property=\"og:title\" content=\"Adlercreutz \u00e4r bel\u00e5ten \u00f6ver finansutskottets till\u00e4ggsanslag: Satsningar p\u00e5 l\u00e4skunnighet, v\u00e4gf\u00f6rb\u00e4ttringar och konstupplevelser f\u00f6r barn - Anders Adlercreutz\" \/>\n<meta property=\"og:description\" content=\"Riksdagens finansutskott har idag godk\u00e4nt sitt bet\u00e4nkande f\u00f6r statsbudgeten 2022. Samtidigt har utskottet best\u00e4mt om f\u00f6rdelningen av en extra budgetpott p\u00e5 cirka 40 miljoner euro som riktas till olika \u00e4ndam\u00e5l som anses viktiga. Svenska riksdagsgruppens ordf\u00f6rande och medlem i finansutskottet Anders Adlercreutz gl\u00e4ds \u00f6ver flera viktiga projekt som f\u00e5r st\u00f6d. \u2013 Finansutskottet beviljar 1,5 miljoner [&hellip;]\" \/>\n<meta property=\"og:url\" content=\"https:\/\/andersadlercreutz.fi\/blog\/pressmeddelande\/adlercreutz-ar-belaten-over-finansutskottets-tillaggsanslag-satsningar-pa-laskunnighet-vagforbattringar-och-konstupplevelser-for-barn\/\" \/>\n<meta property=\"og:site_name\" content=\"Anders Adlercreutz\" \/>\n<meta property=\"article:published_time\" content=\"2021-12-10T11:33:27+00:00\" \/>\n<meta property=\"og:image\" content=\"https:\/\/andersadlercreutz.fi\/blog\/wp-content\/uploads\/2020\/12\/Anders-h\u00d6sten-2018-2-1030x687.jpg\" \/>\n\t<meta property=\"og:image:width\" content=\"1030\" \/>\n\t<meta property=\"og:image:height\" content=\"687\" \/>\n\t<meta property=\"og:image:type\" content=\"image\/jpeg\" \/>\n<meta name=\"author\" content=\"Anders\" \/>\n<meta name=\"twitter:card\" content=\"summary_large_image\" \/>\n<meta name=\"twitter:label1\" content=\"Skriven av\" \/>\n\t<meta name=\"twitter:data1\" content=\"Anders\" \/>\n\t<meta name=\"twitter:label2\" content=\"Ber\u00e4knad l\u00e4stid\" \/>\n\t<meta name=\"twitter:data2\" content=\"2 minuter\" \/>\n<script type=\"application\/ld+json\" class=\"yoast-schema-graph\">{\"@context\":\"https:\/\/schema.org\",\"@graph\":[{\"@type\":\"WebPage\",\"@id\":\"https:\/\/andersadlercreutz.fi\/blog\/pressmeddelande\/adlercreutz-ar-belaten-over-finansutskottets-tillaggsanslag-satsningar-pa-laskunnighet-vagforbattringar-och-konstupplevelser-for-barn\/\",\"url\":\"https:\/\/andersadlercreutz.fi\/blog\/pressmeddelande\/adlercreutz-ar-belaten-over-finansutskottets-tillaggsanslag-satsningar-pa-laskunnighet-vagforbattringar-och-konstupplevelser-for-barn\/\",\"name\":\"Adlercreutz \u00e4r bel\u00e5ten \u00f6ver finansutskottets till\u00e4ggsanslag: Satsningar p\u00e5 l\u00e4skunnighet, v\u00e4gf\u00f6rb\u00e4ttringar och konstupplevelser f\u00f6r barn - Anders Adlercreutz\",\"isPartOf\":{\"@id\":\"https:\/\/andersadlercreutz.fi\/blog\/#website\"},\"datePublished\":\"2021-12-10T11:33:27+00:00\",\"dateModified\":\"2021-12-10T11:33:27+00:00\",\"author\":{\"@id\":\"https:\/\/andersadlercreutz.fi\/blog\/#\/schema\/person\/47d4b72eded862b484f74bb4b3a2354f\"},\"breadcrumb\":{\"@id\":\"https:\/\/andersadlercreutz.fi\/blog\/pressmeddelande\/adlercreutz-ar-belaten-over-finansutskottets-tillaggsanslag-satsningar-pa-laskunnighet-vagforbattringar-och-konstupplevelser-for-barn\/#breadcrumb\"},\"inLanguage\":\"sv-SE\",\"potentialAction\":[{\"@type\":\"ReadAction\",\"target\":[\"https:\/\/andersadlercreutz.fi\/blog\/pressmeddelande\/adlercreutz-ar-belaten-over-finansutskottets-tillaggsanslag-satsningar-pa-laskunnighet-vagforbattringar-och-konstupplevelser-for-barn\/\"]}]},{\"@type\":\"BreadcrumbList\",\"@id\":\"https:\/\/andersadlercreutz.fi\/blog\/pressmeddelande\/adlercreutz-ar-belaten-over-finansutskottets-tillaggsanslag-satsningar-pa-laskunnighet-vagforbattringar-och-konstupplevelser-for-barn\/#breadcrumb\",\"itemListElement\":[{\"@type\":\"ListItem\",\"position\":1,\"name\":\"Home\",\"item\":\"https:\/\/andersadlercreutz.fi\/blog\/blogg\/?lang=sv\"},{\"@type\":\"ListItem\",\"position\":2,\"name\":\"Adlercreutz \u00e4r bel\u00e5ten \u00f6ver finansutskottets till\u00e4ggsanslag: Satsningar p\u00e5 l\u00e4skunnighet, v\u00e4gf\u00f6rb\u00e4ttringar och konstupplevelser f\u00f6r barn\"}]},{\"@type\":\"WebSite\",\"@id\":\"https:\/\/andersadlercreutz.fi\/blog\/#website\",\"url\":\"https:\/\/andersadlercreutz.fi\/blog\/\",\"name\":\"Anders Adlercreutz\",\"description\":\"Du. Jag. Vi. Kest&auml;v&auml;sti optimisti\",\"potentialAction\":[{\"@type\":\"SearchAction\",\"target\":{\"@type\":\"EntryPoint\",\"urlTemplate\":\"https:\/\/andersadlercreutz.fi\/blog\/?s={search_term_string}\"},\"query-input\":\"required name=search_term_string\"}],\"inLanguage\":\"sv-SE\"},{\"@type\":\"Person\",\"@id\":\"https:\/\/andersadlercreutz.fi\/blog\/#\/schema\/person\/47d4b72eded862b484f74bb4b3a2354f\",\"name\":\"Anders\",\"image\":{\"@type\":\"ImageObject\",\"inLanguage\":\"sv-SE\",\"@id\":\"https:\/\/andersadlercreutz.fi\/blog\/#\/schema\/person\/image\/\",\"url\":\"https:\/\/secure.gravatar.com\/avatar\/a144c9bda7a581ff6fabba169027e620?s=96&d=mm&r=g\",\"contentUrl\":\"https:\/\/secure.gravatar.com\/avatar\/a144c9bda7a581ff6fabba169027e620?s=96&d=mm&r=g\",\"caption\":\"Anders\"},\"url\":\"https:\/\/andersadlercreutz.fi\/blog\/author\/admin\/\"}]}<\/script>\n<!-- \/ Yoast SEO plugin. -->","yoast_head_json":{"title":"Adlercreutz \u00e4r bel\u00e5ten \u00f6ver finansutskottets till\u00e4ggsanslag: Satsningar p\u00e5 l\u00e4skunnighet, v\u00e4gf\u00f6rb\u00e4ttringar och konstupplevelser f\u00f6r barn - Anders Adlercreutz","robots":{"index":"index","follow":"follow","max-snippet":"max-snippet:-1","max-image-preview":"max-image-preview:large","max-video-preview":"max-video-preview:-1"},"canonical":"https:\/\/andersadlercreutz.fi\/blog\/pressmeddelande\/adlercreutz-ar-belaten-over-finansutskottets-tillaggsanslag-satsningar-pa-laskunnighet-vagforbattringar-och-konstupplevelser-for-barn\/","og_locale":"sv_SE","og_type":"article","og_title":"Adlercreutz \u00e4r bel\u00e5ten \u00f6ver finansutskottets till\u00e4ggsanslag: Satsningar p\u00e5 l\u00e4skunnighet, v\u00e4gf\u00f6rb\u00e4ttringar och konstupplevelser f\u00f6r barn - Anders Adlercreutz","og_description":"Riksdagens finansutskott har idag godk\u00e4nt sitt bet\u00e4nkande f\u00f6r statsbudgeten 2022. Samtidigt har utskottet best\u00e4mt om f\u00f6rdelningen av en extra budgetpott p\u00e5 cirka 40 miljoner euro som riktas till olika \u00e4ndam\u00e5l som anses viktiga. Svenska riksdagsgruppens ordf\u00f6rande och medlem i finansutskottet Anders Adlercreutz gl\u00e4ds \u00f6ver flera viktiga projekt som f\u00e5r st\u00f6d. \u2013 Finansutskottet beviljar 1,5 miljoner [&hellip;]","og_url":"https:\/\/andersadlercreutz.fi\/blog\/pressmeddelande\/adlercreutz-ar-belaten-over-finansutskottets-tillaggsanslag-satsningar-pa-laskunnighet-vagforbattringar-och-konstupplevelser-for-barn\/","og_site_name":"Anders Adlercreutz","article_published_time":"2021-12-10T11:33:27+00:00","og_image":[{"width":1030,"height":687,"url":"https:\/\/andersadlercreutz.fi\/blog\/wp-content\/uploads\/2020\/12\/Anders-h\u00d6sten-2018-2-1030x687.jpg","type":"image\/jpeg"}],"author":"Anders","twitter_card":"summary_large_image","twitter_misc":{"Skriven av":"Anders","Ber\u00e4knad l\u00e4stid":"2 minuter"},"schema":{"@context":"https:\/\/schema.org","@graph":[{"@type":"WebPage","@id":"https:\/\/andersadlercreutz.fi\/blog\/pressmeddelande\/adlercreutz-ar-belaten-over-finansutskottets-tillaggsanslag-satsningar-pa-laskunnighet-vagforbattringar-och-konstupplevelser-for-barn\/","url":"https:\/\/andersadlercreutz.fi\/blog\/pressmeddelande\/adlercreutz-ar-belaten-over-finansutskottets-tillaggsanslag-satsningar-pa-laskunnighet-vagforbattringar-och-konstupplevelser-for-barn\/","name":"Adlercreutz \u00e4r bel\u00e5ten \u00f6ver finansutskottets till\u00e4ggsanslag: Satsningar p\u00e5 l\u00e4skunnighet, v\u00e4gf\u00f6rb\u00e4ttringar och konstupplevelser f\u00f6r barn - Anders Adlercreutz","isPartOf":{"@id":"https:\/\/andersadlercreutz.fi\/blog\/#website"},"datePublished":"2021-12-10T11:33:27+00:00","dateModified":"2021-12-10T11:33:27+00:00","author":{"@id":"https:\/\/andersadlercreutz.fi\/blog\/#\/schema\/person\/47d4b72eded862b484f74bb4b3a2354f"},"breadcrumb":{"@id":"https:\/\/andersadlercreutz.fi\/blog\/pressmeddelande\/adlercreutz-ar-belaten-over-finansutskottets-tillaggsanslag-satsningar-pa-laskunnighet-vagforbattringar-och-konstupplevelser-for-barn\/#breadcrumb"},"inLanguage":"sv-SE","potentialAction":[{"@type":"ReadAction","target":["https:\/\/andersadlercreutz.fi\/blog\/pressmeddelande\/adlercreutz-ar-belaten-over-finansutskottets-tillaggsanslag-satsningar-pa-laskunnighet-vagforbattringar-och-konstupplevelser-for-barn\/"]}]},{"@type":"BreadcrumbList","@id":"https:\/\/andersadlercreutz.fi\/blog\/pressmeddelande\/adlercreutz-ar-belaten-over-finansutskottets-tillaggsanslag-satsningar-pa-laskunnighet-vagforbattringar-och-konstupplevelser-for-barn\/#breadcrumb","itemListElement":[{"@type":"ListItem","position":1,"name":"Home","item":"https:\/\/andersadlercreutz.fi\/blog\/blogg\/?lang=sv"},{"@type":"ListItem","position":2,"name":"Adlercreutz \u00e4r bel\u00e5ten \u00f6ver finansutskottets till\u00e4ggsanslag: Satsningar p\u00e5 l\u00e4skunnighet, v\u00e4gf\u00f6rb\u00e4ttringar och konstupplevelser f\u00f6r barn"}]},{"@type":"WebSite","@id":"https:\/\/andersadlercreutz.fi\/blog\/#website","url":"https:\/\/andersadlercreutz.fi\/blog\/","name":"Anders Adlercreutz","description":"Du. Jag. Vi. Kest&auml;v&auml;sti optimisti","potentialAction":[{"@type":"SearchAction","target":{"@type":"EntryPoint","urlTemplate":"https:\/\/andersadlercreutz.fi\/blog\/?s={search_term_string}"},"query-input":"required name=search_term_string"}],"inLanguage":"sv-SE"},{"@type":"Person","@id":"https:\/\/andersadlercreutz.fi\/blog\/#\/schema\/person\/47d4b72eded862b484f74bb4b3a2354f","name":"Anders","image":{"@type":"ImageObject","inLanguage":"sv-SE","@id":"https:\/\/andersadlercreutz.fi\/blog\/#\/schema\/person\/image\/","url":"https:\/\/secure.gravatar.com\/avatar\/a144c9bda7a581ff6fabba169027e620?s=96&d=mm&r=g","contentUrl":"https:\/\/secure.gravatar.com\/avatar\/a144c9bda7a581ff6fabba169027e620?s=96&d=mm&r=g","caption":"Anders"},"url":"https:\/\/andersadlercreutz.fi\/blog\/author\/admin\/"}]}},"jetpack_featured_media_url":"https:\/\/i0.wp.com\/andersadlercreutz.fi\/blog\/wp-content\/uploads\/2020\/12\/Anders-h\u00d6sten-2018-2.jpg?fit=2560%2C1707&ssl=1","jetpack_shortlink":"https:\/\/wp.me\/p4T6Dh-1Qb","jetpack_sharing_enabled":true,"_links":{"self":[{"href":"https:\/\/andersadlercreutz.fi\/blog\/wp-json\/wp\/v2\/posts\/7079"}],"collection":[{"href":"https:\/\/andersadlercreutz.fi\/blog\/wp-json\/wp\/v2\/posts"}],"about":[{"href":"https:\/\/andersadlercreutz.fi\/blog\/wp-json\/wp\/v2\/types\/post"}],"author":[{"embeddable":true,"href":"https:\/\/andersadlercreutz.fi\/blog\/wp-json\/wp\/v2\/users\/1"}],"replies":[{"embeddable":true,"href":"https:\/\/andersadlercreutz.fi\/blog\/wp-json\/wp\/v2\/comments?post=7079"}],"version-history":[{"count":1,"href":"https:\/\/andersadlercreutz.fi\/blog\/wp-json\/wp\/v2\/posts\/7079\/revisions"}],"predecessor-version":[{"id":7080,"href":"https:\/\/andersadlercreutz.fi\/blog\/wp-json\/wp\/v2\/posts\/7079\/revisions\/7080"}],"wp:featuredmedia":[{"embeddable":true,"href":"https:\/\/andersadlercreutz.fi\/blog\/wp-json\/wp\/v2\/media\/6763"}],"wp:attachment":[{"href":"https:\/\/andersadlercreutz.fi\/blog\/wp-json\/wp\/v2\/media?parent=7079"}],"wp:term":[{"taxonomy":"category","embeddable":true,"href":"https:\/\/andersadlercreutz.fi\/blog\/wp-json\/wp\/v2\/categories?post=7079"},{"taxonomy":"post_tag","embeddable":true,"href":"https:\/\/andersadlercreutz.fi\/blog\/wp-json\/wp\/v2\/tags?post=7079"}],"curies":[{"name":"wp","href":"https:\/\/api.w.org\/{rel}","templated":true}]}}