{"id":7091,"date":"2021-12-16T11:54:57","date_gmt":"2021-12-16T09:54:57","guid":{"rendered":"https:\/\/andersadlercreutz.fi\/blog\/?p=7091"},"modified":"2021-12-16T12:05:35","modified_gmt":"2021-12-16T10:05:35","slug":"adlercreutz-esittaa-paikallisen-sopimisen-mallia","status":"publish","type":"post","link":"https:\/\/andersadlercreutz.fi\/blog\/blog\/adlercreutz-esittaa-paikallisen-sopimisen-mallia\/?lang=fi","title":{"rendered":"Adlercreutz esitt\u00e4\u00e4 paikallisen sopimisen mallia"},"content":{"rendered":"<p>Ruotsalaisen eduskuntaryhm\u00e4n puheenjohtaja Anders Adlercreutz haluaa vahvistaa sopimisen kulttuuria ja p\u00e4ivitt\u00e4\u00e4 sit\u00e4 nykyp\u00e4iv\u00e4n ty\u00f6markkinoiden tarpeisiin. Ajatuspaja Liberan raportissa \u201dKolme piristysruisketta Suomelle\u201d Adlercreutz esitt\u00e4\u00e4 yhdess\u00e4 Bj\u00f6rn Wahlroosin ja Janne Juuselan kanssa uudistuksia Suomen talouden vauhdittamiseksi. Adlercreutz esitt\u00e4\u00e4 julkaisussa Suomen olosuhteisiin r\u00e4\u00e4t\u00e4l\u00f6ity\u00e4 paikallisen sopimisen mallia.<\/p>\n<p>&#8211; Muutos ty\u00f6markkinoilla on v\u00e4\u00e4j\u00e4\u00e4m\u00e4t\u00f6n, toteaa Adlercreutz. Ty\u00f6n tekemisen tavat muuttuvat, ty\u00f6urat muuttuvat, roolit ty\u00f6markkinoilla muuttuvat. Joko me pyrimme hallitsemaan muutosta ja reagoimme siihen ennakoivasti, tai sitten annamme muutoksen tapahtua hallitsemattomasti. Itse olen ensimm\u00e4isen vaihtoehdon kannalla, sanoo Adlercreutz.<\/p>\n<p>&#8211; Niin ty\u00f6nantajat kuin ty\u00f6ntekij\u00e4t toivovat lis\u00e4\u00e4 paikallista sopimista. T\u00e4h\u00e4n toivomukseen olisi vastattava vahvistamalla ja p\u00e4ivitt\u00e4m\u00e4ll\u00e4 sopimisen kulttuuria nykyp\u00e4iv\u00e4n ty\u00f6markkinoiden tarpeisiin. J\u00e4rkev\u00f6itt\u00e4m\u00e4ll\u00e4 ty\u00f6ehtosopimusten rakennetta, poistamalla sopimisen esteet, luomalla edellytykset neuvotteluille, sek\u00e4 tukemalla tiedonsaantia, turvaa ja vuorovaikutusta t\u00e4m\u00e4 on mahdollista, Adlercreutz sanoo.<\/p>\n<p>Paikallisen sopimisen uskotaan lis\u00e4\u00e4v\u00e4n ty\u00f6llisyytt\u00e4 ja kilpailukyky\u00e4. Siihen liittyy kuitenkin my\u00f6s paljon huolia, toteaa Adlercreutz.<\/p>\n<p>&#8211; Ymm\u00e4rr\u00e4n huolet, mutta verrokkimaiden kokemusten pohjalta voi perustellusti sanoa, ett\u00e4 niille ei ole katetta. Oleellista on kuitenkin varmistaa, ett\u00e4 joka tilanteessa syntyy todellinen tasaveroinen neuvottelutilanne. Siksi mallissani pyrit\u00e4\u00e4n varmistamaan juuri t\u00e4m\u00e4. On oleellista, ett\u00e4 ty\u00f6ntekij\u00f6ill\u00e4 on aina vahva edustus ja tiedonsaantioikeus. T\u00e4m\u00e4 esitt\u00e4m\u00e4ni ratkaisu pyrkii tarjoamaan enemm\u00e4n porkkanaa kuin keppi\u00e4, Adlercreutz sanoo.<\/p>\n<p>Ajatuspaja Liberan raportin <a href=\"https:\/\/www.libera.fi\/julkaisut\/kolme-piristysruisketta-suomelle\/\">\u201dKolme piristysruisketta Suomelle\u201d<\/a> julkaisutilaisuus j\u00e4rjestettiin tiistaina 14. joulukuuta.<\/p>\n","protected":false},"excerpt":{"rendered":"<p>Ruotsalaisen eduskuntaryhm\u00e4n puheenjohtaja Anders Adlercreutz haluaa vahvistaa sopimisen kulttuuria ja p\u00e4ivitt\u00e4\u00e4 sit\u00e4 nykyp\u00e4iv\u00e4n ty\u00f6markkinoiden tarpeisiin. Ajatuspaja Liberan raportissa \u201dKolme piristysruisketta Suomelle\u201d Adlercreutz esitt\u00e4\u00e4 yhdess\u00e4 Bj\u00f6rn Wahlroosin ja Janne Juuselan kanssa uudistuksia Suomen talouden vauhdittamiseksi. Adlercreutz esitt\u00e4\u00e4 julkaisussa Suomen olosuhteisiin r\u00e4\u00e4t\u00e4l\u00f6ity\u00e4 paikallisen sopimisen mallia. &#8211; Muutos ty\u00f6markkinoilla on v\u00e4\u00e4j\u00e4\u00e4m\u00e4t\u00f6n, toteaa Adlercreutz. Ty\u00f6n tekemisen tavat muuttuvat, ty\u00f6urat [&hellip;]<\/p>\n","protected":false},"author":1,"featured_media":6646,"comment_status":"open","ping_status":"open","sticky":false,"template":"","format":"standard","meta":{"jetpack_post_was_ever_published":false,"_jetpack_newsletter_access":"","jetpack_publicize_message":"","jetpack_is_tweetstorm":false,"jetpack_publicize_feature_enabled":true,"jetpack_social_post_already_shared":true,"jetpack_social_options":{"image_generator_settings":{"template":"highway","enabled":false}}},"categories":[18,71,61],"tags":[],"jetpack_publicize_connections":[],"yoast_head":"<!-- This site is optimized with the Yoast SEO plugin v20.12 - https:\/\/yoast.com\/wordpress\/plugins\/seo\/ -->\n<title>Adlercreutz esitt\u00e4\u00e4 paikallisen sopimisen mallia - Anders Adlercreutz<\/title>\n<meta name=\"robots\" content=\"index, follow, max-snippet:-1, max-image-preview:large, max-video-preview:-1\" \/>\n<link rel=\"canonical\" href=\"https:\/\/andersadlercreutz.fi\/blog\/blog\/adlercreutz-esittaa-paikallisen-sopimisen-mallia\/\" \/>\n<meta property=\"og:locale\" content=\"sv_SE\" \/>\n<meta property=\"og:type\" content=\"article\" \/>\n<meta property=\"og:title\" content=\"Adlercreutz esitt\u00e4\u00e4 paikallisen sopimisen mallia - Anders Adlercreutz\" \/>\n<meta property=\"og:description\" content=\"Ruotsalaisen eduskuntaryhm\u00e4n puheenjohtaja Anders Adlercreutz haluaa vahvistaa sopimisen kulttuuria ja p\u00e4ivitt\u00e4\u00e4 sit\u00e4 nykyp\u00e4iv\u00e4n ty\u00f6markkinoiden tarpeisiin. Ajatuspaja Liberan raportissa \u201dKolme piristysruisketta Suomelle\u201d Adlercreutz esitt\u00e4\u00e4 yhdess\u00e4 Bj\u00f6rn Wahlroosin ja Janne Juuselan kanssa uudistuksia Suomen talouden vauhdittamiseksi. Adlercreutz esitt\u00e4\u00e4 julkaisussa Suomen olosuhteisiin r\u00e4\u00e4t\u00e4l\u00f6ity\u00e4 paikallisen sopimisen mallia. &#8211; Muutos ty\u00f6markkinoilla on v\u00e4\u00e4j\u00e4\u00e4m\u00e4t\u00f6n, toteaa Adlercreutz. Ty\u00f6n tekemisen tavat muuttuvat, ty\u00f6urat [&hellip;]\" \/>\n<meta property=\"og:url\" content=\"https:\/\/andersadlercreutz.fi\/blog\/blog\/adlercreutz-esittaa-paikallisen-sopimisen-mallia\/?lang=fi\" \/>\n<meta property=\"og:site_name\" content=\"Anders Adlercreutz\" \/>\n<meta property=\"article:published_time\" content=\"2021-12-16T09:54:57+00:00\" \/>\n<meta property=\"article:modified_time\" content=\"2021-12-16T10:05:35+00:00\" \/>\n<meta property=\"og:image\" content=\"https:\/\/i0.wp.com\/andersadlercreutz.fi\/blog\/wp-content\/uploads\/2020\/11\/781A6383.jpg?fit=1200%2C600&ssl=1\" \/>\n\t<meta property=\"og:image:width\" content=\"1200\" \/>\n\t<meta property=\"og:image:height\" content=\"600\" \/>\n\t<meta property=\"og:image:type\" content=\"image\/jpeg\" \/>\n<meta name=\"author\" content=\"Anders\" \/>\n<meta name=\"twitter:card\" content=\"summary_large_image\" \/>\n<meta name=\"twitter:label1\" content=\"Skriven av\" \/>\n\t<meta name=\"twitter:data1\" content=\"Anders\" \/>\n\t<meta name=\"twitter:label2\" content=\"Ber\u00e4knad l\u00e4stid\" \/>\n\t<meta name=\"twitter:data2\" content=\"1 minut\" \/>\n<script type=\"application\/ld+json\" class=\"yoast-schema-graph\">{\"@context\":\"https:\/\/schema.org\",\"@graph\":[{\"@type\":\"WebPage\",\"@id\":\"https:\/\/andersadlercreutz.fi\/blog\/blog\/adlercreutz-esittaa-paikallisen-sopimisen-mallia\/?lang=fi\",\"url\":\"https:\/\/andersadlercreutz.fi\/blog\/blog\/adlercreutz-esittaa-paikallisen-sopimisen-mallia\/?lang=fi\",\"name\":\"Adlercreutz esitt\u00e4\u00e4 paikallisen sopimisen mallia - Anders Adlercreutz\",\"isPartOf\":{\"@id\":\"https:\/\/andersadlercreutz.fi\/blog\/#website\"},\"datePublished\":\"2021-12-16T09:54:57+00:00\",\"dateModified\":\"2021-12-16T10:05:35+00:00\",\"author\":{\"@id\":\"https:\/\/andersadlercreutz.fi\/blog\/#\/schema\/person\/47d4b72eded862b484f74bb4b3a2354f\"},\"breadcrumb\":{\"@id\":\"https:\/\/andersadlercreutz.fi\/blog\/blog\/adlercreutz-esittaa-paikallisen-sopimisen-mallia\/?lang=fi#breadcrumb\"},\"inLanguage\":\"sv-SE\",\"potentialAction\":[{\"@type\":\"ReadAction\",\"target\":[\"https:\/\/andersadlercreutz.fi\/blog\/blog\/adlercreutz-esittaa-paikallisen-sopimisen-mallia\/?lang=fi\"]}]},{\"@type\":\"BreadcrumbList\",\"@id\":\"https:\/\/andersadlercreutz.fi\/blog\/blog\/adlercreutz-esittaa-paikallisen-sopimisen-mallia\/?lang=fi#breadcrumb\",\"itemListElement\":[{\"@type\":\"ListItem\",\"position\":1,\"name\":\"Home\",\"item\":\"https:\/\/andersadlercreutz.fi\/blog\/blogg\/?lang=sv\"},{\"@type\":\"ListItem\",\"position\":2,\"name\":\"Adlercreutz esitt\u00e4\u00e4 paikallisen sopimisen mallia\"}]},{\"@type\":\"WebSite\",\"@id\":\"https:\/\/andersadlercreutz.fi\/blog\/#website\",\"url\":\"https:\/\/andersadlercreutz.fi\/blog\/\",\"name\":\"Anders Adlercreutz\",\"description\":\"Du. Jag. Vi. Kest&auml;v&auml;sti optimisti\",\"potentialAction\":[{\"@type\":\"SearchAction\",\"target\":{\"@type\":\"EntryPoint\",\"urlTemplate\":\"https:\/\/andersadlercreutz.fi\/blog\/?s={search_term_string}\"},\"query-input\":\"required name=search_term_string\"}],\"inLanguage\":\"sv-SE\"},{\"@type\":\"Person\",\"@id\":\"https:\/\/andersadlercreutz.fi\/blog\/#\/schema\/person\/47d4b72eded862b484f74bb4b3a2354f\",\"name\":\"Anders\",\"image\":{\"@type\":\"ImageObject\",\"inLanguage\":\"sv-SE\",\"@id\":\"https:\/\/andersadlercreutz.fi\/blog\/#\/schema\/person\/image\/\",\"url\":\"https:\/\/secure.gravatar.com\/avatar\/a144c9bda7a581ff6fabba169027e620?s=96&d=mm&r=g\",\"contentUrl\":\"https:\/\/secure.gravatar.com\/avatar\/a144c9bda7a581ff6fabba169027e620?s=96&d=mm&r=g\",\"caption\":\"Anders\"},\"url\":\"https:\/\/andersadlercreutz.fi\/blog\/author\/admin\/\"}]}<\/script>\n<!-- \/ Yoast SEO plugin. -->","yoast_head_json":{"title":"Adlercreutz esitt\u00e4\u00e4 paikallisen sopimisen mallia - Anders Adlercreutz","robots":{"index":"index","follow":"follow","max-snippet":"max-snippet:-1","max-image-preview":"max-image-preview:large","max-video-preview":"max-video-preview:-1"},"canonical":"https:\/\/andersadlercreutz.fi\/blog\/blog\/adlercreutz-esittaa-paikallisen-sopimisen-mallia\/","og_locale":"sv_SE","og_type":"article","og_title":"Adlercreutz esitt\u00e4\u00e4 paikallisen sopimisen mallia - Anders Adlercreutz","og_description":"Ruotsalaisen eduskuntaryhm\u00e4n puheenjohtaja Anders Adlercreutz haluaa vahvistaa sopimisen kulttuuria ja p\u00e4ivitt\u00e4\u00e4 sit\u00e4 nykyp\u00e4iv\u00e4n ty\u00f6markkinoiden tarpeisiin. Ajatuspaja Liberan raportissa \u201dKolme piristysruisketta Suomelle\u201d Adlercreutz esitt\u00e4\u00e4 yhdess\u00e4 Bj\u00f6rn Wahlroosin ja Janne Juuselan kanssa uudistuksia Suomen talouden vauhdittamiseksi. Adlercreutz esitt\u00e4\u00e4 julkaisussa Suomen olosuhteisiin r\u00e4\u00e4t\u00e4l\u00f6ity\u00e4 paikallisen sopimisen mallia. &#8211; Muutos ty\u00f6markkinoilla on v\u00e4\u00e4j\u00e4\u00e4m\u00e4t\u00f6n, toteaa Adlercreutz. Ty\u00f6n tekemisen tavat muuttuvat, ty\u00f6urat [&hellip;]","og_url":"https:\/\/andersadlercreutz.fi\/blog\/blog\/adlercreutz-esittaa-paikallisen-sopimisen-mallia\/?lang=fi","og_site_name":"Anders Adlercreutz","article_published_time":"2021-12-16T09:54:57+00:00","article_modified_time":"2021-12-16T10:05:35+00:00","og_image":[{"width":1200,"height":600,"url":"https:\/\/i0.wp.com\/andersadlercreutz.fi\/blog\/wp-content\/uploads\/2020\/11\/781A6383.jpg?fit=1200%2C600&ssl=1","type":"image\/jpeg"}],"author":"Anders","twitter_card":"summary_large_image","twitter_misc":{"Skriven av":"Anders","Ber\u00e4knad l\u00e4stid":"1 minut"},"schema":{"@context":"https:\/\/schema.org","@graph":[{"@type":"WebPage","@id":"https:\/\/andersadlercreutz.fi\/blog\/blog\/adlercreutz-esittaa-paikallisen-sopimisen-mallia\/?lang=fi","url":"https:\/\/andersadlercreutz.fi\/blog\/blog\/adlercreutz-esittaa-paikallisen-sopimisen-mallia\/?lang=fi","name":"Adlercreutz esitt\u00e4\u00e4 paikallisen sopimisen mallia - Anders Adlercreutz","isPartOf":{"@id":"https:\/\/andersadlercreutz.fi\/blog\/#website"},"datePublished":"2021-12-16T09:54:57+00:00","dateModified":"2021-12-16T10:05:35+00:00","author":{"@id":"https:\/\/andersadlercreutz.fi\/blog\/#\/schema\/person\/47d4b72eded862b484f74bb4b3a2354f"},"breadcrumb":{"@id":"https:\/\/andersadlercreutz.fi\/blog\/blog\/adlercreutz-esittaa-paikallisen-sopimisen-mallia\/?lang=fi#breadcrumb"},"inLanguage":"sv-SE","potentialAction":[{"@type":"ReadAction","target":["https:\/\/andersadlercreutz.fi\/blog\/blog\/adlercreutz-esittaa-paikallisen-sopimisen-mallia\/?lang=fi"]}]},{"@type":"BreadcrumbList","@id":"https:\/\/andersadlercreutz.fi\/blog\/blog\/adlercreutz-esittaa-paikallisen-sopimisen-mallia\/?lang=fi#breadcrumb","itemListElement":[{"@type":"ListItem","position":1,"name":"Home","item":"https:\/\/andersadlercreutz.fi\/blog\/blogg\/?lang=sv"},{"@type":"ListItem","position":2,"name":"Adlercreutz esitt\u00e4\u00e4 paikallisen sopimisen mallia"}]},{"@type":"WebSite","@id":"https:\/\/andersadlercreutz.fi\/blog\/#website","url":"https:\/\/andersadlercreutz.fi\/blog\/","name":"Anders Adlercreutz","description":"Du. Jag. Vi. Kest&auml;v&auml;sti optimisti","potentialAction":[{"@type":"SearchAction","target":{"@type":"EntryPoint","urlTemplate":"https:\/\/andersadlercreutz.fi\/blog\/?s={search_term_string}"},"query-input":"required name=search_term_string"}],"inLanguage":"sv-SE"},{"@type":"Person","@id":"https:\/\/andersadlercreutz.fi\/blog\/#\/schema\/person\/47d4b72eded862b484f74bb4b3a2354f","name":"Anders","image":{"@type":"ImageObject","inLanguage":"sv-SE","@id":"https:\/\/andersadlercreutz.fi\/blog\/#\/schema\/person\/image\/","url":"https:\/\/secure.gravatar.com\/avatar\/a144c9bda7a581ff6fabba169027e620?s=96&d=mm&r=g","contentUrl":"https:\/\/secure.gravatar.com\/avatar\/a144c9bda7a581ff6fabba169027e620?s=96&d=mm&r=g","caption":"Anders"},"url":"https:\/\/andersadlercreutz.fi\/blog\/author\/admin\/"}]}},"jetpack_featured_media_url":"https:\/\/i0.wp.com\/andersadlercreutz.fi\/blog\/wp-content\/uploads\/2020\/11\/781A6383.jpg?fit=1200%2C600&ssl=1","jetpack_shortlink":"https:\/\/wp.me\/p4T6Dh-1Qn","jetpack_sharing_enabled":true,"_links":{"self":[{"href":"https:\/\/andersadlercreutz.fi\/blog\/wp-json\/wp\/v2\/posts\/7091"}],"collection":[{"href":"https:\/\/andersadlercreutz.fi\/blog\/wp-json\/wp\/v2\/posts"}],"about":[{"href":"https:\/\/andersadlercreutz.fi\/blog\/wp-json\/wp\/v2\/types\/post"}],"author":[{"embeddable":true,"href":"https:\/\/andersadlercreutz.fi\/blog\/wp-json\/wp\/v2\/users\/1"}],"replies":[{"embeddable":true,"href":"https:\/\/andersadlercreutz.fi\/blog\/wp-json\/wp\/v2\/comments?post=7091"}],"version-history":[{"count":2,"href":"https:\/\/andersadlercreutz.fi\/blog\/wp-json\/wp\/v2\/posts\/7091\/revisions"}],"predecessor-version":[{"id":7095,"href":"https:\/\/andersadlercreutz.fi\/blog\/wp-json\/wp\/v2\/posts\/7091\/revisions\/7095"}],"wp:featuredmedia":[{"embeddable":true,"href":"https:\/\/andersadlercreutz.fi\/blog\/wp-json\/wp\/v2\/media\/6646"}],"wp:attachment":[{"href":"https:\/\/andersadlercreutz.fi\/blog\/wp-json\/wp\/v2\/media?parent=7091"}],"wp:term":[{"taxonomy":"category","embeddable":true,"href":"https:\/\/andersadlercreutz.fi\/blog\/wp-json\/wp\/v2\/categories?post=7091"},{"taxonomy":"post_tag","embeddable":true,"href":"https:\/\/andersadlercreutz.fi\/blog\/wp-json\/wp\/v2\/tags?post=7091"}],"curies":[{"name":"wp","href":"https:\/\/api.w.org\/{rel}","templated":true}]}}