{"id":7114,"date":"2022-01-15T17:05:07","date_gmt":"2022-01-15T15:05:07","guid":{"rendered":"https:\/\/andersadlercreutz.fi\/blog\/?p=7114"},"modified":"2022-01-17T12:23:40","modified_gmt":"2022-01-17T10:23:40","slug":"rosta-for-battre-vard-och-omsorg","status":"publish","type":"post","link":"https:\/\/andersadlercreutz.fi\/blog\/blogg\/rosta-for-battre-vard-och-omsorg\/","title":{"rendered":"R\u00f6sta f\u00f6r b\u00e4ttre v\u00e5rd och omsorg"},"content":{"rendered":"<p>Om drygt en vecka g\u00e5r Finland till val i sitt f\u00f6rsta v\u00e4lf\u00e4rdsomr\u00e5desval. Svenska riksdagsgruppens ordf\u00f6rande Anders Adlercreutz betonar vikten av att g\u00e5 och r\u00f6sta, trots att det nya valet k\u00e4nns fr\u00e4mmande f\u00f6r m\u00e5nga.<\/p>\n<p>&#8211; Detta val handlar om hur vi f\u00e5r v\u00e5rd och hj\u00e4lp i framtiden. Valresultatet kommer att inverka p\u00e5 hur din m\u00f6jlighet till v\u00e5rd ser ut i framtiden och hur r\u00e4ddningsv\u00e4sendet fungerar. Det \u00e4r service som ber\u00f6r oss alla. Men om vi inte som r\u00f6stare ber\u00e4ttar att det h\u00e4r \u00e4r viktigt g\u00e5r utvecklingen kanske inte i den riktning vi vill ha den. D\u00e4rf\u00f6r \u00e4r det viktigt att vi alla g\u00f6r v\u00e5r r\u00f6st h\u00f6rd i detta val, s\u00e4ger Adlercreutz.<\/p>\n<p>F\u00f6r SFP \u00e4r det viktigt att v\u00e5rden och omsorgen nu blir smidigare och att alla f\u00e5r den v\u00e5rd de beh\u00f6ver, p\u00e5 sitt eget modersm\u00e5l, p\u00e5 rimligt avst\u00e5nd.<\/p>\n<p>&#8211; F\u00f6r oss \u00e4r det viktigt att alla f\u00e5r den v\u00e5rd och hj\u00e4lp de beh\u00f6ver och att de nya v\u00e4lf\u00e4rdsomr\u00e5dena kan erbjuda m\u00e5ngsidig sjukv\u00e5rd som \u00e4r l\u00e4ttillg\u00e4nglig f\u00f6r alla. D\u00e4rf\u00f6r \u00e4r det s\u00e5 viktigt att allas r\u00f6ster h\u00f6rs i valet.<\/p>\n<p>&#8211; Allas r\u00e4tt till god v\u00e5rd och omsorg m\u00e5ste tryggas oberoende av var i landet man bor och oberoende av ens inkomst, ocks\u00e5 i framtiden. Inom v\u00e5rden ska m\u00e4nniskan alltid vara i fokus, s\u00e4ger Adlercreutz.<\/p>\n<p>Till\u00e4ggsinformation:<br \/>\nAnders Adlercreutz, tfn. 044 9810191<\/p>\n","protected":false},"excerpt":{"rendered":"<p>Om drygt en vecka g\u00e5r Finland till val i sitt f\u00f6rsta v\u00e4lf\u00e4rdsomr\u00e5desval. Svenska riksdagsgruppens ordf\u00f6rande Anders Adlercreutz betonar vikten av att g\u00e5 och r\u00f6sta, trots att det nya valet k\u00e4nns fr\u00e4mmande f\u00f6r m\u00e5nga. &#8211; Detta val handlar om hur vi f\u00e5r v\u00e5rd och hj\u00e4lp i framtiden. Valresultatet kommer att inverka p\u00e5 hur din m\u00f6jlighet till [&hellip;]<\/p>\n","protected":false},"author":1,"featured_media":6672,"comment_status":"open","ping_status":"open","sticky":false,"template":"","format":"standard","meta":{"jetpack_post_was_ever_published":false,"_jetpack_newsletter_access":"","jetpack_publicize_message":"","jetpack_is_tweetstorm":false,"jetpack_publicize_feature_enabled":true,"jetpack_social_post_already_shared":true,"jetpack_social_options":{"image_generator_settings":{"template":"highway","enabled":false}}},"categories":[45,72,88,74],"tags":[],"jetpack_publicize_connections":[],"yoast_head":"<!-- This site is optimized with the Yoast SEO plugin v20.12 - https:\/\/yoast.com\/wordpress\/plugins\/seo\/ -->\n<title>R\u00f6sta f\u00f6r b\u00e4ttre v\u00e5rd och omsorg - Anders Adlercreutz<\/title>\n<meta name=\"description\" content=\"Detta val handlar om hur vi f\u00e5r v\u00e5rd och hj\u00e4lp i framtiden. Valresultatet kommer att inverka p\u00e5 hur din m\u00f6jlighet till v\u00e5rd ser ut i framtiden och hur r\u00e4ddningsv\u00e4sendet fungerar. Det \u00e4r service som ber\u00f6r oss alla. Men om vi inte som r\u00f6stare ber\u00e4ttar att det h\u00e4r \u00e4r viktigt g\u00e5r utvecklingen kanske inte i den riktning vi vill ha den. D\u00e4rf\u00f6r \u00e4r det viktigt att vi alla g\u00f6r v\u00e5r r\u00f6st h\u00f6rd i detta val, s\u00e4ger Adlercreutz.\" \/>\n<meta name=\"robots\" content=\"index, follow, max-snippet:-1, max-image-preview:large, max-video-preview:-1\" \/>\n<link rel=\"canonical\" href=\"https:\/\/andersadlercreutz.fi\/blog\/blogg\/rosta-for-battre-vard-och-omsorg\/\" \/>\n<meta property=\"og:locale\" content=\"sv_SE\" \/>\n<meta property=\"og:type\" content=\"article\" \/>\n<meta property=\"og:title\" content=\"R\u00f6sta f\u00f6r b\u00e4ttre v\u00e5rd och omsorg - Anders Adlercreutz\" \/>\n<meta property=\"og:description\" content=\"Detta val handlar om hur vi f\u00e5r v\u00e5rd och hj\u00e4lp i framtiden. Valresultatet kommer att inverka p\u00e5 hur din m\u00f6jlighet till v\u00e5rd ser ut i framtiden och hur r\u00e4ddningsv\u00e4sendet fungerar. Det \u00e4r service som ber\u00f6r oss alla. Men om vi inte som r\u00f6stare ber\u00e4ttar att det h\u00e4r \u00e4r viktigt g\u00e5r utvecklingen kanske inte i den riktning vi vill ha den. D\u00e4rf\u00f6r \u00e4r det viktigt att vi alla g\u00f6r v\u00e5r r\u00f6st h\u00f6rd i detta val, s\u00e4ger Adlercreutz.\" \/>\n<meta property=\"og:url\" content=\"https:\/\/andersadlercreutz.fi\/blog\/blogg\/rosta-for-battre-vard-och-omsorg\/\" \/>\n<meta property=\"og:site_name\" content=\"Anders Adlercreutz\" \/>\n<meta property=\"article:published_time\" content=\"2022-01-15T15:05:07+00:00\" \/>\n<meta property=\"article:modified_time\" content=\"2022-01-17T10:23:40+00:00\" \/>\n<meta property=\"og:image\" content=\"https:\/\/i0.wp.com\/andersadlercreutz.fi\/blog\/wp-content\/uploads\/2020\/11\/781A6526.jpg?fit=1200%2C600&ssl=1\" \/>\n\t<meta property=\"og:image:width\" content=\"1200\" \/>\n\t<meta property=\"og:image:height\" content=\"600\" \/>\n\t<meta property=\"og:image:type\" content=\"image\/jpeg\" \/>\n<meta name=\"author\" content=\"Anders\" \/>\n<meta name=\"twitter:card\" content=\"summary_large_image\" \/>\n<meta name=\"twitter:label1\" content=\"Skriven av\" \/>\n\t<meta name=\"twitter:data1\" content=\"Anders\" \/>\n\t<meta name=\"twitter:label2\" content=\"Ber\u00e4knad l\u00e4stid\" \/>\n\t<meta name=\"twitter:data2\" content=\"1 minut\" \/>\n<script type=\"application\/ld+json\" class=\"yoast-schema-graph\">{\"@context\":\"https:\/\/schema.org\",\"@graph\":[{\"@type\":\"WebPage\",\"@id\":\"https:\/\/andersadlercreutz.fi\/blog\/blogg\/rosta-for-battre-vard-och-omsorg\/\",\"url\":\"https:\/\/andersadlercreutz.fi\/blog\/blogg\/rosta-for-battre-vard-och-omsorg\/\",\"name\":\"R\u00f6sta f\u00f6r b\u00e4ttre v\u00e5rd och omsorg - Anders Adlercreutz\",\"isPartOf\":{\"@id\":\"https:\/\/andersadlercreutz.fi\/blog\/#website\"},\"datePublished\":\"2022-01-15T15:05:07+00:00\",\"dateModified\":\"2022-01-17T10:23:40+00:00\",\"author\":{\"@id\":\"https:\/\/andersadlercreutz.fi\/blog\/#\/schema\/person\/47d4b72eded862b484f74bb4b3a2354f\"},\"description\":\"Detta val handlar om hur vi f\u00e5r v\u00e5rd och hj\u00e4lp i framtiden. Valresultatet kommer att inverka p\u00e5 hur din m\u00f6jlighet till v\u00e5rd ser ut i framtiden och hur r\u00e4ddningsv\u00e4sendet fungerar. Det \u00e4r service som ber\u00f6r oss alla. Men om vi inte som r\u00f6stare ber\u00e4ttar att det h\u00e4r \u00e4r viktigt g\u00e5r utvecklingen kanske inte i den riktning vi vill ha den. D\u00e4rf\u00f6r \u00e4r det viktigt att vi alla g\u00f6r v\u00e5r r\u00f6st h\u00f6rd i detta val, s\u00e4ger Adlercreutz.\",\"breadcrumb\":{\"@id\":\"https:\/\/andersadlercreutz.fi\/blog\/blogg\/rosta-for-battre-vard-och-omsorg\/#breadcrumb\"},\"inLanguage\":\"sv-SE\",\"potentialAction\":[{\"@type\":\"ReadAction\",\"target\":[\"https:\/\/andersadlercreutz.fi\/blog\/blogg\/rosta-for-battre-vard-och-omsorg\/\"]}]},{\"@type\":\"BreadcrumbList\",\"@id\":\"https:\/\/andersadlercreutz.fi\/blog\/blogg\/rosta-for-battre-vard-och-omsorg\/#breadcrumb\",\"itemListElement\":[{\"@type\":\"ListItem\",\"position\":1,\"name\":\"Home\",\"item\":\"https:\/\/andersadlercreutz.fi\/blog\/blogg\/?lang=sv\"},{\"@type\":\"ListItem\",\"position\":2,\"name\":\"R\u00f6sta f\u00f6r b\u00e4ttre v\u00e5rd och omsorg\"}]},{\"@type\":\"WebSite\",\"@id\":\"https:\/\/andersadlercreutz.fi\/blog\/#website\",\"url\":\"https:\/\/andersadlercreutz.fi\/blog\/\",\"name\":\"Anders Adlercreutz\",\"description\":\"Du. Jag. Vi. Kest&auml;v&auml;sti optimisti\",\"potentialAction\":[{\"@type\":\"SearchAction\",\"target\":{\"@type\":\"EntryPoint\",\"urlTemplate\":\"https:\/\/andersadlercreutz.fi\/blog\/?s={search_term_string}\"},\"query-input\":\"required name=search_term_string\"}],\"inLanguage\":\"sv-SE\"},{\"@type\":\"Person\",\"@id\":\"https:\/\/andersadlercreutz.fi\/blog\/#\/schema\/person\/47d4b72eded862b484f74bb4b3a2354f\",\"name\":\"Anders\",\"image\":{\"@type\":\"ImageObject\",\"inLanguage\":\"sv-SE\",\"@id\":\"https:\/\/andersadlercreutz.fi\/blog\/#\/schema\/person\/image\/\",\"url\":\"https:\/\/secure.gravatar.com\/avatar\/a144c9bda7a581ff6fabba169027e620?s=96&d=mm&r=g\",\"contentUrl\":\"https:\/\/secure.gravatar.com\/avatar\/a144c9bda7a581ff6fabba169027e620?s=96&d=mm&r=g\",\"caption\":\"Anders\"},\"url\":\"https:\/\/andersadlercreutz.fi\/blog\/author\/admin\/\"}]}<\/script>\n<!-- \/ Yoast SEO plugin. -->","yoast_head_json":{"title":"R\u00f6sta f\u00f6r b\u00e4ttre v\u00e5rd och omsorg - Anders Adlercreutz","description":"Detta val handlar om hur vi f\u00e5r v\u00e5rd och hj\u00e4lp i framtiden. Valresultatet kommer att inverka p\u00e5 hur din m\u00f6jlighet till v\u00e5rd ser ut i framtiden och hur r\u00e4ddningsv\u00e4sendet fungerar. Det \u00e4r service som ber\u00f6r oss alla. Men om vi inte som r\u00f6stare ber\u00e4ttar att det h\u00e4r \u00e4r viktigt g\u00e5r utvecklingen kanske inte i den riktning vi vill ha den. D\u00e4rf\u00f6r \u00e4r det viktigt att vi alla g\u00f6r v\u00e5r r\u00f6st h\u00f6rd i detta val, s\u00e4ger Adlercreutz.","robots":{"index":"index","follow":"follow","max-snippet":"max-snippet:-1","max-image-preview":"max-image-preview:large","max-video-preview":"max-video-preview:-1"},"canonical":"https:\/\/andersadlercreutz.fi\/blog\/blogg\/rosta-for-battre-vard-och-omsorg\/","og_locale":"sv_SE","og_type":"article","og_title":"R\u00f6sta f\u00f6r b\u00e4ttre v\u00e5rd och omsorg - Anders Adlercreutz","og_description":"Detta val handlar om hur vi f\u00e5r v\u00e5rd och hj\u00e4lp i framtiden. Valresultatet kommer att inverka p\u00e5 hur din m\u00f6jlighet till v\u00e5rd ser ut i framtiden och hur r\u00e4ddningsv\u00e4sendet fungerar. Det \u00e4r service som ber\u00f6r oss alla. Men om vi inte som r\u00f6stare ber\u00e4ttar att det h\u00e4r \u00e4r viktigt g\u00e5r utvecklingen kanske inte i den riktning vi vill ha den. D\u00e4rf\u00f6r \u00e4r det viktigt att vi alla g\u00f6r v\u00e5r r\u00f6st h\u00f6rd i detta val, s\u00e4ger Adlercreutz.","og_url":"https:\/\/andersadlercreutz.fi\/blog\/blogg\/rosta-for-battre-vard-och-omsorg\/","og_site_name":"Anders Adlercreutz","article_published_time":"2022-01-15T15:05:07+00:00","article_modified_time":"2022-01-17T10:23:40+00:00","og_image":[{"width":1200,"height":600,"url":"https:\/\/i0.wp.com\/andersadlercreutz.fi\/blog\/wp-content\/uploads\/2020\/11\/781A6526.jpg?fit=1200%2C600&ssl=1","type":"image\/jpeg"}],"author":"Anders","twitter_card":"summary_large_image","twitter_misc":{"Skriven av":"Anders","Ber\u00e4knad l\u00e4stid":"1 minut"},"schema":{"@context":"https:\/\/schema.org","@graph":[{"@type":"WebPage","@id":"https:\/\/andersadlercreutz.fi\/blog\/blogg\/rosta-for-battre-vard-och-omsorg\/","url":"https:\/\/andersadlercreutz.fi\/blog\/blogg\/rosta-for-battre-vard-och-omsorg\/","name":"R\u00f6sta f\u00f6r b\u00e4ttre v\u00e5rd och omsorg - Anders Adlercreutz","isPartOf":{"@id":"https:\/\/andersadlercreutz.fi\/blog\/#website"},"datePublished":"2022-01-15T15:05:07+00:00","dateModified":"2022-01-17T10:23:40+00:00","author":{"@id":"https:\/\/andersadlercreutz.fi\/blog\/#\/schema\/person\/47d4b72eded862b484f74bb4b3a2354f"},"description":"Detta val handlar om hur vi f\u00e5r v\u00e5rd och hj\u00e4lp i framtiden. Valresultatet kommer att inverka p\u00e5 hur din m\u00f6jlighet till v\u00e5rd ser ut i framtiden och hur r\u00e4ddningsv\u00e4sendet fungerar. Det \u00e4r service som ber\u00f6r oss alla. Men om vi inte som r\u00f6stare ber\u00e4ttar att det h\u00e4r \u00e4r viktigt g\u00e5r utvecklingen kanske inte i den riktning vi vill ha den. D\u00e4rf\u00f6r \u00e4r det viktigt att vi alla g\u00f6r v\u00e5r r\u00f6st h\u00f6rd i detta val, s\u00e4ger Adlercreutz.","breadcrumb":{"@id":"https:\/\/andersadlercreutz.fi\/blog\/blogg\/rosta-for-battre-vard-och-omsorg\/#breadcrumb"},"inLanguage":"sv-SE","potentialAction":[{"@type":"ReadAction","target":["https:\/\/andersadlercreutz.fi\/blog\/blogg\/rosta-for-battre-vard-och-omsorg\/"]}]},{"@type":"BreadcrumbList","@id":"https:\/\/andersadlercreutz.fi\/blog\/blogg\/rosta-for-battre-vard-och-omsorg\/#breadcrumb","itemListElement":[{"@type":"ListItem","position":1,"name":"Home","item":"https:\/\/andersadlercreutz.fi\/blog\/blogg\/?lang=sv"},{"@type":"ListItem","position":2,"name":"R\u00f6sta f\u00f6r b\u00e4ttre v\u00e5rd och omsorg"}]},{"@type":"WebSite","@id":"https:\/\/andersadlercreutz.fi\/blog\/#website","url":"https:\/\/andersadlercreutz.fi\/blog\/","name":"Anders Adlercreutz","description":"Du. Jag. Vi. Kest&auml;v&auml;sti optimisti","potentialAction":[{"@type":"SearchAction","target":{"@type":"EntryPoint","urlTemplate":"https:\/\/andersadlercreutz.fi\/blog\/?s={search_term_string}"},"query-input":"required name=search_term_string"}],"inLanguage":"sv-SE"},{"@type":"Person","@id":"https:\/\/andersadlercreutz.fi\/blog\/#\/schema\/person\/47d4b72eded862b484f74bb4b3a2354f","name":"Anders","image":{"@type":"ImageObject","inLanguage":"sv-SE","@id":"https:\/\/andersadlercreutz.fi\/blog\/#\/schema\/person\/image\/","url":"https:\/\/secure.gravatar.com\/avatar\/a144c9bda7a581ff6fabba169027e620?s=96&d=mm&r=g","contentUrl":"https:\/\/secure.gravatar.com\/avatar\/a144c9bda7a581ff6fabba169027e620?s=96&d=mm&r=g","caption":"Anders"},"url":"https:\/\/andersadlercreutz.fi\/blog\/author\/admin\/"}]}},"jetpack_featured_media_url":"https:\/\/i0.wp.com\/andersadlercreutz.fi\/blog\/wp-content\/uploads\/2020\/11\/781A6526.jpg?fit=1200%2C600&ssl=1","jetpack_shortlink":"https:\/\/wp.me\/p4T6Dh-1QK","jetpack_sharing_enabled":true,"_links":{"self":[{"href":"https:\/\/andersadlercreutz.fi\/blog\/wp-json\/wp\/v2\/posts\/7114"}],"collection":[{"href":"https:\/\/andersadlercreutz.fi\/blog\/wp-json\/wp\/v2\/posts"}],"about":[{"href":"https:\/\/andersadlercreutz.fi\/blog\/wp-json\/wp\/v2\/types\/post"}],"author":[{"embeddable":true,"href":"https:\/\/andersadlercreutz.fi\/blog\/wp-json\/wp\/v2\/users\/1"}],"replies":[{"embeddable":true,"href":"https:\/\/andersadlercreutz.fi\/blog\/wp-json\/wp\/v2\/comments?post=7114"}],"version-history":[{"count":1,"href":"https:\/\/andersadlercreutz.fi\/blog\/wp-json\/wp\/v2\/posts\/7114\/revisions"}],"predecessor-version":[{"id":7115,"href":"https:\/\/andersadlercreutz.fi\/blog\/wp-json\/wp\/v2\/posts\/7114\/revisions\/7115"}],"wp:featuredmedia":[{"embeddable":true,"href":"https:\/\/andersadlercreutz.fi\/blog\/wp-json\/wp\/v2\/media\/6672"}],"wp:attachment":[{"href":"https:\/\/andersadlercreutz.fi\/blog\/wp-json\/wp\/v2\/media?parent=7114"}],"wp:term":[{"taxonomy":"category","embeddable":true,"href":"https:\/\/andersadlercreutz.fi\/blog\/wp-json\/wp\/v2\/categories?post=7114"},{"taxonomy":"post_tag","embeddable":true,"href":"https:\/\/andersadlercreutz.fi\/blog\/wp-json\/wp\/v2\/tags?post=7114"}],"curies":[{"name":"wp","href":"https:\/\/api.w.org\/{rel}","templated":true}]}}