{"id":7122,"date":"2022-01-22T18:14:43","date_gmt":"2022-01-22T16:14:43","guid":{"rendered":"https:\/\/andersadlercreutz.fi\/blog\/?p=7122"},"modified":"2022-01-22T18:17:24","modified_gmt":"2022-01-22T16:17:24","slug":"din-rost-hors-bara-om-du-rostar","status":"publish","type":"post","link":"https:\/\/andersadlercreutz.fi\/blog\/blogg\/din-rost-hors-bara-om-du-rostar\/","title":{"rendered":"Din r\u00f6st h\u00f6rs bara om du r\u00f6star.\u00a0"},"content":{"rendered":"<p>T\u00e4nk p\u00e5 en situation d\u00e5 du beh\u00f6vt hj\u00e4lp. T\u00e4nk p\u00e5 dagen d\u00e5 ni fick ett barn. T\u00e4nk p\u00e5 den g\u00e5ngen, d\u00e5 n\u00e5gon n\u00e4rst\u00e5ende var tvungen att kalla p\u00e5 ambulansen. T\u00e4nk p\u00e5 v\u00e5rden du beh\u00f6ver n\u00e4r du \u00e4r \u00e4ldre eller p\u00e5 den hj\u00e4lp du eller en kompis fick i skolan d\u00e5 det k\u00e4ndes k\u00e4mpigt.<span class=\"Apple-converted-space\">\u00a0<\/span><\/p>\n<p>Alla de h\u00e4r fr\u00e5gorna ber\u00f6rs i det kommande v\u00e4lf\u00e4rdsomr\u00e5desvalet. De h\u00e4r \u00e4r alla fr\u00e5gor som det kommande v\u00e4lf\u00e4rdsomr\u00e5dets fullm\u00e4ktige har ansvar f\u00f6r.<span class=\"Apple-converted-space\">\u00a0<\/span><\/p>\n<p>D\u00e4rf\u00f6r \u00e4r det h\u00e4r valet s\u00e5 viktigt. Och d\u00e4rf\u00f6r \u00e4r det viktigt att ocks\u00e5 du r\u00f6star.<span class=\"Apple-converted-space\">\u00a0<\/span><\/p>\n<p>Det handlar inte bara om en administrativ niv\u00e5. Visst, en s\u00e5dan skapas, f\u00f6r att en s\u00e5dan beh\u00f6vs. Men det \u00e4r bara taket under vilket all denna viktiga service skall bo.<span class=\"Apple-converted-space\">\u00a0<\/span><\/p>\n<p>Det kommande v\u00e4lf\u00e4rdsomr\u00e5desvalet handlar om hur vi ordnar dessa tj\u00e4nster. Eftersom inte alla kommuner klarar av att sk\u00f6ta dem sj\u00e4lva flyttas de nu \u00f6ver till en st\u00f6rre organisation f\u00f6r att vi p\u00e5 s\u00e5 s\u00e4tt skall kunna sk\u00f6ta dessa tj\u00e4nster effektivare och mer j\u00e4mlikt.<span class=\"Apple-converted-space\">\u00a0<\/span><\/p>\n<p>Den organisationen m\u00e5ste styras demokratiskt, och de som styr dem v\u00e4ljs i det kommande valet.<span class=\"Apple-converted-space\">\u00a0<\/span><\/p>\n<blockquote><p>Men om man du inte r\u00f6star blir inte din r\u00f6st h\u00f6rd. Om inte vi som r\u00f6stare ber\u00e4ttar att det h\u00e4r \u00e4r viktigt, d\u00e5 g\u00e5r utvecklingen kanske inte i den riktning vi vill.<\/p><\/blockquote>\n<p>F\u00f6r SFP \u00e4r den lokala servicen viktig. Ocks\u00e5 de sm\u00e5 r\u00f6sterna skall h\u00f6ras. Individen skall synas i reformen och speciellt nu, n\u00e4r den kommande servicestruktureran byggs \u00e4r det viktigt att allas r\u00f6ster h\u00f6rs i valet, ocks\u00e5 din.<span class=\"Apple-converted-space\">\u00a0<\/span><\/p>\n<p>V\u00e4stnyland \u00e4r ett stort omr\u00e5de. Vi har stora centra och glesbygd. F\u00f6r att fullm\u00e4ktige skall ha f\u00f6rst\u00e5else f\u00f6r hela omr\u00e5det s\u00e5 m\u00e5ste vi r\u00f6sta in m\u00e4nniskor som har den f\u00f6rst\u00e5elsen. Lokalk\u00e4nnedom f\u00f6ds inte av sig sj\u00e4lvt utan lokalk\u00e4nnedom m\u00e5ste r\u00f6stas in i v\u00e4lf\u00e4rdsomr\u00e5dets fullm\u00e4ktige.<span class=\"Apple-converted-space\">\u00a0<\/span><\/p>\n<p>D\u00e4rf\u00f6r \u00e4r det viktigt att du g\u00f6r din r\u00f6st h\u00f6rd.<span class=\"Apple-converted-space\">\u00a0<\/span><\/p>\n","protected":false},"excerpt":{"rendered":"<p>T\u00e4nk p\u00e5 en situation d\u00e5 du beh\u00f6vt hj\u00e4lp. T\u00e4nk p\u00e5 dagen d\u00e5 ni fick ett barn. T\u00e4nk p\u00e5 den g\u00e5ngen, d\u00e5 n\u00e5gon n\u00e4rst\u00e5ende var tvungen att kalla p\u00e5 ambulansen. T\u00e4nk p\u00e5 v\u00e5rden du beh\u00f6ver n\u00e4r du \u00e4r \u00e4ldre eller p\u00e5 den hj\u00e4lp du eller en kompis fick i skolan d\u00e5 det k\u00e4ndes k\u00e4mpigt.\u00a0 Alla de [&hellip;]<\/p>\n","protected":false},"author":1,"featured_media":6675,"comment_status":"open","ping_status":"open","sticky":false,"template":"","format":"standard","meta":{"jetpack_post_was_ever_published":false,"_jetpack_newsletter_access":"","jetpack_publicize_message":"","jetpack_is_tweetstorm":false,"jetpack_publicize_feature_enabled":true,"jetpack_social_post_already_shared":true,"jetpack_social_options":{"image_generator_settings":{"template":"highway","enabled":false}}},"categories":[45,88,74,78],"tags":[],"jetpack_publicize_connections":[],"yoast_head":"<!-- This site is optimized with the Yoast SEO plugin v20.12 - https:\/\/yoast.com\/wordpress\/plugins\/seo\/ -->\n<title>Din r\u00f6st h\u00f6rs bara om du r\u00f6star.\u00a0 - Anders Adlercreutz<\/title>\n<meta name=\"robots\" content=\"index, follow, max-snippet:-1, max-image-preview:large, max-video-preview:-1\" \/>\n<link rel=\"canonical\" href=\"https:\/\/andersadlercreutz.fi\/blog\/blogg\/din-rost-hors-bara-om-du-rostar\/\" \/>\n<meta property=\"og:locale\" content=\"sv_SE\" \/>\n<meta property=\"og:type\" content=\"article\" \/>\n<meta property=\"og:title\" content=\"Din r\u00f6st h\u00f6rs bara om du r\u00f6star.\u00a0 - Anders Adlercreutz\" \/>\n<meta property=\"og:description\" content=\"T\u00e4nk p\u00e5 en situation d\u00e5 du beh\u00f6vt hj\u00e4lp. T\u00e4nk p\u00e5 dagen d\u00e5 ni fick ett barn. T\u00e4nk p\u00e5 den g\u00e5ngen, d\u00e5 n\u00e5gon n\u00e4rst\u00e5ende var tvungen att kalla p\u00e5 ambulansen. T\u00e4nk p\u00e5 v\u00e5rden du beh\u00f6ver n\u00e4r du \u00e4r \u00e4ldre eller p\u00e5 den hj\u00e4lp du eller en kompis fick i skolan d\u00e5 det k\u00e4ndes k\u00e4mpigt.\u00a0 Alla de [&hellip;]\" \/>\n<meta property=\"og:url\" content=\"https:\/\/andersadlercreutz.fi\/blog\/blogg\/din-rost-hors-bara-om-du-rostar\/\" \/>\n<meta property=\"og:site_name\" content=\"Anders Adlercreutz\" \/>\n<meta property=\"article:published_time\" content=\"2022-01-22T16:14:43+00:00\" \/>\n<meta property=\"article:modified_time\" content=\"2022-01-22T16:17:24+00:00\" \/>\n<meta property=\"og:image\" content=\"https:\/\/i0.wp.com\/andersadlercreutz.fi\/blog\/wp-content\/uploads\/2020\/11\/781A6540.jpg?fit=1200%2C600&ssl=1\" \/>\n\t<meta property=\"og:image:width\" content=\"1200\" \/>\n\t<meta property=\"og:image:height\" content=\"600\" \/>\n\t<meta property=\"og:image:type\" content=\"image\/jpeg\" \/>\n<meta name=\"author\" content=\"Anders\" \/>\n<meta name=\"twitter:card\" content=\"summary_large_image\" \/>\n<meta name=\"twitter:label1\" content=\"Skriven av\" \/>\n\t<meta name=\"twitter:data1\" content=\"Anders\" \/>\n\t<meta name=\"twitter:label2\" content=\"Ber\u00e4knad l\u00e4stid\" \/>\n\t<meta name=\"twitter:data2\" content=\"2 minuter\" \/>\n<script type=\"application\/ld+json\" class=\"yoast-schema-graph\">{\"@context\":\"https:\/\/schema.org\",\"@graph\":[{\"@type\":\"WebPage\",\"@id\":\"https:\/\/andersadlercreutz.fi\/blog\/blogg\/din-rost-hors-bara-om-du-rostar\/\",\"url\":\"https:\/\/andersadlercreutz.fi\/blog\/blogg\/din-rost-hors-bara-om-du-rostar\/\",\"name\":\"Din r\u00f6st h\u00f6rs bara om du r\u00f6star.\u00a0 - Anders Adlercreutz\",\"isPartOf\":{\"@id\":\"https:\/\/andersadlercreutz.fi\/blog\/#website\"},\"datePublished\":\"2022-01-22T16:14:43+00:00\",\"dateModified\":\"2022-01-22T16:17:24+00:00\",\"author\":{\"@id\":\"https:\/\/andersadlercreutz.fi\/blog\/#\/schema\/person\/47d4b72eded862b484f74bb4b3a2354f\"},\"breadcrumb\":{\"@id\":\"https:\/\/andersadlercreutz.fi\/blog\/blogg\/din-rost-hors-bara-om-du-rostar\/#breadcrumb\"},\"inLanguage\":\"sv-SE\",\"potentialAction\":[{\"@type\":\"ReadAction\",\"target\":[\"https:\/\/andersadlercreutz.fi\/blog\/blogg\/din-rost-hors-bara-om-du-rostar\/\"]}]},{\"@type\":\"BreadcrumbList\",\"@id\":\"https:\/\/andersadlercreutz.fi\/blog\/blogg\/din-rost-hors-bara-om-du-rostar\/#breadcrumb\",\"itemListElement\":[{\"@type\":\"ListItem\",\"position\":1,\"name\":\"Home\",\"item\":\"https:\/\/andersadlercreutz.fi\/blog\/blogg\/?lang=sv\"},{\"@type\":\"ListItem\",\"position\":2,\"name\":\"Din r\u00f6st h\u00f6rs bara om du r\u00f6star.\u00a0\"}]},{\"@type\":\"WebSite\",\"@id\":\"https:\/\/andersadlercreutz.fi\/blog\/#website\",\"url\":\"https:\/\/andersadlercreutz.fi\/blog\/\",\"name\":\"Anders Adlercreutz\",\"description\":\"Du. Jag. Vi. Kest&auml;v&auml;sti optimisti\",\"potentialAction\":[{\"@type\":\"SearchAction\",\"target\":{\"@type\":\"EntryPoint\",\"urlTemplate\":\"https:\/\/andersadlercreutz.fi\/blog\/?s={search_term_string}\"},\"query-input\":\"required name=search_term_string\"}],\"inLanguage\":\"sv-SE\"},{\"@type\":\"Person\",\"@id\":\"https:\/\/andersadlercreutz.fi\/blog\/#\/schema\/person\/47d4b72eded862b484f74bb4b3a2354f\",\"name\":\"Anders\",\"image\":{\"@type\":\"ImageObject\",\"inLanguage\":\"sv-SE\",\"@id\":\"https:\/\/andersadlercreutz.fi\/blog\/#\/schema\/person\/image\/\",\"url\":\"https:\/\/secure.gravatar.com\/avatar\/a144c9bda7a581ff6fabba169027e620?s=96&d=mm&r=g\",\"contentUrl\":\"https:\/\/secure.gravatar.com\/avatar\/a144c9bda7a581ff6fabba169027e620?s=96&d=mm&r=g\",\"caption\":\"Anders\"},\"url\":\"https:\/\/andersadlercreutz.fi\/blog\/author\/admin\/\"}]}<\/script>\n<!-- \/ Yoast SEO plugin. -->","yoast_head_json":{"title":"Din r\u00f6st h\u00f6rs bara om du r\u00f6star.\u00a0 - Anders Adlercreutz","robots":{"index":"index","follow":"follow","max-snippet":"max-snippet:-1","max-image-preview":"max-image-preview:large","max-video-preview":"max-video-preview:-1"},"canonical":"https:\/\/andersadlercreutz.fi\/blog\/blogg\/din-rost-hors-bara-om-du-rostar\/","og_locale":"sv_SE","og_type":"article","og_title":"Din r\u00f6st h\u00f6rs bara om du r\u00f6star.\u00a0 - Anders Adlercreutz","og_description":"T\u00e4nk p\u00e5 en situation d\u00e5 du beh\u00f6vt hj\u00e4lp. T\u00e4nk p\u00e5 dagen d\u00e5 ni fick ett barn. T\u00e4nk p\u00e5 den g\u00e5ngen, d\u00e5 n\u00e5gon n\u00e4rst\u00e5ende var tvungen att kalla p\u00e5 ambulansen. T\u00e4nk p\u00e5 v\u00e5rden du beh\u00f6ver n\u00e4r du \u00e4r \u00e4ldre eller p\u00e5 den hj\u00e4lp du eller en kompis fick i skolan d\u00e5 det k\u00e4ndes k\u00e4mpigt.\u00a0 Alla de [&hellip;]","og_url":"https:\/\/andersadlercreutz.fi\/blog\/blogg\/din-rost-hors-bara-om-du-rostar\/","og_site_name":"Anders Adlercreutz","article_published_time":"2022-01-22T16:14:43+00:00","article_modified_time":"2022-01-22T16:17:24+00:00","og_image":[{"width":1200,"height":600,"url":"https:\/\/i0.wp.com\/andersadlercreutz.fi\/blog\/wp-content\/uploads\/2020\/11\/781A6540.jpg?fit=1200%2C600&ssl=1","type":"image\/jpeg"}],"author":"Anders","twitter_card":"summary_large_image","twitter_misc":{"Skriven av":"Anders","Ber\u00e4knad l\u00e4stid":"2 minuter"},"schema":{"@context":"https:\/\/schema.org","@graph":[{"@type":"WebPage","@id":"https:\/\/andersadlercreutz.fi\/blog\/blogg\/din-rost-hors-bara-om-du-rostar\/","url":"https:\/\/andersadlercreutz.fi\/blog\/blogg\/din-rost-hors-bara-om-du-rostar\/","name":"Din r\u00f6st h\u00f6rs bara om du r\u00f6star.\u00a0 - Anders Adlercreutz","isPartOf":{"@id":"https:\/\/andersadlercreutz.fi\/blog\/#website"},"datePublished":"2022-01-22T16:14:43+00:00","dateModified":"2022-01-22T16:17:24+00:00","author":{"@id":"https:\/\/andersadlercreutz.fi\/blog\/#\/schema\/person\/47d4b72eded862b484f74bb4b3a2354f"},"breadcrumb":{"@id":"https:\/\/andersadlercreutz.fi\/blog\/blogg\/din-rost-hors-bara-om-du-rostar\/#breadcrumb"},"inLanguage":"sv-SE","potentialAction":[{"@type":"ReadAction","target":["https:\/\/andersadlercreutz.fi\/blog\/blogg\/din-rost-hors-bara-om-du-rostar\/"]}]},{"@type":"BreadcrumbList","@id":"https:\/\/andersadlercreutz.fi\/blog\/blogg\/din-rost-hors-bara-om-du-rostar\/#breadcrumb","itemListElement":[{"@type":"ListItem","position":1,"name":"Home","item":"https:\/\/andersadlercreutz.fi\/blog\/blogg\/?lang=sv"},{"@type":"ListItem","position":2,"name":"Din r\u00f6st h\u00f6rs bara om du r\u00f6star.\u00a0"}]},{"@type":"WebSite","@id":"https:\/\/andersadlercreutz.fi\/blog\/#website","url":"https:\/\/andersadlercreutz.fi\/blog\/","name":"Anders Adlercreutz","description":"Du. Jag. Vi. Kest&auml;v&auml;sti optimisti","potentialAction":[{"@type":"SearchAction","target":{"@type":"EntryPoint","urlTemplate":"https:\/\/andersadlercreutz.fi\/blog\/?s={search_term_string}"},"query-input":"required name=search_term_string"}],"inLanguage":"sv-SE"},{"@type":"Person","@id":"https:\/\/andersadlercreutz.fi\/blog\/#\/schema\/person\/47d4b72eded862b484f74bb4b3a2354f","name":"Anders","image":{"@type":"ImageObject","inLanguage":"sv-SE","@id":"https:\/\/andersadlercreutz.fi\/blog\/#\/schema\/person\/image\/","url":"https:\/\/secure.gravatar.com\/avatar\/a144c9bda7a581ff6fabba169027e620?s=96&d=mm&r=g","contentUrl":"https:\/\/secure.gravatar.com\/avatar\/a144c9bda7a581ff6fabba169027e620?s=96&d=mm&r=g","caption":"Anders"},"url":"https:\/\/andersadlercreutz.fi\/blog\/author\/admin\/"}]}},"jetpack_featured_media_url":"https:\/\/i0.wp.com\/andersadlercreutz.fi\/blog\/wp-content\/uploads\/2020\/11\/781A6540.jpg?fit=1200%2C600&ssl=1","jetpack_shortlink":"https:\/\/wp.me\/p4T6Dh-1QS","jetpack_sharing_enabled":true,"_links":{"self":[{"href":"https:\/\/andersadlercreutz.fi\/blog\/wp-json\/wp\/v2\/posts\/7122"}],"collection":[{"href":"https:\/\/andersadlercreutz.fi\/blog\/wp-json\/wp\/v2\/posts"}],"about":[{"href":"https:\/\/andersadlercreutz.fi\/blog\/wp-json\/wp\/v2\/types\/post"}],"author":[{"embeddable":true,"href":"https:\/\/andersadlercreutz.fi\/blog\/wp-json\/wp\/v2\/users\/1"}],"replies":[{"embeddable":true,"href":"https:\/\/andersadlercreutz.fi\/blog\/wp-json\/wp\/v2\/comments?post=7122"}],"version-history":[{"count":2,"href":"https:\/\/andersadlercreutz.fi\/blog\/wp-json\/wp\/v2\/posts\/7122\/revisions"}],"predecessor-version":[{"id":7124,"href":"https:\/\/andersadlercreutz.fi\/blog\/wp-json\/wp\/v2\/posts\/7122\/revisions\/7124"}],"wp:featuredmedia":[{"embeddable":true,"href":"https:\/\/andersadlercreutz.fi\/blog\/wp-json\/wp\/v2\/media\/6675"}],"wp:attachment":[{"href":"https:\/\/andersadlercreutz.fi\/blog\/wp-json\/wp\/v2\/media?parent=7122"}],"wp:term":[{"taxonomy":"category","embeddable":true,"href":"https:\/\/andersadlercreutz.fi\/blog\/wp-json\/wp\/v2\/categories?post=7122"},{"taxonomy":"post_tag","embeddable":true,"href":"https:\/\/andersadlercreutz.fi\/blog\/wp-json\/wp\/v2\/tags?post=7122"}],"curies":[{"name":"wp","href":"https:\/\/api.w.org\/{rel}","templated":true}]}}