{"id":7228,"date":"2022-02-09T15:01:46","date_gmt":"2022-02-09T13:01:46","guid":{"rendered":"https:\/\/andersadlercreutz.fi\/blog\/?p=7228"},"modified":"2022-02-09T17:36:36","modified_gmt":"2022-02-09T15:36:36","slug":"adlercreutz-ja-biaudet-nimitetty-pohjoismaiden-neuvostoon","status":"publish","type":"post","link":"https:\/\/andersadlercreutz.fi\/blog\/lehdistotiedote\/adlercreutz-ja-biaudet-nimitetty-pohjoismaiden-neuvostoon\/?lang=fi","title":{"rendered":"Adlercreutz ja Biaudet nimitetty Pohjoismaiden neuvostoon"},"content":{"rendered":"<div class=\"excerpt\">\n<p><a href=\"https:\/\/i0.wp.com\/andersadlercreutz.fi\/blog\/wp-content\/uploads\/2022\/02\/Anders-och-Eva.jpg?ssl=1\"><img decoding=\"async\" loading=\"lazy\" class=\"alignnone size-large wp-image-7221\" src=\"https:\/\/i0.wp.com\/andersadlercreutz.fi\/blog\/wp-content\/uploads\/2022\/02\/Anders-och-Eva-1030x515.jpg?resize=1030%2C515&#038;ssl=1\" alt=\"\" width=\"1030\" height=\"515\" srcset=\"https:\/\/i0.wp.com\/andersadlercreutz.fi\/blog\/wp-content\/uploads\/2022\/02\/Anders-och-Eva.jpg?resize=1030%2C515&amp;ssl=1 1030w, https:\/\/i0.wp.com\/andersadlercreutz.fi\/blog\/wp-content\/uploads\/2022\/02\/Anders-och-Eva.jpg?resize=300%2C150&amp;ssl=1 300w, https:\/\/i0.wp.com\/andersadlercreutz.fi\/blog\/wp-content\/uploads\/2022\/02\/Anders-och-Eva.jpg?resize=705%2C353&amp;ssl=1 705w, https:\/\/i0.wp.com\/andersadlercreutz.fi\/blog\/wp-content\/uploads\/2022\/02\/Anders-och-Eva.jpg?resize=450%2C225&amp;ssl=1 450w, https:\/\/i0.wp.com\/andersadlercreutz.fi\/blog\/wp-content\/uploads\/2022\/02\/Anders-och-Eva.jpg?w=1250&amp;ssl=1 1250w\" sizes=\"(max-width: 1030px) 100vw, 1030px\" data-recalc-dims=\"1\" \/><\/a><\/p>\n<p>\u2013 Tarvitsemme yhteisen n\u00e4kemyksen Pohjoismaiden tulevaisuudesta.<\/p>\n<\/div>\n<div class=\"resizable\">\n<p>Ruotsalaisen eduskuntaryhm\u00e4n puheenjohtaja Anders Adlercreutz on valittu Pohjoismaiden neuvoston varsinaiseksi j\u00e4seneksi. Adlercreutz on aiemmin toiminut varaj\u00e4senen\u00e4 ryhm\u00e4ss\u00e4. H\u00e4n seuraa teht\u00e4v\u00e4ss\u00e4 kansanedustaja Joakim Strandia. Uudeksi varaj\u00e4seneksi on valittu kansanedustaja Eva Biaudet. Adlercreutz ja Biaudet ovat osa Pohjoismaiden neuvoston Keskiryhm\u00e4\u00e4.<b>\u00a0<\/b><\/p>\n<p>Suomi toimii Pohjoismaiden neuvoston puheenjohtajamaana vuonna 2022. Adlercreutz per\u00e4\u00e4nkuuluttaa keskustelua Pohjoismaiden tulevaisuudesta.<\/p>\n<p>\u2013 Suomen puheenjohtajuusvuonna neuvosto keskittyy sosiaaliseen ja kest\u00e4v\u00e4\u00e4n Pohjolaan, turvalliseen Pohjolaan, kansalaisille rajattomaan Pohjolaan sek\u00e4 kansainv\u00e4liseen ja tulevaisuustietoiseen Pohjolaan. Pandemian j\u00e4lkeen n\u00e4m\u00e4 asiat tuntuvat entist\u00e4kin t\u00e4rkeimmilt\u00e4. Kuten puheenjohtajuusvuoden julistuksessa todetaan, tarvitsemme yhteisen n\u00e4kemyksen siit\u00e4, mihin maailma on menossa ja mik\u00e4 osa meill\u00e4 siin\u00e4 on, jotta voimme ratkaista yhteiset haasteet yhteisen\u00e4 rintamana, Adlercreutz sanoo.<\/p>\n<p>Adlercreutz muistuttaa, ett\u00e4 Pohjoismaiden neuvosto viett\u00e4\u00e4 t\u00e4n\u00e4 vuonna 70-vuotisjuhlavuottaan.<\/p>\n<p>\u2013 Se antaa meille erinomaisen mahdollisuuden etsi\u00e4 yhdess\u00e4 ty\u00f6skentelytapoja, jotka voisivat tehd\u00e4 pohjoismaisesta yhteisty\u00f6st\u00e4 tehokkaampaa ja strategisempaa.<\/p>\n<p>Eva Biaudet korostaa pohjoismaisten teemojen laajuutta.<\/p>\n<p>-On t\u00e4rke\u00e4\u00e4 panostaa Pohjoismaiden v\u00e4liseen ty\u00f6skentelyyn, eik\u00e4 sit\u00e4 voi koskaan pit\u00e4\u00e4 itsest\u00e4\u00e4nselvyyten\u00e4. Pohjoismainen humanismi, tasa-arvo ja ihmisoikeuksien kunnioittaminen ovat osoittaneet arvonsa monin tavoin, eik\u00e4 v\u00e4hiten hyvinvoinnin muodossa. Pyrimme mahdollisimman rajattomaan Pohjolaan. Jokainen meist\u00e4 voittaa, kun vuorovaikutusta tiivistet\u00e4\u00e4n, niin ihmisten v\u00e4lill\u00e4 kuin pohjoismaisten instituutioidenkin v\u00e4lill\u00e4. Meill\u00e4 RKP-poliitikoilla on erityinen vastuu Pohjoisesta \u2013 kotiseudustamme, Biaudet sanoo.<\/p>\n<p>Teht\u00e4v\u00e4st\u00e4 v\u00e4istyv\u00e4 Joakim Strand jatkaa pohjoismaisten asioiden parissa.<\/p>\n<p>\u2013 Tuntuu hyv\u00e4lt\u00e4 luovuttaa mandaatti eteenp\u00e4in Andersille ja Evalle kolmen antoisan vuoden j\u00e4lkeen Pohjoismaiden neuvostossa, sen kasvu- ja kehitysvaliokunnassa ja Keskiryhm\u00e4ss\u00e4. Muut luottamustoimeni kuten Merenkurkun neuvoston EGTS:n puheenjohtajuus, vaatii yh\u00e4 enemm\u00e4n aikaa. Nyt kun uusi lautta on satamassa, ty\u00f6skentelemme alueellisten s\u00e4hk\u00f6lentojen ja pohjoismaisen akkuvy\u00f6hykkeen parissa sek\u00e4 selvit\u00e4mme erilaisia \u200b\u200behdotuksia kiinte\u00e4st\u00e4 yhteydest\u00e4 Merenkurkun v\u00e4lill\u00e4, Strand kertoo.<\/p>\n<\/div>\n","protected":false},"excerpt":{"rendered":"<p>\u2013 Tarvitsemme yhteisen n\u00e4kemyksen Pohjoismaiden tulevaisuudesta. Ruotsalaisen eduskuntaryhm\u00e4n puheenjohtaja Anders Adlercreutz on valittu Pohjoismaiden neuvoston varsinaiseksi j\u00e4seneksi. Adlercreutz on aiemmin toiminut varaj\u00e4senen\u00e4 ryhm\u00e4ss\u00e4. H\u00e4n seuraa teht\u00e4v\u00e4ss\u00e4 kansanedustaja Joakim Strandia. Uudeksi varaj\u00e4seneksi on valittu kansanedustaja Eva Biaudet. Adlercreutz ja Biaudet ovat osa Pohjoismaiden neuvoston Keskiryhm\u00e4\u00e4.\u00a0 Suomi toimii Pohjoismaiden neuvoston puheenjohtajamaana vuonna 2022. Adlercreutz per\u00e4\u00e4nkuuluttaa keskustelua Pohjoismaiden [&hellip;]<\/p>\n","protected":false},"author":1,"featured_media":0,"comment_status":"open","ping_status":"open","sticky":false,"template":"","format":"standard","meta":{"jetpack_post_was_ever_published":false,"_jetpack_newsletter_access":"","jetpack_publicize_message":"","jetpack_is_tweetstorm":false,"jetpack_publicize_feature_enabled":true,"jetpack_social_post_already_shared":true,"jetpack_social_options":{"image_generator_settings":{"template":"highway","enabled":false}}},"categories":[71],"tags":[],"jetpack_publicize_connections":[],"yoast_head":"<!-- This site is optimized with the Yoast SEO plugin v20.12 - https:\/\/yoast.com\/wordpress\/plugins\/seo\/ -->\n<title>Adlercreutz ja Biaudet nimitetty Pohjoismaiden neuvostoon - Anders Adlercreutz<\/title>\n<meta name=\"robots\" content=\"index, follow, max-snippet:-1, max-image-preview:large, max-video-preview:-1\" \/>\n<link rel=\"canonical\" href=\"https:\/\/andersadlercreutz.fi\/blog\/lehdistotiedote\/adlercreutz-ja-biaudet-nimitetty-pohjoismaiden-neuvostoon\/\" \/>\n<meta property=\"og:locale\" content=\"sv_SE\" \/>\n<meta property=\"og:type\" content=\"article\" \/>\n<meta property=\"og:title\" content=\"Adlercreutz ja Biaudet nimitetty Pohjoismaiden neuvostoon - Anders Adlercreutz\" \/>\n<meta property=\"og:description\" content=\"\u2013 Tarvitsemme yhteisen n\u00e4kemyksen Pohjoismaiden tulevaisuudesta. Ruotsalaisen eduskuntaryhm\u00e4n puheenjohtaja Anders Adlercreutz on valittu Pohjoismaiden neuvoston varsinaiseksi j\u00e4seneksi. Adlercreutz on aiemmin toiminut varaj\u00e4senen\u00e4 ryhm\u00e4ss\u00e4. H\u00e4n seuraa teht\u00e4v\u00e4ss\u00e4 kansanedustaja Joakim Strandia. Uudeksi varaj\u00e4seneksi on valittu kansanedustaja Eva Biaudet. Adlercreutz ja Biaudet ovat osa Pohjoismaiden neuvoston Keskiryhm\u00e4\u00e4.\u00a0 Suomi toimii Pohjoismaiden neuvoston puheenjohtajamaana vuonna 2022. Adlercreutz per\u00e4\u00e4nkuuluttaa keskustelua Pohjoismaiden [&hellip;]\" \/>\n<meta property=\"og:url\" content=\"https:\/\/andersadlercreutz.fi\/blog\/lehdistotiedote\/adlercreutz-ja-biaudet-nimitetty-pohjoismaiden-neuvostoon\/?lang=fi\" \/>\n<meta property=\"og:site_name\" content=\"Anders Adlercreutz\" \/>\n<meta property=\"article:published_time\" content=\"2022-02-09T13:01:46+00:00\" \/>\n<meta property=\"article:modified_time\" content=\"2022-02-09T15:36:36+00:00\" \/>\n<meta property=\"og:image\" content=\"https:\/\/andersadlercreutz.fi\/blog\/wp-content\/uploads\/2022\/02\/Anders-och-Eva-1030x515.jpg\" \/>\n<meta name=\"author\" content=\"Anders\" \/>\n<meta name=\"twitter:card\" content=\"summary_large_image\" \/>\n<meta name=\"twitter:label1\" content=\"Skriven av\" \/>\n\t<meta name=\"twitter:data1\" content=\"Anders\" \/>\n\t<meta name=\"twitter:label2\" content=\"Ber\u00e4knad l\u00e4stid\" \/>\n\t<meta name=\"twitter:data2\" content=\"1 minut\" \/>\n<script type=\"application\/ld+json\" class=\"yoast-schema-graph\">{\"@context\":\"https:\/\/schema.org\",\"@graph\":[{\"@type\":\"WebPage\",\"@id\":\"https:\/\/andersadlercreutz.fi\/blog\/lehdistotiedote\/adlercreutz-ja-biaudet-nimitetty-pohjoismaiden-neuvostoon\/?lang=fi\",\"url\":\"https:\/\/andersadlercreutz.fi\/blog\/lehdistotiedote\/adlercreutz-ja-biaudet-nimitetty-pohjoismaiden-neuvostoon\/?lang=fi\",\"name\":\"Adlercreutz ja Biaudet nimitetty Pohjoismaiden neuvostoon - Anders Adlercreutz\",\"isPartOf\":{\"@id\":\"https:\/\/andersadlercreutz.fi\/blog\/#website\"},\"datePublished\":\"2022-02-09T13:01:46+00:00\",\"dateModified\":\"2022-02-09T15:36:36+00:00\",\"author\":{\"@id\":\"https:\/\/andersadlercreutz.fi\/blog\/#\/schema\/person\/47d4b72eded862b484f74bb4b3a2354f\"},\"breadcrumb\":{\"@id\":\"https:\/\/andersadlercreutz.fi\/blog\/lehdistotiedote\/adlercreutz-ja-biaudet-nimitetty-pohjoismaiden-neuvostoon\/?lang=fi#breadcrumb\"},\"inLanguage\":\"sv-SE\",\"potentialAction\":[{\"@type\":\"ReadAction\",\"target\":[\"https:\/\/andersadlercreutz.fi\/blog\/lehdistotiedote\/adlercreutz-ja-biaudet-nimitetty-pohjoismaiden-neuvostoon\/?lang=fi\"]}]},{\"@type\":\"BreadcrumbList\",\"@id\":\"https:\/\/andersadlercreutz.fi\/blog\/lehdistotiedote\/adlercreutz-ja-biaudet-nimitetty-pohjoismaiden-neuvostoon\/?lang=fi#breadcrumb\",\"itemListElement\":[{\"@type\":\"ListItem\",\"position\":1,\"name\":\"Home\",\"item\":\"https:\/\/andersadlercreutz.fi\/blog\/blogg\/?lang=sv\"},{\"@type\":\"ListItem\",\"position\":2,\"name\":\"Adlercreutz ja Biaudet nimitetty Pohjoismaiden neuvostoon\"}]},{\"@type\":\"WebSite\",\"@id\":\"https:\/\/andersadlercreutz.fi\/blog\/#website\",\"url\":\"https:\/\/andersadlercreutz.fi\/blog\/\",\"name\":\"Anders Adlercreutz\",\"description\":\"Du. Jag. Vi. Kest&auml;v&auml;sti optimisti\",\"potentialAction\":[{\"@type\":\"SearchAction\",\"target\":{\"@type\":\"EntryPoint\",\"urlTemplate\":\"https:\/\/andersadlercreutz.fi\/blog\/?s={search_term_string}\"},\"query-input\":\"required name=search_term_string\"}],\"inLanguage\":\"sv-SE\"},{\"@type\":\"Person\",\"@id\":\"https:\/\/andersadlercreutz.fi\/blog\/#\/schema\/person\/47d4b72eded862b484f74bb4b3a2354f\",\"name\":\"Anders\",\"image\":{\"@type\":\"ImageObject\",\"inLanguage\":\"sv-SE\",\"@id\":\"https:\/\/andersadlercreutz.fi\/blog\/#\/schema\/person\/image\/\",\"url\":\"https:\/\/secure.gravatar.com\/avatar\/a144c9bda7a581ff6fabba169027e620?s=96&d=mm&r=g\",\"contentUrl\":\"https:\/\/secure.gravatar.com\/avatar\/a144c9bda7a581ff6fabba169027e620?s=96&d=mm&r=g\",\"caption\":\"Anders\"},\"url\":\"https:\/\/andersadlercreutz.fi\/blog\/author\/admin\/\"}]}<\/script>\n<!-- \/ Yoast SEO plugin. -->","yoast_head_json":{"title":"Adlercreutz ja Biaudet nimitetty Pohjoismaiden neuvostoon - Anders Adlercreutz","robots":{"index":"index","follow":"follow","max-snippet":"max-snippet:-1","max-image-preview":"max-image-preview:large","max-video-preview":"max-video-preview:-1"},"canonical":"https:\/\/andersadlercreutz.fi\/blog\/lehdistotiedote\/adlercreutz-ja-biaudet-nimitetty-pohjoismaiden-neuvostoon\/","og_locale":"sv_SE","og_type":"article","og_title":"Adlercreutz ja Biaudet nimitetty Pohjoismaiden neuvostoon - Anders Adlercreutz","og_description":"\u2013 Tarvitsemme yhteisen n\u00e4kemyksen Pohjoismaiden tulevaisuudesta. Ruotsalaisen eduskuntaryhm\u00e4n puheenjohtaja Anders Adlercreutz on valittu Pohjoismaiden neuvoston varsinaiseksi j\u00e4seneksi. Adlercreutz on aiemmin toiminut varaj\u00e4senen\u00e4 ryhm\u00e4ss\u00e4. H\u00e4n seuraa teht\u00e4v\u00e4ss\u00e4 kansanedustaja Joakim Strandia. Uudeksi varaj\u00e4seneksi on valittu kansanedustaja Eva Biaudet. Adlercreutz ja Biaudet ovat osa Pohjoismaiden neuvoston Keskiryhm\u00e4\u00e4.\u00a0 Suomi toimii Pohjoismaiden neuvoston puheenjohtajamaana vuonna 2022. Adlercreutz per\u00e4\u00e4nkuuluttaa keskustelua Pohjoismaiden [&hellip;]","og_url":"https:\/\/andersadlercreutz.fi\/blog\/lehdistotiedote\/adlercreutz-ja-biaudet-nimitetty-pohjoismaiden-neuvostoon\/?lang=fi","og_site_name":"Anders Adlercreutz","article_published_time":"2022-02-09T13:01:46+00:00","article_modified_time":"2022-02-09T15:36:36+00:00","og_image":[{"url":"https:\/\/andersadlercreutz.fi\/blog\/wp-content\/uploads\/2022\/02\/Anders-och-Eva-1030x515.jpg"}],"author":"Anders","twitter_card":"summary_large_image","twitter_misc":{"Skriven av":"Anders","Ber\u00e4knad l\u00e4stid":"1 minut"},"schema":{"@context":"https:\/\/schema.org","@graph":[{"@type":"WebPage","@id":"https:\/\/andersadlercreutz.fi\/blog\/lehdistotiedote\/adlercreutz-ja-biaudet-nimitetty-pohjoismaiden-neuvostoon\/?lang=fi","url":"https:\/\/andersadlercreutz.fi\/blog\/lehdistotiedote\/adlercreutz-ja-biaudet-nimitetty-pohjoismaiden-neuvostoon\/?lang=fi","name":"Adlercreutz ja Biaudet nimitetty Pohjoismaiden neuvostoon - Anders Adlercreutz","isPartOf":{"@id":"https:\/\/andersadlercreutz.fi\/blog\/#website"},"datePublished":"2022-02-09T13:01:46+00:00","dateModified":"2022-02-09T15:36:36+00:00","author":{"@id":"https:\/\/andersadlercreutz.fi\/blog\/#\/schema\/person\/47d4b72eded862b484f74bb4b3a2354f"},"breadcrumb":{"@id":"https:\/\/andersadlercreutz.fi\/blog\/lehdistotiedote\/adlercreutz-ja-biaudet-nimitetty-pohjoismaiden-neuvostoon\/?lang=fi#breadcrumb"},"inLanguage":"sv-SE","potentialAction":[{"@type":"ReadAction","target":["https:\/\/andersadlercreutz.fi\/blog\/lehdistotiedote\/adlercreutz-ja-biaudet-nimitetty-pohjoismaiden-neuvostoon\/?lang=fi"]}]},{"@type":"BreadcrumbList","@id":"https:\/\/andersadlercreutz.fi\/blog\/lehdistotiedote\/adlercreutz-ja-biaudet-nimitetty-pohjoismaiden-neuvostoon\/?lang=fi#breadcrumb","itemListElement":[{"@type":"ListItem","position":1,"name":"Home","item":"https:\/\/andersadlercreutz.fi\/blog\/blogg\/?lang=sv"},{"@type":"ListItem","position":2,"name":"Adlercreutz ja Biaudet nimitetty Pohjoismaiden neuvostoon"}]},{"@type":"WebSite","@id":"https:\/\/andersadlercreutz.fi\/blog\/#website","url":"https:\/\/andersadlercreutz.fi\/blog\/","name":"Anders Adlercreutz","description":"Du. Jag. Vi. Kest&auml;v&auml;sti optimisti","potentialAction":[{"@type":"SearchAction","target":{"@type":"EntryPoint","urlTemplate":"https:\/\/andersadlercreutz.fi\/blog\/?s={search_term_string}"},"query-input":"required name=search_term_string"}],"inLanguage":"sv-SE"},{"@type":"Person","@id":"https:\/\/andersadlercreutz.fi\/blog\/#\/schema\/person\/47d4b72eded862b484f74bb4b3a2354f","name":"Anders","image":{"@type":"ImageObject","inLanguage":"sv-SE","@id":"https:\/\/andersadlercreutz.fi\/blog\/#\/schema\/person\/image\/","url":"https:\/\/secure.gravatar.com\/avatar\/a144c9bda7a581ff6fabba169027e620?s=96&d=mm&r=g","contentUrl":"https:\/\/secure.gravatar.com\/avatar\/a144c9bda7a581ff6fabba169027e620?s=96&d=mm&r=g","caption":"Anders"},"url":"https:\/\/andersadlercreutz.fi\/blog\/author\/admin\/"}]}},"jetpack_featured_media_url":"","jetpack_shortlink":"https:\/\/wp.me\/p4T6Dh-1SA","jetpack_sharing_enabled":true,"_links":{"self":[{"href":"https:\/\/andersadlercreutz.fi\/blog\/wp-json\/wp\/v2\/posts\/7228"}],"collection":[{"href":"https:\/\/andersadlercreutz.fi\/blog\/wp-json\/wp\/v2\/posts"}],"about":[{"href":"https:\/\/andersadlercreutz.fi\/blog\/wp-json\/wp\/v2\/types\/post"}],"author":[{"embeddable":true,"href":"https:\/\/andersadlercreutz.fi\/blog\/wp-json\/wp\/v2\/users\/1"}],"replies":[{"embeddable":true,"href":"https:\/\/andersadlercreutz.fi\/blog\/wp-json\/wp\/v2\/comments?post=7228"}],"version-history":[{"count":3,"href":"https:\/\/andersadlercreutz.fi\/blog\/wp-json\/wp\/v2\/posts\/7228\/revisions"}],"predecessor-version":[{"id":7231,"href":"https:\/\/andersadlercreutz.fi\/blog\/wp-json\/wp\/v2\/posts\/7228\/revisions\/7231"}],"wp:attachment":[{"href":"https:\/\/andersadlercreutz.fi\/blog\/wp-json\/wp\/v2\/media?parent=7228"}],"wp:term":[{"taxonomy":"category","embeddable":true,"href":"https:\/\/andersadlercreutz.fi\/blog\/wp-json\/wp\/v2\/categories?post=7228"},{"taxonomy":"post_tag","embeddable":true,"href":"https:\/\/andersadlercreutz.fi\/blog\/wp-json\/wp\/v2\/tags?post=7228"}],"curies":[{"name":"wp","href":"https:\/\/api.w.org\/{rel}","templated":true}]}}