{"id":7253,"date":"2022-02-22T19:19:04","date_gmt":"2022-02-22T17:19:04","guid":{"rendered":"https:\/\/andersadlercreutz.fi\/blog\/?p=7253"},"modified":"2022-02-22T19:19:04","modified_gmt":"2022-02-22T17:19:04","slug":"adlercreutz-venajan-toimista-vakava-kansainvalisen-oikeuden-loukkaus","status":"publish","type":"post","link":"https:\/\/andersadlercreutz.fi\/blog\/lehdistotiedote\/adlercreutz-venajan-toimista-vakava-kansainvalisen-oikeuden-loukkaus\/?lang=en","title":{"rendered":"Adlercreutz Ven\u00e4j\u00e4n toimista: Vakava kansainv\u00e4lisen oikeuden loukkaus"},"content":{"rendered":"<p><a href=\"https:\/\/i0.wp.com\/andersadlercreutz.fi\/blog\/wp-content\/uploads\/2020\/11\/781A6526.jpg?ssl=1\"><img decoding=\"async\" loading=\"lazy\" class=\"alignnone size-large wp-image-6670\" src=\"https:\/\/i0.wp.com\/andersadlercreutz.fi\/blog\/wp-content\/uploads\/2020\/11\/781A6526.jpg?resize=1030%2C515&#038;ssl=1\" alt=\"\" width=\"1030\" height=\"515\" srcset=\"https:\/\/i0.wp.com\/andersadlercreutz.fi\/blog\/wp-content\/uploads\/2020\/11\/781A6526.jpg?resize=1030%2C515&amp;ssl=1 1030w, https:\/\/i0.wp.com\/andersadlercreutz.fi\/blog\/wp-content\/uploads\/2020\/11\/781A6526.jpg?resize=300%2C150&amp;ssl=1 300w, https:\/\/i0.wp.com\/andersadlercreutz.fi\/blog\/wp-content\/uploads\/2020\/11\/781A6526.jpg?resize=705%2C353&amp;ssl=1 705w, https:\/\/i0.wp.com\/andersadlercreutz.fi\/blog\/wp-content\/uploads\/2020\/11\/781A6526.jpg?resize=450%2C225&amp;ssl=1 450w, https:\/\/i0.wp.com\/andersadlercreutz.fi\/blog\/wp-content\/uploads\/2020\/11\/781A6526.jpg?w=1200&amp;ssl=1 1200w\" sizes=\"(max-width: 1030px) 100vw, 1030px\" data-recalc-dims=\"1\" \/><\/a><\/p>\n<p>-Viimeisen vuorokauden tapahtumat ovat rikos kansainv\u00e4list\u00e4 oikeutta kohtaan, ne ovat rikos Ukrainaa kohtaan. Ne ovat my\u00f6s v\u00e4\u00e4rin ven\u00e4j\u00e4n kansaa kohtaan, ja niill\u00e4 tulee olemaan vakavat seuraukset, painottaa ruotsalaisen eduskuntaryhm\u00e4n puheenjohtaja Anders Adlercreutz eduskunnan ulko- ja turvallisuuspoliittisessa keskustelussa tiistaina.<\/p>\n<p>Ven\u00e4j\u00e4n presidentti\u00a0Vladimir Putin\u00a0tunnusti eilen It\u00e4-Ukrainan separatistialueet itsen\u00e4isiksi. Adlercreutz tuomitsee Ven\u00e4j\u00e4n toimet.<\/p>\n<p>-Osa eurooppalaisesta maasta on miehitetty. Ukrainan itsem\u00e4\u00e4r\u00e4\u00e4misoikeutta on rikottu. Tuemme Ukrainaa ja Ukrainan kansaa. Suomi edellytt\u00e4\u00e4 Ven\u00e4j\u00e4n pid\u00e4tt\u00e4ytyv\u00e4n sotilaallisista toimista, sanoo Adlercreutz.<\/p>\n<p>-On selv\u00e4\u00e4, ett\u00e4 pelaamme Euroopassa t\u00e4ysin eri s\u00e4\u00e4nn\u00f6ill\u00e4 kuin Ven\u00e4j\u00e4. Siit\u00e4 huolimatta diplomatialle pit\u00e4\u00e4 antaa sijaa. Mutta se, onko sill\u00e4 oikeita mahdollisuuksia, on t\u00e4ysin Ven\u00e4j\u00e4n k\u00e4siss\u00e4. EU:sta se ei ole ollut kiinni, eik\u00e4 tule olemaan. Emme voi hyv\u00e4ksy\u00e4 ajatusta siit\u00e4, ett\u00e4 toisen maailmansodan j\u00e4lkeisi\u00e4 periaatteita voisi n\u00e4in rikkoa, p\u00e4\u00e4tt\u00e4\u00e4 Adlercreutz.<\/p>\n","protected":false},"excerpt":{"rendered":"<p>-Viimeisen vuorokauden tapahtumat ovat rikos kansainv\u00e4list\u00e4 oikeutta kohtaan, ne ovat rikos Ukrainaa kohtaan. Ne ovat my\u00f6s v\u00e4\u00e4rin ven\u00e4j\u00e4n kansaa kohtaan, ja niill\u00e4 tulee olemaan vakavat seuraukset, painottaa ruotsalaisen eduskuntaryhm\u00e4n puheenjohtaja Anders Adlercreutz eduskunnan ulko- ja turvallisuuspoliittisessa keskustelussa tiistaina. Ven\u00e4j\u00e4n presidentti\u00a0Vladimir Putin\u00a0tunnusti eilen It\u00e4-Ukrainan separatistialueet itsen\u00e4isiksi. Adlercreutz tuomitsee Ven\u00e4j\u00e4n toimet. -Osa eurooppalaisesta maasta on miehitetty. Ukrainan [&hellip;]<\/p>\n","protected":false},"author":1,"featured_media":0,"comment_status":"open","ping_status":"open","sticky":false,"template":"","format":"standard","meta":{"jetpack_post_was_ever_published":false,"_jetpack_newsletter_access":"","jetpack_publicize_message":"","jetpack_is_tweetstorm":false,"jetpack_publicize_feature_enabled":true,"jetpack_social_post_already_shared":true,"jetpack_social_options":{"image_generator_settings":{"template":"highway","enabled":false}}},"categories":[71],"tags":[],"jetpack_publicize_connections":[],"yoast_head":"<!-- This site is optimized with the Yoast SEO plugin v20.12 - https:\/\/yoast.com\/wordpress\/plugins\/seo\/ -->\n<title>Adlercreutz Ven\u00e4j\u00e4n toimista: Vakava kansainv\u00e4lisen oikeuden loukkaus - Anders Adlercreutz<\/title>\n<meta name=\"robots\" content=\"index, follow, max-snippet:-1, max-image-preview:large, max-video-preview:-1\" \/>\n<link rel=\"canonical\" href=\"https:\/\/andersadlercreutz.fi\/blog\/lehdistotiedote\/adlercreutz-venajan-toimista-vakava-kansainvalisen-oikeuden-loukkaus\/\" \/>\n<meta property=\"og:locale\" content=\"sv_SE\" \/>\n<meta property=\"og:type\" content=\"article\" \/>\n<meta property=\"og:title\" content=\"Adlercreutz Ven\u00e4j\u00e4n toimista: Vakava kansainv\u00e4lisen oikeuden loukkaus - Anders Adlercreutz\" \/>\n<meta property=\"og:description\" content=\"-Viimeisen vuorokauden tapahtumat ovat rikos kansainv\u00e4list\u00e4 oikeutta kohtaan, ne ovat rikos Ukrainaa kohtaan. Ne ovat my\u00f6s v\u00e4\u00e4rin ven\u00e4j\u00e4n kansaa kohtaan, ja niill\u00e4 tulee olemaan vakavat seuraukset, painottaa ruotsalaisen eduskuntaryhm\u00e4n puheenjohtaja Anders Adlercreutz eduskunnan ulko- ja turvallisuuspoliittisessa keskustelussa tiistaina. Ven\u00e4j\u00e4n presidentti\u00a0Vladimir Putin\u00a0tunnusti eilen It\u00e4-Ukrainan separatistialueet itsen\u00e4isiksi. Adlercreutz tuomitsee Ven\u00e4j\u00e4n toimet. -Osa eurooppalaisesta maasta on miehitetty. Ukrainan [&hellip;]\" \/>\n<meta property=\"og:url\" content=\"https:\/\/andersadlercreutz.fi\/blog\/lehdistotiedote\/adlercreutz-venajan-toimista-vakava-kansainvalisen-oikeuden-loukkaus\/?lang=en\" \/>\n<meta property=\"og:site_name\" content=\"Anders Adlercreutz\" \/>\n<meta property=\"article:published_time\" content=\"2022-02-22T17:19:04+00:00\" \/>\n<meta property=\"og:image\" content=\"https:\/\/andersadlercreutz.fi\/blog\/wp-content\/uploads\/2020\/11\/781A6526-1030x515.jpg\" \/>\n<meta name=\"author\" content=\"Anders\" \/>\n<meta name=\"twitter:card\" content=\"summary_large_image\" \/>\n<meta name=\"twitter:label1\" content=\"Skriven av\" \/>\n\t<meta name=\"twitter:data1\" content=\"Anders\" \/>\n\t<meta name=\"twitter:label2\" content=\"Ber\u00e4knad l\u00e4stid\" \/>\n\t<meta name=\"twitter:data2\" content=\"1 minut\" \/>\n<script type=\"application\/ld+json\" class=\"yoast-schema-graph\">{\"@context\":\"https:\/\/schema.org\",\"@graph\":[{\"@type\":\"WebPage\",\"@id\":\"https:\/\/andersadlercreutz.fi\/blog\/lehdistotiedote\/adlercreutz-venajan-toimista-vakava-kansainvalisen-oikeuden-loukkaus\/?lang=en\",\"url\":\"https:\/\/andersadlercreutz.fi\/blog\/lehdistotiedote\/adlercreutz-venajan-toimista-vakava-kansainvalisen-oikeuden-loukkaus\/?lang=en\",\"name\":\"Adlercreutz Ven\u00e4j\u00e4n toimista: Vakava kansainv\u00e4lisen oikeuden loukkaus - Anders Adlercreutz\",\"isPartOf\":{\"@id\":\"https:\/\/andersadlercreutz.fi\/blog\/#website\"},\"datePublished\":\"2022-02-22T17:19:04+00:00\",\"dateModified\":\"2022-02-22T17:19:04+00:00\",\"author\":{\"@id\":\"https:\/\/andersadlercreutz.fi\/blog\/#\/schema\/person\/47d4b72eded862b484f74bb4b3a2354f\"},\"breadcrumb\":{\"@id\":\"https:\/\/andersadlercreutz.fi\/blog\/lehdistotiedote\/adlercreutz-venajan-toimista-vakava-kansainvalisen-oikeuden-loukkaus\/?lang=en#breadcrumb\"},\"inLanguage\":\"sv-SE\",\"potentialAction\":[{\"@type\":\"ReadAction\",\"target\":[\"https:\/\/andersadlercreutz.fi\/blog\/lehdistotiedote\/adlercreutz-venajan-toimista-vakava-kansainvalisen-oikeuden-loukkaus\/?lang=en\"]}]},{\"@type\":\"BreadcrumbList\",\"@id\":\"https:\/\/andersadlercreutz.fi\/blog\/lehdistotiedote\/adlercreutz-venajan-toimista-vakava-kansainvalisen-oikeuden-loukkaus\/?lang=en#breadcrumb\",\"itemListElement\":[{\"@type\":\"ListItem\",\"position\":1,\"name\":\"Home\",\"item\":\"https:\/\/andersadlercreutz.fi\/blog\/blogg\/?lang=sv\"},{\"@type\":\"ListItem\",\"position\":2,\"name\":\"Adlercreutz Ven\u00e4j\u00e4n toimista: Vakava kansainv\u00e4lisen oikeuden loukkaus\"}]},{\"@type\":\"WebSite\",\"@id\":\"https:\/\/andersadlercreutz.fi\/blog\/#website\",\"url\":\"https:\/\/andersadlercreutz.fi\/blog\/\",\"name\":\"Anders Adlercreutz\",\"description\":\"Du. Jag. Vi. Kest&auml;v&auml;sti optimisti\",\"potentialAction\":[{\"@type\":\"SearchAction\",\"target\":{\"@type\":\"EntryPoint\",\"urlTemplate\":\"https:\/\/andersadlercreutz.fi\/blog\/?s={search_term_string}\"},\"query-input\":\"required name=search_term_string\"}],\"inLanguage\":\"sv-SE\"},{\"@type\":\"Person\",\"@id\":\"https:\/\/andersadlercreutz.fi\/blog\/#\/schema\/person\/47d4b72eded862b484f74bb4b3a2354f\",\"name\":\"Anders\",\"image\":{\"@type\":\"ImageObject\",\"inLanguage\":\"sv-SE\",\"@id\":\"https:\/\/andersadlercreutz.fi\/blog\/#\/schema\/person\/image\/\",\"url\":\"https:\/\/secure.gravatar.com\/avatar\/a144c9bda7a581ff6fabba169027e620?s=96&d=mm&r=g\",\"contentUrl\":\"https:\/\/secure.gravatar.com\/avatar\/a144c9bda7a581ff6fabba169027e620?s=96&d=mm&r=g\",\"caption\":\"Anders\"},\"url\":\"https:\/\/andersadlercreutz.fi\/blog\/author\/admin\/\"}]}<\/script>\n<!-- \/ Yoast SEO plugin. -->","yoast_head_json":{"title":"Adlercreutz Ven\u00e4j\u00e4n toimista: Vakava kansainv\u00e4lisen oikeuden loukkaus - Anders Adlercreutz","robots":{"index":"index","follow":"follow","max-snippet":"max-snippet:-1","max-image-preview":"max-image-preview:large","max-video-preview":"max-video-preview:-1"},"canonical":"https:\/\/andersadlercreutz.fi\/blog\/lehdistotiedote\/adlercreutz-venajan-toimista-vakava-kansainvalisen-oikeuden-loukkaus\/","og_locale":"sv_SE","og_type":"article","og_title":"Adlercreutz Ven\u00e4j\u00e4n toimista: Vakava kansainv\u00e4lisen oikeuden loukkaus - Anders Adlercreutz","og_description":"-Viimeisen vuorokauden tapahtumat ovat rikos kansainv\u00e4list\u00e4 oikeutta kohtaan, ne ovat rikos Ukrainaa kohtaan. Ne ovat my\u00f6s v\u00e4\u00e4rin ven\u00e4j\u00e4n kansaa kohtaan, ja niill\u00e4 tulee olemaan vakavat seuraukset, painottaa ruotsalaisen eduskuntaryhm\u00e4n puheenjohtaja Anders Adlercreutz eduskunnan ulko- ja turvallisuuspoliittisessa keskustelussa tiistaina. Ven\u00e4j\u00e4n presidentti\u00a0Vladimir Putin\u00a0tunnusti eilen It\u00e4-Ukrainan separatistialueet itsen\u00e4isiksi. Adlercreutz tuomitsee Ven\u00e4j\u00e4n toimet. -Osa eurooppalaisesta maasta on miehitetty. Ukrainan [&hellip;]","og_url":"https:\/\/andersadlercreutz.fi\/blog\/lehdistotiedote\/adlercreutz-venajan-toimista-vakava-kansainvalisen-oikeuden-loukkaus\/?lang=en","og_site_name":"Anders Adlercreutz","article_published_time":"2022-02-22T17:19:04+00:00","og_image":[{"url":"https:\/\/andersadlercreutz.fi\/blog\/wp-content\/uploads\/2020\/11\/781A6526-1030x515.jpg"}],"author":"Anders","twitter_card":"summary_large_image","twitter_misc":{"Skriven av":"Anders","Ber\u00e4knad l\u00e4stid":"1 minut"},"schema":{"@context":"https:\/\/schema.org","@graph":[{"@type":"WebPage","@id":"https:\/\/andersadlercreutz.fi\/blog\/lehdistotiedote\/adlercreutz-venajan-toimista-vakava-kansainvalisen-oikeuden-loukkaus\/?lang=en","url":"https:\/\/andersadlercreutz.fi\/blog\/lehdistotiedote\/adlercreutz-venajan-toimista-vakava-kansainvalisen-oikeuden-loukkaus\/?lang=en","name":"Adlercreutz Ven\u00e4j\u00e4n toimista: Vakava kansainv\u00e4lisen oikeuden loukkaus - Anders Adlercreutz","isPartOf":{"@id":"https:\/\/andersadlercreutz.fi\/blog\/#website"},"datePublished":"2022-02-22T17:19:04+00:00","dateModified":"2022-02-22T17:19:04+00:00","author":{"@id":"https:\/\/andersadlercreutz.fi\/blog\/#\/schema\/person\/47d4b72eded862b484f74bb4b3a2354f"},"breadcrumb":{"@id":"https:\/\/andersadlercreutz.fi\/blog\/lehdistotiedote\/adlercreutz-venajan-toimista-vakava-kansainvalisen-oikeuden-loukkaus\/?lang=en#breadcrumb"},"inLanguage":"sv-SE","potentialAction":[{"@type":"ReadAction","target":["https:\/\/andersadlercreutz.fi\/blog\/lehdistotiedote\/adlercreutz-venajan-toimista-vakava-kansainvalisen-oikeuden-loukkaus\/?lang=en"]}]},{"@type":"BreadcrumbList","@id":"https:\/\/andersadlercreutz.fi\/blog\/lehdistotiedote\/adlercreutz-venajan-toimista-vakava-kansainvalisen-oikeuden-loukkaus\/?lang=en#breadcrumb","itemListElement":[{"@type":"ListItem","position":1,"name":"Home","item":"https:\/\/andersadlercreutz.fi\/blog\/blogg\/?lang=sv"},{"@type":"ListItem","position":2,"name":"Adlercreutz Ven\u00e4j\u00e4n toimista: Vakava kansainv\u00e4lisen oikeuden loukkaus"}]},{"@type":"WebSite","@id":"https:\/\/andersadlercreutz.fi\/blog\/#website","url":"https:\/\/andersadlercreutz.fi\/blog\/","name":"Anders Adlercreutz","description":"Du. Jag. Vi. Kest&auml;v&auml;sti optimisti","potentialAction":[{"@type":"SearchAction","target":{"@type":"EntryPoint","urlTemplate":"https:\/\/andersadlercreutz.fi\/blog\/?s={search_term_string}"},"query-input":"required name=search_term_string"}],"inLanguage":"sv-SE"},{"@type":"Person","@id":"https:\/\/andersadlercreutz.fi\/blog\/#\/schema\/person\/47d4b72eded862b484f74bb4b3a2354f","name":"Anders","image":{"@type":"ImageObject","inLanguage":"sv-SE","@id":"https:\/\/andersadlercreutz.fi\/blog\/#\/schema\/person\/image\/","url":"https:\/\/secure.gravatar.com\/avatar\/a144c9bda7a581ff6fabba169027e620?s=96&d=mm&r=g","contentUrl":"https:\/\/secure.gravatar.com\/avatar\/a144c9bda7a581ff6fabba169027e620?s=96&d=mm&r=g","caption":"Anders"},"url":"https:\/\/andersadlercreutz.fi\/blog\/author\/admin\/"}]}},"jetpack_featured_media_url":"","jetpack_shortlink":"https:\/\/wp.me\/p4T6Dh-1SZ","jetpack_sharing_enabled":true,"_links":{"self":[{"href":"https:\/\/andersadlercreutz.fi\/blog\/wp-json\/wp\/v2\/posts\/7253"}],"collection":[{"href":"https:\/\/andersadlercreutz.fi\/blog\/wp-json\/wp\/v2\/posts"}],"about":[{"href":"https:\/\/andersadlercreutz.fi\/blog\/wp-json\/wp\/v2\/types\/post"}],"author":[{"embeddable":true,"href":"https:\/\/andersadlercreutz.fi\/blog\/wp-json\/wp\/v2\/users\/1"}],"replies":[{"embeddable":true,"href":"https:\/\/andersadlercreutz.fi\/blog\/wp-json\/wp\/v2\/comments?post=7253"}],"version-history":[{"count":1,"href":"https:\/\/andersadlercreutz.fi\/blog\/wp-json\/wp\/v2\/posts\/7253\/revisions"}],"predecessor-version":[{"id":7254,"href":"https:\/\/andersadlercreutz.fi\/blog\/wp-json\/wp\/v2\/posts\/7253\/revisions\/7254"}],"wp:attachment":[{"href":"https:\/\/andersadlercreutz.fi\/blog\/wp-json\/wp\/v2\/media?parent=7253"}],"wp:term":[{"taxonomy":"category","embeddable":true,"href":"https:\/\/andersadlercreutz.fi\/blog\/wp-json\/wp\/v2\/categories?post=7253"},{"taxonomy":"post_tag","embeddable":true,"href":"https:\/\/andersadlercreutz.fi\/blog\/wp-json\/wp\/v2\/tags?post=7253"}],"curies":[{"name":"wp","href":"https:\/\/api.w.org\/{rel}","templated":true}]}}