{"id":7275,"date":"2022-03-17T17:16:21","date_gmt":"2022-03-17T15:16:21","guid":{"rendered":"https:\/\/andersadlercreutz.fi\/blog\/?p=7275"},"modified":"2023-01-18T15:52:15","modified_gmt":"2023-01-18T13:52:15","slug":"adlercreutz-jatti-investoinnit-espooseen-ja-kirkkonummelle-auttavat-seka-ilmastoa-etta-vauhdittavat-elinkeinoelamaa","status":"publish","type":"post","link":"https:\/\/andersadlercreutz.fi\/blog\/kestava-kehitys\/adlercreutz-jatti-investoinnit-espooseen-ja-kirkkonummelle-auttavat-seka-ilmastoa-etta-vauhdittavat-elinkeinoelamaa\/?lang=fi","title":{"rendered":"Adlercreutz: J\u00e4tti-investoinnit Espooseen ja Kirkkonummelle auttavat sek\u00e4 ilmastoa ett\u00e4 vauhdittavat elinkeinoel\u00e4m\u00e4\u00e4"},"content":{"rendered":"<div class=\"excerpt\">\n<p>&nbsp;<\/p>\n<p>Microsoft rakentaa p\u00e4\u00e4kaupunkiseudulle datakeskusalueen, joka muodostuu kahdesta erillisest\u00e4 datakeskuksesta, jotka rakennetaan Espooseen ja Kirkkonummelle. Fortum kierr\u00e4tt\u00e4\u00e4 n\u00e4iden datakeskusten palvelimienj\u00e4\u00e4hdytyksest\u00e4 syntyv\u00e4n hukkal\u00e4mm\u00f6n kaukol\u00e4mm\u00f6ksi p\u00e4\u00e4kaupunkiseudulle. Yritykset tiedottivat yhteisty\u00f6st\u00e4 t\u00e4n\u00e4\u00e4n torstaina. Ruotsalaisen eduskuntaryhm\u00e4n puheenjohtaja Anders Adlercreutz iloitsee ainutlaatuisesta yhteishankkeesta.<\/p>\n<\/div>\n<div class=\"resizable\">\n<p>-Kirkkonummelle ja Espoolle on t\u00e4m\u00e4 tietysti mahtava asia. Toivon, ett\u00e4 t\u00e4m\u00e4 houkuttelee lis\u00e4\u00e4 uusia toimijoita alueelle. Datakeskus mahdollistaa my\u00f6s muita investointeja, jotka hy\u00f6tyv\u00e4t nyt rakennettavasta infrastruktuurista, sanoo Adlercreutz.<\/p>\n<p>Uusien datakeskusten tuottama p\u00e4\u00e4st\u00f6t\u00f6n hukkal\u00e4mp\u00f6 tulee kattamaan noin 40 prosenttia Espoon, Kauniaisten ja Kirkkonummen kaukol\u00e4mm\u00f6n k\u00e4ytt\u00e4jien l\u00e4mm\u00f6ntarpeesta ja se tulee olemaan maailman suurin datakeskuksen hukkal\u00e4mm\u00f6n talteenottohanke.<\/p>\n<p>-T\u00e4m\u00e4 investointi on konkreettinen esimerkki siit\u00e4, miten ilmastoimet ja investoinnit kulkevat k\u00e4si k\u00e4dess\u00e4.\u00a0 N\u00e4in valtava investointi tulee vauhdittamaan elinkeinoel\u00e4m\u00e4\u00e4 ja kasvua p\u00e4\u00e4kaupunkiseudulla, erityisesti Kirkkonummella ja Espoossa, samalla voimme v\u00e4hent\u00e4\u00e4 hiilidioksidip\u00e4\u00e4st\u00f6j\u00e4mme noin 0,4 miljoonaa tonnia vuodessa, sanoo Adlercreutz.<\/p>\n<p>Hanketta on ty\u00f6stetty monen vuoden ajan usean eri toimijan puolesta ja Suomessa on tehty viime vuosina uudistuksia, joiden p\u00e4\u00e4m\u00e4\u00e4r\u00e4n\u00e4 on ollut tehd\u00e4 investoimisesta houkuttelevampaa.<\/p>\n<p>\u2013 On selv\u00e4\u00e4, ett\u00e4 t\u00e4m\u00e4 hanke ei olisi toteutunut ellemme olisi laskeneet teollisuuden s\u00e4hk\u00f6veroa EU:n minimitasolle ja tehneet datakeskuksille houkuttelevampaa sy\u00f6tt\u00e4\u00e4 hukkal\u00e4mp\u00f6\u00e4 kaukol\u00e4mp\u00f6verkostoon. T\u00e4m\u00e4 oli uudistus, jonka puolesta me RKP:ss\u00e4 olemme t\u00e4\u00e4ll\u00e4 eduskunnassa puhuneet, sanoo Adlercreutz.<\/p>\n<\/div>\n","protected":false},"excerpt":{"rendered":"<p>&nbsp; Microsoft rakentaa p\u00e4\u00e4kaupunkiseudulle datakeskusalueen, joka muodostuu kahdesta erillisest\u00e4 datakeskuksesta, jotka rakennetaan Espooseen ja Kirkkonummelle. Fortum kierr\u00e4tt\u00e4\u00e4 n\u00e4iden datakeskusten palvelimienj\u00e4\u00e4hdytyksest\u00e4 syntyv\u00e4n hukkal\u00e4mm\u00f6n kaukol\u00e4mm\u00f6ksi p\u00e4\u00e4kaupunkiseudulle. Yritykset tiedottivat yhteisty\u00f6st\u00e4 t\u00e4n\u00e4\u00e4n torstaina. Ruotsalaisen eduskuntaryhm\u00e4n puheenjohtaja Anders Adlercreutz iloitsee ainutlaatuisesta yhteishankkeesta. -Kirkkonummelle ja Espoolle on t\u00e4m\u00e4 tietysti mahtava asia. Toivon, ett\u00e4 t\u00e4m\u00e4 houkuttelee lis\u00e4\u00e4 uusia toimijoita alueelle. Datakeskus mahdollistaa [&hellip;]<\/p>\n","protected":false},"author":1,"featured_media":6664,"comment_status":"open","ping_status":"open","sticky":false,"template":"","format":"standard","meta":{"jetpack_post_was_ever_published":false,"_jetpack_newsletter_access":"","jetpack_publicize_message":"","jetpack_is_tweetstorm":false,"jetpack_publicize_feature_enabled":true,"jetpack_social_post_already_shared":true,"jetpack_social_options":{"image_generator_settings":{"template":"highway","enabled":false}}},"categories":[11,71,80],"tags":[],"jetpack_publicize_connections":[],"yoast_head":"<!-- This site is optimized with the Yoast SEO plugin v20.12 - https:\/\/yoast.com\/wordpress\/plugins\/seo\/ -->\n<title>Adlercreutz: J\u00e4tti-investoinnit Espooseen ja Kirkkonummelle auttavat sek\u00e4 ilmastoa ett\u00e4 vauhdittavat elinkeinoel\u00e4m\u00e4\u00e4 - Anders Adlercreutz<\/title>\n<meta name=\"robots\" content=\"index, follow, max-snippet:-1, max-image-preview:large, max-video-preview:-1\" \/>\n<link rel=\"canonical\" href=\"https:\/\/andersadlercreutz.fi\/blog\/kestava-kehitys\/adlercreutz-jatti-investoinnit-espooseen-ja-kirkkonummelle-auttavat-seka-ilmastoa-etta-vauhdittavat-elinkeinoelamaa\/\" \/>\n<meta property=\"og:locale\" content=\"sv_SE\" \/>\n<meta property=\"og:type\" content=\"article\" \/>\n<meta property=\"og:title\" content=\"Adlercreutz: J\u00e4tti-investoinnit Espooseen ja Kirkkonummelle auttavat sek\u00e4 ilmastoa ett\u00e4 vauhdittavat elinkeinoel\u00e4m\u00e4\u00e4 - Anders Adlercreutz\" \/>\n<meta property=\"og:description\" content=\"&nbsp; Microsoft rakentaa p\u00e4\u00e4kaupunkiseudulle datakeskusalueen, joka muodostuu kahdesta erillisest\u00e4 datakeskuksesta, jotka rakennetaan Espooseen ja Kirkkonummelle. Fortum kierr\u00e4tt\u00e4\u00e4 n\u00e4iden datakeskusten palvelimienj\u00e4\u00e4hdytyksest\u00e4 syntyv\u00e4n hukkal\u00e4mm\u00f6n kaukol\u00e4mm\u00f6ksi p\u00e4\u00e4kaupunkiseudulle. Yritykset tiedottivat yhteisty\u00f6st\u00e4 t\u00e4n\u00e4\u00e4n torstaina. Ruotsalaisen eduskuntaryhm\u00e4n puheenjohtaja Anders Adlercreutz iloitsee ainutlaatuisesta yhteishankkeesta. -Kirkkonummelle ja Espoolle on t\u00e4m\u00e4 tietysti mahtava asia. Toivon, ett\u00e4 t\u00e4m\u00e4 houkuttelee lis\u00e4\u00e4 uusia toimijoita alueelle. Datakeskus mahdollistaa [&hellip;]\" \/>\n<meta property=\"og:url\" content=\"https:\/\/andersadlercreutz.fi\/blog\/kestava-kehitys\/adlercreutz-jatti-investoinnit-espooseen-ja-kirkkonummelle-auttavat-seka-ilmastoa-etta-vauhdittavat-elinkeinoelamaa\/?lang=fi\" \/>\n<meta property=\"og:site_name\" content=\"Anders Adlercreutz\" \/>\n<meta property=\"article:published_time\" content=\"2022-03-17T15:16:21+00:00\" \/>\n<meta property=\"article:modified_time\" content=\"2023-01-18T13:52:15+00:00\" \/>\n<meta property=\"og:image\" content=\"https:\/\/i0.wp.com\/andersadlercreutz.fi\/blog\/wp-content\/uploads\/2020\/11\/781A6498.jpg?fit=1200%2C600&ssl=1\" \/>\n\t<meta property=\"og:image:width\" content=\"1200\" \/>\n\t<meta property=\"og:image:height\" content=\"600\" \/>\n\t<meta property=\"og:image:type\" content=\"image\/jpeg\" \/>\n<meta name=\"author\" content=\"Anders\" \/>\n<meta name=\"twitter:card\" content=\"summary_large_image\" \/>\n<meta name=\"twitter:label1\" content=\"Skriven av\" \/>\n\t<meta name=\"twitter:data1\" content=\"Anders\" \/>\n\t<meta name=\"twitter:label2\" content=\"Ber\u00e4knad l\u00e4stid\" \/>\n\t<meta name=\"twitter:data2\" content=\"1 minut\" \/>\n<script type=\"application\/ld+json\" class=\"yoast-schema-graph\">{\"@context\":\"https:\/\/schema.org\",\"@graph\":[{\"@type\":\"WebPage\",\"@id\":\"https:\/\/andersadlercreutz.fi\/blog\/kestava-kehitys\/adlercreutz-jatti-investoinnit-espooseen-ja-kirkkonummelle-auttavat-seka-ilmastoa-etta-vauhdittavat-elinkeinoelamaa\/?lang=fi\",\"url\":\"https:\/\/andersadlercreutz.fi\/blog\/kestava-kehitys\/adlercreutz-jatti-investoinnit-espooseen-ja-kirkkonummelle-auttavat-seka-ilmastoa-etta-vauhdittavat-elinkeinoelamaa\/?lang=fi\",\"name\":\"Adlercreutz: J\u00e4tti-investoinnit Espooseen ja Kirkkonummelle auttavat sek\u00e4 ilmastoa ett\u00e4 vauhdittavat elinkeinoel\u00e4m\u00e4\u00e4 - Anders Adlercreutz\",\"isPartOf\":{\"@id\":\"https:\/\/andersadlercreutz.fi\/blog\/#website\"},\"datePublished\":\"2022-03-17T15:16:21+00:00\",\"dateModified\":\"2023-01-18T13:52:15+00:00\",\"author\":{\"@id\":\"https:\/\/andersadlercreutz.fi\/blog\/#\/schema\/person\/47d4b72eded862b484f74bb4b3a2354f\"},\"breadcrumb\":{\"@id\":\"https:\/\/andersadlercreutz.fi\/blog\/kestava-kehitys\/adlercreutz-jatti-investoinnit-espooseen-ja-kirkkonummelle-auttavat-seka-ilmastoa-etta-vauhdittavat-elinkeinoelamaa\/?lang=fi#breadcrumb\"},\"inLanguage\":\"sv-SE\",\"potentialAction\":[{\"@type\":\"ReadAction\",\"target\":[\"https:\/\/andersadlercreutz.fi\/blog\/kestava-kehitys\/adlercreutz-jatti-investoinnit-espooseen-ja-kirkkonummelle-auttavat-seka-ilmastoa-etta-vauhdittavat-elinkeinoelamaa\/?lang=fi\"]}]},{\"@type\":\"BreadcrumbList\",\"@id\":\"https:\/\/andersadlercreutz.fi\/blog\/kestava-kehitys\/adlercreutz-jatti-investoinnit-espooseen-ja-kirkkonummelle-auttavat-seka-ilmastoa-etta-vauhdittavat-elinkeinoelamaa\/?lang=fi#breadcrumb\",\"itemListElement\":[{\"@type\":\"ListItem\",\"position\":1,\"name\":\"Home\",\"item\":\"https:\/\/andersadlercreutz.fi\/blog\/blogg\/?lang=sv\"},{\"@type\":\"ListItem\",\"position\":2,\"name\":\"Adlercreutz: J\u00e4tti-investoinnit Espooseen ja Kirkkonummelle auttavat sek\u00e4 ilmastoa ett\u00e4 vauhdittavat elinkeinoel\u00e4m\u00e4\u00e4\"}]},{\"@type\":\"WebSite\",\"@id\":\"https:\/\/andersadlercreutz.fi\/blog\/#website\",\"url\":\"https:\/\/andersadlercreutz.fi\/blog\/\",\"name\":\"Anders Adlercreutz\",\"description\":\"Du. Jag. Vi. Kest&auml;v&auml;sti optimisti\",\"potentialAction\":[{\"@type\":\"SearchAction\",\"target\":{\"@type\":\"EntryPoint\",\"urlTemplate\":\"https:\/\/andersadlercreutz.fi\/blog\/?s={search_term_string}\"},\"query-input\":\"required name=search_term_string\"}],\"inLanguage\":\"sv-SE\"},{\"@type\":\"Person\",\"@id\":\"https:\/\/andersadlercreutz.fi\/blog\/#\/schema\/person\/47d4b72eded862b484f74bb4b3a2354f\",\"name\":\"Anders\",\"image\":{\"@type\":\"ImageObject\",\"inLanguage\":\"sv-SE\",\"@id\":\"https:\/\/andersadlercreutz.fi\/blog\/#\/schema\/person\/image\/\",\"url\":\"https:\/\/secure.gravatar.com\/avatar\/a144c9bda7a581ff6fabba169027e620?s=96&d=mm&r=g\",\"contentUrl\":\"https:\/\/secure.gravatar.com\/avatar\/a144c9bda7a581ff6fabba169027e620?s=96&d=mm&r=g\",\"caption\":\"Anders\"},\"url\":\"https:\/\/andersadlercreutz.fi\/blog\/author\/admin\/\"}]}<\/script>\n<!-- \/ Yoast SEO plugin. -->","yoast_head_json":{"title":"Adlercreutz: J\u00e4tti-investoinnit Espooseen ja Kirkkonummelle auttavat sek\u00e4 ilmastoa ett\u00e4 vauhdittavat elinkeinoel\u00e4m\u00e4\u00e4 - Anders Adlercreutz","robots":{"index":"index","follow":"follow","max-snippet":"max-snippet:-1","max-image-preview":"max-image-preview:large","max-video-preview":"max-video-preview:-1"},"canonical":"https:\/\/andersadlercreutz.fi\/blog\/kestava-kehitys\/adlercreutz-jatti-investoinnit-espooseen-ja-kirkkonummelle-auttavat-seka-ilmastoa-etta-vauhdittavat-elinkeinoelamaa\/","og_locale":"sv_SE","og_type":"article","og_title":"Adlercreutz: J\u00e4tti-investoinnit Espooseen ja Kirkkonummelle auttavat sek\u00e4 ilmastoa ett\u00e4 vauhdittavat elinkeinoel\u00e4m\u00e4\u00e4 - Anders Adlercreutz","og_description":"&nbsp; Microsoft rakentaa p\u00e4\u00e4kaupunkiseudulle datakeskusalueen, joka muodostuu kahdesta erillisest\u00e4 datakeskuksesta, jotka rakennetaan Espooseen ja Kirkkonummelle. Fortum kierr\u00e4tt\u00e4\u00e4 n\u00e4iden datakeskusten palvelimienj\u00e4\u00e4hdytyksest\u00e4 syntyv\u00e4n hukkal\u00e4mm\u00f6n kaukol\u00e4mm\u00f6ksi p\u00e4\u00e4kaupunkiseudulle. Yritykset tiedottivat yhteisty\u00f6st\u00e4 t\u00e4n\u00e4\u00e4n torstaina. Ruotsalaisen eduskuntaryhm\u00e4n puheenjohtaja Anders Adlercreutz iloitsee ainutlaatuisesta yhteishankkeesta. -Kirkkonummelle ja Espoolle on t\u00e4m\u00e4 tietysti mahtava asia. Toivon, ett\u00e4 t\u00e4m\u00e4 houkuttelee lis\u00e4\u00e4 uusia toimijoita alueelle. Datakeskus mahdollistaa [&hellip;]","og_url":"https:\/\/andersadlercreutz.fi\/blog\/kestava-kehitys\/adlercreutz-jatti-investoinnit-espooseen-ja-kirkkonummelle-auttavat-seka-ilmastoa-etta-vauhdittavat-elinkeinoelamaa\/?lang=fi","og_site_name":"Anders Adlercreutz","article_published_time":"2022-03-17T15:16:21+00:00","article_modified_time":"2023-01-18T13:52:15+00:00","og_image":[{"width":1200,"height":600,"url":"https:\/\/i0.wp.com\/andersadlercreutz.fi\/blog\/wp-content\/uploads\/2020\/11\/781A6498.jpg?fit=1200%2C600&ssl=1","type":"image\/jpeg"}],"author":"Anders","twitter_card":"summary_large_image","twitter_misc":{"Skriven av":"Anders","Ber\u00e4knad l\u00e4stid":"1 minut"},"schema":{"@context":"https:\/\/schema.org","@graph":[{"@type":"WebPage","@id":"https:\/\/andersadlercreutz.fi\/blog\/kestava-kehitys\/adlercreutz-jatti-investoinnit-espooseen-ja-kirkkonummelle-auttavat-seka-ilmastoa-etta-vauhdittavat-elinkeinoelamaa\/?lang=fi","url":"https:\/\/andersadlercreutz.fi\/blog\/kestava-kehitys\/adlercreutz-jatti-investoinnit-espooseen-ja-kirkkonummelle-auttavat-seka-ilmastoa-etta-vauhdittavat-elinkeinoelamaa\/?lang=fi","name":"Adlercreutz: J\u00e4tti-investoinnit Espooseen ja Kirkkonummelle auttavat sek\u00e4 ilmastoa ett\u00e4 vauhdittavat elinkeinoel\u00e4m\u00e4\u00e4 - Anders Adlercreutz","isPartOf":{"@id":"https:\/\/andersadlercreutz.fi\/blog\/#website"},"datePublished":"2022-03-17T15:16:21+00:00","dateModified":"2023-01-18T13:52:15+00:00","author":{"@id":"https:\/\/andersadlercreutz.fi\/blog\/#\/schema\/person\/47d4b72eded862b484f74bb4b3a2354f"},"breadcrumb":{"@id":"https:\/\/andersadlercreutz.fi\/blog\/kestava-kehitys\/adlercreutz-jatti-investoinnit-espooseen-ja-kirkkonummelle-auttavat-seka-ilmastoa-etta-vauhdittavat-elinkeinoelamaa\/?lang=fi#breadcrumb"},"inLanguage":"sv-SE","potentialAction":[{"@type":"ReadAction","target":["https:\/\/andersadlercreutz.fi\/blog\/kestava-kehitys\/adlercreutz-jatti-investoinnit-espooseen-ja-kirkkonummelle-auttavat-seka-ilmastoa-etta-vauhdittavat-elinkeinoelamaa\/?lang=fi"]}]},{"@type":"BreadcrumbList","@id":"https:\/\/andersadlercreutz.fi\/blog\/kestava-kehitys\/adlercreutz-jatti-investoinnit-espooseen-ja-kirkkonummelle-auttavat-seka-ilmastoa-etta-vauhdittavat-elinkeinoelamaa\/?lang=fi#breadcrumb","itemListElement":[{"@type":"ListItem","position":1,"name":"Home","item":"https:\/\/andersadlercreutz.fi\/blog\/blogg\/?lang=sv"},{"@type":"ListItem","position":2,"name":"Adlercreutz: J\u00e4tti-investoinnit Espooseen ja Kirkkonummelle auttavat sek\u00e4 ilmastoa ett\u00e4 vauhdittavat elinkeinoel\u00e4m\u00e4\u00e4"}]},{"@type":"WebSite","@id":"https:\/\/andersadlercreutz.fi\/blog\/#website","url":"https:\/\/andersadlercreutz.fi\/blog\/","name":"Anders Adlercreutz","description":"Du. Jag. Vi. Kest&auml;v&auml;sti optimisti","potentialAction":[{"@type":"SearchAction","target":{"@type":"EntryPoint","urlTemplate":"https:\/\/andersadlercreutz.fi\/blog\/?s={search_term_string}"},"query-input":"required name=search_term_string"}],"inLanguage":"sv-SE"},{"@type":"Person","@id":"https:\/\/andersadlercreutz.fi\/blog\/#\/schema\/person\/47d4b72eded862b484f74bb4b3a2354f","name":"Anders","image":{"@type":"ImageObject","inLanguage":"sv-SE","@id":"https:\/\/andersadlercreutz.fi\/blog\/#\/schema\/person\/image\/","url":"https:\/\/secure.gravatar.com\/avatar\/a144c9bda7a581ff6fabba169027e620?s=96&d=mm&r=g","contentUrl":"https:\/\/secure.gravatar.com\/avatar\/a144c9bda7a581ff6fabba169027e620?s=96&d=mm&r=g","caption":"Anders"},"url":"https:\/\/andersadlercreutz.fi\/blog\/author\/admin\/"}]}},"jetpack_featured_media_url":"https:\/\/i0.wp.com\/andersadlercreutz.fi\/blog\/wp-content\/uploads\/2020\/11\/781A6498.jpg?fit=1200%2C600&ssl=1","jetpack_shortlink":"https:\/\/wp.me\/p4T6Dh-1Tl","jetpack_sharing_enabled":true,"_links":{"self":[{"href":"https:\/\/andersadlercreutz.fi\/blog\/wp-json\/wp\/v2\/posts\/7275"}],"collection":[{"href":"https:\/\/andersadlercreutz.fi\/blog\/wp-json\/wp\/v2\/posts"}],"about":[{"href":"https:\/\/andersadlercreutz.fi\/blog\/wp-json\/wp\/v2\/types\/post"}],"author":[{"embeddable":true,"href":"https:\/\/andersadlercreutz.fi\/blog\/wp-json\/wp\/v2\/users\/1"}],"replies":[{"embeddable":true,"href":"https:\/\/andersadlercreutz.fi\/blog\/wp-json\/wp\/v2\/comments?post=7275"}],"version-history":[{"count":4,"href":"https:\/\/andersadlercreutz.fi\/blog\/wp-json\/wp\/v2\/posts\/7275\/revisions"}],"predecessor-version":[{"id":7822,"href":"https:\/\/andersadlercreutz.fi\/blog\/wp-json\/wp\/v2\/posts\/7275\/revisions\/7822"}],"wp:featuredmedia":[{"embeddable":true,"href":"https:\/\/andersadlercreutz.fi\/blog\/wp-json\/wp\/v2\/media\/6664"}],"wp:attachment":[{"href":"https:\/\/andersadlercreutz.fi\/blog\/wp-json\/wp\/v2\/media?parent=7275"}],"wp:term":[{"taxonomy":"category","embeddable":true,"href":"https:\/\/andersadlercreutz.fi\/blog\/wp-json\/wp\/v2\/categories?post=7275"},{"taxonomy":"post_tag","embeddable":true,"href":"https:\/\/andersadlercreutz.fi\/blog\/wp-json\/wp\/v2\/tags?post=7275"}],"curies":[{"name":"wp","href":"https:\/\/api.w.org\/{rel}","templated":true}]}}