{"id":7298,"date":"2022-04-04T18:23:35","date_gmt":"2022-04-04T15:23:35","guid":{"rendered":"https:\/\/andersadlercreutz.fi\/blog\/?p=7298"},"modified":"2022-04-04T18:23:35","modified_gmt":"2022-04-04T15:23:35","slug":"adlercreutz-slopa-det-misslyckade-forsoket-med-kvoter-for-forstagangssokande-2","status":"publish","type":"post","link":"https:\/\/andersadlercreutz.fi\/blog\/pressmeddelande\/adlercreutz-slopa-det-misslyckade-forsoket-med-kvoter-for-forstagangssokande-2\/","title":{"rendered":"Adlercreutz: Slopa det misslyckade f\u00f6rs\u00f6ket med kvoter f\u00f6r f\u00f6rstag\u00e5ngss\u00f6kande"},"content":{"rendered":"<div class=\"excerpt\">\n<p>V\u00e5rens studentskrivningar \u00e4r \u00f6ver. F\u00f6rra veckan l\u00e4mnade tiotusentals unga in sina ans\u00f6kningsblanketter i hopp om en studieplats. De flesta f\u00e5r en, men v\u00e4ljer \u00e4nd\u00e5 att h\u00e5lla ett mellan\u00e5r, tack vare systemet med kvoter f\u00f6r f\u00f6rstag\u00e5ngss\u00f6kande. Svenska riksdagsgruppens ordf\u00f6rande Anders Adlercreutz vill att kvotsystemet slopas.<\/p>\n<\/div>\n<div class=\"resizable\">\n<p>\u2013\u00a0Sedan \u00e5r 2016 har en del av studieplatserna reservats f\u00f6r dem som inte tidigare tagit emot en studieplats. Redan nu ser vi tecken p\u00e5 att reformen inte till alla delar haft \u00f6nskade effekter. Syftet var att undvika att samma person blockerar flera studieplatser, men nu har det lett till att man inte v\u00e5gar ta emot en studieplats \u00f6verhuvudtaget, om man inte \u00e4r fullst\u00e4ndigt s\u00e4ker p\u00e5 att det \u00e4r just den man vill ha. Detta har problematiska f\u00f6ljder, s\u00e4ger Adlercreutz.<\/p>\n<p>\u2013\u00a0I st\u00e4llet f\u00f6r att komma vidare i livet skjuts studiestarten fram\u00e5t. De unga v\u00e4ljer att h\u00e5lla mellan\u00e5r i st\u00e4llet f\u00f6r att mista sin v\u00e4rdefulla position som f\u00f6rstag\u00e5ngss\u00f6kande, som favoriseras i antagningen, konstaterar Adlercreutz.<\/p>\n<p>Finland haft ett h\u00e5llbarhetsgap som enligt Finlands Bank \u00e4r n\u00e4stan 4% av v\u00e5r BNP p\u00e5 \u00e5rsbasis. F\u00f6r att r\u00e5da bot p\u00e5 det borde vi arbeta l\u00e4ngre och komma ut i arbetslivet tidigare.<\/p>\n<p>\u2013 F\u00f6rstag\u00e5ngskvoterna motverkar detta m\u00e5l. Studierna inleds i m\u00e5nga fall senare. I st\u00e4llet f\u00f6r att tvinga unga att\u00a0fatta avg\u00f6rande beslut redan under andra stadiet och ytterligare forts\u00e4tta detta tunnelt\u00e4nk i h\u00f6gskoleurvalsprocessen borde vi g\u00f6ra det s\u00e5 l\u00e4tt som m\u00f6jligt att byta studieinriktning.\u00a0M\u00e5ngsidig kompetens ska ses som en styrka, inte ett problem, s\u00e4ger Adlercreutz.<\/p>\n<p>\u2013\u00a0Vi borde l\u00e5ta alla ungdomar t\u00e4vla p\u00e5 en neutral spelplan. Det \u00e4r dags att slopa f\u00f6rs\u00f6ket med kvoter f\u00f6r f\u00f6rstag\u00e5ngss\u00f6kande, avslutar Adlercreutz.<\/p>\n<\/div>\n","protected":false},"excerpt":{"rendered":"<p>V\u00e5rens studentskrivningar \u00e4r \u00f6ver. F\u00f6rra veckan l\u00e4mnade tiotusentals unga in sina ans\u00f6kningsblanketter i hopp om en studieplats. De flesta f\u00e5r en, men v\u00e4ljer \u00e4nd\u00e5 att h\u00e5lla ett mellan\u00e5r, tack vare systemet med kvoter f\u00f6r f\u00f6rstag\u00e5ngss\u00f6kande. Svenska riksdagsgruppens ordf\u00f6rande Anders Adlercreutz vill att kvotsystemet slopas. \u2013\u00a0Sedan \u00e5r 2016 har en del av studieplatserna reservats f\u00f6r dem [&hellip;]<\/p>\n","protected":false},"author":1,"featured_media":7184,"comment_status":"open","ping_status":"open","sticky":false,"template":"","format":"standard","meta":{"jetpack_post_was_ever_published":false,"_jetpack_newsletter_access":"","jetpack_publicize_message":"","jetpack_is_tweetstorm":false,"jetpack_publicize_feature_enabled":true,"jetpack_social_post_already_shared":true,"jetpack_social_options":{"image_generator_settings":{"template":"highway","enabled":false}}},"categories":[72],"tags":[],"jetpack_publicize_connections":[],"yoast_head":"<!-- This site is optimized with the Yoast SEO plugin v20.12 - https:\/\/yoast.com\/wordpress\/plugins\/seo\/ -->\n<title>Adlercreutz: Slopa det misslyckade f\u00f6rs\u00f6ket med kvoter f\u00f6r f\u00f6rstag\u00e5ngss\u00f6kande - Anders Adlercreutz<\/title>\n<meta name=\"robots\" content=\"index, follow, max-snippet:-1, max-image-preview:large, max-video-preview:-1\" \/>\n<link rel=\"canonical\" href=\"https:\/\/andersadlercreutz.fi\/blog\/pressmeddelande\/adlercreutz-slopa-det-misslyckade-forsoket-med-kvoter-for-forstagangssokande-2\/\" \/>\n<meta property=\"og:locale\" content=\"sv_SE\" \/>\n<meta property=\"og:type\" content=\"article\" \/>\n<meta property=\"og:title\" content=\"Adlercreutz: Slopa det misslyckade f\u00f6rs\u00f6ket med kvoter f\u00f6r f\u00f6rstag\u00e5ngss\u00f6kande - Anders Adlercreutz\" \/>\n<meta property=\"og:description\" content=\"V\u00e5rens studentskrivningar \u00e4r \u00f6ver. F\u00f6rra veckan l\u00e4mnade tiotusentals unga in sina ans\u00f6kningsblanketter i hopp om en studieplats. De flesta f\u00e5r en, men v\u00e4ljer \u00e4nd\u00e5 att h\u00e5lla ett mellan\u00e5r, tack vare systemet med kvoter f\u00f6r f\u00f6rstag\u00e5ngss\u00f6kande. Svenska riksdagsgruppens ordf\u00f6rande Anders Adlercreutz vill att kvotsystemet slopas. \u2013\u00a0Sedan \u00e5r 2016 har en del av studieplatserna reservats f\u00f6r dem [&hellip;]\" \/>\n<meta property=\"og:url\" content=\"https:\/\/andersadlercreutz.fi\/blog\/pressmeddelande\/adlercreutz-slopa-det-misslyckade-forsoket-med-kvoter-for-forstagangssokande-2\/\" \/>\n<meta property=\"og:site_name\" content=\"Anders Adlercreutz\" \/>\n<meta property=\"article:published_time\" content=\"2022-04-04T15:23:35+00:00\" \/>\n<meta property=\"og:image\" content=\"https:\/\/i0.wp.com\/andersadlercreutz.fi\/blog\/wp-content\/uploads\/2022\/02\/Anders-ute-1-1.jpg?fit=999%2C659&ssl=1\" \/>\n\t<meta property=\"og:image:width\" content=\"999\" \/>\n\t<meta property=\"og:image:height\" content=\"659\" \/>\n\t<meta property=\"og:image:type\" content=\"image\/jpeg\" \/>\n<meta name=\"author\" content=\"Anders\" \/>\n<meta name=\"twitter:card\" content=\"summary_large_image\" \/>\n<meta name=\"twitter:label1\" content=\"Skriven av\" \/>\n\t<meta name=\"twitter:data1\" content=\"Anders\" \/>\n\t<meta name=\"twitter:label2\" content=\"Ber\u00e4knad l\u00e4stid\" \/>\n\t<meta name=\"twitter:data2\" content=\"2 minuter\" \/>\n<script type=\"application\/ld+json\" class=\"yoast-schema-graph\">{\"@context\":\"https:\/\/schema.org\",\"@graph\":[{\"@type\":\"WebPage\",\"@id\":\"https:\/\/andersadlercreutz.fi\/blog\/pressmeddelande\/adlercreutz-slopa-det-misslyckade-forsoket-med-kvoter-for-forstagangssokande-2\/\",\"url\":\"https:\/\/andersadlercreutz.fi\/blog\/pressmeddelande\/adlercreutz-slopa-det-misslyckade-forsoket-med-kvoter-for-forstagangssokande-2\/\",\"name\":\"Adlercreutz: Slopa det misslyckade f\u00f6rs\u00f6ket med kvoter f\u00f6r f\u00f6rstag\u00e5ngss\u00f6kande - Anders Adlercreutz\",\"isPartOf\":{\"@id\":\"https:\/\/andersadlercreutz.fi\/blog\/#website\"},\"datePublished\":\"2022-04-04T15:23:35+00:00\",\"dateModified\":\"2022-04-04T15:23:35+00:00\",\"author\":{\"@id\":\"https:\/\/andersadlercreutz.fi\/blog\/#\/schema\/person\/47d4b72eded862b484f74bb4b3a2354f\"},\"breadcrumb\":{\"@id\":\"https:\/\/andersadlercreutz.fi\/blog\/pressmeddelande\/adlercreutz-slopa-det-misslyckade-forsoket-med-kvoter-for-forstagangssokande-2\/#breadcrumb\"},\"inLanguage\":\"sv-SE\",\"potentialAction\":[{\"@type\":\"ReadAction\",\"target\":[\"https:\/\/andersadlercreutz.fi\/blog\/pressmeddelande\/adlercreutz-slopa-det-misslyckade-forsoket-med-kvoter-for-forstagangssokande-2\/\"]}]},{\"@type\":\"BreadcrumbList\",\"@id\":\"https:\/\/andersadlercreutz.fi\/blog\/pressmeddelande\/adlercreutz-slopa-det-misslyckade-forsoket-med-kvoter-for-forstagangssokande-2\/#breadcrumb\",\"itemListElement\":[{\"@type\":\"ListItem\",\"position\":1,\"name\":\"Home\",\"item\":\"https:\/\/andersadlercreutz.fi\/blog\/blogg\/?lang=sv\"},{\"@type\":\"ListItem\",\"position\":2,\"name\":\"Adlercreutz: Slopa det misslyckade f\u00f6rs\u00f6ket med kvoter f\u00f6r f\u00f6rstag\u00e5ngss\u00f6kande\"}]},{\"@type\":\"WebSite\",\"@id\":\"https:\/\/andersadlercreutz.fi\/blog\/#website\",\"url\":\"https:\/\/andersadlercreutz.fi\/blog\/\",\"name\":\"Anders Adlercreutz\",\"description\":\"Du. Jag. Vi. Kest&auml;v&auml;sti optimisti\",\"potentialAction\":[{\"@type\":\"SearchAction\",\"target\":{\"@type\":\"EntryPoint\",\"urlTemplate\":\"https:\/\/andersadlercreutz.fi\/blog\/?s={search_term_string}\"},\"query-input\":\"required name=search_term_string\"}],\"inLanguage\":\"sv-SE\"},{\"@type\":\"Person\",\"@id\":\"https:\/\/andersadlercreutz.fi\/blog\/#\/schema\/person\/47d4b72eded862b484f74bb4b3a2354f\",\"name\":\"Anders\",\"image\":{\"@type\":\"ImageObject\",\"inLanguage\":\"sv-SE\",\"@id\":\"https:\/\/andersadlercreutz.fi\/blog\/#\/schema\/person\/image\/\",\"url\":\"https:\/\/secure.gravatar.com\/avatar\/a144c9bda7a581ff6fabba169027e620?s=96&d=mm&r=g\",\"contentUrl\":\"https:\/\/secure.gravatar.com\/avatar\/a144c9bda7a581ff6fabba169027e620?s=96&d=mm&r=g\",\"caption\":\"Anders\"},\"url\":\"https:\/\/andersadlercreutz.fi\/blog\/author\/admin\/\"}]}<\/script>\n<!-- \/ Yoast SEO plugin. -->","yoast_head_json":{"title":"Adlercreutz: Slopa det misslyckade f\u00f6rs\u00f6ket med kvoter f\u00f6r f\u00f6rstag\u00e5ngss\u00f6kande - Anders Adlercreutz","robots":{"index":"index","follow":"follow","max-snippet":"max-snippet:-1","max-image-preview":"max-image-preview:large","max-video-preview":"max-video-preview:-1"},"canonical":"https:\/\/andersadlercreutz.fi\/blog\/pressmeddelande\/adlercreutz-slopa-det-misslyckade-forsoket-med-kvoter-for-forstagangssokande-2\/","og_locale":"sv_SE","og_type":"article","og_title":"Adlercreutz: Slopa det misslyckade f\u00f6rs\u00f6ket med kvoter f\u00f6r f\u00f6rstag\u00e5ngss\u00f6kande - Anders Adlercreutz","og_description":"V\u00e5rens studentskrivningar \u00e4r \u00f6ver. F\u00f6rra veckan l\u00e4mnade tiotusentals unga in sina ans\u00f6kningsblanketter i hopp om en studieplats. De flesta f\u00e5r en, men v\u00e4ljer \u00e4nd\u00e5 att h\u00e5lla ett mellan\u00e5r, tack vare systemet med kvoter f\u00f6r f\u00f6rstag\u00e5ngss\u00f6kande. Svenska riksdagsgruppens ordf\u00f6rande Anders Adlercreutz vill att kvotsystemet slopas. \u2013\u00a0Sedan \u00e5r 2016 har en del av studieplatserna reservats f\u00f6r dem [&hellip;]","og_url":"https:\/\/andersadlercreutz.fi\/blog\/pressmeddelande\/adlercreutz-slopa-det-misslyckade-forsoket-med-kvoter-for-forstagangssokande-2\/","og_site_name":"Anders Adlercreutz","article_published_time":"2022-04-04T15:23:35+00:00","og_image":[{"width":999,"height":659,"url":"https:\/\/i0.wp.com\/andersadlercreutz.fi\/blog\/wp-content\/uploads\/2022\/02\/Anders-ute-1-1.jpg?fit=999%2C659&ssl=1","type":"image\/jpeg"}],"author":"Anders","twitter_card":"summary_large_image","twitter_misc":{"Skriven av":"Anders","Ber\u00e4knad l\u00e4stid":"2 minuter"},"schema":{"@context":"https:\/\/schema.org","@graph":[{"@type":"WebPage","@id":"https:\/\/andersadlercreutz.fi\/blog\/pressmeddelande\/adlercreutz-slopa-det-misslyckade-forsoket-med-kvoter-for-forstagangssokande-2\/","url":"https:\/\/andersadlercreutz.fi\/blog\/pressmeddelande\/adlercreutz-slopa-det-misslyckade-forsoket-med-kvoter-for-forstagangssokande-2\/","name":"Adlercreutz: Slopa det misslyckade f\u00f6rs\u00f6ket med kvoter f\u00f6r f\u00f6rstag\u00e5ngss\u00f6kande - Anders Adlercreutz","isPartOf":{"@id":"https:\/\/andersadlercreutz.fi\/blog\/#website"},"datePublished":"2022-04-04T15:23:35+00:00","dateModified":"2022-04-04T15:23:35+00:00","author":{"@id":"https:\/\/andersadlercreutz.fi\/blog\/#\/schema\/person\/47d4b72eded862b484f74bb4b3a2354f"},"breadcrumb":{"@id":"https:\/\/andersadlercreutz.fi\/blog\/pressmeddelande\/adlercreutz-slopa-det-misslyckade-forsoket-med-kvoter-for-forstagangssokande-2\/#breadcrumb"},"inLanguage":"sv-SE","potentialAction":[{"@type":"ReadAction","target":["https:\/\/andersadlercreutz.fi\/blog\/pressmeddelande\/adlercreutz-slopa-det-misslyckade-forsoket-med-kvoter-for-forstagangssokande-2\/"]}]},{"@type":"BreadcrumbList","@id":"https:\/\/andersadlercreutz.fi\/blog\/pressmeddelande\/adlercreutz-slopa-det-misslyckade-forsoket-med-kvoter-for-forstagangssokande-2\/#breadcrumb","itemListElement":[{"@type":"ListItem","position":1,"name":"Home","item":"https:\/\/andersadlercreutz.fi\/blog\/blogg\/?lang=sv"},{"@type":"ListItem","position":2,"name":"Adlercreutz: Slopa det misslyckade f\u00f6rs\u00f6ket med kvoter f\u00f6r f\u00f6rstag\u00e5ngss\u00f6kande"}]},{"@type":"WebSite","@id":"https:\/\/andersadlercreutz.fi\/blog\/#website","url":"https:\/\/andersadlercreutz.fi\/blog\/","name":"Anders Adlercreutz","description":"Du. Jag. Vi. Kest&auml;v&auml;sti optimisti","potentialAction":[{"@type":"SearchAction","target":{"@type":"EntryPoint","urlTemplate":"https:\/\/andersadlercreutz.fi\/blog\/?s={search_term_string}"},"query-input":"required name=search_term_string"}],"inLanguage":"sv-SE"},{"@type":"Person","@id":"https:\/\/andersadlercreutz.fi\/blog\/#\/schema\/person\/47d4b72eded862b484f74bb4b3a2354f","name":"Anders","image":{"@type":"ImageObject","inLanguage":"sv-SE","@id":"https:\/\/andersadlercreutz.fi\/blog\/#\/schema\/person\/image\/","url":"https:\/\/secure.gravatar.com\/avatar\/a144c9bda7a581ff6fabba169027e620?s=96&d=mm&r=g","contentUrl":"https:\/\/secure.gravatar.com\/avatar\/a144c9bda7a581ff6fabba169027e620?s=96&d=mm&r=g","caption":"Anders"},"url":"https:\/\/andersadlercreutz.fi\/blog\/author\/admin\/"}]}},"jetpack_featured_media_url":"https:\/\/i0.wp.com\/andersadlercreutz.fi\/blog\/wp-content\/uploads\/2022\/02\/Anders-ute-1-1.jpg?fit=999%2C659&ssl=1","jetpack_shortlink":"https:\/\/wp.me\/p4T6Dh-1TI","jetpack_sharing_enabled":true,"_links":{"self":[{"href":"https:\/\/andersadlercreutz.fi\/blog\/wp-json\/wp\/v2\/posts\/7298"}],"collection":[{"href":"https:\/\/andersadlercreutz.fi\/blog\/wp-json\/wp\/v2\/posts"}],"about":[{"href":"https:\/\/andersadlercreutz.fi\/blog\/wp-json\/wp\/v2\/types\/post"}],"author":[{"embeddable":true,"href":"https:\/\/andersadlercreutz.fi\/blog\/wp-json\/wp\/v2\/users\/1"}],"replies":[{"embeddable":true,"href":"https:\/\/andersadlercreutz.fi\/blog\/wp-json\/wp\/v2\/comments?post=7298"}],"version-history":[{"count":1,"href":"https:\/\/andersadlercreutz.fi\/blog\/wp-json\/wp\/v2\/posts\/7298\/revisions"}],"predecessor-version":[{"id":7299,"href":"https:\/\/andersadlercreutz.fi\/blog\/wp-json\/wp\/v2\/posts\/7298\/revisions\/7299"}],"wp:featuredmedia":[{"embeddable":true,"href":"https:\/\/andersadlercreutz.fi\/blog\/wp-json\/wp\/v2\/media\/7184"}],"wp:attachment":[{"href":"https:\/\/andersadlercreutz.fi\/blog\/wp-json\/wp\/v2\/media?parent=7298"}],"wp:term":[{"taxonomy":"category","embeddable":true,"href":"https:\/\/andersadlercreutz.fi\/blog\/wp-json\/wp\/v2\/categories?post=7298"},{"taxonomy":"post_tag","embeddable":true,"href":"https:\/\/andersadlercreutz.fi\/blog\/wp-json\/wp\/v2\/tags?post=7298"}],"curies":[{"name":"wp","href":"https:\/\/api.w.org\/{rel}","templated":true}]}}