{"id":7413,"date":"2022-07-16T17:59:15","date_gmt":"2022-07-16T14:59:15","guid":{"rendered":"https:\/\/andersadlercreutz.fi\/blog\/?p=7413"},"modified":"2023-03-10T22:55:46","modified_gmt":"2023-03-10T20:55:46","slug":"pelaammeko-putinin-lapaan","status":"publish","type":"post","link":"https:\/\/andersadlercreutz.fi\/blog\/blog\/pelaammeko-putinin-lapaan\/?lang=fi","title":{"rendered":"Pelaammeko Putinin lapaan?"},"content":{"rendered":"<p>Eduskunta on istuntotauolla. SuomiAreenakin on takanap\u00e4in. Kes\u00e4m\u00f6kin p\u00e4\u00e4ll\u00e4 roikkuva sadepilvi tarjoaa hyv\u00e4n mahdollisuuden pohtia, mit\u00e4 on edess\u00e4.<span class=\"Apple-converted-space\">\u00a0<\/span><\/p>\n<p>Kev\u00e4\u00e4n tapahtumat ovat sekoittaneet niin maailman kuin arkemmekin. Samalla tuntuvat sekoittuneen my\u00f6s isot ja pienet asiat. Itsell\u00e4ni p\u00e4\u00e4llimm\u00e4isen\u00e4 tunteena on huoli yhteiskunnan polarisoitumisesta. T\u00e4m\u00e4 on ik\u00e4v\u00e4\u00e4 todeta, mutta samalla sen tunnustaminen tuntuu v\u00e4ltt\u00e4m\u00e4tt\u00f6m\u00e4lt\u00e4.<\/p>\n<p>Me olemme sodassa. Eurooppa on sodassa, vaikkakin abstraktissa sellaisessa. Sodassa, jossa suomalaiset sotilaat eiv\u00e4t toistaiseksi makaa painautuneina juoksuhautojen pohjalle. Sodassa, jossa \u00e4idit ja is\u00e4t eiv\u00e4t toistaiseksi odota syd\u00e4n syrj\u00e4ll\u00e4\u00e4n suruviestin tuojaa. Sodassa, jossa Ukrainan ulkopuolella el\u00e4vien suurin huoli on toistaiseksi aiempaa korkeampi kahvin ja bensan hinta.<span class=\"Apple-converted-space\">\u00a0<\/span><\/p>\n<p>Me olemme sodassa, jossa vastakkain ovat kaksi yhteiskunnallista j\u00e4rjestyst\u00e4 m\u00e4\u00e4rittelev\u00e4\u00e4 ideologiaa: demokratia ja diktatuuri. T\u00e4ss\u00e4 ideologioiden sodassa kansallisilla rajoilla on tietty merkityksens\u00e4.<span class=\"Apple-converted-space\">\u00a0<\/span><\/p>\n<p>Samaan aikaan taistelemme my\u00f6s ei-ideologista, ei-maiden rajoja tuntevaa globaalia uhkaa eli ilmastonmuutosta ja elonkirjon katoa vastaan. Kummassakaan taistelussa ei meid\u00e4n suomalaisten osalta synny viel\u00e4 ruumiita, mutta kumpikin taistelu tuottaa ruumiita jo muualla. Muiden takapihoilla.<span class=\"Apple-converted-space\">\u00a0<\/span><\/p>\n<p>Sodan abstraktiudessa piilee riski. Pienemmist\u00e4kin ongelmista kasvaa ep\u00e4tietoisuuden vallitessa herk\u00e4sti kokoaan suurempia. Aivan, kuten y\u00f6n pimein\u00e4 tunteina pienetkin murheet kasvavat elefantin kokoisiksi. Yrit\u00e4mme h\u00e4diss\u00e4mme ja h\u00e4mill\u00e4mme maalata pirulle kasvot. Paperille piirtyv\u00e4t lasten queer-satutunnit ja\u00a0lehmien pierut. Miekaksi ehdotetaan traktorimarssia tai miljon\u00e4\u00e4riveroa.<\/p>\n<blockquote><p>Eurooppa joutuu tulevien vuosien aikana todelliseen happotestiin: ymm\u00e4rr\u00e4mmek\u00f6 demokratian arvon? Ymm\u00e4rr\u00e4mmek\u00f6, milt\u00e4 el\u00e4m\u00e4mme tulee n\u00e4ytt\u00e4m\u00e4\u00e4n, jos joudumme luopumaan siit\u00e4?<\/p><\/blockquote>\n<p>On mahdollista, ett\u00e4 demokratiasta on tullut eurooppalaisille useamman sukupolven aikana itsest\u00e4\u00e4nselvyys.\u00a0Meist\u00e4 todella harva on el\u00e4nyt toisenlaisessa yhteiskunnassa. Yhteiskunnassa, jossa isoveli valvoo, jos nyt ei viel\u00e4 ajatuksiamme, niin ainakin ajatustemme liikkeelle saamia askeleita muutaman metrin tarkkuudella. Se on hyvin toisenlainen todellisuus.<span class=\"Apple-converted-space\">\u00a0<\/span><\/p>\n<p>Taistelussa demokratian puolesta vihollisemme ammuksena on ep\u00e4sovun kylv\u00e4miseen t\u00e4ht\u00e4\u00e4v\u00e4 propaganda, jota hienosti nyky\u00e4\u00e4n disinformaatioksi kutsutaan. Ja me seisomme takki auki tulisateessa: poliittiset ryhm\u00e4t ja kansalaiset k\u00e4yv\u00e4t kesken\u00e4\u00e4n sotaisaa juupas-eip\u00e4s- ja joko-tai -painia. Pelaamme suoraan Putinin lapaan. Menemme lankaan.<span class=\"Apple-converted-space\">\u00a0<\/span><\/p>\n<p>Olemme sodassa, joka edellytt\u00e4\u00e4 poikkeuksellisen \u00e4lyk\u00e4st\u00e4 taktiikkaa ja poikkeuksellista asennetta. Se edellytt\u00e4\u00e4 yhdess\u00e4 tuumin toimimista. Se edellytt\u00e4\u00e4 tietoista vastakkainasettelujen v\u00e4ltt\u00e4mist\u00e4. Se edellytt\u00e4\u00e4 sotastrategiaa, jolle poliittiset agendat ovat alisteisia.<\/p>\n<p>Kaikki merkit viittaavat siihen, ett\u00e4 Eurooppa sukeltaa taloudelliseen taantumaan. Suomi ja Eurooppa, aivan, kuten koko l\u00e4ntinen maailma, on kuitenkin materialistisesta n\u00e4k\u00f6kulmasta tarkasteltuna monin verroin rikkaampi, kuin mit\u00e4 se oli toisen maailmansodan alkaessa.<span class=\"Apple-converted-space\">\u00a0<\/span><\/p>\n<p>Saavutetuista eduista on rankkaa luopua, mutta todenn\u00e4k\u00f6ist\u00e4 on, ett\u00e4 jos k\u00e4ynniss\u00e4 oleva sota ja taloudellinen taantuma pystyt\u00e4\u00e4n kohtaamaan yhten\u00e4 rintamana, menetykset ovat suhteessa pienemm\u00e4t, kuin jos ne kohdataan eripuraisina. Kyse on tuhon minimoimisesta.<span class=\"Apple-converted-space\">\u00a0<\/span><\/p>\n<p>Mit\u00e4 on sodassa vaadittava joviaalisuus? Se on muiden ihmisten saappaisiin astumista eli empatiaa. Se on omien tavoitteiden suhteuttamista yhteisen hyv\u00e4n tavoitteluun. Se merkitsee niin ty\u00f6paikat varmistavien yritysten ja yritt\u00e4jien kunnioittamista kuin heikossa ja haavoittuvaisimmassa asemassa olevista ihmisist\u00e4 huolehtimista. N\u00e4iden v\u00e4lill\u00e4 on yht\u00e4l\u00e4isyysmerkki, ei jakomerkki.<\/p>\n<p>L\u00e4nsimaisen demokratian akilleen kantap\u00e4\u00e4ss\u00e4 on kaksi tikkua: populismin nousu ja lyhytj\u00e4nteinen ajattelu. Molempien torjuminen edellytt\u00e4\u00e4 kyky\u00e4 nousta triviaalien asioiden ja klikkiotsikoiden yl\u00e4puolelle. Viisautta ymm\u00e4rt\u00e4\u00e4, ett\u00e4 demokratian ja oikeusvaltion heikentyminen on kallis hinta pikkusieluisuudesta.<\/p>\n<p><span class=\"Apple-converted-space\">\u00a0<\/span>Sodassa otetaan miehist\u00e4 ja naisista mittaa. Me olemme noita miehi\u00e4 ja naisia.<\/p>\n","protected":false},"excerpt":{"rendered":"<p>Eduskunta on istuntotauolla. SuomiAreenakin on takanap\u00e4in. Kes\u00e4m\u00f6kin p\u00e4\u00e4ll\u00e4 roikkuva sadepilvi tarjoaa hyv\u00e4n mahdollisuuden pohtia, mit\u00e4 on edess\u00e4.\u00a0 Kev\u00e4\u00e4n tapahtumat ovat sekoittaneet niin maailman kuin arkemmekin. Samalla tuntuvat sekoittuneen my\u00f6s isot ja pienet asiat. Itsell\u00e4ni p\u00e4\u00e4llimm\u00e4isen\u00e4 tunteena on huoli yhteiskunnan polarisoitumisesta. T\u00e4m\u00e4 on ik\u00e4v\u00e4\u00e4 todeta, mutta samalla sen tunnustaminen tuntuu v\u00e4ltt\u00e4m\u00e4tt\u00f6m\u00e4lt\u00e4. Me olemme sodassa. Eurooppa on [&hellip;]<\/p>\n","protected":false},"author":1,"featured_media":7263,"comment_status":"open","ping_status":"open","sticky":false,"template":"","format":"standard","meta":{"jetpack_post_was_ever_published":false,"_jetpack_newsletter_access":"","jetpack_publicize_message":"","jetpack_is_tweetstorm":false,"jetpack_publicize_feature_enabled":true,"jetpack_social_post_already_shared":true,"jetpack_social_options":{"image_generator_settings":{"template":"highway","enabled":false}}},"categories":[18,60,125,11],"tags":[],"jetpack_publicize_connections":[],"yoast_head":"<!-- This site is optimized with the Yoast SEO plugin v20.12 - https:\/\/yoast.com\/wordpress\/plugins\/seo\/ -->\n<title>Pelaammeko Putinin lapaan? - Anders Adlercreutz<\/title>\n<meta name=\"robots\" content=\"index, follow, max-snippet:-1, max-image-preview:large, max-video-preview:-1\" \/>\n<link rel=\"canonical\" href=\"https:\/\/andersadlercreutz.fi\/blog\/blog\/pelaammeko-putinin-lapaan\/\" \/>\n<meta property=\"og:locale\" content=\"sv_SE\" \/>\n<meta property=\"og:type\" content=\"article\" \/>\n<meta property=\"og:title\" content=\"Pelaammeko Putinin lapaan? - Anders Adlercreutz\" \/>\n<meta property=\"og:description\" content=\"Eduskunta on istuntotauolla. SuomiAreenakin on takanap\u00e4in. Kes\u00e4m\u00f6kin p\u00e4\u00e4ll\u00e4 roikkuva sadepilvi tarjoaa hyv\u00e4n mahdollisuuden pohtia, mit\u00e4 on edess\u00e4.\u00a0 Kev\u00e4\u00e4n tapahtumat ovat sekoittaneet niin maailman kuin arkemmekin. Samalla tuntuvat sekoittuneen my\u00f6s isot ja pienet asiat. Itsell\u00e4ni p\u00e4\u00e4llimm\u00e4isen\u00e4 tunteena on huoli yhteiskunnan polarisoitumisesta. T\u00e4m\u00e4 on ik\u00e4v\u00e4\u00e4 todeta, mutta samalla sen tunnustaminen tuntuu v\u00e4ltt\u00e4m\u00e4tt\u00f6m\u00e4lt\u00e4. Me olemme sodassa. Eurooppa on [&hellip;]\" \/>\n<meta property=\"og:url\" content=\"https:\/\/andersadlercreutz.fi\/blog\/blog\/pelaammeko-putinin-lapaan\/?lang=fi\" \/>\n<meta property=\"og:site_name\" content=\"Anders Adlercreutz\" \/>\n<meta property=\"article:published_time\" content=\"2022-07-16T14:59:15+00:00\" \/>\n<meta property=\"article:modified_time\" content=\"2023-03-10T20:55:46+00:00\" \/>\n<meta property=\"og:image\" content=\"https:\/\/i0.wp.com\/andersadlercreutz.fi\/blog\/wp-content\/uploads\/2022\/02\/274457578_360523559226218_7878780876610212516_n.jpg?fit=1214%2C809&ssl=1\" \/>\n\t<meta property=\"og:image:width\" content=\"1214\" \/>\n\t<meta property=\"og:image:height\" content=\"809\" \/>\n\t<meta property=\"og:image:type\" content=\"image\/jpeg\" \/>\n<meta name=\"author\" content=\"Anders\" \/>\n<meta name=\"twitter:card\" content=\"summary_large_image\" \/>\n<meta name=\"twitter:label1\" content=\"Skriven av\" \/>\n\t<meta name=\"twitter:data1\" content=\"Anders\" \/>\n\t<meta name=\"twitter:label2\" content=\"Ber\u00e4knad l\u00e4stid\" \/>\n\t<meta name=\"twitter:data2\" content=\"3 minuter\" \/>\n<script type=\"application\/ld+json\" class=\"yoast-schema-graph\">{\"@context\":\"https:\/\/schema.org\",\"@graph\":[{\"@type\":\"WebPage\",\"@id\":\"https:\/\/andersadlercreutz.fi\/blog\/blog\/pelaammeko-putinin-lapaan\/?lang=fi\",\"url\":\"https:\/\/andersadlercreutz.fi\/blog\/blog\/pelaammeko-putinin-lapaan\/?lang=fi\",\"name\":\"Pelaammeko Putinin lapaan? - Anders Adlercreutz\",\"isPartOf\":{\"@id\":\"https:\/\/andersadlercreutz.fi\/blog\/#website\"},\"datePublished\":\"2022-07-16T14:59:15+00:00\",\"dateModified\":\"2023-03-10T20:55:46+00:00\",\"author\":{\"@id\":\"https:\/\/andersadlercreutz.fi\/blog\/#\/schema\/person\/47d4b72eded862b484f74bb4b3a2354f\"},\"breadcrumb\":{\"@id\":\"https:\/\/andersadlercreutz.fi\/blog\/blog\/pelaammeko-putinin-lapaan\/?lang=fi#breadcrumb\"},\"inLanguage\":\"sv-SE\",\"potentialAction\":[{\"@type\":\"ReadAction\",\"target\":[\"https:\/\/andersadlercreutz.fi\/blog\/blog\/pelaammeko-putinin-lapaan\/?lang=fi\"]}]},{\"@type\":\"BreadcrumbList\",\"@id\":\"https:\/\/andersadlercreutz.fi\/blog\/blog\/pelaammeko-putinin-lapaan\/?lang=fi#breadcrumb\",\"itemListElement\":[{\"@type\":\"ListItem\",\"position\":1,\"name\":\"Home\",\"item\":\"https:\/\/andersadlercreutz.fi\/blog\/blogg\/?lang=sv\"},{\"@type\":\"ListItem\",\"position\":2,\"name\":\"Pelaammeko Putinin lapaan?\"}]},{\"@type\":\"WebSite\",\"@id\":\"https:\/\/andersadlercreutz.fi\/blog\/#website\",\"url\":\"https:\/\/andersadlercreutz.fi\/blog\/\",\"name\":\"Anders Adlercreutz\",\"description\":\"Du. Jag. Vi. Kest&auml;v&auml;sti optimisti\",\"potentialAction\":[{\"@type\":\"SearchAction\",\"target\":{\"@type\":\"EntryPoint\",\"urlTemplate\":\"https:\/\/andersadlercreutz.fi\/blog\/?s={search_term_string}\"},\"query-input\":\"required name=search_term_string\"}],\"inLanguage\":\"sv-SE\"},{\"@type\":\"Person\",\"@id\":\"https:\/\/andersadlercreutz.fi\/blog\/#\/schema\/person\/47d4b72eded862b484f74bb4b3a2354f\",\"name\":\"Anders\",\"image\":{\"@type\":\"ImageObject\",\"inLanguage\":\"sv-SE\",\"@id\":\"https:\/\/andersadlercreutz.fi\/blog\/#\/schema\/person\/image\/\",\"url\":\"https:\/\/secure.gravatar.com\/avatar\/a144c9bda7a581ff6fabba169027e620?s=96&d=mm&r=g\",\"contentUrl\":\"https:\/\/secure.gravatar.com\/avatar\/a144c9bda7a581ff6fabba169027e620?s=96&d=mm&r=g\",\"caption\":\"Anders\"},\"url\":\"https:\/\/andersadlercreutz.fi\/blog\/author\/admin\/\"}]}<\/script>\n<!-- \/ Yoast SEO plugin. -->","yoast_head_json":{"title":"Pelaammeko Putinin lapaan? - Anders Adlercreutz","robots":{"index":"index","follow":"follow","max-snippet":"max-snippet:-1","max-image-preview":"max-image-preview:large","max-video-preview":"max-video-preview:-1"},"canonical":"https:\/\/andersadlercreutz.fi\/blog\/blog\/pelaammeko-putinin-lapaan\/","og_locale":"sv_SE","og_type":"article","og_title":"Pelaammeko Putinin lapaan? - Anders Adlercreutz","og_description":"Eduskunta on istuntotauolla. SuomiAreenakin on takanap\u00e4in. Kes\u00e4m\u00f6kin p\u00e4\u00e4ll\u00e4 roikkuva sadepilvi tarjoaa hyv\u00e4n mahdollisuuden pohtia, mit\u00e4 on edess\u00e4.\u00a0 Kev\u00e4\u00e4n tapahtumat ovat sekoittaneet niin maailman kuin arkemmekin. Samalla tuntuvat sekoittuneen my\u00f6s isot ja pienet asiat. Itsell\u00e4ni p\u00e4\u00e4llimm\u00e4isen\u00e4 tunteena on huoli yhteiskunnan polarisoitumisesta. T\u00e4m\u00e4 on ik\u00e4v\u00e4\u00e4 todeta, mutta samalla sen tunnustaminen tuntuu v\u00e4ltt\u00e4m\u00e4tt\u00f6m\u00e4lt\u00e4. Me olemme sodassa. Eurooppa on [&hellip;]","og_url":"https:\/\/andersadlercreutz.fi\/blog\/blog\/pelaammeko-putinin-lapaan\/?lang=fi","og_site_name":"Anders Adlercreutz","article_published_time":"2022-07-16T14:59:15+00:00","article_modified_time":"2023-03-10T20:55:46+00:00","og_image":[{"width":1214,"height":809,"url":"https:\/\/i0.wp.com\/andersadlercreutz.fi\/blog\/wp-content\/uploads\/2022\/02\/274457578_360523559226218_7878780876610212516_n.jpg?fit=1214%2C809&ssl=1","type":"image\/jpeg"}],"author":"Anders","twitter_card":"summary_large_image","twitter_misc":{"Skriven av":"Anders","Ber\u00e4knad l\u00e4stid":"3 minuter"},"schema":{"@context":"https:\/\/schema.org","@graph":[{"@type":"WebPage","@id":"https:\/\/andersadlercreutz.fi\/blog\/blog\/pelaammeko-putinin-lapaan\/?lang=fi","url":"https:\/\/andersadlercreutz.fi\/blog\/blog\/pelaammeko-putinin-lapaan\/?lang=fi","name":"Pelaammeko Putinin lapaan? - Anders Adlercreutz","isPartOf":{"@id":"https:\/\/andersadlercreutz.fi\/blog\/#website"},"datePublished":"2022-07-16T14:59:15+00:00","dateModified":"2023-03-10T20:55:46+00:00","author":{"@id":"https:\/\/andersadlercreutz.fi\/blog\/#\/schema\/person\/47d4b72eded862b484f74bb4b3a2354f"},"breadcrumb":{"@id":"https:\/\/andersadlercreutz.fi\/blog\/blog\/pelaammeko-putinin-lapaan\/?lang=fi#breadcrumb"},"inLanguage":"sv-SE","potentialAction":[{"@type":"ReadAction","target":["https:\/\/andersadlercreutz.fi\/blog\/blog\/pelaammeko-putinin-lapaan\/?lang=fi"]}]},{"@type":"BreadcrumbList","@id":"https:\/\/andersadlercreutz.fi\/blog\/blog\/pelaammeko-putinin-lapaan\/?lang=fi#breadcrumb","itemListElement":[{"@type":"ListItem","position":1,"name":"Home","item":"https:\/\/andersadlercreutz.fi\/blog\/blogg\/?lang=sv"},{"@type":"ListItem","position":2,"name":"Pelaammeko Putinin lapaan?"}]},{"@type":"WebSite","@id":"https:\/\/andersadlercreutz.fi\/blog\/#website","url":"https:\/\/andersadlercreutz.fi\/blog\/","name":"Anders Adlercreutz","description":"Du. Jag. Vi. Kest&auml;v&auml;sti optimisti","potentialAction":[{"@type":"SearchAction","target":{"@type":"EntryPoint","urlTemplate":"https:\/\/andersadlercreutz.fi\/blog\/?s={search_term_string}"},"query-input":"required name=search_term_string"}],"inLanguage":"sv-SE"},{"@type":"Person","@id":"https:\/\/andersadlercreutz.fi\/blog\/#\/schema\/person\/47d4b72eded862b484f74bb4b3a2354f","name":"Anders","image":{"@type":"ImageObject","inLanguage":"sv-SE","@id":"https:\/\/andersadlercreutz.fi\/blog\/#\/schema\/person\/image\/","url":"https:\/\/secure.gravatar.com\/avatar\/a144c9bda7a581ff6fabba169027e620?s=96&d=mm&r=g","contentUrl":"https:\/\/secure.gravatar.com\/avatar\/a144c9bda7a581ff6fabba169027e620?s=96&d=mm&r=g","caption":"Anders"},"url":"https:\/\/andersadlercreutz.fi\/blog\/author\/admin\/"}]}},"jetpack_featured_media_url":"https:\/\/i0.wp.com\/andersadlercreutz.fi\/blog\/wp-content\/uploads\/2022\/02\/274457578_360523559226218_7878780876610212516_n.jpg?fit=1214%2C809&ssl=1","jetpack_shortlink":"https:\/\/wp.me\/p4T6Dh-1Vz","jetpack_sharing_enabled":true,"_links":{"self":[{"href":"https:\/\/andersadlercreutz.fi\/blog\/wp-json\/wp\/v2\/posts\/7413"}],"collection":[{"href":"https:\/\/andersadlercreutz.fi\/blog\/wp-json\/wp\/v2\/posts"}],"about":[{"href":"https:\/\/andersadlercreutz.fi\/blog\/wp-json\/wp\/v2\/types\/post"}],"author":[{"embeddable":true,"href":"https:\/\/andersadlercreutz.fi\/blog\/wp-json\/wp\/v2\/users\/1"}],"replies":[{"embeddable":true,"href":"https:\/\/andersadlercreutz.fi\/blog\/wp-json\/wp\/v2\/comments?post=7413"}],"version-history":[{"count":4,"href":"https:\/\/andersadlercreutz.fi\/blog\/wp-json\/wp\/v2\/posts\/7413\/revisions"}],"predecessor-version":[{"id":8151,"href":"https:\/\/andersadlercreutz.fi\/blog\/wp-json\/wp\/v2\/posts\/7413\/revisions\/8151"}],"wp:featuredmedia":[{"embeddable":true,"href":"https:\/\/andersadlercreutz.fi\/blog\/wp-json\/wp\/v2\/media\/7263"}],"wp:attachment":[{"href":"https:\/\/andersadlercreutz.fi\/blog\/wp-json\/wp\/v2\/media?parent=7413"}],"wp:term":[{"taxonomy":"category","embeddable":true,"href":"https:\/\/andersadlercreutz.fi\/blog\/wp-json\/wp\/v2\/categories?post=7413"},{"taxonomy":"post_tag","embeddable":true,"href":"https:\/\/andersadlercreutz.fi\/blog\/wp-json\/wp\/v2\/tags?post=7413"}],"curies":[{"name":"wp","href":"https:\/\/api.w.org\/{rel}","templated":true}]}}