{"id":7436,"date":"2022-08-23T16:57:34","date_gmt":"2022-08-23T13:57:34","guid":{"rendered":"https:\/\/andersadlercreutz.fi\/blog\/?p=7436"},"modified":"2022-08-23T17:00:56","modified_gmt":"2022-08-23T14:00:56","slug":"politiikan-linjavetoja-perheyrityksia-kuunnellen","status":"publish","type":"post","link":"https:\/\/andersadlercreutz.fi\/blog\/blog\/politiikan-linjavetoja-perheyrityksia-kuunnellen\/?lang=fi","title":{"rendered":"Politiikan linjavetoja perheyrityksi\u00e4 kuunnellen"},"content":{"rendered":"<p><a href=\"https:\/\/www.linkedin.com\/company\/perheyritysten-liitto\/\" data-attribute-index=\"0\" data-entity-hovercard-id=\"urn:li:fs_miniCompany:2973643\" data-entity-type=\"MINI_COMPANY\">Perheyritysten liitto<\/a>\u00a0j\u00e4senten <a href=\"https:\/\/perheyritys.fi\/uutishuone\/uutiset\/perheyritysten-usko-suomen-talouteen-romahtanut-kesan-aikana\">n\u00e4kemykset<\/a> talouden tilasta ja tulevaisuudesta\u00a0antavat meille poliitikoille t\u00e4rkeit\u00e4 ev\u00e4it\u00e4 poliittisten linjausten tekemiseen. Se, ett\u00e4 luottamus talouteen on perheyritysten keskuudessa romahtanut, on asia, joka signaloi nopeaa muutostarvetta. Kaksi huolta nousevat muiden edelle: ty\u00f6voiman saatavuus sek\u00e4 veropolitiikan muutokset.<\/p>\n<p>Ty\u00f6voiman saatavuus nousee toistuvasti esille k\u00e4rkihaasteena. Toisaalta kyse on ty\u00f6markkinoiden kannustimista ja toisaalta ty\u00f6per\u00e4isen maahanmuuton prosesseista.<\/p>\n<p>Itse n\u00e4en t\u00e4h\u00e4n seuraavat ratkaisut:<\/p>\n<p>Ty\u00f6per\u00e4isen maahanmuuton prosessit on laitettava viipym\u00e4tt\u00e4 kuntoon. T\u00e4h\u00e4n on jo ryhdytty, mutta on syyt\u00e4 vakavasti pohtia sit\u00e4, onko Migri oikea viranomainen hoitamaan ylip\u00e4\u00e4t\u00e4\u00e4n ty\u00f6per\u00e4isen maahanmuuton kysymyksi\u00e4. Nyt samassa putkessa on sek\u00e4 humanit\u00e4\u00e4rinen ett\u00e4 ty\u00f6per\u00e4inen maahanmuutto, ja putki on pahasti tukossa.<\/p>\n<p>Lis\u00e4ksi: Sellaisen yrityksen, joka on hoitanut ty\u00f6nantajavelvoitteensa moitteettomasti ty\u00f6per\u00e4iseen maahanmuuttoon liittyen, tulisi voida ns. &#8221;sertifioituna yrityksen\u00e4&#8221; ohittaa rekrytoinneissaan pitk\u00e4t lupajonot.<\/p>\n<p>Tarvitsemme paikallisempaa sopimista. Olen itse luonut t\u00e4h\u00e4n ratkaisumallin, joka on julkaistu Liberan <a href=\"https:\/\/lnkd.in\/dFvr6VkT\">pamfletissa<\/a>.<\/p>\n<p>Ansiosidonnainen ty\u00f6tt\u00f6myystuki tulee ulottaa kaikille, mutta se tulisi porrastaa Tanskan mallin mukaisesti. T\u00e4m\u00e4 parantaisi kannustimia ty\u00f6nhakuun.<\/p>\n<p>Veropolitiikan tulee olla kannustavaa ja ennen kaikkea ennustettavaa. Suurista verotuslinjoista pit\u00e4\u00e4 pysty\u00e4 sopimaan parlamentaarisesti ja pitk\u00e4j\u00e4nteisesti. Verotus ei voi olla jokaisen budjettiriihen pelinappula.<\/p>\n<p>Suomalaista omistamista pit\u00e4\u00e4 vahvistaa. Tarvitsemme Suomeen ulkomaista p\u00e4\u00e4omaa, mutta my\u00f6s sukupolvenvaihdosten helpottamista: perint\u00f6vero tulee korvata myyntivoittoverolla, joka maksetaan vain, mik\u00e4li perint\u00f6 myyd\u00e4\u00e4n, Ruotsin mallin mukaisesti.<\/p>\n<p>Olen vakuuttunut, ett\u00e4 n\u00e4ill\u00e4 toimilla my\u00f6s Perheyritysten liiton j\u00e4senten usko tulevaisuuteen vahvistuisi<\/p>\n","protected":false},"excerpt":{"rendered":"<p>Perheyritysten liitto\u00a0j\u00e4senten n\u00e4kemykset talouden tilasta ja tulevaisuudesta\u00a0antavat meille poliitikoille t\u00e4rkeit\u00e4 ev\u00e4it\u00e4 poliittisten linjausten tekemiseen. Se, ett\u00e4 luottamus talouteen on perheyritysten keskuudessa romahtanut, on asia, joka signaloi nopeaa muutostarvetta. Kaksi huolta nousevat muiden edelle: ty\u00f6voiman saatavuus sek\u00e4 veropolitiikan muutokset. Ty\u00f6voiman saatavuus nousee toistuvasti esille k\u00e4rkihaasteena. Toisaalta kyse on ty\u00f6markkinoiden kannustimista ja toisaalta ty\u00f6per\u00e4isen maahanmuuton prosesseista. Itse [&hellip;]<\/p>\n","protected":false},"author":1,"featured_media":7260,"comment_status":"open","ping_status":"open","sticky":false,"template":"","format":"standard","meta":{"jetpack_post_was_ever_published":false,"_jetpack_newsletter_access":"","jetpack_publicize_message":"","jetpack_is_tweetstorm":false,"jetpack_publicize_feature_enabled":true,"jetpack_social_post_already_shared":true,"jetpack_social_options":{"image_generator_settings":{"template":"highway","enabled":false}}},"categories":[18,60,113,61,89],"tags":[],"jetpack_publicize_connections":[],"yoast_head":"<!-- This site is optimized with the Yoast SEO plugin v20.12 - https:\/\/yoast.com\/wordpress\/plugins\/seo\/ -->\n<title>Politiikan linjavetoja perheyrityksi\u00e4 kuunnellen - Anders Adlercreutz<\/title>\n<meta name=\"robots\" content=\"index, follow, max-snippet:-1, max-image-preview:large, max-video-preview:-1\" \/>\n<link rel=\"canonical\" href=\"https:\/\/andersadlercreutz.fi\/blog\/blog\/politiikan-linjavetoja-perheyrityksia-kuunnellen\/\" \/>\n<meta property=\"og:locale\" content=\"sv_SE\" \/>\n<meta property=\"og:type\" content=\"article\" \/>\n<meta property=\"og:title\" content=\"Politiikan linjavetoja perheyrityksi\u00e4 kuunnellen - Anders Adlercreutz\" \/>\n<meta property=\"og:description\" content=\"Perheyritysten liitto\u00a0j\u00e4senten n\u00e4kemykset talouden tilasta ja tulevaisuudesta\u00a0antavat meille poliitikoille t\u00e4rkeit\u00e4 ev\u00e4it\u00e4 poliittisten linjausten tekemiseen. Se, ett\u00e4 luottamus talouteen on perheyritysten keskuudessa romahtanut, on asia, joka signaloi nopeaa muutostarvetta. Kaksi huolta nousevat muiden edelle: ty\u00f6voiman saatavuus sek\u00e4 veropolitiikan muutokset. Ty\u00f6voiman saatavuus nousee toistuvasti esille k\u00e4rkihaasteena. Toisaalta kyse on ty\u00f6markkinoiden kannustimista ja toisaalta ty\u00f6per\u00e4isen maahanmuuton prosesseista. Itse [&hellip;]\" \/>\n<meta property=\"og:url\" content=\"https:\/\/andersadlercreutz.fi\/blog\/blog\/politiikan-linjavetoja-perheyrityksia-kuunnellen\/?lang=fi\" \/>\n<meta property=\"og:site_name\" content=\"Anders Adlercreutz\" \/>\n<meta property=\"article:published_time\" content=\"2022-08-23T13:57:34+00:00\" \/>\n<meta property=\"article:modified_time\" content=\"2022-08-23T14:00:56+00:00\" \/>\n<meta property=\"og:image\" content=\"https:\/\/i0.wp.com\/andersadlercreutz.fi\/blog\/wp-content\/uploads\/2022\/02\/274832182_361759512435956_25871995982128613_n.jpg?fit=1214%2C809&ssl=1\" \/>\n\t<meta property=\"og:image:width\" content=\"1214\" \/>\n\t<meta property=\"og:image:height\" content=\"809\" \/>\n\t<meta property=\"og:image:type\" content=\"image\/jpeg\" \/>\n<meta name=\"author\" content=\"Anders\" \/>\n<meta name=\"twitter:card\" content=\"summary_large_image\" \/>\n<meta name=\"twitter:label1\" content=\"Skriven av\" \/>\n\t<meta name=\"twitter:data1\" content=\"Anders\" \/>\n\t<meta name=\"twitter:label2\" content=\"Ber\u00e4knad l\u00e4stid\" \/>\n\t<meta name=\"twitter:data2\" content=\"1 minut\" \/>\n<script type=\"application\/ld+json\" class=\"yoast-schema-graph\">{\"@context\":\"https:\/\/schema.org\",\"@graph\":[{\"@type\":\"WebPage\",\"@id\":\"https:\/\/andersadlercreutz.fi\/blog\/blog\/politiikan-linjavetoja-perheyrityksia-kuunnellen\/?lang=fi\",\"url\":\"https:\/\/andersadlercreutz.fi\/blog\/blog\/politiikan-linjavetoja-perheyrityksia-kuunnellen\/?lang=fi\",\"name\":\"Politiikan linjavetoja perheyrityksi\u00e4 kuunnellen - Anders Adlercreutz\",\"isPartOf\":{\"@id\":\"https:\/\/andersadlercreutz.fi\/blog\/#website\"},\"datePublished\":\"2022-08-23T13:57:34+00:00\",\"dateModified\":\"2022-08-23T14:00:56+00:00\",\"author\":{\"@id\":\"https:\/\/andersadlercreutz.fi\/blog\/#\/schema\/person\/47d4b72eded862b484f74bb4b3a2354f\"},\"breadcrumb\":{\"@id\":\"https:\/\/andersadlercreutz.fi\/blog\/blog\/politiikan-linjavetoja-perheyrityksia-kuunnellen\/?lang=fi#breadcrumb\"},\"inLanguage\":\"sv-SE\",\"potentialAction\":[{\"@type\":\"ReadAction\",\"target\":[\"https:\/\/andersadlercreutz.fi\/blog\/blog\/politiikan-linjavetoja-perheyrityksia-kuunnellen\/?lang=fi\"]}]},{\"@type\":\"BreadcrumbList\",\"@id\":\"https:\/\/andersadlercreutz.fi\/blog\/blog\/politiikan-linjavetoja-perheyrityksia-kuunnellen\/?lang=fi#breadcrumb\",\"itemListElement\":[{\"@type\":\"ListItem\",\"position\":1,\"name\":\"Home\",\"item\":\"https:\/\/andersadlercreutz.fi\/blog\/blogg\/?lang=sv\"},{\"@type\":\"ListItem\",\"position\":2,\"name\":\"Politiikan linjavetoja perheyrityksi\u00e4 kuunnellen\"}]},{\"@type\":\"WebSite\",\"@id\":\"https:\/\/andersadlercreutz.fi\/blog\/#website\",\"url\":\"https:\/\/andersadlercreutz.fi\/blog\/\",\"name\":\"Anders Adlercreutz\",\"description\":\"Du. Jag. Vi. Kest&auml;v&auml;sti optimisti\",\"potentialAction\":[{\"@type\":\"SearchAction\",\"target\":{\"@type\":\"EntryPoint\",\"urlTemplate\":\"https:\/\/andersadlercreutz.fi\/blog\/?s={search_term_string}\"},\"query-input\":\"required name=search_term_string\"}],\"inLanguage\":\"sv-SE\"},{\"@type\":\"Person\",\"@id\":\"https:\/\/andersadlercreutz.fi\/blog\/#\/schema\/person\/47d4b72eded862b484f74bb4b3a2354f\",\"name\":\"Anders\",\"image\":{\"@type\":\"ImageObject\",\"inLanguage\":\"sv-SE\",\"@id\":\"https:\/\/andersadlercreutz.fi\/blog\/#\/schema\/person\/image\/\",\"url\":\"https:\/\/secure.gravatar.com\/avatar\/a144c9bda7a581ff6fabba169027e620?s=96&d=mm&r=g\",\"contentUrl\":\"https:\/\/secure.gravatar.com\/avatar\/a144c9bda7a581ff6fabba169027e620?s=96&d=mm&r=g\",\"caption\":\"Anders\"},\"url\":\"https:\/\/andersadlercreutz.fi\/blog\/author\/admin\/\"}]}<\/script>\n<!-- \/ Yoast SEO plugin. -->","yoast_head_json":{"title":"Politiikan linjavetoja perheyrityksi\u00e4 kuunnellen - Anders Adlercreutz","robots":{"index":"index","follow":"follow","max-snippet":"max-snippet:-1","max-image-preview":"max-image-preview:large","max-video-preview":"max-video-preview:-1"},"canonical":"https:\/\/andersadlercreutz.fi\/blog\/blog\/politiikan-linjavetoja-perheyrityksia-kuunnellen\/","og_locale":"sv_SE","og_type":"article","og_title":"Politiikan linjavetoja perheyrityksi\u00e4 kuunnellen - Anders Adlercreutz","og_description":"Perheyritysten liitto\u00a0j\u00e4senten n\u00e4kemykset talouden tilasta ja tulevaisuudesta\u00a0antavat meille poliitikoille t\u00e4rkeit\u00e4 ev\u00e4it\u00e4 poliittisten linjausten tekemiseen. Se, ett\u00e4 luottamus talouteen on perheyritysten keskuudessa romahtanut, on asia, joka signaloi nopeaa muutostarvetta. Kaksi huolta nousevat muiden edelle: ty\u00f6voiman saatavuus sek\u00e4 veropolitiikan muutokset. Ty\u00f6voiman saatavuus nousee toistuvasti esille k\u00e4rkihaasteena. Toisaalta kyse on ty\u00f6markkinoiden kannustimista ja toisaalta ty\u00f6per\u00e4isen maahanmuuton prosesseista. Itse [&hellip;]","og_url":"https:\/\/andersadlercreutz.fi\/blog\/blog\/politiikan-linjavetoja-perheyrityksia-kuunnellen\/?lang=fi","og_site_name":"Anders Adlercreutz","article_published_time":"2022-08-23T13:57:34+00:00","article_modified_time":"2022-08-23T14:00:56+00:00","og_image":[{"width":1214,"height":809,"url":"https:\/\/i0.wp.com\/andersadlercreutz.fi\/blog\/wp-content\/uploads\/2022\/02\/274832182_361759512435956_25871995982128613_n.jpg?fit=1214%2C809&ssl=1","type":"image\/jpeg"}],"author":"Anders","twitter_card":"summary_large_image","twitter_misc":{"Skriven av":"Anders","Ber\u00e4knad l\u00e4stid":"1 minut"},"schema":{"@context":"https:\/\/schema.org","@graph":[{"@type":"WebPage","@id":"https:\/\/andersadlercreutz.fi\/blog\/blog\/politiikan-linjavetoja-perheyrityksia-kuunnellen\/?lang=fi","url":"https:\/\/andersadlercreutz.fi\/blog\/blog\/politiikan-linjavetoja-perheyrityksia-kuunnellen\/?lang=fi","name":"Politiikan linjavetoja perheyrityksi\u00e4 kuunnellen - Anders Adlercreutz","isPartOf":{"@id":"https:\/\/andersadlercreutz.fi\/blog\/#website"},"datePublished":"2022-08-23T13:57:34+00:00","dateModified":"2022-08-23T14:00:56+00:00","author":{"@id":"https:\/\/andersadlercreutz.fi\/blog\/#\/schema\/person\/47d4b72eded862b484f74bb4b3a2354f"},"breadcrumb":{"@id":"https:\/\/andersadlercreutz.fi\/blog\/blog\/politiikan-linjavetoja-perheyrityksia-kuunnellen\/?lang=fi#breadcrumb"},"inLanguage":"sv-SE","potentialAction":[{"@type":"ReadAction","target":["https:\/\/andersadlercreutz.fi\/blog\/blog\/politiikan-linjavetoja-perheyrityksia-kuunnellen\/?lang=fi"]}]},{"@type":"BreadcrumbList","@id":"https:\/\/andersadlercreutz.fi\/blog\/blog\/politiikan-linjavetoja-perheyrityksia-kuunnellen\/?lang=fi#breadcrumb","itemListElement":[{"@type":"ListItem","position":1,"name":"Home","item":"https:\/\/andersadlercreutz.fi\/blog\/blogg\/?lang=sv"},{"@type":"ListItem","position":2,"name":"Politiikan linjavetoja perheyrityksi\u00e4 kuunnellen"}]},{"@type":"WebSite","@id":"https:\/\/andersadlercreutz.fi\/blog\/#website","url":"https:\/\/andersadlercreutz.fi\/blog\/","name":"Anders Adlercreutz","description":"Du. Jag. Vi. Kest&auml;v&auml;sti optimisti","potentialAction":[{"@type":"SearchAction","target":{"@type":"EntryPoint","urlTemplate":"https:\/\/andersadlercreutz.fi\/blog\/?s={search_term_string}"},"query-input":"required name=search_term_string"}],"inLanguage":"sv-SE"},{"@type":"Person","@id":"https:\/\/andersadlercreutz.fi\/blog\/#\/schema\/person\/47d4b72eded862b484f74bb4b3a2354f","name":"Anders","image":{"@type":"ImageObject","inLanguage":"sv-SE","@id":"https:\/\/andersadlercreutz.fi\/blog\/#\/schema\/person\/image\/","url":"https:\/\/secure.gravatar.com\/avatar\/a144c9bda7a581ff6fabba169027e620?s=96&d=mm&r=g","contentUrl":"https:\/\/secure.gravatar.com\/avatar\/a144c9bda7a581ff6fabba169027e620?s=96&d=mm&r=g","caption":"Anders"},"url":"https:\/\/andersadlercreutz.fi\/blog\/author\/admin\/"}]}},"jetpack_featured_media_url":"https:\/\/i0.wp.com\/andersadlercreutz.fi\/blog\/wp-content\/uploads\/2022\/02\/274832182_361759512435956_25871995982128613_n.jpg?fit=1214%2C809&ssl=1","jetpack_shortlink":"https:\/\/wp.me\/p4T6Dh-1VW","jetpack_sharing_enabled":true,"_links":{"self":[{"href":"https:\/\/andersadlercreutz.fi\/blog\/wp-json\/wp\/v2\/posts\/7436"}],"collection":[{"href":"https:\/\/andersadlercreutz.fi\/blog\/wp-json\/wp\/v2\/posts"}],"about":[{"href":"https:\/\/andersadlercreutz.fi\/blog\/wp-json\/wp\/v2\/types\/post"}],"author":[{"embeddable":true,"href":"https:\/\/andersadlercreutz.fi\/blog\/wp-json\/wp\/v2\/users\/1"}],"replies":[{"embeddable":true,"href":"https:\/\/andersadlercreutz.fi\/blog\/wp-json\/wp\/v2\/comments?post=7436"}],"version-history":[{"count":5,"href":"https:\/\/andersadlercreutz.fi\/blog\/wp-json\/wp\/v2\/posts\/7436\/revisions"}],"predecessor-version":[{"id":7444,"href":"https:\/\/andersadlercreutz.fi\/blog\/wp-json\/wp\/v2\/posts\/7436\/revisions\/7444"}],"wp:featuredmedia":[{"embeddable":true,"href":"https:\/\/andersadlercreutz.fi\/blog\/wp-json\/wp\/v2\/media\/7260"}],"wp:attachment":[{"href":"https:\/\/andersadlercreutz.fi\/blog\/wp-json\/wp\/v2\/media?parent=7436"}],"wp:term":[{"taxonomy":"category","embeddable":true,"href":"https:\/\/andersadlercreutz.fi\/blog\/wp-json\/wp\/v2\/categories?post=7436"},{"taxonomy":"post_tag","embeddable":true,"href":"https:\/\/andersadlercreutz.fi\/blog\/wp-json\/wp\/v2\/tags?post=7436"}],"curies":[{"name":"wp","href":"https:\/\/api.w.org\/{rel}","templated":true}]}}