{"id":7535,"date":"2022-10-26T16:08:35","date_gmt":"2022-10-26T13:08:35","guid":{"rendered":"https:\/\/andersadlercreutz.fi\/blog\/?p=7535"},"modified":"2022-10-26T16:08:35","modified_gmt":"2022-10-26T13:08:35","slug":"adlercreutz-vi-skall-inte-gora-om-misstaget-med-nord-stream","status":"publish","type":"post","link":"https:\/\/andersadlercreutz.fi\/blog\/forsvar\/adlercreutz-vi-skall-inte-gora-om-misstaget-med-nord-stream\/","title":{"rendered":"Adlercreutz: Vi skall inte g\u00f6ra om misstaget med Nord Stream"},"content":{"rendered":"<p><span style=\"font-weight: 400;\">Ryskt fastighets\u00e4gande i n\u00e4rheten av strategiskt viktiga anl\u00e4ggningar har skapat oro. F\u00f6rra veckan \u00f6verl\u00e4mnade regeringen sitt f\u00f6rslag till hur lagstiftningen ska sk\u00e4rpas. Svenska riksdagsgruppens ordf\u00f6rande\u00a0Anders Adlercreutz\u00a0lyfter upp, att \u00e4ven andra \u00e4n f\u00f6rsvarsanl\u00e4ggningar kan vara strategiskt viktiga.<\/span><br style=\"font-weight: 400;\" \/><br style=\"font-weight: 400;\" \/><span style=\"font-weight: 400;\">-Vi har i Finland successivt stramat \u00e5t \u00f6vervakningen av fastighetsk\u00f6p som ligger n\u00e4ra strategiskt viktiga objekt. Men det r\u00e4cker inte. Med tanke p\u00e5 den nationella s\u00e4kerheten \u00e4r det \u00e4ven viktigt att\u00a0 kritisk infrastruktur inte \u00e4gs av makter som har intressen som inte sammanfaller med v\u00e5ra, s\u00e4ger Svenska riksdagsgruppens ordf\u00f6rande Anders Adlercreutz.<\/span><br style=\"font-weight: 400;\" \/><br style=\"font-weight: 400;\" \/><span style=\"font-weight: 400;\">Adlercreutz lyfter upp att Ryssland inte \u00e4r den enda akt\u00f6ren som har globala ambitioner och som anv\u00e4nder sig av spelregler som skiljer sig fr\u00e5n v\u00e5ra.<\/span><br style=\"font-weight: 400;\" \/><br style=\"font-weight: 400;\" \/><span style=\"font-weight: 400;\">\u2013 Vi m\u00e5ste ta l\u00e4rdom av misstagen som gjordes i samband med Nord Stream. Vi skall inte g\u00f6ra oss beroende av en fr\u00e4mmande, auktorit\u00e4r makt, s\u00e4ger Adlercreutz.<\/span><br style=\"font-weight: 400;\" \/><br style=\"font-weight: 400;\" \/><span style=\"font-weight: 400;\">&#8211; Kina har p\u00e5 sistone k\u00f6pt in sig i hamnar i Europa och till exempel Israel. Det vore naivt att tro att dessa k\u00f6p bara handlar om en f\u00f6rk\u00e4rlek f\u00f6r fri handel. Idag godk\u00e4nde Scholz regering det, att det stats\u00e4gda kinesiska rederiet Cosco\u00a0<\/span><span style=\"font-weight: 400;\">k\u00f6pte 24.9% av hamnen i Hamburg. Det h\u00e4r \u00e4r orov\u00e4ckande, konstaterar Adlercreutz.<\/span><br style=\"font-weight: 400;\" \/><br style=\"font-weight: 400;\" \/><span style=\"font-weight: 400;\">Adlercreutz efterlyser \u00e5tg\u00e4rder av den Europeiska unionen.<\/span><br style=\"font-weight: 400;\" \/><br style=\"font-weight: 400;\" \/><span style=\"font-weight: 400;\">&#8211; EU kan inte sova. Vi konkurrerar p\u00e5 en global marknad och v\u00e5r infrastruktur m\u00e5ste finnas i s\u00e4kra h\u00e4nder. Frihandel med klara spelregler \u00e4r bra och efterstr\u00e4vansv\u00e4rt, men auktorit\u00e4ra staters statliga bolag \u00e4r inte akt\u00f6rer som skall \u00e4ga europeisk infrastruktur. EU b\u00f6r ta tag i denna fr\u00e5ga och f\u00f6renhetliga regleringen, avslutar Adlercreutz.<\/span><br style=\"font-weight: 400;\" \/><br style=\"font-weight: 400;\" \/><\/p>\n","protected":false},"excerpt":{"rendered":"<p>Ryskt fastighets\u00e4gande i n\u00e4rheten av strategiskt viktiga anl\u00e4ggningar har skapat oro. F\u00f6rra veckan \u00f6verl\u00e4mnade regeringen sitt f\u00f6rslag till hur lagstiftningen ska sk\u00e4rpas. Svenska riksdagsgruppens ordf\u00f6rande\u00a0Anders Adlercreutz\u00a0lyfter upp, att \u00e4ven andra \u00e4n f\u00f6rsvarsanl\u00e4ggningar kan vara strategiskt viktiga.-Vi har i Finland successivt stramat \u00e5t \u00f6vervakningen av fastighetsk\u00f6p som ligger n\u00e4ra strategiskt viktiga objekt. Men det r\u00e4cker inte. [&hellip;]<\/p>\n","protected":false},"author":1,"featured_media":7318,"comment_status":"open","ping_status":"open","sticky":false,"template":"","format":"standard","meta":{"jetpack_post_was_ever_published":false,"_jetpack_newsletter_access":"","jetpack_publicize_message":"","jetpack_is_tweetstorm":false,"jetpack_publicize_feature_enabled":true,"jetpack_social_post_already_shared":true,"jetpack_social_options":{"image_generator_settings":{"template":"highway","enabled":false}}},"categories":[127,72],"tags":[],"jetpack_publicize_connections":[],"yoast_head":"<!-- This site is optimized with the Yoast SEO plugin v20.12 - https:\/\/yoast.com\/wordpress\/plugins\/seo\/ -->\n<title>Adlercreutz: Vi skall inte g\u00f6ra om misstaget med Nord Stream - Anders Adlercreutz<\/title>\n<meta name=\"robots\" content=\"index, follow, max-snippet:-1, max-image-preview:large, max-video-preview:-1\" \/>\n<link rel=\"canonical\" href=\"https:\/\/andersadlercreutz.fi\/blog\/forsvar\/adlercreutz-vi-skall-inte-gora-om-misstaget-med-nord-stream\/\" \/>\n<meta property=\"og:locale\" content=\"sv_SE\" \/>\n<meta property=\"og:type\" content=\"article\" \/>\n<meta property=\"og:title\" content=\"Adlercreutz: Vi skall inte g\u00f6ra om misstaget med Nord Stream - Anders Adlercreutz\" \/>\n<meta property=\"og:description\" content=\"Ryskt fastighets\u00e4gande i n\u00e4rheten av strategiskt viktiga anl\u00e4ggningar har skapat oro. F\u00f6rra veckan \u00f6verl\u00e4mnade regeringen sitt f\u00f6rslag till hur lagstiftningen ska sk\u00e4rpas. Svenska riksdagsgruppens ordf\u00f6rande\u00a0Anders Adlercreutz\u00a0lyfter upp, att \u00e4ven andra \u00e4n f\u00f6rsvarsanl\u00e4ggningar kan vara strategiskt viktiga.-Vi har i Finland successivt stramat \u00e5t \u00f6vervakningen av fastighetsk\u00f6p som ligger n\u00e4ra strategiskt viktiga objekt. Men det r\u00e4cker inte. [&hellip;]\" \/>\n<meta property=\"og:url\" content=\"https:\/\/andersadlercreutz.fi\/blog\/forsvar\/adlercreutz-vi-skall-inte-gora-om-misstaget-med-nord-stream\/\" \/>\n<meta property=\"og:site_name\" content=\"Anders Adlercreutz\" \/>\n<meta property=\"article:published_time\" content=\"2022-10-26T13:08:35+00:00\" \/>\n<meta property=\"og:image\" content=\"https:\/\/i0.wp.com\/andersadlercreutz.fi\/blog\/wp-content\/uploads\/2022\/04\/Anders-ute-2.jpg?fit=999%2C659&ssl=1\" \/>\n\t<meta property=\"og:image:width\" content=\"999\" \/>\n\t<meta property=\"og:image:height\" content=\"659\" \/>\n\t<meta property=\"og:image:type\" content=\"image\/jpeg\" \/>\n<meta name=\"author\" content=\"Anders\" \/>\n<meta name=\"twitter:card\" content=\"summary_large_image\" \/>\n<meta name=\"twitter:label1\" content=\"Skriven av\" \/>\n\t<meta name=\"twitter:data1\" content=\"Anders\" \/>\n\t<meta name=\"twitter:label2\" content=\"Ber\u00e4knad l\u00e4stid\" \/>\n\t<meta name=\"twitter:data2\" content=\"2 minuter\" \/>\n<script type=\"application\/ld+json\" class=\"yoast-schema-graph\">{\"@context\":\"https:\/\/schema.org\",\"@graph\":[{\"@type\":\"WebPage\",\"@id\":\"https:\/\/andersadlercreutz.fi\/blog\/forsvar\/adlercreutz-vi-skall-inte-gora-om-misstaget-med-nord-stream\/\",\"url\":\"https:\/\/andersadlercreutz.fi\/blog\/forsvar\/adlercreutz-vi-skall-inte-gora-om-misstaget-med-nord-stream\/\",\"name\":\"Adlercreutz: Vi skall inte g\u00f6ra om misstaget med Nord Stream - Anders Adlercreutz\",\"isPartOf\":{\"@id\":\"https:\/\/andersadlercreutz.fi\/blog\/#website\"},\"datePublished\":\"2022-10-26T13:08:35+00:00\",\"dateModified\":\"2022-10-26T13:08:35+00:00\",\"author\":{\"@id\":\"https:\/\/andersadlercreutz.fi\/blog\/#\/schema\/person\/47d4b72eded862b484f74bb4b3a2354f\"},\"breadcrumb\":{\"@id\":\"https:\/\/andersadlercreutz.fi\/blog\/forsvar\/adlercreutz-vi-skall-inte-gora-om-misstaget-med-nord-stream\/#breadcrumb\"},\"inLanguage\":\"sv-SE\",\"potentialAction\":[{\"@type\":\"ReadAction\",\"target\":[\"https:\/\/andersadlercreutz.fi\/blog\/forsvar\/adlercreutz-vi-skall-inte-gora-om-misstaget-med-nord-stream\/\"]}]},{\"@type\":\"BreadcrumbList\",\"@id\":\"https:\/\/andersadlercreutz.fi\/blog\/forsvar\/adlercreutz-vi-skall-inte-gora-om-misstaget-med-nord-stream\/#breadcrumb\",\"itemListElement\":[{\"@type\":\"ListItem\",\"position\":1,\"name\":\"Home\",\"item\":\"https:\/\/andersadlercreutz.fi\/blog\/blogg\/?lang=sv\"},{\"@type\":\"ListItem\",\"position\":2,\"name\":\"Adlercreutz: Vi skall inte g\u00f6ra om misstaget med Nord Stream\"}]},{\"@type\":\"WebSite\",\"@id\":\"https:\/\/andersadlercreutz.fi\/blog\/#website\",\"url\":\"https:\/\/andersadlercreutz.fi\/blog\/\",\"name\":\"Anders Adlercreutz\",\"description\":\"Du. Jag. Vi. Kest&auml;v&auml;sti optimisti\",\"potentialAction\":[{\"@type\":\"SearchAction\",\"target\":{\"@type\":\"EntryPoint\",\"urlTemplate\":\"https:\/\/andersadlercreutz.fi\/blog\/?s={search_term_string}\"},\"query-input\":\"required name=search_term_string\"}],\"inLanguage\":\"sv-SE\"},{\"@type\":\"Person\",\"@id\":\"https:\/\/andersadlercreutz.fi\/blog\/#\/schema\/person\/47d4b72eded862b484f74bb4b3a2354f\",\"name\":\"Anders\",\"image\":{\"@type\":\"ImageObject\",\"inLanguage\":\"sv-SE\",\"@id\":\"https:\/\/andersadlercreutz.fi\/blog\/#\/schema\/person\/image\/\",\"url\":\"https:\/\/secure.gravatar.com\/avatar\/a144c9bda7a581ff6fabba169027e620?s=96&d=mm&r=g\",\"contentUrl\":\"https:\/\/secure.gravatar.com\/avatar\/a144c9bda7a581ff6fabba169027e620?s=96&d=mm&r=g\",\"caption\":\"Anders\"},\"url\":\"https:\/\/andersadlercreutz.fi\/blog\/author\/admin\/\"}]}<\/script>\n<!-- \/ Yoast SEO plugin. -->","yoast_head_json":{"title":"Adlercreutz: Vi skall inte g\u00f6ra om misstaget med Nord Stream - Anders Adlercreutz","robots":{"index":"index","follow":"follow","max-snippet":"max-snippet:-1","max-image-preview":"max-image-preview:large","max-video-preview":"max-video-preview:-1"},"canonical":"https:\/\/andersadlercreutz.fi\/blog\/forsvar\/adlercreutz-vi-skall-inte-gora-om-misstaget-med-nord-stream\/","og_locale":"sv_SE","og_type":"article","og_title":"Adlercreutz: Vi skall inte g\u00f6ra om misstaget med Nord Stream - Anders Adlercreutz","og_description":"Ryskt fastighets\u00e4gande i n\u00e4rheten av strategiskt viktiga anl\u00e4ggningar har skapat oro. F\u00f6rra veckan \u00f6verl\u00e4mnade regeringen sitt f\u00f6rslag till hur lagstiftningen ska sk\u00e4rpas. Svenska riksdagsgruppens ordf\u00f6rande\u00a0Anders Adlercreutz\u00a0lyfter upp, att \u00e4ven andra \u00e4n f\u00f6rsvarsanl\u00e4ggningar kan vara strategiskt viktiga.-Vi har i Finland successivt stramat \u00e5t \u00f6vervakningen av fastighetsk\u00f6p som ligger n\u00e4ra strategiskt viktiga objekt. Men det r\u00e4cker inte. [&hellip;]","og_url":"https:\/\/andersadlercreutz.fi\/blog\/forsvar\/adlercreutz-vi-skall-inte-gora-om-misstaget-med-nord-stream\/","og_site_name":"Anders Adlercreutz","article_published_time":"2022-10-26T13:08:35+00:00","og_image":[{"width":999,"height":659,"url":"https:\/\/i0.wp.com\/andersadlercreutz.fi\/blog\/wp-content\/uploads\/2022\/04\/Anders-ute-2.jpg?fit=999%2C659&ssl=1","type":"image\/jpeg"}],"author":"Anders","twitter_card":"summary_large_image","twitter_misc":{"Skriven av":"Anders","Ber\u00e4knad l\u00e4stid":"2 minuter"},"schema":{"@context":"https:\/\/schema.org","@graph":[{"@type":"WebPage","@id":"https:\/\/andersadlercreutz.fi\/blog\/forsvar\/adlercreutz-vi-skall-inte-gora-om-misstaget-med-nord-stream\/","url":"https:\/\/andersadlercreutz.fi\/blog\/forsvar\/adlercreutz-vi-skall-inte-gora-om-misstaget-med-nord-stream\/","name":"Adlercreutz: Vi skall inte g\u00f6ra om misstaget med Nord Stream - Anders Adlercreutz","isPartOf":{"@id":"https:\/\/andersadlercreutz.fi\/blog\/#website"},"datePublished":"2022-10-26T13:08:35+00:00","dateModified":"2022-10-26T13:08:35+00:00","author":{"@id":"https:\/\/andersadlercreutz.fi\/blog\/#\/schema\/person\/47d4b72eded862b484f74bb4b3a2354f"},"breadcrumb":{"@id":"https:\/\/andersadlercreutz.fi\/blog\/forsvar\/adlercreutz-vi-skall-inte-gora-om-misstaget-med-nord-stream\/#breadcrumb"},"inLanguage":"sv-SE","potentialAction":[{"@type":"ReadAction","target":["https:\/\/andersadlercreutz.fi\/blog\/forsvar\/adlercreutz-vi-skall-inte-gora-om-misstaget-med-nord-stream\/"]}]},{"@type":"BreadcrumbList","@id":"https:\/\/andersadlercreutz.fi\/blog\/forsvar\/adlercreutz-vi-skall-inte-gora-om-misstaget-med-nord-stream\/#breadcrumb","itemListElement":[{"@type":"ListItem","position":1,"name":"Home","item":"https:\/\/andersadlercreutz.fi\/blog\/blogg\/?lang=sv"},{"@type":"ListItem","position":2,"name":"Adlercreutz: Vi skall inte g\u00f6ra om misstaget med Nord Stream"}]},{"@type":"WebSite","@id":"https:\/\/andersadlercreutz.fi\/blog\/#website","url":"https:\/\/andersadlercreutz.fi\/blog\/","name":"Anders Adlercreutz","description":"Du. Jag. Vi. Kest&auml;v&auml;sti optimisti","potentialAction":[{"@type":"SearchAction","target":{"@type":"EntryPoint","urlTemplate":"https:\/\/andersadlercreutz.fi\/blog\/?s={search_term_string}"},"query-input":"required name=search_term_string"}],"inLanguage":"sv-SE"},{"@type":"Person","@id":"https:\/\/andersadlercreutz.fi\/blog\/#\/schema\/person\/47d4b72eded862b484f74bb4b3a2354f","name":"Anders","image":{"@type":"ImageObject","inLanguage":"sv-SE","@id":"https:\/\/andersadlercreutz.fi\/blog\/#\/schema\/person\/image\/","url":"https:\/\/secure.gravatar.com\/avatar\/a144c9bda7a581ff6fabba169027e620?s=96&d=mm&r=g","contentUrl":"https:\/\/secure.gravatar.com\/avatar\/a144c9bda7a581ff6fabba169027e620?s=96&d=mm&r=g","caption":"Anders"},"url":"https:\/\/andersadlercreutz.fi\/blog\/author\/admin\/"}]}},"jetpack_featured_media_url":"https:\/\/i0.wp.com\/andersadlercreutz.fi\/blog\/wp-content\/uploads\/2022\/04\/Anders-ute-2.jpg?fit=999%2C659&ssl=1","jetpack_shortlink":"https:\/\/wp.me\/p4T6Dh-1Xx","jetpack_sharing_enabled":true,"_links":{"self":[{"href":"https:\/\/andersadlercreutz.fi\/blog\/wp-json\/wp\/v2\/posts\/7535"}],"collection":[{"href":"https:\/\/andersadlercreutz.fi\/blog\/wp-json\/wp\/v2\/posts"}],"about":[{"href":"https:\/\/andersadlercreutz.fi\/blog\/wp-json\/wp\/v2\/types\/post"}],"author":[{"embeddable":true,"href":"https:\/\/andersadlercreutz.fi\/blog\/wp-json\/wp\/v2\/users\/1"}],"replies":[{"embeddable":true,"href":"https:\/\/andersadlercreutz.fi\/blog\/wp-json\/wp\/v2\/comments?post=7535"}],"version-history":[{"count":2,"href":"https:\/\/andersadlercreutz.fi\/blog\/wp-json\/wp\/v2\/posts\/7535\/revisions"}],"predecessor-version":[{"id":7538,"href":"https:\/\/andersadlercreutz.fi\/blog\/wp-json\/wp\/v2\/posts\/7535\/revisions\/7538"}],"wp:featuredmedia":[{"embeddable":true,"href":"https:\/\/andersadlercreutz.fi\/blog\/wp-json\/wp\/v2\/media\/7318"}],"wp:attachment":[{"href":"https:\/\/andersadlercreutz.fi\/blog\/wp-json\/wp\/v2\/media?parent=7535"}],"wp:term":[{"taxonomy":"category","embeddable":true,"href":"https:\/\/andersadlercreutz.fi\/blog\/wp-json\/wp\/v2\/categories?post=7535"},{"taxonomy":"post_tag","embeddable":true,"href":"https:\/\/andersadlercreutz.fi\/blog\/wp-json\/wp\/v2\/tags?post=7535"}],"curies":[{"name":"wp","href":"https:\/\/api.w.org\/{rel}","templated":true}]}}