{"id":7539,"date":"2022-10-26T16:17:04","date_gmt":"2022-10-26T13:17:04","guid":{"rendered":"https:\/\/andersadlercreutz.fi\/blog\/?p=7539"},"modified":"2022-10-26T16:17:04","modified_gmt":"2022-10-26T13:17:04","slug":"adlercreutz-emme-saa-toistaa-nord-stream-virhetta","status":"publish","type":"post","link":"https:\/\/andersadlercreutz.fi\/blog\/puolustus\/adlercreutz-emme-saa-toistaa-nord-stream-virhetta\/?lang=fi","title":{"rendered":"Adlercreutz: Emme saa toistaa Nord Stream virhett\u00e4"},"content":{"rendered":"<p><strong>Ven\u00e4j\u00e4n kiinteist\u00f6omistukset puolustuksellisesti t\u00e4rkeiden kohteiden l\u00e4heisyydess\u00e4 ovat her\u00e4tt\u00e4neet huolta. Hallitus antoi viime viikolla ehdotuksensa lains\u00e4\u00e4d\u00e4nn\u00f6n tiukentamiseksi. Ruotsalaisen eduskuntaryhm\u00e4n puheenjohtaja Anders Adlercreutz nostaa esille, ett\u00e4 my\u00f6s my\u00f6s muut kuin varsinaiseen puolustukseen liittyv\u00e4t kohteet voivat olla strategisesti t\u00e4rkeit\u00e4.<\/strong><\/p>\n<p><span style=\"font-weight: 400;\">&#8211; Suomessa olemme asteittain tiukentaneet strategisesti t\u00e4rkeiden kohteiden l\u00e4heisyydess\u00e4 tapahtuvien kiinteist\u00f6kauppojen valvontaa. T\u00e4m\u00e4 ei kuitenkaan riit\u00e4. Kansallisen turvallisuuden kannalta on t\u00e4rke\u00e4\u00e4, ettei mik\u00e4\u00e4n muukaan elint\u00e4rke\u00e4 infrastruktuuri ole sellaisten toimijoiden omistuksessa, joiden tavoitteet eiv\u00e4t ole linjassa meid\u00e4n kanssa, sanoo Adlercreutz.<\/span><\/p>\n<p><b>Adlercreutz huomauttaa, ett\u00e4 Ven\u00e4j\u00e4 ei ole ainoa toimija, jolla on globaaleja tavoitteita ja joka pelaa eri pelis\u00e4\u00e4nn\u00f6ill\u00e4 kuin me.<\/b><\/p>\n<p><span style=\"font-weight: 400;\">&#8211; Meid\u00e4n on opittava Nord Streamin kanssa tehdyist\u00e4 virheist\u00e4. Emme saa rakentaa riippuvuutta ulkomaalaisiin, autoritaarisiin toimijoihin, Adlercreutz sanoo.<\/span><\/p>\n<p><span style=\"font-weight: 400;\">&#8211; Kiina on viime aikoina ostanut satamia esimerkiksi Euroopassa ja Israelissa. Olisi naiivia ajatella, ett\u00e4 n\u00e4m\u00e4 ostot olisivat vain vapaakaupan edist\u00e4mist\u00e4. Scholzin hallitus p\u00e4\u00e4tti t\u00e4n\u00e4\u00e4n hyv\u00e4ksy\u00e4 kiinalaisen valtio-omisteisen Cosco:n 24,9 prosentin oston Hampurin satamasta. T\u00e4m\u00e4 on huolestuttavaa, Adlercreutz toteaa.<\/span><\/p>\n<p><b>Adlercreutz vaatii toimia Euroopan unionilta.<\/b><\/p>\n<p><span style=\"font-weight: 400;\">&#8211; EU:n tulee her\u00e4t\u00e4. Kilpailemme maailmanmarkkinoilla ja infrastruktuurimme on oltava turvallisissa k\u00e4siss\u00e4. Vapaakauppa selkeineen pelis\u00e4\u00e4nt\u00f6ineen on hyv\u00e4 asia ja toivottavaakin, mutta autoritaaristen valtioiden valtionyhti\u00f6t eiv\u00e4t ole sellaisia toimijoita, joiden pit\u00e4isi saada omistaa t\u00e4rke\u00e4\u00e4 eurooppalaista infrastruktuuria. EU:n tulisi puuttua t\u00e4h\u00e4n ja yhten\u00e4ist\u00e4\u00e4 s\u00e4\u00e4ntely\u00e4, Adlercreutz p\u00e4\u00e4tt\u00e4\u00e4.<\/span><\/p>\n","protected":false},"excerpt":{"rendered":"<p>Ven\u00e4j\u00e4n kiinteist\u00f6omistukset puolustuksellisesti t\u00e4rkeiden kohteiden l\u00e4heisyydess\u00e4 ovat her\u00e4tt\u00e4neet huolta. Hallitus antoi viime viikolla ehdotuksensa lains\u00e4\u00e4d\u00e4nn\u00f6n tiukentamiseksi. Ruotsalaisen eduskuntaryhm\u00e4n puheenjohtaja Anders Adlercreutz nostaa esille, ett\u00e4 my\u00f6s my\u00f6s muut kuin varsinaiseen puolustukseen liittyv\u00e4t kohteet voivat olla strategisesti t\u00e4rkeit\u00e4. &#8211; Suomessa olemme asteittain tiukentaneet strategisesti t\u00e4rkeiden kohteiden l\u00e4heisyydess\u00e4 tapahtuvien kiinteist\u00f6kauppojen valvontaa. T\u00e4m\u00e4 ei kuitenkaan riit\u00e4. Kansallisen turvallisuuden kannalta [&hellip;]<\/p>\n","protected":false},"author":1,"featured_media":7316,"comment_status":"open","ping_status":"open","sticky":false,"template":"","format":"standard","meta":{"jetpack_post_was_ever_published":false,"_jetpack_newsletter_access":"","jetpack_publicize_message":"","jetpack_is_tweetstorm":false,"jetpack_publicize_feature_enabled":true,"jetpack_social_post_already_shared":true,"jetpack_social_options":{"image_generator_settings":{"template":"highway","enabled":false}}},"categories":[71,128],"tags":[],"jetpack_publicize_connections":[],"yoast_head":"<!-- This site is optimized with the Yoast SEO plugin v20.12 - https:\/\/yoast.com\/wordpress\/plugins\/seo\/ -->\n<title>Adlercreutz: Emme saa toistaa Nord Stream virhett\u00e4 - Anders Adlercreutz<\/title>\n<meta name=\"robots\" content=\"index, follow, max-snippet:-1, max-image-preview:large, max-video-preview:-1\" \/>\n<link rel=\"canonical\" href=\"https:\/\/andersadlercreutz.fi\/blog\/puolustus\/adlercreutz-emme-saa-toistaa-nord-stream-virhetta\/\" \/>\n<meta property=\"og:locale\" content=\"sv_SE\" \/>\n<meta property=\"og:type\" content=\"article\" \/>\n<meta property=\"og:title\" content=\"Adlercreutz: Emme saa toistaa Nord Stream virhett\u00e4 - Anders Adlercreutz\" \/>\n<meta property=\"og:description\" content=\"Ven\u00e4j\u00e4n kiinteist\u00f6omistukset puolustuksellisesti t\u00e4rkeiden kohteiden l\u00e4heisyydess\u00e4 ovat her\u00e4tt\u00e4neet huolta. Hallitus antoi viime viikolla ehdotuksensa lains\u00e4\u00e4d\u00e4nn\u00f6n tiukentamiseksi. Ruotsalaisen eduskuntaryhm\u00e4n puheenjohtaja Anders Adlercreutz nostaa esille, ett\u00e4 my\u00f6s my\u00f6s muut kuin varsinaiseen puolustukseen liittyv\u00e4t kohteet voivat olla strategisesti t\u00e4rkeit\u00e4. &#8211; Suomessa olemme asteittain tiukentaneet strategisesti t\u00e4rkeiden kohteiden l\u00e4heisyydess\u00e4 tapahtuvien kiinteist\u00f6kauppojen valvontaa. T\u00e4m\u00e4 ei kuitenkaan riit\u00e4. Kansallisen turvallisuuden kannalta [&hellip;]\" \/>\n<meta property=\"og:url\" content=\"https:\/\/andersadlercreutz.fi\/blog\/puolustus\/adlercreutz-emme-saa-toistaa-nord-stream-virhetta\/?lang=fi\" \/>\n<meta property=\"og:site_name\" content=\"Anders Adlercreutz\" \/>\n<meta property=\"article:published_time\" content=\"2022-10-26T13:17:04+00:00\" \/>\n<meta property=\"og:image\" content=\"https:\/\/i0.wp.com\/andersadlercreutz.fi\/blog\/wp-content\/uploads\/2022\/04\/Anders-ute-2.jpg?fit=999%2C659&ssl=1\" \/>\n\t<meta property=\"og:image:width\" content=\"999\" \/>\n\t<meta property=\"og:image:height\" content=\"659\" \/>\n\t<meta property=\"og:image:type\" content=\"image\/jpeg\" \/>\n<meta name=\"author\" content=\"Anders\" \/>\n<meta name=\"twitter:card\" content=\"summary_large_image\" \/>\n<meta name=\"twitter:label1\" content=\"Skriven av\" \/>\n\t<meta name=\"twitter:data1\" content=\"Anders\" \/>\n\t<meta name=\"twitter:label2\" content=\"Ber\u00e4knad l\u00e4stid\" \/>\n\t<meta name=\"twitter:data2\" content=\"1 minut\" \/>\n<script type=\"application\/ld+json\" class=\"yoast-schema-graph\">{\"@context\":\"https:\/\/schema.org\",\"@graph\":[{\"@type\":\"WebPage\",\"@id\":\"https:\/\/andersadlercreutz.fi\/blog\/puolustus\/adlercreutz-emme-saa-toistaa-nord-stream-virhetta\/?lang=fi\",\"url\":\"https:\/\/andersadlercreutz.fi\/blog\/puolustus\/adlercreutz-emme-saa-toistaa-nord-stream-virhetta\/?lang=fi\",\"name\":\"Adlercreutz: Emme saa toistaa Nord Stream virhett\u00e4 - Anders Adlercreutz\",\"isPartOf\":{\"@id\":\"https:\/\/andersadlercreutz.fi\/blog\/#website\"},\"datePublished\":\"2022-10-26T13:17:04+00:00\",\"dateModified\":\"2022-10-26T13:17:04+00:00\",\"author\":{\"@id\":\"https:\/\/andersadlercreutz.fi\/blog\/#\/schema\/person\/47d4b72eded862b484f74bb4b3a2354f\"},\"breadcrumb\":{\"@id\":\"https:\/\/andersadlercreutz.fi\/blog\/puolustus\/adlercreutz-emme-saa-toistaa-nord-stream-virhetta\/?lang=fi#breadcrumb\"},\"inLanguage\":\"sv-SE\",\"potentialAction\":[{\"@type\":\"ReadAction\",\"target\":[\"https:\/\/andersadlercreutz.fi\/blog\/puolustus\/adlercreutz-emme-saa-toistaa-nord-stream-virhetta\/?lang=fi\"]}]},{\"@type\":\"BreadcrumbList\",\"@id\":\"https:\/\/andersadlercreutz.fi\/blog\/puolustus\/adlercreutz-emme-saa-toistaa-nord-stream-virhetta\/?lang=fi#breadcrumb\",\"itemListElement\":[{\"@type\":\"ListItem\",\"position\":1,\"name\":\"Home\",\"item\":\"https:\/\/andersadlercreutz.fi\/blog\/blogg\/?lang=sv\"},{\"@type\":\"ListItem\",\"position\":2,\"name\":\"Adlercreutz: Emme saa toistaa Nord Stream virhett\u00e4\"}]},{\"@type\":\"WebSite\",\"@id\":\"https:\/\/andersadlercreutz.fi\/blog\/#website\",\"url\":\"https:\/\/andersadlercreutz.fi\/blog\/\",\"name\":\"Anders Adlercreutz\",\"description\":\"Du. Jag. Vi. Kest&auml;v&auml;sti optimisti\",\"potentialAction\":[{\"@type\":\"SearchAction\",\"target\":{\"@type\":\"EntryPoint\",\"urlTemplate\":\"https:\/\/andersadlercreutz.fi\/blog\/?s={search_term_string}\"},\"query-input\":\"required name=search_term_string\"}],\"inLanguage\":\"sv-SE\"},{\"@type\":\"Person\",\"@id\":\"https:\/\/andersadlercreutz.fi\/blog\/#\/schema\/person\/47d4b72eded862b484f74bb4b3a2354f\",\"name\":\"Anders\",\"image\":{\"@type\":\"ImageObject\",\"inLanguage\":\"sv-SE\",\"@id\":\"https:\/\/andersadlercreutz.fi\/blog\/#\/schema\/person\/image\/\",\"url\":\"https:\/\/secure.gravatar.com\/avatar\/a144c9bda7a581ff6fabba169027e620?s=96&d=mm&r=g\",\"contentUrl\":\"https:\/\/secure.gravatar.com\/avatar\/a144c9bda7a581ff6fabba169027e620?s=96&d=mm&r=g\",\"caption\":\"Anders\"},\"url\":\"https:\/\/andersadlercreutz.fi\/blog\/author\/admin\/\"}]}<\/script>\n<!-- \/ Yoast SEO plugin. -->","yoast_head_json":{"title":"Adlercreutz: Emme saa toistaa Nord Stream virhett\u00e4 - Anders Adlercreutz","robots":{"index":"index","follow":"follow","max-snippet":"max-snippet:-1","max-image-preview":"max-image-preview:large","max-video-preview":"max-video-preview:-1"},"canonical":"https:\/\/andersadlercreutz.fi\/blog\/puolustus\/adlercreutz-emme-saa-toistaa-nord-stream-virhetta\/","og_locale":"sv_SE","og_type":"article","og_title":"Adlercreutz: Emme saa toistaa Nord Stream virhett\u00e4 - Anders Adlercreutz","og_description":"Ven\u00e4j\u00e4n kiinteist\u00f6omistukset puolustuksellisesti t\u00e4rkeiden kohteiden l\u00e4heisyydess\u00e4 ovat her\u00e4tt\u00e4neet huolta. Hallitus antoi viime viikolla ehdotuksensa lains\u00e4\u00e4d\u00e4nn\u00f6n tiukentamiseksi. Ruotsalaisen eduskuntaryhm\u00e4n puheenjohtaja Anders Adlercreutz nostaa esille, ett\u00e4 my\u00f6s my\u00f6s muut kuin varsinaiseen puolustukseen liittyv\u00e4t kohteet voivat olla strategisesti t\u00e4rkeit\u00e4. &#8211; Suomessa olemme asteittain tiukentaneet strategisesti t\u00e4rkeiden kohteiden l\u00e4heisyydess\u00e4 tapahtuvien kiinteist\u00f6kauppojen valvontaa. T\u00e4m\u00e4 ei kuitenkaan riit\u00e4. Kansallisen turvallisuuden kannalta [&hellip;]","og_url":"https:\/\/andersadlercreutz.fi\/blog\/puolustus\/adlercreutz-emme-saa-toistaa-nord-stream-virhetta\/?lang=fi","og_site_name":"Anders Adlercreutz","article_published_time":"2022-10-26T13:17:04+00:00","og_image":[{"width":999,"height":659,"url":"https:\/\/i0.wp.com\/andersadlercreutz.fi\/blog\/wp-content\/uploads\/2022\/04\/Anders-ute-2.jpg?fit=999%2C659&ssl=1","type":"image\/jpeg"}],"author":"Anders","twitter_card":"summary_large_image","twitter_misc":{"Skriven av":"Anders","Ber\u00e4knad l\u00e4stid":"1 minut"},"schema":{"@context":"https:\/\/schema.org","@graph":[{"@type":"WebPage","@id":"https:\/\/andersadlercreutz.fi\/blog\/puolustus\/adlercreutz-emme-saa-toistaa-nord-stream-virhetta\/?lang=fi","url":"https:\/\/andersadlercreutz.fi\/blog\/puolustus\/adlercreutz-emme-saa-toistaa-nord-stream-virhetta\/?lang=fi","name":"Adlercreutz: Emme saa toistaa Nord Stream virhett\u00e4 - Anders Adlercreutz","isPartOf":{"@id":"https:\/\/andersadlercreutz.fi\/blog\/#website"},"datePublished":"2022-10-26T13:17:04+00:00","dateModified":"2022-10-26T13:17:04+00:00","author":{"@id":"https:\/\/andersadlercreutz.fi\/blog\/#\/schema\/person\/47d4b72eded862b484f74bb4b3a2354f"},"breadcrumb":{"@id":"https:\/\/andersadlercreutz.fi\/blog\/puolustus\/adlercreutz-emme-saa-toistaa-nord-stream-virhetta\/?lang=fi#breadcrumb"},"inLanguage":"sv-SE","potentialAction":[{"@type":"ReadAction","target":["https:\/\/andersadlercreutz.fi\/blog\/puolustus\/adlercreutz-emme-saa-toistaa-nord-stream-virhetta\/?lang=fi"]}]},{"@type":"BreadcrumbList","@id":"https:\/\/andersadlercreutz.fi\/blog\/puolustus\/adlercreutz-emme-saa-toistaa-nord-stream-virhetta\/?lang=fi#breadcrumb","itemListElement":[{"@type":"ListItem","position":1,"name":"Home","item":"https:\/\/andersadlercreutz.fi\/blog\/blogg\/?lang=sv"},{"@type":"ListItem","position":2,"name":"Adlercreutz: Emme saa toistaa Nord Stream virhett\u00e4"}]},{"@type":"WebSite","@id":"https:\/\/andersadlercreutz.fi\/blog\/#website","url":"https:\/\/andersadlercreutz.fi\/blog\/","name":"Anders Adlercreutz","description":"Du. Jag. Vi. Kest&auml;v&auml;sti optimisti","potentialAction":[{"@type":"SearchAction","target":{"@type":"EntryPoint","urlTemplate":"https:\/\/andersadlercreutz.fi\/blog\/?s={search_term_string}"},"query-input":"required name=search_term_string"}],"inLanguage":"sv-SE"},{"@type":"Person","@id":"https:\/\/andersadlercreutz.fi\/blog\/#\/schema\/person\/47d4b72eded862b484f74bb4b3a2354f","name":"Anders","image":{"@type":"ImageObject","inLanguage":"sv-SE","@id":"https:\/\/andersadlercreutz.fi\/blog\/#\/schema\/person\/image\/","url":"https:\/\/secure.gravatar.com\/avatar\/a144c9bda7a581ff6fabba169027e620?s=96&d=mm&r=g","contentUrl":"https:\/\/secure.gravatar.com\/avatar\/a144c9bda7a581ff6fabba169027e620?s=96&d=mm&r=g","caption":"Anders"},"url":"https:\/\/andersadlercreutz.fi\/blog\/author\/admin\/"}]}},"jetpack_featured_media_url":"https:\/\/i0.wp.com\/andersadlercreutz.fi\/blog\/wp-content\/uploads\/2022\/04\/Anders-ute-2.jpg?fit=999%2C659&ssl=1","jetpack_shortlink":"https:\/\/wp.me\/p4T6Dh-1XB","jetpack_sharing_enabled":true,"_links":{"self":[{"href":"https:\/\/andersadlercreutz.fi\/blog\/wp-json\/wp\/v2\/posts\/7539"}],"collection":[{"href":"https:\/\/andersadlercreutz.fi\/blog\/wp-json\/wp\/v2\/posts"}],"about":[{"href":"https:\/\/andersadlercreutz.fi\/blog\/wp-json\/wp\/v2\/types\/post"}],"author":[{"embeddable":true,"href":"https:\/\/andersadlercreutz.fi\/blog\/wp-json\/wp\/v2\/users\/1"}],"replies":[{"embeddable":true,"href":"https:\/\/andersadlercreutz.fi\/blog\/wp-json\/wp\/v2\/comments?post=7539"}],"version-history":[{"count":2,"href":"https:\/\/andersadlercreutz.fi\/blog\/wp-json\/wp\/v2\/posts\/7539\/revisions"}],"predecessor-version":[{"id":7541,"href":"https:\/\/andersadlercreutz.fi\/blog\/wp-json\/wp\/v2\/posts\/7539\/revisions\/7541"}],"wp:featuredmedia":[{"embeddable":true,"href":"https:\/\/andersadlercreutz.fi\/blog\/wp-json\/wp\/v2\/media\/7316"}],"wp:attachment":[{"href":"https:\/\/andersadlercreutz.fi\/blog\/wp-json\/wp\/v2\/media?parent=7539"}],"wp:term":[{"taxonomy":"category","embeddable":true,"href":"https:\/\/andersadlercreutz.fi\/blog\/wp-json\/wp\/v2\/categories?post=7539"},{"taxonomy":"post_tag","embeddable":true,"href":"https:\/\/andersadlercreutz.fi\/blog\/wp-json\/wp\/v2\/tags?post=7539"}],"curies":[{"name":"wp","href":"https:\/\/api.w.org\/{rel}","templated":true}]}}