{"id":7653,"date":"2022-11-25T16:37:22","date_gmt":"2022-11-25T14:37:22","guid":{"rendered":"https:\/\/andersadlercreutz.fi\/blog\/?p=7653"},"modified":"2022-11-25T18:23:12","modified_gmt":"2022-11-25T16:23:12","slug":"numerot-eivat-valehtele-mutta-vaarat-numerot-valehtelevat-2","status":"publish","type":"post","link":"https:\/\/andersadlercreutz.fi\/blog\/blog\/numerot-eivat-valehtele-mutta-vaarat-numerot-valehtelevat-2\/?lang=fi","title":{"rendered":"Numerot eiv\u00e4t valehtele,\u00a0mutta\u00a0v\u00e4\u00e4r\u00e4t numerot valehtelevat"},"content":{"rendered":"<p>Numerot eiv\u00e4t valehtele,\u00a0mutta\u00a0v\u00e4\u00e4r\u00e4t numerot valehtelevat. Ja jos v\u00e4\u00e4ri\u00e4 numeroja k\u00e4ytt\u00e4\u00e4 politiikkansa tueksi,\u00a0on\u00a0koko rakennelma hataralla pohjalla.<\/p>\n<p>Hallintovaliokunnan puheenjohtaja Mari Rantanen k\u00e4ytti toistuvasti v\u00e4\u00e4r\u00e4\u00e4 numerotietoa eduskunnan puheenvuorossaan ty\u00f6per\u00e4iseenmaahanmuuttoon liittyv\u00e4n lain k\u00e4sittelyss\u00e4 keskiviikkona. N\u00e4in tekiv\u00e4t\u00a0my\u00f6s h\u00e4nen puoluetoverinsa.<\/p>\n<p>Hallintovaliokunta vastaa maahanmuuttoon liittyvien asioiden k\u00e4sittelyst\u00e4 eduskunnassa.\u00a0Sit\u00e4 tulisi johtaa oikean tiedon pohjalta. Ja vastuullisessa asemassa olevan tulisi pysy\u00e4 totuudessa.<\/p>\n<p>Mist\u00e4 oli sitten kysymys?<\/p>\n<p>Rantanen sanoi salissa, ett\u00e4 \u201dt\u00e4n\u00e4 vuonna \u2014 pelk\u00e4st\u00e4\u00e4n t\u00e4n\u00e4 vuonna \u2014 Suomessa on my\u00f6nnetty yli 126\u00a0000 ensimm\u00e4ist\u00e4 oleskelulupaa \u2014 yli 126\u00a0000! \u2014 ja t\u00e4m\u00e4n hallituskauden aikana on Suomeen my\u00f6nnetty yli 410\u00a0000 ensimm\u00e4ist\u00e4 oleskelulupaa\u201d.<\/p>\n<p>T\u00e4m\u00e4 ei pid\u00e4 paikkaansa. N\u00e4in v\u00e4itt\u00e4ess\u00e4\u00e4n\u00a0Rantanen sekoittaa kaikki k\u00e4sitellyt asiat, kuten kansalaisuusp\u00e4\u00e4t\u00f6kset, maasta poistamiset tai oleskeluluvat, toisiinsa. Eli k\u00e4yt\u00e4nn\u00f6ss\u00e4 luulee, ett\u00e4 Migriss\u00e4 my\u00f6nnet\u00e4\u00e4n ainoastaan\u00a0\u201densimm\u00e4isi\u00e4 oleskelulupia\u201d.<\/p>\n<p>T\u00e4t\u00e4 v\u00e4itett\u00e4 Rantasen puoluetoverit komppasivat:<\/p>\n<p>\u201dPelk\u00e4st\u00e4\u00e4n t\u00e4m\u00e4n vuoden puolella oleskelulupia ja kansainv\u00e4list\u00e4 suojelua on saanut jo yli 140\u00a0000 henkil\u00f6\u00e4\u201d, Jukka M\u00e4kynen\u00a0sanoi. Ja puoluetoveri Minna Reijonen lis\u00e4si: \u201dmitenk\u00e4 paljon oleskelulupia on jo nytten my\u00f6nnetty, siis yli 410\u00a0000 \u2014 todella iso m\u00e4\u00e4r\u00e4\u201d.<\/p>\n<p>Puolueen usko omaan tulkintaan pysyi vahvana keskustelun jatkuessa: \u201dN\u00e4m\u00e4 tilastot ovat katsottavissa Migrin tilastopalvelusta, josta kannattaa aina silloin t\u00e4ll\u00f6in k\u00e4yd\u00e4 katsomassa. Olen kyll\u00e4 ollut havaitsevinani, ett\u00e4 t\u00e4ss\u00e4 talossa ei hirve\u00e4sti tilastoja katsella vaan puhutaan mielikuvien perusteella, mutta tilastot kertovat t\u00e4m\u00e4n\u201d,\u00a0Rantanen\u00a0totesi.<\/p>\n<p>Kyll\u00e4. T\u00e4llaisia numeroita l\u00f6ytyy <a href=\"https:\/\/tilastot.migri.fi\/#decisions\/21205\/59?start=600&amp;end=611\">Migrin<\/a> sivulta. Ne eiv\u00e4t kuitenkaan kerro\u00a0oleskelulupien m\u00e4\u00e4r\u00e4\u00e4, vaan kaikkien p\u00e4\u00e4t\u00f6sten\u00a0kokonaism\u00e4\u00e4r\u00e4\u00e4n (Vihje: Rajaa hakua &#8221;ensimm\u00e4inen oleskelulupa&#8221; t\u00e4pp\u00e4\u00e4 klikaamalla)<\/p>\n<blockquote><p>Rantanen on lukenut tilastoja v\u00e4\u00e4rin aikaisemminkin. Olen silloinkin h\u00e4nt\u00e4 korjannut. Korjasin h\u00e4nen tapaansa\u00a0lukea tilastoja nytkin salissa, jota h\u00e4nen kollegansa Juuso piti syv\u00e4sti loukkaavana (kannattaa t\u00e4ss\u00e4 kohtaa lukea <a href=\"https:\/\/www.eduskunta.fi\/FI\/vaski\/PoytakirjaAsiakohta\/Sivut\/PTK_127+2022+6.aspx\">p\u00f6yt\u00e4kirjaa<\/a>).<span class=\"Apple-converted-space\">\u00a0<\/span><\/p><\/blockquote>\n<p>T\u00e4st\u00e4 huolimatta katson velvollisuudekseni tehd\u00e4 oikaisun viel\u00e4 uudelleen:<\/p>\n<p>T\u00e4n\u00e4 vuonna on my\u00f6nnetty 33 576 ensimm\u00e4ist\u00e4 oleskelulupaa Suomeen (24.11.2022). Ei 126 000.<\/p>\n<p>Hallituskauden aikana on my\u00f6nnetty <a href=\"https:\/\/tilastot.migri.fi\/#decisions\/21205\/59?start=592\">100 747<\/a> ensimm\u00e4ist\u00e4 oleskelulupaa &#8211; ei 410 000, kuten Rantanen ja M\u00e4kynen v\u00e4ittiv\u00e4t.<\/p>\n<p>Virhe on yli 300%. Jos omaa\u00a0edes\u00a0jonkinlaisen k\u00e4sityksen Suomeen tulevasta maahanmuutosta, niin pit\u00e4isi osata heti\u00a0reagoida\u00a0siihen, ett\u00e4 410 000 ei voi pit\u00e4\u00e4 paikkansa.<\/p>\n<p>Mutta t\u00e4llaista v\u00e4ittett\u00e4 viljell\u00e4\u00e4n, koska se sopii omaan narratiiviin, omaan agendaan. Kyse on siit\u00e4, ett\u00e4 ihminen n\u00e4kee, mit\u00e4 haluaa n\u00e4hd\u00e4. Se, ett\u00e4 hallintovaliokunnan puheenjohtaja ei ole kokonaiskuvan\u00a0osalta\u00a0tilanteen tasalla on mielest\u00e4ni vakava asia. Toivon, ett\u00e4 Perussuomalaiset arvioivat tarkoitusperi\u00e4\u00e4n tai huolimattomuuttaan tosissaan.<span class=\"Apple-converted-space\">\u00a0<\/span><\/p>\n<p>Mik\u00e4 sitten on maahanmuuton tilanne?<\/p>\n<p>Suomeen kohdistuva nettomaahanmuutto on hieman yli 20 000 vuositasolla. Ensimm\u00e4isi\u00e4 oleskelulupia EU:n ulkopuolisille henkil\u00f6ille my\u00f6nnettiin vuonna 2021 27 553 kpl. Niist\u00e4 11 428 liittyi ty\u00f6h\u00f6n, 5 837 opiskeluun.\u00a0\u00a0Kansainv\u00e4list\u00e4 suojelua my\u00f6nnettiin 2 132 henkil\u00f6lle.\u00a0\u00a0EU-kansalaisten rekister\u00f6intej\u00e4 oli 11 190 kpl<\/p>\n<p>Vuonna 2020 kuva oli hyvin saman tapainen, joskin kokonaism\u00e4\u00e4r\u00e4 oli hieman pienempi. Silloinkin kansainv\u00e4lisen suojelun saavien osuus kokonaisuudesta oli pieni: 2 066 kpl.<\/p>\n<blockquote><p>Meill\u00e4 on Suomessa suuria demografisia haasteita. Niit\u00e4 ei korjata pelk\u00e4ll\u00e4 maahanmuutolla, mutta maahanmuutto auttaa. Teknologiateollisuuden mukaan nettomaahanmuuton pit\u00e4isi nousta 50 000 henkil\u00f6\u00f6n vuositasolla, jotta saisimme kest\u00e4vyysvajeen korjattua.<\/p><\/blockquote>\n<p>Liberan vuonna 2021 julkaisemassa <a href=\"https:\/\/www.libera.fi\/julkaisut\/tervetuloa-suomeen\/\">raportissa<\/a> sanotaan, ett\u00e4 \u201dNettomaahanmuuton tason nousu 22 500 henkeen v\u00e4hent\u00e4isi kest\u00e4vyysvajetta 0,4 prosenttiyksikk\u00f6\u00e4. Vertailun vuoksi mainittakoon, ett\u00e4 ty\u00f6llisyysasteen 1 prosenttiyksik\u00f6n nousun vaikutus kest\u00e4vyysvajeeseen on pienempi eli -0,3 prosenttiyksikk\u00f6\u00e4.\u201d<\/p>\n<p>Helsingin Sanomissa <a href=\"https:\/\/www.hs.fi\/politiikka\/art-2000009190374.html\">haastateltiin<\/a> pari viikkoa sitten tutkija Pasi Saukkosta. H\u00e4n totesi aivan oikein, ett\u00e4 ty\u00f6per\u00e4inen maahanmuutto on\u00a0ainoastaan\u00a0osaratkaisu. Sen ongelmat ovat muun muassa se, ett\u00e4 pitovoima, vetovoima ja asenneilmasto ovat heikkoja. N\u00e4ihin asioihin tulee tarttua.<\/p>\n<p>Erityisesti asenneilmastoon on vaikea puuttua, jos vastuullisessa asemassa olevat kansanedustajat levitt\u00e4v\u00e4t v\u00e4\u00e4r\u00e4\u00e4 tietoa ja ohjaavat politiikkaansa populistisessa hengess\u00e4 sen perusteella.<\/p>\n<p>Liian usein, Rantasta lainatakseni, \u201dei hirve\u00e4sti tilastoja katsella vaan puhutaan mielikuvien perusteella\u201d. Mielikuvat ohjaavat, mutta pysyk\u00e4\u00e4mme kaikki totuudessa.<\/p>\n","protected":false},"excerpt":{"rendered":"<p>Numerot eiv\u00e4t valehtele,\u00a0mutta\u00a0v\u00e4\u00e4r\u00e4t numerot valehtelevat. Ja jos v\u00e4\u00e4ri\u00e4 numeroja k\u00e4ytt\u00e4\u00e4 politiikkansa tueksi,\u00a0on\u00a0koko rakennelma hataralla pohjalla. Hallintovaliokunnan puheenjohtaja Mari Rantanen k\u00e4ytti toistuvasti v\u00e4\u00e4r\u00e4\u00e4 numerotietoa eduskunnan puheenvuorossaan ty\u00f6per\u00e4iseenmaahanmuuttoon liittyv\u00e4n lain k\u00e4sittelyss\u00e4 keskiviikkona. N\u00e4in tekiv\u00e4t\u00a0my\u00f6s h\u00e4nen puoluetoverinsa. Hallintovaliokunta vastaa maahanmuuttoon liittyvien asioiden k\u00e4sittelyst\u00e4 eduskunnassa.\u00a0Sit\u00e4 tulisi johtaa oikean tiedon pohjalta. Ja vastuullisessa asemassa olevan tulisi pysy\u00e4 totuudessa. Mist\u00e4 oli [&hellip;]<\/p>\n","protected":false},"author":1,"featured_media":6652,"comment_status":"open","ping_status":"open","sticky":false,"template":"","format":"standard","meta":{"jetpack_post_was_ever_published":false,"_jetpack_newsletter_access":"","jetpack_publicize_message":"","jetpack_is_tweetstorm":false,"jetpack_publicize_feature_enabled":true,"jetpack_social_post_already_shared":true,"jetpack_social_options":{"image_generator_settings":{"template":"highway","enabled":false}}},"categories":[18,60,69,61],"tags":[],"jetpack_publicize_connections":[],"yoast_head":"<!-- This site is optimized with the Yoast SEO plugin v20.12 - https:\/\/yoast.com\/wordpress\/plugins\/seo\/ -->\n<title>Numerot eiv\u00e4t valehtele,\u00a0mutta\u00a0v\u00e4\u00e4r\u00e4t numerot valehtelevat - Anders Adlercreutz<\/title>\n<meta name=\"robots\" content=\"index, follow, max-snippet:-1, max-image-preview:large, max-video-preview:-1\" \/>\n<link rel=\"canonical\" href=\"https:\/\/andersadlercreutz.fi\/blog\/blog\/numerot-eivat-valehtele-mutta-vaarat-numerot-valehtelevat-2\/\" \/>\n<meta property=\"og:locale\" content=\"sv_SE\" \/>\n<meta property=\"og:type\" content=\"article\" \/>\n<meta property=\"og:title\" content=\"Numerot eiv\u00e4t valehtele,\u00a0mutta\u00a0v\u00e4\u00e4r\u00e4t numerot valehtelevat - Anders Adlercreutz\" \/>\n<meta property=\"og:description\" content=\"Numerot eiv\u00e4t valehtele,\u00a0mutta\u00a0v\u00e4\u00e4r\u00e4t numerot valehtelevat. Ja jos v\u00e4\u00e4ri\u00e4 numeroja k\u00e4ytt\u00e4\u00e4 politiikkansa tueksi,\u00a0on\u00a0koko rakennelma hataralla pohjalla. Hallintovaliokunnan puheenjohtaja Mari Rantanen k\u00e4ytti toistuvasti v\u00e4\u00e4r\u00e4\u00e4 numerotietoa eduskunnan puheenvuorossaan ty\u00f6per\u00e4iseenmaahanmuuttoon liittyv\u00e4n lain k\u00e4sittelyss\u00e4 keskiviikkona. N\u00e4in tekiv\u00e4t\u00a0my\u00f6s h\u00e4nen puoluetoverinsa. Hallintovaliokunta vastaa maahanmuuttoon liittyvien asioiden k\u00e4sittelyst\u00e4 eduskunnassa.\u00a0Sit\u00e4 tulisi johtaa oikean tiedon pohjalta. Ja vastuullisessa asemassa olevan tulisi pysy\u00e4 totuudessa. Mist\u00e4 oli [&hellip;]\" \/>\n<meta property=\"og:url\" content=\"https:\/\/andersadlercreutz.fi\/blog\/blog\/numerot-eivat-valehtele-mutta-vaarat-numerot-valehtelevat-2\/?lang=fi\" \/>\n<meta property=\"og:site_name\" content=\"Anders Adlercreutz\" \/>\n<meta property=\"article:published_time\" content=\"2022-11-25T14:37:22+00:00\" \/>\n<meta property=\"article:modified_time\" content=\"2022-11-25T16:23:12+00:00\" \/>\n<meta property=\"og:image\" content=\"https:\/\/i0.wp.com\/andersadlercreutz.fi\/blog\/wp-content\/uploads\/2020\/11\/781A6398.jpg?fit=1200%2C600&ssl=1\" \/>\n\t<meta property=\"og:image:width\" content=\"1200\" \/>\n\t<meta property=\"og:image:height\" content=\"600\" \/>\n\t<meta property=\"og:image:type\" content=\"image\/jpeg\" \/>\n<meta name=\"author\" content=\"Anders\" \/>\n<meta name=\"twitter:card\" content=\"summary_large_image\" \/>\n<meta name=\"twitter:label1\" content=\"Skriven av\" \/>\n\t<meta name=\"twitter:data1\" content=\"Anders\" \/>\n\t<meta name=\"twitter:label2\" content=\"Ber\u00e4knad l\u00e4stid\" \/>\n\t<meta name=\"twitter:data2\" content=\"3 minuter\" \/>\n<script type=\"application\/ld+json\" class=\"yoast-schema-graph\">{\"@context\":\"https:\/\/schema.org\",\"@graph\":[{\"@type\":\"WebPage\",\"@id\":\"https:\/\/andersadlercreutz.fi\/blog\/blog\/numerot-eivat-valehtele-mutta-vaarat-numerot-valehtelevat-2\/?lang=fi\",\"url\":\"https:\/\/andersadlercreutz.fi\/blog\/blog\/numerot-eivat-valehtele-mutta-vaarat-numerot-valehtelevat-2\/?lang=fi\",\"name\":\"Numerot eiv\u00e4t valehtele,\u00a0mutta\u00a0v\u00e4\u00e4r\u00e4t numerot valehtelevat - Anders Adlercreutz\",\"isPartOf\":{\"@id\":\"https:\/\/andersadlercreutz.fi\/blog\/#website\"},\"datePublished\":\"2022-11-25T14:37:22+00:00\",\"dateModified\":\"2022-11-25T16:23:12+00:00\",\"author\":{\"@id\":\"https:\/\/andersadlercreutz.fi\/blog\/#\/schema\/person\/47d4b72eded862b484f74bb4b3a2354f\"},\"breadcrumb\":{\"@id\":\"https:\/\/andersadlercreutz.fi\/blog\/blog\/numerot-eivat-valehtele-mutta-vaarat-numerot-valehtelevat-2\/?lang=fi#breadcrumb\"},\"inLanguage\":\"sv-SE\",\"potentialAction\":[{\"@type\":\"ReadAction\",\"target\":[\"https:\/\/andersadlercreutz.fi\/blog\/blog\/numerot-eivat-valehtele-mutta-vaarat-numerot-valehtelevat-2\/?lang=fi\"]}]},{\"@type\":\"BreadcrumbList\",\"@id\":\"https:\/\/andersadlercreutz.fi\/blog\/blog\/numerot-eivat-valehtele-mutta-vaarat-numerot-valehtelevat-2\/?lang=fi#breadcrumb\",\"itemListElement\":[{\"@type\":\"ListItem\",\"position\":1,\"name\":\"Home\",\"item\":\"https:\/\/andersadlercreutz.fi\/blog\/blogg\/?lang=sv\"},{\"@type\":\"ListItem\",\"position\":2,\"name\":\"Numerot eiv\u00e4t valehtele,\u00a0mutta\u00a0v\u00e4\u00e4r\u00e4t numerot valehtelevat\"}]},{\"@type\":\"WebSite\",\"@id\":\"https:\/\/andersadlercreutz.fi\/blog\/#website\",\"url\":\"https:\/\/andersadlercreutz.fi\/blog\/\",\"name\":\"Anders Adlercreutz\",\"description\":\"Du. Jag. Vi. Kest&auml;v&auml;sti optimisti\",\"potentialAction\":[{\"@type\":\"SearchAction\",\"target\":{\"@type\":\"EntryPoint\",\"urlTemplate\":\"https:\/\/andersadlercreutz.fi\/blog\/?s={search_term_string}\"},\"query-input\":\"required name=search_term_string\"}],\"inLanguage\":\"sv-SE\"},{\"@type\":\"Person\",\"@id\":\"https:\/\/andersadlercreutz.fi\/blog\/#\/schema\/person\/47d4b72eded862b484f74bb4b3a2354f\",\"name\":\"Anders\",\"image\":{\"@type\":\"ImageObject\",\"inLanguage\":\"sv-SE\",\"@id\":\"https:\/\/andersadlercreutz.fi\/blog\/#\/schema\/person\/image\/\",\"url\":\"https:\/\/secure.gravatar.com\/avatar\/a144c9bda7a581ff6fabba169027e620?s=96&d=mm&r=g\",\"contentUrl\":\"https:\/\/secure.gravatar.com\/avatar\/a144c9bda7a581ff6fabba169027e620?s=96&d=mm&r=g\",\"caption\":\"Anders\"},\"url\":\"https:\/\/andersadlercreutz.fi\/blog\/author\/admin\/\"}]}<\/script>\n<!-- \/ Yoast SEO plugin. -->","yoast_head_json":{"title":"Numerot eiv\u00e4t valehtele,\u00a0mutta\u00a0v\u00e4\u00e4r\u00e4t numerot valehtelevat - Anders Adlercreutz","robots":{"index":"index","follow":"follow","max-snippet":"max-snippet:-1","max-image-preview":"max-image-preview:large","max-video-preview":"max-video-preview:-1"},"canonical":"https:\/\/andersadlercreutz.fi\/blog\/blog\/numerot-eivat-valehtele-mutta-vaarat-numerot-valehtelevat-2\/","og_locale":"sv_SE","og_type":"article","og_title":"Numerot eiv\u00e4t valehtele,\u00a0mutta\u00a0v\u00e4\u00e4r\u00e4t numerot valehtelevat - Anders Adlercreutz","og_description":"Numerot eiv\u00e4t valehtele,\u00a0mutta\u00a0v\u00e4\u00e4r\u00e4t numerot valehtelevat. Ja jos v\u00e4\u00e4ri\u00e4 numeroja k\u00e4ytt\u00e4\u00e4 politiikkansa tueksi,\u00a0on\u00a0koko rakennelma hataralla pohjalla. Hallintovaliokunnan puheenjohtaja Mari Rantanen k\u00e4ytti toistuvasti v\u00e4\u00e4r\u00e4\u00e4 numerotietoa eduskunnan puheenvuorossaan ty\u00f6per\u00e4iseenmaahanmuuttoon liittyv\u00e4n lain k\u00e4sittelyss\u00e4 keskiviikkona. N\u00e4in tekiv\u00e4t\u00a0my\u00f6s h\u00e4nen puoluetoverinsa. Hallintovaliokunta vastaa maahanmuuttoon liittyvien asioiden k\u00e4sittelyst\u00e4 eduskunnassa.\u00a0Sit\u00e4 tulisi johtaa oikean tiedon pohjalta. Ja vastuullisessa asemassa olevan tulisi pysy\u00e4 totuudessa. Mist\u00e4 oli [&hellip;]","og_url":"https:\/\/andersadlercreutz.fi\/blog\/blog\/numerot-eivat-valehtele-mutta-vaarat-numerot-valehtelevat-2\/?lang=fi","og_site_name":"Anders Adlercreutz","article_published_time":"2022-11-25T14:37:22+00:00","article_modified_time":"2022-11-25T16:23:12+00:00","og_image":[{"width":1200,"height":600,"url":"https:\/\/i0.wp.com\/andersadlercreutz.fi\/blog\/wp-content\/uploads\/2020\/11\/781A6398.jpg?fit=1200%2C600&ssl=1","type":"image\/jpeg"}],"author":"Anders","twitter_card":"summary_large_image","twitter_misc":{"Skriven av":"Anders","Ber\u00e4knad l\u00e4stid":"3 minuter"},"schema":{"@context":"https:\/\/schema.org","@graph":[{"@type":"WebPage","@id":"https:\/\/andersadlercreutz.fi\/blog\/blog\/numerot-eivat-valehtele-mutta-vaarat-numerot-valehtelevat-2\/?lang=fi","url":"https:\/\/andersadlercreutz.fi\/blog\/blog\/numerot-eivat-valehtele-mutta-vaarat-numerot-valehtelevat-2\/?lang=fi","name":"Numerot eiv\u00e4t valehtele,\u00a0mutta\u00a0v\u00e4\u00e4r\u00e4t numerot valehtelevat - Anders Adlercreutz","isPartOf":{"@id":"https:\/\/andersadlercreutz.fi\/blog\/#website"},"datePublished":"2022-11-25T14:37:22+00:00","dateModified":"2022-11-25T16:23:12+00:00","author":{"@id":"https:\/\/andersadlercreutz.fi\/blog\/#\/schema\/person\/47d4b72eded862b484f74bb4b3a2354f"},"breadcrumb":{"@id":"https:\/\/andersadlercreutz.fi\/blog\/blog\/numerot-eivat-valehtele-mutta-vaarat-numerot-valehtelevat-2\/?lang=fi#breadcrumb"},"inLanguage":"sv-SE","potentialAction":[{"@type":"ReadAction","target":["https:\/\/andersadlercreutz.fi\/blog\/blog\/numerot-eivat-valehtele-mutta-vaarat-numerot-valehtelevat-2\/?lang=fi"]}]},{"@type":"BreadcrumbList","@id":"https:\/\/andersadlercreutz.fi\/blog\/blog\/numerot-eivat-valehtele-mutta-vaarat-numerot-valehtelevat-2\/?lang=fi#breadcrumb","itemListElement":[{"@type":"ListItem","position":1,"name":"Home","item":"https:\/\/andersadlercreutz.fi\/blog\/blogg\/?lang=sv"},{"@type":"ListItem","position":2,"name":"Numerot eiv\u00e4t valehtele,\u00a0mutta\u00a0v\u00e4\u00e4r\u00e4t numerot valehtelevat"}]},{"@type":"WebSite","@id":"https:\/\/andersadlercreutz.fi\/blog\/#website","url":"https:\/\/andersadlercreutz.fi\/blog\/","name":"Anders Adlercreutz","description":"Du. Jag. Vi. Kest&auml;v&auml;sti optimisti","potentialAction":[{"@type":"SearchAction","target":{"@type":"EntryPoint","urlTemplate":"https:\/\/andersadlercreutz.fi\/blog\/?s={search_term_string}"},"query-input":"required name=search_term_string"}],"inLanguage":"sv-SE"},{"@type":"Person","@id":"https:\/\/andersadlercreutz.fi\/blog\/#\/schema\/person\/47d4b72eded862b484f74bb4b3a2354f","name":"Anders","image":{"@type":"ImageObject","inLanguage":"sv-SE","@id":"https:\/\/andersadlercreutz.fi\/blog\/#\/schema\/person\/image\/","url":"https:\/\/secure.gravatar.com\/avatar\/a144c9bda7a581ff6fabba169027e620?s=96&d=mm&r=g","contentUrl":"https:\/\/secure.gravatar.com\/avatar\/a144c9bda7a581ff6fabba169027e620?s=96&d=mm&r=g","caption":"Anders"},"url":"https:\/\/andersadlercreutz.fi\/blog\/author\/admin\/"}]}},"jetpack_featured_media_url":"https:\/\/i0.wp.com\/andersadlercreutz.fi\/blog\/wp-content\/uploads\/2020\/11\/781A6398.jpg?fit=1200%2C600&ssl=1","jetpack_shortlink":"https:\/\/wp.me\/p4T6Dh-1Zr","jetpack_sharing_enabled":true,"_links":{"self":[{"href":"https:\/\/andersadlercreutz.fi\/blog\/wp-json\/wp\/v2\/posts\/7653"}],"collection":[{"href":"https:\/\/andersadlercreutz.fi\/blog\/wp-json\/wp\/v2\/posts"}],"about":[{"href":"https:\/\/andersadlercreutz.fi\/blog\/wp-json\/wp\/v2\/types\/post"}],"author":[{"embeddable":true,"href":"https:\/\/andersadlercreutz.fi\/blog\/wp-json\/wp\/v2\/users\/1"}],"replies":[{"embeddable":true,"href":"https:\/\/andersadlercreutz.fi\/blog\/wp-json\/wp\/v2\/comments?post=7653"}],"version-history":[{"count":2,"href":"https:\/\/andersadlercreutz.fi\/blog\/wp-json\/wp\/v2\/posts\/7653\/revisions"}],"predecessor-version":[{"id":7661,"href":"https:\/\/andersadlercreutz.fi\/blog\/wp-json\/wp\/v2\/posts\/7653\/revisions\/7661"}],"wp:featuredmedia":[{"embeddable":true,"href":"https:\/\/andersadlercreutz.fi\/blog\/wp-json\/wp\/v2\/media\/6652"}],"wp:attachment":[{"href":"https:\/\/andersadlercreutz.fi\/blog\/wp-json\/wp\/v2\/media?parent=7653"}],"wp:term":[{"taxonomy":"category","embeddable":true,"href":"https:\/\/andersadlercreutz.fi\/blog\/wp-json\/wp\/v2\/categories?post=7653"},{"taxonomy":"post_tag","embeddable":true,"href":"https:\/\/andersadlercreutz.fi\/blog\/wp-json\/wp\/v2\/tags?post=7653"}],"curies":[{"name":"wp","href":"https:\/\/api.w.org\/{rel}","templated":true}]}}