{"id":7726,"date":"2022-12-13T10:19:05","date_gmt":"2022-12-13T08:19:05","guid":{"rendered":"https:\/\/andersadlercreutz.fi\/blog\/?p=7726"},"modified":"2022-12-13T10:19:05","modified_gmt":"2022-12-13T08:19:05","slug":"adlercreutz-paikalliset-tieparannukset-saavat-jatkoa","status":"publish","type":"post","link":"https:\/\/andersadlercreutz.fi\/blog\/lehdistotiedote\/adlercreutz-paikalliset-tieparannukset-saavat-jatkoa\/?lang=fi","title":{"rendered":"Adlercreutz: Paikalliset tieparannukset saavat jatkoa"},"content":{"rendered":"<p>Eduskunnan valtiovarainvaliokunnassa neuvotellaan joka syksy ylim\u00e4\u00e4r\u00e4isist\u00e4 erityispanostuksista. N\u00e4ill\u00e4 voidaan osoittaa varoja erityisen t\u00e4rkeisiin kansallisiin ja paikallisiin kohteisiin. Anders Adlercreutz on RKP:n vaaliokuntavastaava valtiovarainvaliokunnassa. RKP:n Veronica Rehn-Kivi on valiokunnassa varaj\u00e4senen\u00e4.<\/p>\n<p>&#8211;\u00a0N\u00e4iss\u00e4 neuvotteluissa olemme t\u00e4m\u00e4n kauden ajan pystyneet edist\u00e4m\u00e4\u00e4n valtakunnallisesti esimerkiksi yritt\u00e4jyyskoulutusta kouluissa. Sen hedelmi\u00e4 on n\u00e4ht\u00e4vill\u00e4 t\u00e4\u00e4ll\u00e4 Kirkkonummellakin.\u00a0 Olemme my\u00f6s pystyneet edist\u00e4m\u00e4\u00e4n paikallisesti t\u00e4rkeit\u00e4 tiehankkeita, sanoo Adlercreutz.<\/p>\n<p>Esimerkkin\u00e4 h\u00e4n mainitsee 51:n valaistuksen, jonka rahoitus turvattiin vuoden 2020 ja 2021 neuvotteluissa.<\/p>\n<p>&#8211;\u00a051:n valaistus on merkitt\u00e4v\u00e4 asia. Vuoden 2020 rahat eiv\u00e4t riitt\u00e4neet ihan maaliin asti, joten neuvottelemamme vuoden 2021 lis\u00e4panostus oli tarpeen. Vuonna 2020 saimme my\u00f6s neuvoteltua rahoitusta Fagervikintien p\u00e4\u00e4llyst\u00e4miseen Inkoossa ja Eestinkyl\u00e4ntien perusparannukseen t\u00e4\u00e4ll\u00e4 Kirkkonummella.<\/p>\n<p>T\u00e4ll\u00e4 hallituskaudella moni alueellisesti t\u00e4rke\u00e4 hanke on edistynyt.<\/p>\n<p>&#8211;\u00a0Evitskogintie sai uuden p\u00e4\u00e4llysteen vuosi sitten ja hallituskauden ensimm\u00e4isess\u00e4 lis\u00e4budjetissa varmistimme sen, ett\u00e4 Porkkalantie sai kauan kaipaamansa kohennuksen. Masalantie oli pitk\u00e4\u00e4n varsinainen murheenkryyni mutta nyt sekin on saanut uuden pinnan. Kokonaisuuteen on syyt\u00e4 olla tyytyv\u00e4inen, toteaa Adlercreutz<\/p>\n<p>Teihin on t\u00e4ll\u00e4 hallituskaudella siis tullut alueellisesti selv\u00e4\u00e4 kohennusta. Tahti jatkui t\u00e4n\u00e4kin vuonna. Tiistaina valtiovarainvaliokunta julkaisi listan t\u00e4m\u00e4n vuoden kohteista.<\/p>\n<p>&#8211;\u00a0Neuvotteluissa saimme j\u00e4rjestetty\u00e4 rahoitusta Sep\u00e4nkyl\u00e4ntien p\u00e4\u00e4llyst\u00e4miseen. Tien kunto on nopeasti heikentynyt ja se on paikka paikoin todella huonossa kunnossa. Monelle koululaiselle se on t\u00e4rke\u00e4 reitti ja siksi pidimme sen korjaamista t\u00e4rke\u00e4n\u00e4, sanoo Adlercreutz<\/p>\n<p>L\u00e4ntiselle Uudellemaalle tuli muitakin panostuksia.<\/p>\n<p>&#8211; Teiden 25 ja 1102 risteys Raaseporissa on nykykunnossaan selke\u00e4sti liikenneturvallisuusongelma. Nyt t\u00e4m\u00e4 asia korjataan. Raaseporin kaupunki on t\u00e4ss\u00e4 ollut hyvin aktiivinen. Olen my\u00f6s iloinen siit\u00e4, ett\u00e4 MT 104 saa uutta p\u00e4\u00e4llystett\u00e4.<\/p>\n<p>Adlercreutz painottaa kuitenkin, ett\u00e4 ratayhteyksi\u00e4 ei saa unohtaa.<\/p>\n<p>&#8211; Oma murheenkryynimme on rantarata ja sen tila. Olisi todella t\u00e4rke\u00e4\u00e4 saada rakennettua radan varteen lis\u00e4\u00e4 kaksiraiteisia osuuksia kaukoliikenteen ja paikallisliikenteen yhteiselon helpottamiseksi. Liikenn\u00f6innist\u00e4 ja itse radasta keskustelen s\u00e4\u00e4nn\u00f6llisesti niin VR:n kuin Liikenne- ja viestint\u00e4ministeri\u00f6n kanssa. Toivottavasti p\u00e4\u00e4sisimme ensi eduskuntakaudella t\u00e4ss\u00e4 asiassa eteenp\u00e4in, p\u00e4\u00e4tt\u00e4\u00e4 Adlercreutz.<\/p>\n<p>&nbsp;<\/p>\n","protected":false},"excerpt":{"rendered":"<p>Eduskunnan valtiovarainvaliokunnassa neuvotellaan joka syksy ylim\u00e4\u00e4r\u00e4isist\u00e4 erityispanostuksista. N\u00e4ill\u00e4 voidaan osoittaa varoja erityisen t\u00e4rkeisiin kansallisiin ja paikallisiin kohteisiin. Anders Adlercreutz on RKP:n vaaliokuntavastaava valtiovarainvaliokunnassa. RKP:n Veronica Rehn-Kivi on valiokunnassa varaj\u00e4senen\u00e4. &#8211;\u00a0N\u00e4iss\u00e4 neuvotteluissa olemme t\u00e4m\u00e4n kauden ajan pystyneet edist\u00e4m\u00e4\u00e4n valtakunnallisesti esimerkiksi yritt\u00e4jyyskoulutusta kouluissa. Sen hedelmi\u00e4 on n\u00e4ht\u00e4vill\u00e4 t\u00e4\u00e4ll\u00e4 Kirkkonummellakin.\u00a0 Olemme my\u00f6s pystyneet edist\u00e4m\u00e4\u00e4n paikallisesti t\u00e4rkeit\u00e4 tiehankkeita, sanoo [&hellip;]<\/p>\n","protected":false},"author":1,"featured_media":7727,"comment_status":"open","ping_status":"open","sticky":false,"template":"","format":"standard","meta":{"jetpack_post_was_ever_published":false,"_jetpack_newsletter_access":"","jetpack_publicize_message":"","jetpack_is_tweetstorm":false,"jetpack_publicize_feature_enabled":true,"jetpack_social_post_already_shared":true,"jetpack_social_options":{"image_generator_settings":{"template":"highway","enabled":false}}},"categories":[71],"tags":[],"jetpack_publicize_connections":[],"yoast_head":"<!-- This site is optimized with the Yoast SEO plugin v20.12 - https:\/\/yoast.com\/wordpress\/plugins\/seo\/ -->\n<title>Adlercreutz: Paikalliset tieparannukset saavat jatkoa - Anders Adlercreutz<\/title>\n<meta name=\"robots\" content=\"index, follow, max-snippet:-1, max-image-preview:large, max-video-preview:-1\" \/>\n<link rel=\"canonical\" href=\"https:\/\/andersadlercreutz.fi\/blog\/lehdistotiedote\/adlercreutz-paikalliset-tieparannukset-saavat-jatkoa\/\" \/>\n<meta property=\"og:locale\" content=\"sv_SE\" \/>\n<meta property=\"og:type\" content=\"article\" \/>\n<meta property=\"og:title\" content=\"Adlercreutz: Paikalliset tieparannukset saavat jatkoa - Anders Adlercreutz\" \/>\n<meta property=\"og:description\" content=\"Eduskunnan valtiovarainvaliokunnassa neuvotellaan joka syksy ylim\u00e4\u00e4r\u00e4isist\u00e4 erityispanostuksista. N\u00e4ill\u00e4 voidaan osoittaa varoja erityisen t\u00e4rkeisiin kansallisiin ja paikallisiin kohteisiin. Anders Adlercreutz on RKP:n vaaliokuntavastaava valtiovarainvaliokunnassa. RKP:n Veronica Rehn-Kivi on valiokunnassa varaj\u00e4senen\u00e4. &#8211;\u00a0N\u00e4iss\u00e4 neuvotteluissa olemme t\u00e4m\u00e4n kauden ajan pystyneet edist\u00e4m\u00e4\u00e4n valtakunnallisesti esimerkiksi yritt\u00e4jyyskoulutusta kouluissa. Sen hedelmi\u00e4 on n\u00e4ht\u00e4vill\u00e4 t\u00e4\u00e4ll\u00e4 Kirkkonummellakin.\u00a0 Olemme my\u00f6s pystyneet edist\u00e4m\u00e4\u00e4n paikallisesti t\u00e4rkeit\u00e4 tiehankkeita, sanoo [&hellip;]\" \/>\n<meta property=\"og:url\" content=\"https:\/\/andersadlercreutz.fi\/blog\/lehdistotiedote\/adlercreutz-paikalliset-tieparannukset-saavat-jatkoa\/?lang=fi\" \/>\n<meta property=\"og:site_name\" content=\"Anders Adlercreutz\" \/>\n<meta property=\"article:published_time\" content=\"2022-12-13T08:19:05+00:00\" \/>\n<meta property=\"og:image\" content=\"https:\/\/i0.wp.com\/andersadlercreutz.fi\/blog\/wp-content\/uploads\/2022\/12\/vag-1.jpeg?fit=2400%2C1600&ssl=1\" \/>\n\t<meta property=\"og:image:width\" content=\"2400\" \/>\n\t<meta property=\"og:image:height\" content=\"1600\" \/>\n\t<meta property=\"og:image:type\" content=\"image\/jpeg\" \/>\n<meta name=\"author\" content=\"Anders\" \/>\n<meta name=\"twitter:card\" content=\"summary_large_image\" \/>\n<meta name=\"twitter:label1\" content=\"Skriven av\" \/>\n\t<meta name=\"twitter:data1\" content=\"Anders\" \/>\n\t<meta name=\"twitter:label2\" content=\"Ber\u00e4knad l\u00e4stid\" \/>\n\t<meta name=\"twitter:data2\" content=\"2 minuter\" \/>\n<script type=\"application\/ld+json\" class=\"yoast-schema-graph\">{\"@context\":\"https:\/\/schema.org\",\"@graph\":[{\"@type\":\"WebPage\",\"@id\":\"https:\/\/andersadlercreutz.fi\/blog\/lehdistotiedote\/adlercreutz-paikalliset-tieparannukset-saavat-jatkoa\/?lang=fi\",\"url\":\"https:\/\/andersadlercreutz.fi\/blog\/lehdistotiedote\/adlercreutz-paikalliset-tieparannukset-saavat-jatkoa\/?lang=fi\",\"name\":\"Adlercreutz: Paikalliset tieparannukset saavat jatkoa - Anders Adlercreutz\",\"isPartOf\":{\"@id\":\"https:\/\/andersadlercreutz.fi\/blog\/#website\"},\"datePublished\":\"2022-12-13T08:19:05+00:00\",\"dateModified\":\"2022-12-13T08:19:05+00:00\",\"author\":{\"@id\":\"https:\/\/andersadlercreutz.fi\/blog\/#\/schema\/person\/47d4b72eded862b484f74bb4b3a2354f\"},\"breadcrumb\":{\"@id\":\"https:\/\/andersadlercreutz.fi\/blog\/lehdistotiedote\/adlercreutz-paikalliset-tieparannukset-saavat-jatkoa\/?lang=fi#breadcrumb\"},\"inLanguage\":\"sv-SE\",\"potentialAction\":[{\"@type\":\"ReadAction\",\"target\":[\"https:\/\/andersadlercreutz.fi\/blog\/lehdistotiedote\/adlercreutz-paikalliset-tieparannukset-saavat-jatkoa\/?lang=fi\"]}]},{\"@type\":\"BreadcrumbList\",\"@id\":\"https:\/\/andersadlercreutz.fi\/blog\/lehdistotiedote\/adlercreutz-paikalliset-tieparannukset-saavat-jatkoa\/?lang=fi#breadcrumb\",\"itemListElement\":[{\"@type\":\"ListItem\",\"position\":1,\"name\":\"Home\",\"item\":\"https:\/\/andersadlercreutz.fi\/blog\/blogg\/?lang=sv\"},{\"@type\":\"ListItem\",\"position\":2,\"name\":\"Adlercreutz: Paikalliset tieparannukset saavat jatkoa\"}]},{\"@type\":\"WebSite\",\"@id\":\"https:\/\/andersadlercreutz.fi\/blog\/#website\",\"url\":\"https:\/\/andersadlercreutz.fi\/blog\/\",\"name\":\"Anders Adlercreutz\",\"description\":\"Du. Jag. Vi. Kest&auml;v&auml;sti optimisti\",\"potentialAction\":[{\"@type\":\"SearchAction\",\"target\":{\"@type\":\"EntryPoint\",\"urlTemplate\":\"https:\/\/andersadlercreutz.fi\/blog\/?s={search_term_string}\"},\"query-input\":\"required name=search_term_string\"}],\"inLanguage\":\"sv-SE\"},{\"@type\":\"Person\",\"@id\":\"https:\/\/andersadlercreutz.fi\/blog\/#\/schema\/person\/47d4b72eded862b484f74bb4b3a2354f\",\"name\":\"Anders\",\"image\":{\"@type\":\"ImageObject\",\"inLanguage\":\"sv-SE\",\"@id\":\"https:\/\/andersadlercreutz.fi\/blog\/#\/schema\/person\/image\/\",\"url\":\"https:\/\/secure.gravatar.com\/avatar\/a144c9bda7a581ff6fabba169027e620?s=96&d=mm&r=g\",\"contentUrl\":\"https:\/\/secure.gravatar.com\/avatar\/a144c9bda7a581ff6fabba169027e620?s=96&d=mm&r=g\",\"caption\":\"Anders\"},\"url\":\"https:\/\/andersadlercreutz.fi\/blog\/author\/admin\/\"}]}<\/script>\n<!-- \/ Yoast SEO plugin. -->","yoast_head_json":{"title":"Adlercreutz: Paikalliset tieparannukset saavat jatkoa - Anders Adlercreutz","robots":{"index":"index","follow":"follow","max-snippet":"max-snippet:-1","max-image-preview":"max-image-preview:large","max-video-preview":"max-video-preview:-1"},"canonical":"https:\/\/andersadlercreutz.fi\/blog\/lehdistotiedote\/adlercreutz-paikalliset-tieparannukset-saavat-jatkoa\/","og_locale":"sv_SE","og_type":"article","og_title":"Adlercreutz: Paikalliset tieparannukset saavat jatkoa - Anders Adlercreutz","og_description":"Eduskunnan valtiovarainvaliokunnassa neuvotellaan joka syksy ylim\u00e4\u00e4r\u00e4isist\u00e4 erityispanostuksista. N\u00e4ill\u00e4 voidaan osoittaa varoja erityisen t\u00e4rkeisiin kansallisiin ja paikallisiin kohteisiin. Anders Adlercreutz on RKP:n vaaliokuntavastaava valtiovarainvaliokunnassa. RKP:n Veronica Rehn-Kivi on valiokunnassa varaj\u00e4senen\u00e4. &#8211;\u00a0N\u00e4iss\u00e4 neuvotteluissa olemme t\u00e4m\u00e4n kauden ajan pystyneet edist\u00e4m\u00e4\u00e4n valtakunnallisesti esimerkiksi yritt\u00e4jyyskoulutusta kouluissa. Sen hedelmi\u00e4 on n\u00e4ht\u00e4vill\u00e4 t\u00e4\u00e4ll\u00e4 Kirkkonummellakin.\u00a0 Olemme my\u00f6s pystyneet edist\u00e4m\u00e4\u00e4n paikallisesti t\u00e4rkeit\u00e4 tiehankkeita, sanoo [&hellip;]","og_url":"https:\/\/andersadlercreutz.fi\/blog\/lehdistotiedote\/adlercreutz-paikalliset-tieparannukset-saavat-jatkoa\/?lang=fi","og_site_name":"Anders Adlercreutz","article_published_time":"2022-12-13T08:19:05+00:00","og_image":[{"width":2400,"height":1600,"url":"https:\/\/i0.wp.com\/andersadlercreutz.fi\/blog\/wp-content\/uploads\/2022\/12\/vag-1.jpeg?fit=2400%2C1600&ssl=1","type":"image\/jpeg"}],"author":"Anders","twitter_card":"summary_large_image","twitter_misc":{"Skriven av":"Anders","Ber\u00e4knad l\u00e4stid":"2 minuter"},"schema":{"@context":"https:\/\/schema.org","@graph":[{"@type":"WebPage","@id":"https:\/\/andersadlercreutz.fi\/blog\/lehdistotiedote\/adlercreutz-paikalliset-tieparannukset-saavat-jatkoa\/?lang=fi","url":"https:\/\/andersadlercreutz.fi\/blog\/lehdistotiedote\/adlercreutz-paikalliset-tieparannukset-saavat-jatkoa\/?lang=fi","name":"Adlercreutz: Paikalliset tieparannukset saavat jatkoa - Anders Adlercreutz","isPartOf":{"@id":"https:\/\/andersadlercreutz.fi\/blog\/#website"},"datePublished":"2022-12-13T08:19:05+00:00","dateModified":"2022-12-13T08:19:05+00:00","author":{"@id":"https:\/\/andersadlercreutz.fi\/blog\/#\/schema\/person\/47d4b72eded862b484f74bb4b3a2354f"},"breadcrumb":{"@id":"https:\/\/andersadlercreutz.fi\/blog\/lehdistotiedote\/adlercreutz-paikalliset-tieparannukset-saavat-jatkoa\/?lang=fi#breadcrumb"},"inLanguage":"sv-SE","potentialAction":[{"@type":"ReadAction","target":["https:\/\/andersadlercreutz.fi\/blog\/lehdistotiedote\/adlercreutz-paikalliset-tieparannukset-saavat-jatkoa\/?lang=fi"]}]},{"@type":"BreadcrumbList","@id":"https:\/\/andersadlercreutz.fi\/blog\/lehdistotiedote\/adlercreutz-paikalliset-tieparannukset-saavat-jatkoa\/?lang=fi#breadcrumb","itemListElement":[{"@type":"ListItem","position":1,"name":"Home","item":"https:\/\/andersadlercreutz.fi\/blog\/blogg\/?lang=sv"},{"@type":"ListItem","position":2,"name":"Adlercreutz: Paikalliset tieparannukset saavat jatkoa"}]},{"@type":"WebSite","@id":"https:\/\/andersadlercreutz.fi\/blog\/#website","url":"https:\/\/andersadlercreutz.fi\/blog\/","name":"Anders Adlercreutz","description":"Du. Jag. Vi. Kest&auml;v&auml;sti optimisti","potentialAction":[{"@type":"SearchAction","target":{"@type":"EntryPoint","urlTemplate":"https:\/\/andersadlercreutz.fi\/blog\/?s={search_term_string}"},"query-input":"required name=search_term_string"}],"inLanguage":"sv-SE"},{"@type":"Person","@id":"https:\/\/andersadlercreutz.fi\/blog\/#\/schema\/person\/47d4b72eded862b484f74bb4b3a2354f","name":"Anders","image":{"@type":"ImageObject","inLanguage":"sv-SE","@id":"https:\/\/andersadlercreutz.fi\/blog\/#\/schema\/person\/image\/","url":"https:\/\/secure.gravatar.com\/avatar\/a144c9bda7a581ff6fabba169027e620?s=96&d=mm&r=g","contentUrl":"https:\/\/secure.gravatar.com\/avatar\/a144c9bda7a581ff6fabba169027e620?s=96&d=mm&r=g","caption":"Anders"},"url":"https:\/\/andersadlercreutz.fi\/blog\/author\/admin\/"}]}},"jetpack_featured_media_url":"https:\/\/i0.wp.com\/andersadlercreutz.fi\/blog\/wp-content\/uploads\/2022\/12\/vag-1.jpeg?fit=2400%2C1600&ssl=1","jetpack_shortlink":"https:\/\/wp.me\/p4T6Dh-20C","jetpack_sharing_enabled":true,"_links":{"self":[{"href":"https:\/\/andersadlercreutz.fi\/blog\/wp-json\/wp\/v2\/posts\/7726"}],"collection":[{"href":"https:\/\/andersadlercreutz.fi\/blog\/wp-json\/wp\/v2\/posts"}],"about":[{"href":"https:\/\/andersadlercreutz.fi\/blog\/wp-json\/wp\/v2\/types\/post"}],"author":[{"embeddable":true,"href":"https:\/\/andersadlercreutz.fi\/blog\/wp-json\/wp\/v2\/users\/1"}],"replies":[{"embeddable":true,"href":"https:\/\/andersadlercreutz.fi\/blog\/wp-json\/wp\/v2\/comments?post=7726"}],"version-history":[{"count":2,"href":"https:\/\/andersadlercreutz.fi\/blog\/wp-json\/wp\/v2\/posts\/7726\/revisions"}],"predecessor-version":[{"id":7741,"href":"https:\/\/andersadlercreutz.fi\/blog\/wp-json\/wp\/v2\/posts\/7726\/revisions\/7741"}],"wp:featuredmedia":[{"embeddable":true,"href":"https:\/\/andersadlercreutz.fi\/blog\/wp-json\/wp\/v2\/media\/7727"}],"wp:attachment":[{"href":"https:\/\/andersadlercreutz.fi\/blog\/wp-json\/wp\/v2\/media?parent=7726"}],"wp:term":[{"taxonomy":"category","embeddable":true,"href":"https:\/\/andersadlercreutz.fi\/blog\/wp-json\/wp\/v2\/categories?post=7726"},{"taxonomy":"post_tag","embeddable":true,"href":"https:\/\/andersadlercreutz.fi\/blog\/wp-json\/wp\/v2\/tags?post=7726"}],"curies":[{"name":"wp","href":"https:\/\/api.w.org\/{rel}","templated":true}]}}