{"id":7749,"date":"2022-12-14T09:37:43","date_gmt":"2022-12-14T07:37:43","guid":{"rendered":"https:\/\/andersadlercreutz.fi\/blog\/?p=7749"},"modified":"2022-12-14T09:37:43","modified_gmt":"2022-12-14T07:37:43","slug":"adlercreutz-nato-prosessi-on-osoitus-paatoksentekokyvysta","status":"publish","type":"post","link":"https:\/\/andersadlercreutz.fi\/blog\/lehdistotiedote\/adlercreutz-nato-prosessi-on-osoitus-paatoksentekokyvysta\/?lang=fi","title":{"rendered":"Adlercreutz: Nato-prosessi on osoitus p\u00e4\u00e4t\u00f6ksentekokyvyst\u00e4"},"content":{"rendered":"<div class=\"excerpt\">\n<p>\u2013 Prosessi, joka aikanaan johtaa Nato-j\u00e4senyyteen, on merkki siit\u00e4, ett\u00e4 poliittinen j\u00e4rjestelm\u00e4mme toimii, sanoi Ruotsalaisen eduskuntaryhm\u00e4n puheenjohtaja Anders Adlercreutz eduskunnassa tiistaina k\u00e4ydyss\u00e4 keskustelussa Nato-j\u00e4senyytemme hyv\u00e4ksymisest\u00e4.<\/p>\n<\/div>\n<div class=\"resizable\">\n<p>\u2013 J\u00e4senyys oli pitk\u00e4\u00e4n useimmille puolueille mahdoton ajatus. Kun maailma ymp\u00e4rill\u00e4mme muuttui niin muuttuivat my\u00f6s mielipiteet. J\u00e4senyyshakemukseemme johtanut prosessi osoittaa, ett\u00e4 t\u00e4rkeiden kysymysten \u00e4\u00e4relle on eduskunnassa edelleenkin mahdollista tulla yhteen.<\/p>\n<p>RKP on jo pitk\u00e4\u00e4n puhunut sen puolesta, ett\u00e4 Suomen paikka on Natossa. Silloinkin, kun se oli ep\u00e4suosittu mielipide.<\/p>\n<p>\u2013 Kun vajaa vuosi sitten kehotin hallitusta k\u00e4ynnist\u00e4m\u00e4\u00e4n prosessin Nato-j\u00e4senyyden hakemiseksi, en uskonut, ett\u00e4 olisimme t\u00e4n\u00e4\u00e4n t\u00e4ss\u00e4 tilanteessa. En toki my\u00f6sk\u00e4\u00e4n uskonut, ett\u00e4 Euroopassa kohta olisi sota. Ven\u00e4j\u00e4n hy\u00f6kk\u00e4ys Ukrainaan ei ole muuttanut ainoastaan muiden puolueiden mielipidett\u00e4 Natosta, vaan se on muuttanut geopoliittista todellisuuttamme. Nyt on t\u00e4rke\u00e4\u00e4 varmistaa, ett\u00e4 Ukraina voittaa ja, ett\u00e4 Suomen hakemus johtaa j\u00e4senyyteen.<\/p>\n<p>Unkari ja Turkki eiv\u00e4t ole viel\u00e4k\u00e4\u00e4n ratifioineet Suomen Nato-j\u00e4senyytt\u00e4.<\/p>\n<p>\u2013 Suomi ja Ruotsi vahvistavat Natoa. Turkin ja Unkarin peli on kyynist\u00e4, eik\u00e4 se perustu turvallisuushuoliin, jotka voisivat mill\u00e4\u00e4n tavalla liitty\u00e4 Suomeen ja Ruotsiin, kahteen vakaaseen ja vakavasti otettavaan maahan. Jos j\u00e4senyytt\u00e4mme ei ratifioida nopeasti, se ei ole Naton eik\u00e4 n\u00e4iden kahden maan etujen mukaista.<\/p>\n<p>Adlercreutz korostaa, ett\u00e4 Suomea ei suoraan uhkaa mik\u00e4\u00e4n.<\/p>\n<p>\u2013 Tied\u00e4mme, ett\u00e4 meill\u00e4 on vahva puolustus. Viime vuosikymmenin\u00e4 yhdess\u00e4 tekem\u00e4mme ratkaisut ovat olleet oikeita. Siksi meid\u00e4n ei tarvitse olla huolissamme, vaikka prosessi pitkittyykin. Me p\u00e4rj\u00e4\u00e4mme kyll\u00e4, ja naapurimaamme tiet\u00e4v\u00e4t sen. On t\u00e4rke\u00e4\u00e4, ett\u00e4 liitymme Natoon aikanaan Ruotsin kanssa. Se on kaikkien edun mukaista.<\/p>\n<p>&nbsp;<\/p>\n<\/div>\n","protected":false},"excerpt":{"rendered":"<p>\u2013 Prosessi, joka aikanaan johtaa Nato-j\u00e4senyyteen, on merkki siit\u00e4, ett\u00e4 poliittinen j\u00e4rjestelm\u00e4mme toimii, sanoi Ruotsalaisen eduskuntaryhm\u00e4n puheenjohtaja Anders Adlercreutz eduskunnassa tiistaina k\u00e4ydyss\u00e4 keskustelussa Nato-j\u00e4senyytemme hyv\u00e4ksymisest\u00e4. \u2013 J\u00e4senyys oli pitk\u00e4\u00e4n useimmille puolueille mahdoton ajatus. Kun maailma ymp\u00e4rill\u00e4mme muuttui niin muuttuivat my\u00f6s mielipiteet. J\u00e4senyyshakemukseemme johtanut prosessi osoittaa, ett\u00e4 t\u00e4rkeiden kysymysten \u00e4\u00e4relle on eduskunnassa edelleenkin mahdollista tulla yhteen. [&hellip;]<\/p>\n","protected":false},"author":1,"featured_media":7690,"comment_status":"open","ping_status":"open","sticky":false,"template":"","format":"standard","meta":{"jetpack_post_was_ever_published":false,"_jetpack_newsletter_access":"","jetpack_publicize_message":"","jetpack_is_tweetstorm":false,"jetpack_publicize_feature_enabled":true,"jetpack_social_post_already_shared":true,"jetpack_social_options":{"image_generator_settings":{"template":"highway","enabled":false}}},"categories":[71,130],"tags":[],"jetpack_publicize_connections":[],"yoast_head":"<!-- This site is optimized with the Yoast SEO plugin v20.12 - https:\/\/yoast.com\/wordpress\/plugins\/seo\/ -->\n<title>Adlercreutz: Nato-prosessi on osoitus p\u00e4\u00e4t\u00f6ksentekokyvyst\u00e4 - Anders Adlercreutz<\/title>\n<meta name=\"robots\" content=\"index, follow, max-snippet:-1, max-image-preview:large, max-video-preview:-1\" \/>\n<link rel=\"canonical\" href=\"https:\/\/andersadlercreutz.fi\/blog\/lehdistotiedote\/adlercreutz-nato-prosessi-on-osoitus-paatoksentekokyvysta\/\" \/>\n<meta property=\"og:locale\" content=\"sv_SE\" \/>\n<meta property=\"og:type\" content=\"article\" \/>\n<meta property=\"og:title\" content=\"Adlercreutz: Nato-prosessi on osoitus p\u00e4\u00e4t\u00f6ksentekokyvyst\u00e4 - Anders Adlercreutz\" \/>\n<meta property=\"og:description\" content=\"\u2013 Prosessi, joka aikanaan johtaa Nato-j\u00e4senyyteen, on merkki siit\u00e4, ett\u00e4 poliittinen j\u00e4rjestelm\u00e4mme toimii, sanoi Ruotsalaisen eduskuntaryhm\u00e4n puheenjohtaja Anders Adlercreutz eduskunnassa tiistaina k\u00e4ydyss\u00e4 keskustelussa Nato-j\u00e4senyytemme hyv\u00e4ksymisest\u00e4. \u2013 J\u00e4senyys oli pitk\u00e4\u00e4n useimmille puolueille mahdoton ajatus. Kun maailma ymp\u00e4rill\u00e4mme muuttui niin muuttuivat my\u00f6s mielipiteet. J\u00e4senyyshakemukseemme johtanut prosessi osoittaa, ett\u00e4 t\u00e4rkeiden kysymysten \u00e4\u00e4relle on eduskunnassa edelleenkin mahdollista tulla yhteen. [&hellip;]\" \/>\n<meta property=\"og:url\" content=\"https:\/\/andersadlercreutz.fi\/blog\/lehdistotiedote\/adlercreutz-nato-prosessi-on-osoitus-paatoksentekokyvysta\/?lang=fi\" \/>\n<meta property=\"og:site_name\" content=\"Anders Adlercreutz\" \/>\n<meta property=\"article:published_time\" content=\"2022-12-14T07:37:43+00:00\" \/>\n<meta property=\"og:image\" content=\"https:\/\/i0.wp.com\/andersadlercreutz.fi\/blog\/wp-content\/uploads\/2022\/12\/unnamed-e1670919052391.jpg?fit=981%2C507&ssl=1\" \/>\n\t<meta property=\"og:image:width\" content=\"981\" \/>\n\t<meta property=\"og:image:height\" content=\"507\" \/>\n\t<meta property=\"og:image:type\" content=\"image\/jpeg\" \/>\n<meta name=\"author\" content=\"Anders\" \/>\n<meta name=\"twitter:card\" content=\"summary_large_image\" \/>\n<meta name=\"twitter:label1\" content=\"Skriven av\" \/>\n\t<meta name=\"twitter:data1\" content=\"Anders\" \/>\n\t<meta name=\"twitter:label2\" content=\"Ber\u00e4knad l\u00e4stid\" \/>\n\t<meta name=\"twitter:data2\" content=\"1 minut\" \/>\n<script type=\"application\/ld+json\" class=\"yoast-schema-graph\">{\"@context\":\"https:\/\/schema.org\",\"@graph\":[{\"@type\":\"WebPage\",\"@id\":\"https:\/\/andersadlercreutz.fi\/blog\/lehdistotiedote\/adlercreutz-nato-prosessi-on-osoitus-paatoksentekokyvysta\/?lang=fi\",\"url\":\"https:\/\/andersadlercreutz.fi\/blog\/lehdistotiedote\/adlercreutz-nato-prosessi-on-osoitus-paatoksentekokyvysta\/?lang=fi\",\"name\":\"Adlercreutz: Nato-prosessi on osoitus p\u00e4\u00e4t\u00f6ksentekokyvyst\u00e4 - Anders Adlercreutz\",\"isPartOf\":{\"@id\":\"https:\/\/andersadlercreutz.fi\/blog\/#website\"},\"datePublished\":\"2022-12-14T07:37:43+00:00\",\"dateModified\":\"2022-12-14T07:37:43+00:00\",\"author\":{\"@id\":\"https:\/\/andersadlercreutz.fi\/blog\/#\/schema\/person\/47d4b72eded862b484f74bb4b3a2354f\"},\"breadcrumb\":{\"@id\":\"https:\/\/andersadlercreutz.fi\/blog\/lehdistotiedote\/adlercreutz-nato-prosessi-on-osoitus-paatoksentekokyvysta\/?lang=fi#breadcrumb\"},\"inLanguage\":\"sv-SE\",\"potentialAction\":[{\"@type\":\"ReadAction\",\"target\":[\"https:\/\/andersadlercreutz.fi\/blog\/lehdistotiedote\/adlercreutz-nato-prosessi-on-osoitus-paatoksentekokyvysta\/?lang=fi\"]}]},{\"@type\":\"BreadcrumbList\",\"@id\":\"https:\/\/andersadlercreutz.fi\/blog\/lehdistotiedote\/adlercreutz-nato-prosessi-on-osoitus-paatoksentekokyvysta\/?lang=fi#breadcrumb\",\"itemListElement\":[{\"@type\":\"ListItem\",\"position\":1,\"name\":\"Home\",\"item\":\"https:\/\/andersadlercreutz.fi\/blog\/blogg\/?lang=sv\"},{\"@type\":\"ListItem\",\"position\":2,\"name\":\"Adlercreutz: Nato-prosessi on osoitus p\u00e4\u00e4t\u00f6ksentekokyvyst\u00e4\"}]},{\"@type\":\"WebSite\",\"@id\":\"https:\/\/andersadlercreutz.fi\/blog\/#website\",\"url\":\"https:\/\/andersadlercreutz.fi\/blog\/\",\"name\":\"Anders Adlercreutz\",\"description\":\"Du. Jag. Vi. Kest&auml;v&auml;sti optimisti\",\"potentialAction\":[{\"@type\":\"SearchAction\",\"target\":{\"@type\":\"EntryPoint\",\"urlTemplate\":\"https:\/\/andersadlercreutz.fi\/blog\/?s={search_term_string}\"},\"query-input\":\"required name=search_term_string\"}],\"inLanguage\":\"sv-SE\"},{\"@type\":\"Person\",\"@id\":\"https:\/\/andersadlercreutz.fi\/blog\/#\/schema\/person\/47d4b72eded862b484f74bb4b3a2354f\",\"name\":\"Anders\",\"image\":{\"@type\":\"ImageObject\",\"inLanguage\":\"sv-SE\",\"@id\":\"https:\/\/andersadlercreutz.fi\/blog\/#\/schema\/person\/image\/\",\"url\":\"https:\/\/secure.gravatar.com\/avatar\/a144c9bda7a581ff6fabba169027e620?s=96&d=mm&r=g\",\"contentUrl\":\"https:\/\/secure.gravatar.com\/avatar\/a144c9bda7a581ff6fabba169027e620?s=96&d=mm&r=g\",\"caption\":\"Anders\"},\"url\":\"https:\/\/andersadlercreutz.fi\/blog\/author\/admin\/\"}]}<\/script>\n<!-- \/ Yoast SEO plugin. -->","yoast_head_json":{"title":"Adlercreutz: Nato-prosessi on osoitus p\u00e4\u00e4t\u00f6ksentekokyvyst\u00e4 - Anders Adlercreutz","robots":{"index":"index","follow":"follow","max-snippet":"max-snippet:-1","max-image-preview":"max-image-preview:large","max-video-preview":"max-video-preview:-1"},"canonical":"https:\/\/andersadlercreutz.fi\/blog\/lehdistotiedote\/adlercreutz-nato-prosessi-on-osoitus-paatoksentekokyvysta\/","og_locale":"sv_SE","og_type":"article","og_title":"Adlercreutz: Nato-prosessi on osoitus p\u00e4\u00e4t\u00f6ksentekokyvyst\u00e4 - Anders Adlercreutz","og_description":"\u2013 Prosessi, joka aikanaan johtaa Nato-j\u00e4senyyteen, on merkki siit\u00e4, ett\u00e4 poliittinen j\u00e4rjestelm\u00e4mme toimii, sanoi Ruotsalaisen eduskuntaryhm\u00e4n puheenjohtaja Anders Adlercreutz eduskunnassa tiistaina k\u00e4ydyss\u00e4 keskustelussa Nato-j\u00e4senyytemme hyv\u00e4ksymisest\u00e4. \u2013 J\u00e4senyys oli pitk\u00e4\u00e4n useimmille puolueille mahdoton ajatus. Kun maailma ymp\u00e4rill\u00e4mme muuttui niin muuttuivat my\u00f6s mielipiteet. J\u00e4senyyshakemukseemme johtanut prosessi osoittaa, ett\u00e4 t\u00e4rkeiden kysymysten \u00e4\u00e4relle on eduskunnassa edelleenkin mahdollista tulla yhteen. [&hellip;]","og_url":"https:\/\/andersadlercreutz.fi\/blog\/lehdistotiedote\/adlercreutz-nato-prosessi-on-osoitus-paatoksentekokyvysta\/?lang=fi","og_site_name":"Anders Adlercreutz","article_published_time":"2022-12-14T07:37:43+00:00","og_image":[{"width":981,"height":507,"url":"https:\/\/i0.wp.com\/andersadlercreutz.fi\/blog\/wp-content\/uploads\/2022\/12\/unnamed-e1670919052391.jpg?fit=981%2C507&ssl=1","type":"image\/jpeg"}],"author":"Anders","twitter_card":"summary_large_image","twitter_misc":{"Skriven av":"Anders","Ber\u00e4knad l\u00e4stid":"1 minut"},"schema":{"@context":"https:\/\/schema.org","@graph":[{"@type":"WebPage","@id":"https:\/\/andersadlercreutz.fi\/blog\/lehdistotiedote\/adlercreutz-nato-prosessi-on-osoitus-paatoksentekokyvysta\/?lang=fi","url":"https:\/\/andersadlercreutz.fi\/blog\/lehdistotiedote\/adlercreutz-nato-prosessi-on-osoitus-paatoksentekokyvysta\/?lang=fi","name":"Adlercreutz: Nato-prosessi on osoitus p\u00e4\u00e4t\u00f6ksentekokyvyst\u00e4 - Anders Adlercreutz","isPartOf":{"@id":"https:\/\/andersadlercreutz.fi\/blog\/#website"},"datePublished":"2022-12-14T07:37:43+00:00","dateModified":"2022-12-14T07:37:43+00:00","author":{"@id":"https:\/\/andersadlercreutz.fi\/blog\/#\/schema\/person\/47d4b72eded862b484f74bb4b3a2354f"},"breadcrumb":{"@id":"https:\/\/andersadlercreutz.fi\/blog\/lehdistotiedote\/adlercreutz-nato-prosessi-on-osoitus-paatoksentekokyvysta\/?lang=fi#breadcrumb"},"inLanguage":"sv-SE","potentialAction":[{"@type":"ReadAction","target":["https:\/\/andersadlercreutz.fi\/blog\/lehdistotiedote\/adlercreutz-nato-prosessi-on-osoitus-paatoksentekokyvysta\/?lang=fi"]}]},{"@type":"BreadcrumbList","@id":"https:\/\/andersadlercreutz.fi\/blog\/lehdistotiedote\/adlercreutz-nato-prosessi-on-osoitus-paatoksentekokyvysta\/?lang=fi#breadcrumb","itemListElement":[{"@type":"ListItem","position":1,"name":"Home","item":"https:\/\/andersadlercreutz.fi\/blog\/blogg\/?lang=sv"},{"@type":"ListItem","position":2,"name":"Adlercreutz: Nato-prosessi on osoitus p\u00e4\u00e4t\u00f6ksentekokyvyst\u00e4"}]},{"@type":"WebSite","@id":"https:\/\/andersadlercreutz.fi\/blog\/#website","url":"https:\/\/andersadlercreutz.fi\/blog\/","name":"Anders Adlercreutz","description":"Du. Jag. Vi. Kest&auml;v&auml;sti optimisti","potentialAction":[{"@type":"SearchAction","target":{"@type":"EntryPoint","urlTemplate":"https:\/\/andersadlercreutz.fi\/blog\/?s={search_term_string}"},"query-input":"required name=search_term_string"}],"inLanguage":"sv-SE"},{"@type":"Person","@id":"https:\/\/andersadlercreutz.fi\/blog\/#\/schema\/person\/47d4b72eded862b484f74bb4b3a2354f","name":"Anders","image":{"@type":"ImageObject","inLanguage":"sv-SE","@id":"https:\/\/andersadlercreutz.fi\/blog\/#\/schema\/person\/image\/","url":"https:\/\/secure.gravatar.com\/avatar\/a144c9bda7a581ff6fabba169027e620?s=96&d=mm&r=g","contentUrl":"https:\/\/secure.gravatar.com\/avatar\/a144c9bda7a581ff6fabba169027e620?s=96&d=mm&r=g","caption":"Anders"},"url":"https:\/\/andersadlercreutz.fi\/blog\/author\/admin\/"}]}},"jetpack_featured_media_url":"https:\/\/i0.wp.com\/andersadlercreutz.fi\/blog\/wp-content\/uploads\/2022\/12\/unnamed-e1670919052391.jpg?fit=981%2C507&ssl=1","jetpack_shortlink":"https:\/\/wp.me\/p4T6Dh-20Z","jetpack_sharing_enabled":true,"_links":{"self":[{"href":"https:\/\/andersadlercreutz.fi\/blog\/wp-json\/wp\/v2\/posts\/7749"}],"collection":[{"href":"https:\/\/andersadlercreutz.fi\/blog\/wp-json\/wp\/v2\/posts"}],"about":[{"href":"https:\/\/andersadlercreutz.fi\/blog\/wp-json\/wp\/v2\/types\/post"}],"author":[{"embeddable":true,"href":"https:\/\/andersadlercreutz.fi\/blog\/wp-json\/wp\/v2\/users\/1"}],"replies":[{"embeddable":true,"href":"https:\/\/andersadlercreutz.fi\/blog\/wp-json\/wp\/v2\/comments?post=7749"}],"version-history":[{"count":2,"href":"https:\/\/andersadlercreutz.fi\/blog\/wp-json\/wp\/v2\/posts\/7749\/revisions"}],"predecessor-version":[{"id":7751,"href":"https:\/\/andersadlercreutz.fi\/blog\/wp-json\/wp\/v2\/posts\/7749\/revisions\/7751"}],"wp:featuredmedia":[{"embeddable":true,"href":"https:\/\/andersadlercreutz.fi\/blog\/wp-json\/wp\/v2\/media\/7690"}],"wp:attachment":[{"href":"https:\/\/andersadlercreutz.fi\/blog\/wp-json\/wp\/v2\/media?parent=7749"}],"wp:term":[{"taxonomy":"category","embeddable":true,"href":"https:\/\/andersadlercreutz.fi\/blog\/wp-json\/wp\/v2\/categories?post=7749"},{"taxonomy":"post_tag","embeddable":true,"href":"https:\/\/andersadlercreutz.fi\/blog\/wp-json\/wp\/v2\/tags?post=7749"}],"curies":[{"name":"wp","href":"https:\/\/api.w.org\/{rel}","templated":true}]}}