{"id":7849,"date":"2023-01-20T15:22:31","date_gmt":"2023-01-20T13:22:31","guid":{"rendered":"https:\/\/andersadlercreutz.fi\/blog\/?p=7849"},"modified":"2023-01-20T15:22:31","modified_gmt":"2023-01-20T13:22:31","slug":"adlercreutz-ramsteinin-kokouksen-on-tehtava-paatoksia-ukrainan-tehokkaammalle-tukemiselle","status":"publish","type":"post","link":"https:\/\/andersadlercreutz.fi\/blog\/lehdistotiedote\/adlercreutz-ramsteinin-kokouksen-on-tehtava-paatoksia-ukrainan-tehokkaammalle-tukemiselle\/?lang=fi","title":{"rendered":"Adlercreutz: Ramsteinin kokouksen on teht\u00e4v\u00e4 p\u00e4\u00e4t\u00f6ksi\u00e4 Ukrainan tehokkaammalle tukemiselle"},"content":{"rendered":"<div class=\"excerpt\">\n<p>Ukraine Defense Contact Group, joka koostuu 40 maasta, kokoontuu perjantaina Saksan Ramsteiniin koordinoimaan apua Ukrainalle. Ruotsalaisen eduskuntaryhm\u00e4n puheenjohtaja Anders Adlercreutz toivoo konkreettisia p\u00e4\u00e4t\u00f6ksi\u00e4 Ukrainalle annettavan avun lis\u00e4\u00e4miseksi.<\/p>\n<\/div>\n<div class=\"resizable\">\n<p>\u2013 On aivan selv\u00e4\u00e4, ett\u00e4 Ven\u00e4j\u00e4 ei aio vapaaehtoisesti poistua laittomasti miehitt\u00e4milt\u00e4\u00e4n alueilta. Samalla tied\u00e4mme, ett\u00e4 Ukraina on riippuvainen antamastamme avusta. On Euroopan ja koko maailman edun mukaista, ettei Ven\u00e4j\u00e4n hy\u00f6kk\u00e4ys Ukrainaan johda j\u00e4\u00e4tyneeseen konfliktiin. Jos hy\u00f6kk\u00e4ys voidaan tulkita Ven\u00e4j\u00e4n voitoksi, voivat muut maat yritt\u00e4\u00e4 samaa, Adlercreutz sanoo.<\/p>\n<p>\u2013 Siksi on nyt t\u00e4rke\u00e4\u00e4 lis\u00e4t\u00e4 tukea. Ainoa, joka kiihdytt\u00e4\u00e4 sotaa, on Ven\u00e4j\u00e4. T\u00e4st\u00e4 syyst\u00e4 Ukrainaa on tuettava. Tehokkaaseen apuun liittyy kuitenkin monimutkaisia j\u00e4rjestelmi\u00e4, jotka vaativat tukea, koulutusta ja logistiikkaa. Siksi on toimittava nyt \u2013 joka tapauksessa kest\u00e4\u00e4 jonkin aikaa, ennen kuin apu voidaan otta k\u00e4ytt\u00f6\u00f6n Ukrainassa. Ja me haluamme sodan loppuvan, Adlercreutz sanoo.<\/p>\n<p>Adlercreutz ehdotti viime vuoden lopulla yhdess\u00e4 Atte Harjanteen kanssa eurooppalaisen koalition perustamista Ukrainan tukemiseksi nykyaikaisilla Leopard 2 -panssarivaunuilla. Ajatus on saanut kansainv\u00e4list\u00e4 tukea. Saksalla, joka k\u00e4yt\u00e4nn\u00f6ss\u00e4 p\u00e4\u00e4tt\u00e4\u00e4 Leopard 2 -panssarivaunujen l\u00e4hett\u00e4misest\u00e4, on t\u00e4ss\u00e4 ratkaiseva rooli.<\/p>\n<p>-On selv\u00e4\u00e4, ett\u00e4 Suomen pit\u00e4isi olla osa t\u00e4llaista koalitiota. Emme voi antaa paljoa, mutta meid\u00e4n pit\u00e4isi olla mukana, kuten presidentti Niinist\u00f6 ja ministeri Haavisto ovat todenneet. Ajatus siit\u00e4, ett\u00e4 t\u00e4m\u00e4n tuen ehtona olisi, ett\u00e4 my\u00f6s Yhdysvallat l\u00e4hett\u00e4isi panssarivaunuja, kuten Berliini on antanut ymm\u00e4rt\u00e4\u00e4, on absurdi. Ukraina ei tarvitse useita erityyppisi\u00e4 panssarivaunuja vaan useita samanlaisia panssarivaunuja. Leopard 2 on j\u00e4rjestelm\u00e4, jota ukrainalaisen panssarivaunumiehist\u00f6n koulutuksella olisi suhteellisen helppo oppia k\u00e4ytt\u00e4m\u00e4\u00e4n. Ja niiden huolto on paljon helpompaa kuin amerikkalaisissa vaihtoehdoissa. Saksan ja Euroopan on nyt aika osoittaa tarvittavaa johtajuutta, Adlercreutz sanoo.<\/p>\n<\/div>\n","protected":false},"excerpt":{"rendered":"<p>Ukraine Defense Contact Group, joka koostuu 40 maasta, kokoontuu perjantaina Saksan Ramsteiniin koordinoimaan apua Ukrainalle. Ruotsalaisen eduskuntaryhm\u00e4n puheenjohtaja Anders Adlercreutz toivoo konkreettisia p\u00e4\u00e4t\u00f6ksi\u00e4 Ukrainalle annettavan avun lis\u00e4\u00e4miseksi. \u2013 On aivan selv\u00e4\u00e4, ett\u00e4 Ven\u00e4j\u00e4 ei aio vapaaehtoisesti poistua laittomasti miehitt\u00e4milt\u00e4\u00e4n alueilta. Samalla tied\u00e4mme, ett\u00e4 Ukraina on riippuvainen antamastamme avusta. On Euroopan ja koko maailman edun mukaista, [&hellip;]<\/p>\n","protected":false},"author":1,"featured_media":7316,"comment_status":"open","ping_status":"open","sticky":false,"template":"","format":"standard","meta":{"jetpack_post_was_ever_published":false,"_jetpack_newsletter_access":"","jetpack_publicize_message":"","jetpack_is_tweetstorm":false,"jetpack_publicize_feature_enabled":true,"jetpack_social_post_already_shared":true,"jetpack_social_options":{"image_generator_settings":{"template":"highway","enabled":false}}},"categories":[71],"tags":[],"jetpack_publicize_connections":[],"yoast_head":"<!-- This site is optimized with the Yoast SEO plugin v20.12 - https:\/\/yoast.com\/wordpress\/plugins\/seo\/ -->\n<title>Adlercreutz: Ramsteinin kokouksen on teht\u00e4v\u00e4 p\u00e4\u00e4t\u00f6ksi\u00e4 Ukrainan tehokkaammalle tukemiselle - Anders Adlercreutz<\/title>\n<meta name=\"robots\" content=\"index, follow, max-snippet:-1, max-image-preview:large, max-video-preview:-1\" \/>\n<link rel=\"canonical\" href=\"https:\/\/andersadlercreutz.fi\/blog\/lehdistotiedote\/adlercreutz-ramsteinin-kokouksen-on-tehtava-paatoksia-ukrainan-tehokkaammalle-tukemiselle\/\" \/>\n<meta property=\"og:locale\" content=\"sv_SE\" \/>\n<meta property=\"og:type\" content=\"article\" \/>\n<meta property=\"og:title\" content=\"Adlercreutz: Ramsteinin kokouksen on teht\u00e4v\u00e4 p\u00e4\u00e4t\u00f6ksi\u00e4 Ukrainan tehokkaammalle tukemiselle - Anders Adlercreutz\" \/>\n<meta property=\"og:description\" content=\"Ukraine Defense Contact Group, joka koostuu 40 maasta, kokoontuu perjantaina Saksan Ramsteiniin koordinoimaan apua Ukrainalle. Ruotsalaisen eduskuntaryhm\u00e4n puheenjohtaja Anders Adlercreutz toivoo konkreettisia p\u00e4\u00e4t\u00f6ksi\u00e4 Ukrainalle annettavan avun lis\u00e4\u00e4miseksi. \u2013 On aivan selv\u00e4\u00e4, ett\u00e4 Ven\u00e4j\u00e4 ei aio vapaaehtoisesti poistua laittomasti miehitt\u00e4milt\u00e4\u00e4n alueilta. Samalla tied\u00e4mme, ett\u00e4 Ukraina on riippuvainen antamastamme avusta. On Euroopan ja koko maailman edun mukaista, [&hellip;]\" \/>\n<meta property=\"og:url\" content=\"https:\/\/andersadlercreutz.fi\/blog\/lehdistotiedote\/adlercreutz-ramsteinin-kokouksen-on-tehtava-paatoksia-ukrainan-tehokkaammalle-tukemiselle\/?lang=fi\" \/>\n<meta property=\"og:site_name\" content=\"Anders Adlercreutz\" \/>\n<meta property=\"article:published_time\" content=\"2023-01-20T13:22:31+00:00\" \/>\n<meta property=\"og:image\" content=\"https:\/\/i0.wp.com\/andersadlercreutz.fi\/blog\/wp-content\/uploads\/2022\/04\/Anders-ute-2.jpg?fit=999%2C659&ssl=1\" \/>\n\t<meta property=\"og:image:width\" content=\"999\" \/>\n\t<meta property=\"og:image:height\" content=\"659\" \/>\n\t<meta property=\"og:image:type\" content=\"image\/jpeg\" \/>\n<meta name=\"author\" content=\"Anders\" \/>\n<meta name=\"twitter:card\" content=\"summary_large_image\" \/>\n<meta name=\"twitter:label1\" content=\"Skriven av\" \/>\n\t<meta name=\"twitter:data1\" content=\"Anders\" \/>\n\t<meta name=\"twitter:label2\" content=\"Ber\u00e4knad l\u00e4stid\" \/>\n\t<meta name=\"twitter:data2\" content=\"1 minut\" \/>\n<script type=\"application\/ld+json\" class=\"yoast-schema-graph\">{\"@context\":\"https:\/\/schema.org\",\"@graph\":[{\"@type\":\"WebPage\",\"@id\":\"https:\/\/andersadlercreutz.fi\/blog\/lehdistotiedote\/adlercreutz-ramsteinin-kokouksen-on-tehtava-paatoksia-ukrainan-tehokkaammalle-tukemiselle\/?lang=fi\",\"url\":\"https:\/\/andersadlercreutz.fi\/blog\/lehdistotiedote\/adlercreutz-ramsteinin-kokouksen-on-tehtava-paatoksia-ukrainan-tehokkaammalle-tukemiselle\/?lang=fi\",\"name\":\"Adlercreutz: Ramsteinin kokouksen on teht\u00e4v\u00e4 p\u00e4\u00e4t\u00f6ksi\u00e4 Ukrainan tehokkaammalle tukemiselle - Anders Adlercreutz\",\"isPartOf\":{\"@id\":\"https:\/\/andersadlercreutz.fi\/blog\/#website\"},\"datePublished\":\"2023-01-20T13:22:31+00:00\",\"dateModified\":\"2023-01-20T13:22:31+00:00\",\"author\":{\"@id\":\"https:\/\/andersadlercreutz.fi\/blog\/#\/schema\/person\/47d4b72eded862b484f74bb4b3a2354f\"},\"breadcrumb\":{\"@id\":\"https:\/\/andersadlercreutz.fi\/blog\/lehdistotiedote\/adlercreutz-ramsteinin-kokouksen-on-tehtava-paatoksia-ukrainan-tehokkaammalle-tukemiselle\/?lang=fi#breadcrumb\"},\"inLanguage\":\"sv-SE\",\"potentialAction\":[{\"@type\":\"ReadAction\",\"target\":[\"https:\/\/andersadlercreutz.fi\/blog\/lehdistotiedote\/adlercreutz-ramsteinin-kokouksen-on-tehtava-paatoksia-ukrainan-tehokkaammalle-tukemiselle\/?lang=fi\"]}]},{\"@type\":\"BreadcrumbList\",\"@id\":\"https:\/\/andersadlercreutz.fi\/blog\/lehdistotiedote\/adlercreutz-ramsteinin-kokouksen-on-tehtava-paatoksia-ukrainan-tehokkaammalle-tukemiselle\/?lang=fi#breadcrumb\",\"itemListElement\":[{\"@type\":\"ListItem\",\"position\":1,\"name\":\"Home\",\"item\":\"https:\/\/andersadlercreutz.fi\/blog\/blogg\/?lang=sv\"},{\"@type\":\"ListItem\",\"position\":2,\"name\":\"Adlercreutz: Ramsteinin kokouksen on teht\u00e4v\u00e4 p\u00e4\u00e4t\u00f6ksi\u00e4 Ukrainan tehokkaammalle tukemiselle\"}]},{\"@type\":\"WebSite\",\"@id\":\"https:\/\/andersadlercreutz.fi\/blog\/#website\",\"url\":\"https:\/\/andersadlercreutz.fi\/blog\/\",\"name\":\"Anders Adlercreutz\",\"description\":\"Du. Jag. Vi. Kest&auml;v&auml;sti optimisti\",\"potentialAction\":[{\"@type\":\"SearchAction\",\"target\":{\"@type\":\"EntryPoint\",\"urlTemplate\":\"https:\/\/andersadlercreutz.fi\/blog\/?s={search_term_string}\"},\"query-input\":\"required name=search_term_string\"}],\"inLanguage\":\"sv-SE\"},{\"@type\":\"Person\",\"@id\":\"https:\/\/andersadlercreutz.fi\/blog\/#\/schema\/person\/47d4b72eded862b484f74bb4b3a2354f\",\"name\":\"Anders\",\"image\":{\"@type\":\"ImageObject\",\"inLanguage\":\"sv-SE\",\"@id\":\"https:\/\/andersadlercreutz.fi\/blog\/#\/schema\/person\/image\/\",\"url\":\"https:\/\/secure.gravatar.com\/avatar\/a144c9bda7a581ff6fabba169027e620?s=96&d=mm&r=g\",\"contentUrl\":\"https:\/\/secure.gravatar.com\/avatar\/a144c9bda7a581ff6fabba169027e620?s=96&d=mm&r=g\",\"caption\":\"Anders\"},\"url\":\"https:\/\/andersadlercreutz.fi\/blog\/author\/admin\/\"}]}<\/script>\n<!-- \/ Yoast SEO plugin. -->","yoast_head_json":{"title":"Adlercreutz: Ramsteinin kokouksen on teht\u00e4v\u00e4 p\u00e4\u00e4t\u00f6ksi\u00e4 Ukrainan tehokkaammalle tukemiselle - Anders Adlercreutz","robots":{"index":"index","follow":"follow","max-snippet":"max-snippet:-1","max-image-preview":"max-image-preview:large","max-video-preview":"max-video-preview:-1"},"canonical":"https:\/\/andersadlercreutz.fi\/blog\/lehdistotiedote\/adlercreutz-ramsteinin-kokouksen-on-tehtava-paatoksia-ukrainan-tehokkaammalle-tukemiselle\/","og_locale":"sv_SE","og_type":"article","og_title":"Adlercreutz: Ramsteinin kokouksen on teht\u00e4v\u00e4 p\u00e4\u00e4t\u00f6ksi\u00e4 Ukrainan tehokkaammalle tukemiselle - Anders Adlercreutz","og_description":"Ukraine Defense Contact Group, joka koostuu 40 maasta, kokoontuu perjantaina Saksan Ramsteiniin koordinoimaan apua Ukrainalle. Ruotsalaisen eduskuntaryhm\u00e4n puheenjohtaja Anders Adlercreutz toivoo konkreettisia p\u00e4\u00e4t\u00f6ksi\u00e4 Ukrainalle annettavan avun lis\u00e4\u00e4miseksi. \u2013 On aivan selv\u00e4\u00e4, ett\u00e4 Ven\u00e4j\u00e4 ei aio vapaaehtoisesti poistua laittomasti miehitt\u00e4milt\u00e4\u00e4n alueilta. Samalla tied\u00e4mme, ett\u00e4 Ukraina on riippuvainen antamastamme avusta. On Euroopan ja koko maailman edun mukaista, [&hellip;]","og_url":"https:\/\/andersadlercreutz.fi\/blog\/lehdistotiedote\/adlercreutz-ramsteinin-kokouksen-on-tehtava-paatoksia-ukrainan-tehokkaammalle-tukemiselle\/?lang=fi","og_site_name":"Anders Adlercreutz","article_published_time":"2023-01-20T13:22:31+00:00","og_image":[{"width":999,"height":659,"url":"https:\/\/i0.wp.com\/andersadlercreutz.fi\/blog\/wp-content\/uploads\/2022\/04\/Anders-ute-2.jpg?fit=999%2C659&ssl=1","type":"image\/jpeg"}],"author":"Anders","twitter_card":"summary_large_image","twitter_misc":{"Skriven av":"Anders","Ber\u00e4knad l\u00e4stid":"1 minut"},"schema":{"@context":"https:\/\/schema.org","@graph":[{"@type":"WebPage","@id":"https:\/\/andersadlercreutz.fi\/blog\/lehdistotiedote\/adlercreutz-ramsteinin-kokouksen-on-tehtava-paatoksia-ukrainan-tehokkaammalle-tukemiselle\/?lang=fi","url":"https:\/\/andersadlercreutz.fi\/blog\/lehdistotiedote\/adlercreutz-ramsteinin-kokouksen-on-tehtava-paatoksia-ukrainan-tehokkaammalle-tukemiselle\/?lang=fi","name":"Adlercreutz: Ramsteinin kokouksen on teht\u00e4v\u00e4 p\u00e4\u00e4t\u00f6ksi\u00e4 Ukrainan tehokkaammalle tukemiselle - Anders Adlercreutz","isPartOf":{"@id":"https:\/\/andersadlercreutz.fi\/blog\/#website"},"datePublished":"2023-01-20T13:22:31+00:00","dateModified":"2023-01-20T13:22:31+00:00","author":{"@id":"https:\/\/andersadlercreutz.fi\/blog\/#\/schema\/person\/47d4b72eded862b484f74bb4b3a2354f"},"breadcrumb":{"@id":"https:\/\/andersadlercreutz.fi\/blog\/lehdistotiedote\/adlercreutz-ramsteinin-kokouksen-on-tehtava-paatoksia-ukrainan-tehokkaammalle-tukemiselle\/?lang=fi#breadcrumb"},"inLanguage":"sv-SE","potentialAction":[{"@type":"ReadAction","target":["https:\/\/andersadlercreutz.fi\/blog\/lehdistotiedote\/adlercreutz-ramsteinin-kokouksen-on-tehtava-paatoksia-ukrainan-tehokkaammalle-tukemiselle\/?lang=fi"]}]},{"@type":"BreadcrumbList","@id":"https:\/\/andersadlercreutz.fi\/blog\/lehdistotiedote\/adlercreutz-ramsteinin-kokouksen-on-tehtava-paatoksia-ukrainan-tehokkaammalle-tukemiselle\/?lang=fi#breadcrumb","itemListElement":[{"@type":"ListItem","position":1,"name":"Home","item":"https:\/\/andersadlercreutz.fi\/blog\/blogg\/?lang=sv"},{"@type":"ListItem","position":2,"name":"Adlercreutz: Ramsteinin kokouksen on teht\u00e4v\u00e4 p\u00e4\u00e4t\u00f6ksi\u00e4 Ukrainan tehokkaammalle tukemiselle"}]},{"@type":"WebSite","@id":"https:\/\/andersadlercreutz.fi\/blog\/#website","url":"https:\/\/andersadlercreutz.fi\/blog\/","name":"Anders Adlercreutz","description":"Du. Jag. Vi. Kest&auml;v&auml;sti optimisti","potentialAction":[{"@type":"SearchAction","target":{"@type":"EntryPoint","urlTemplate":"https:\/\/andersadlercreutz.fi\/blog\/?s={search_term_string}"},"query-input":"required name=search_term_string"}],"inLanguage":"sv-SE"},{"@type":"Person","@id":"https:\/\/andersadlercreutz.fi\/blog\/#\/schema\/person\/47d4b72eded862b484f74bb4b3a2354f","name":"Anders","image":{"@type":"ImageObject","inLanguage":"sv-SE","@id":"https:\/\/andersadlercreutz.fi\/blog\/#\/schema\/person\/image\/","url":"https:\/\/secure.gravatar.com\/avatar\/a144c9bda7a581ff6fabba169027e620?s=96&d=mm&r=g","contentUrl":"https:\/\/secure.gravatar.com\/avatar\/a144c9bda7a581ff6fabba169027e620?s=96&d=mm&r=g","caption":"Anders"},"url":"https:\/\/andersadlercreutz.fi\/blog\/author\/admin\/"}]}},"jetpack_featured_media_url":"https:\/\/i0.wp.com\/andersadlercreutz.fi\/blog\/wp-content\/uploads\/2022\/04\/Anders-ute-2.jpg?fit=999%2C659&ssl=1","jetpack_shortlink":"https:\/\/wp.me\/p4T6Dh-22B","jetpack_sharing_enabled":true,"_links":{"self":[{"href":"https:\/\/andersadlercreutz.fi\/blog\/wp-json\/wp\/v2\/posts\/7849"}],"collection":[{"href":"https:\/\/andersadlercreutz.fi\/blog\/wp-json\/wp\/v2\/posts"}],"about":[{"href":"https:\/\/andersadlercreutz.fi\/blog\/wp-json\/wp\/v2\/types\/post"}],"author":[{"embeddable":true,"href":"https:\/\/andersadlercreutz.fi\/blog\/wp-json\/wp\/v2\/users\/1"}],"replies":[{"embeddable":true,"href":"https:\/\/andersadlercreutz.fi\/blog\/wp-json\/wp\/v2\/comments?post=7849"}],"version-history":[{"count":2,"href":"https:\/\/andersadlercreutz.fi\/blog\/wp-json\/wp\/v2\/posts\/7849\/revisions"}],"predecessor-version":[{"id":7851,"href":"https:\/\/andersadlercreutz.fi\/blog\/wp-json\/wp\/v2\/posts\/7849\/revisions\/7851"}],"wp:featuredmedia":[{"embeddable":true,"href":"https:\/\/andersadlercreutz.fi\/blog\/wp-json\/wp\/v2\/media\/7316"}],"wp:attachment":[{"href":"https:\/\/andersadlercreutz.fi\/blog\/wp-json\/wp\/v2\/media?parent=7849"}],"wp:term":[{"taxonomy":"category","embeddable":true,"href":"https:\/\/andersadlercreutz.fi\/blog\/wp-json\/wp\/v2\/categories?post=7849"},{"taxonomy":"post_tag","embeddable":true,"href":"https:\/\/andersadlercreutz.fi\/blog\/wp-json\/wp\/v2\/tags?post=7849"}],"curies":[{"name":"wp","href":"https:\/\/api.w.org\/{rel}","templated":true}]}}