{"id":7861,"date":"2023-01-25T18:51:42","date_gmt":"2023-01-25T16:51:42","guid":{"rendered":"https:\/\/andersadlercreutz.fi\/blog\/?p=7861"},"modified":"2023-01-25T18:51:42","modified_gmt":"2023-01-25T16:51:42","slug":"adlercreutz-viktigt-beslut-om-leopardinsatserna","status":"publish","type":"post","link":"https:\/\/andersadlercreutz.fi\/blog\/blogg\/adlercreutz-viktigt-beslut-om-leopardinsatserna\/","title":{"rendered":"Adlercreutz: Viktigt beslut om Leopardinsatserna"},"content":{"rendered":"<p><span style=\"font-size: 16px;\">Tyskland har idag bekr\u00e4ftat att man kommer att skicka Leopard 2-stridsvagnar till Ukraina. Riksdagsledamot Anders Adlercreutz gl\u00e4ds \u00f6ver att f\u00f6rbundskanslern Olaf Szholz nu \u00e4ntligen ger gr\u00f6nt ljus f\u00f6r ett effektivt st\u00f6d till Ukraina.<\/span><\/p>\n<div>\n<p dir=\"ltr\">&#8211; Det h\u00e4r var ett n\u00f6dv\u00e4ndigt beslut. Ryssland \u00f6kar trycket mot de ukrainska f\u00f6rsvarsst\u00e4llningarna och Ukrainas resurser \u00e4r begr\u00e4nsade. Ju snabbare vi hj\u00e4lper, ju effektivare st\u00f6det \u00e4r, desto snabbare kan kriget ta slut. Det \u00e4r i v\u00e5rt intresse, det \u00e4r i Ukrainas intresse, och paradoxalt nog, ocks\u00e5 i Rysslands intresse, s\u00e4ger Adlercreutz.<\/p>\n<blockquote>\n<p dir=\"ltr\">I slutet av december publicerade Adlercreutz tillsammans med de Gr\u00f6nas riksdagsledamot Atte Harjanne en text som f\u00f6reslog ett europeiskt gemensamt Leopard-talko. Sedan dess har diskussionen g\u00e5tt snabbt fram\u00e5t.<\/p>\n<\/blockquote>\n<p dir=\"ltr\">&#8211; Viljan att hj\u00e4lpa har varit stor. Samtidigt har det varit bekl\u00e4mmande att se hur sv\u00e5rt det har varit att fatta beslut. Stridsvagnar i Ukrainas h\u00e4nder \u00e4r inte offensiva vapen, de kr\u00e4vs f\u00f6r att det ukrainska folket skall kunna f\u00f6rsvara sig. Och eftersom det i detta fall inte bara \u00e4r fr\u00e5ga om att leverera vagnar, utan ocks\u00e5 utbildning, dr\u00f6jer det innan hj\u00e4lpen n\u00e5r fram. Ett dr\u00f6jsm\u00e5l, som Ukraina inte har r\u00e5d med. Nu b\u00f6r vi agera snabbt, s\u00e4ger Adlercreutz.<\/p>\n<p dir=\"ltr\">F\u00f6rsvarsministern Mikko Savola bekr\u00e4ftade idag p\u00e5 eftermiddagen efter Tysklands besked, att Finland kommer att delta i ett internationellt samarbete f\u00f6r att leverera Leoparder 2-stridsvagnar till Ukraina. V\u00e5rt deltagande kommer inte att vara stort, men Adlercreutz p\u00e5pekar att det \u00e4r viktigt att vi drar v\u00e5rt str\u00e5 till stacken.<\/p>\n<p dir=\"ltr\">&#8211; Under diskussionens g\u00e5ng har det ocks\u00e5 framkommit, att alla l\u00e4nder inte h\u00e5ller sin utrustning i skick. Det har vi d\u00e4remot gjort. Vi har ett stort antal stridsvagnar som dessutom \u00e4r i funktionsdugligt skick. De beh\u00f6vs nu i Ukraina och jag ser det som helt klart, att Finland ska vara med. Vi b\u00f6r delta med noggrant avv\u00e4gd m\u00e4ngd stridsvagnar, s\u00e4ger Adlercreutz.<\/p>\n<\/div>\n","protected":false},"excerpt":{"rendered":"<p>Tyskland har idag bekr\u00e4ftat att man kommer att skicka Leopard 2-stridsvagnar till Ukraina. Riksdagsledamot Anders Adlercreutz gl\u00e4ds \u00f6ver att f\u00f6rbundskanslern Olaf Szholz nu \u00e4ntligen ger gr\u00f6nt ljus f\u00f6r ett effektivt st\u00f6d till Ukraina. &#8211; Det h\u00e4r var ett n\u00f6dv\u00e4ndigt beslut. Ryssland \u00f6kar trycket mot de ukrainska f\u00f6rsvarsst\u00e4llningarna och Ukrainas resurser \u00e4r begr\u00e4nsade. Ju snabbare vi [&hellip;]<\/p>\n","protected":false},"author":1,"featured_media":7140,"comment_status":"open","ping_status":"open","sticky":false,"template":"","format":"standard","meta":{"jetpack_post_was_ever_published":false,"_jetpack_newsletter_access":"","jetpack_publicize_message":"","jetpack_is_tweetstorm":false,"jetpack_publicize_feature_enabled":true,"jetpack_social_post_already_shared":true,"jetpack_social_options":{"image_generator_settings":{"template":"highway","enabled":false}}},"categories":[45,127,72],"tags":[],"jetpack_publicize_connections":[],"yoast_head":"<!-- This site is optimized with the Yoast SEO plugin v20.12 - https:\/\/yoast.com\/wordpress\/plugins\/seo\/ -->\n<title>Adlercreutz: Viktigt beslut om Leopardinsatserna - Anders Adlercreutz<\/title>\n<meta name=\"robots\" content=\"index, follow, max-snippet:-1, max-image-preview:large, max-video-preview:-1\" \/>\n<link rel=\"canonical\" href=\"https:\/\/andersadlercreutz.fi\/blog\/blogg\/adlercreutz-viktigt-beslut-om-leopardinsatserna\/\" \/>\n<meta property=\"og:locale\" content=\"sv_SE\" \/>\n<meta property=\"og:type\" content=\"article\" \/>\n<meta property=\"og:title\" content=\"Adlercreutz: Viktigt beslut om Leopardinsatserna - Anders Adlercreutz\" \/>\n<meta property=\"og:description\" content=\"Tyskland har idag bekr\u00e4ftat att man kommer att skicka Leopard 2-stridsvagnar till Ukraina. Riksdagsledamot Anders Adlercreutz gl\u00e4ds \u00f6ver att f\u00f6rbundskanslern Olaf Szholz nu \u00e4ntligen ger gr\u00f6nt ljus f\u00f6r ett effektivt st\u00f6d till Ukraina. &#8211; Det h\u00e4r var ett n\u00f6dv\u00e4ndigt beslut. Ryssland \u00f6kar trycket mot de ukrainska f\u00f6rsvarsst\u00e4llningarna och Ukrainas resurser \u00e4r begr\u00e4nsade. Ju snabbare vi [&hellip;]\" \/>\n<meta property=\"og:url\" content=\"https:\/\/andersadlercreutz.fi\/blog\/blogg\/adlercreutz-viktigt-beslut-om-leopardinsatserna\/\" \/>\n<meta property=\"og:site_name\" content=\"Anders Adlercreutz\" \/>\n<meta property=\"article:published_time\" content=\"2023-01-25T16:51:42+00:00\" \/>\n<meta property=\"og:image\" content=\"https:\/\/i0.wp.com\/andersadlercreutz.fi\/blog\/wp-content\/uploads\/2022\/02\/Anders-ute.jpg?fit=999%2C659&ssl=1\" \/>\n\t<meta property=\"og:image:width\" content=\"999\" \/>\n\t<meta property=\"og:image:height\" content=\"659\" \/>\n\t<meta property=\"og:image:type\" content=\"image\/jpeg\" \/>\n<meta name=\"author\" content=\"Anders\" \/>\n<meta name=\"twitter:card\" content=\"summary_large_image\" \/>\n<meta name=\"twitter:label1\" content=\"Skriven av\" \/>\n\t<meta name=\"twitter:data1\" content=\"Anders\" \/>\n\t<meta name=\"twitter:label2\" content=\"Ber\u00e4knad l\u00e4stid\" \/>\n\t<meta name=\"twitter:data2\" content=\"2 minuter\" \/>\n<script type=\"application\/ld+json\" class=\"yoast-schema-graph\">{\"@context\":\"https:\/\/schema.org\",\"@graph\":[{\"@type\":\"WebPage\",\"@id\":\"https:\/\/andersadlercreutz.fi\/blog\/blogg\/adlercreutz-viktigt-beslut-om-leopardinsatserna\/\",\"url\":\"https:\/\/andersadlercreutz.fi\/blog\/blogg\/adlercreutz-viktigt-beslut-om-leopardinsatserna\/\",\"name\":\"Adlercreutz: Viktigt beslut om Leopardinsatserna - Anders Adlercreutz\",\"isPartOf\":{\"@id\":\"https:\/\/andersadlercreutz.fi\/blog\/#website\"},\"datePublished\":\"2023-01-25T16:51:42+00:00\",\"dateModified\":\"2023-01-25T16:51:42+00:00\",\"author\":{\"@id\":\"https:\/\/andersadlercreutz.fi\/blog\/#\/schema\/person\/47d4b72eded862b484f74bb4b3a2354f\"},\"breadcrumb\":{\"@id\":\"https:\/\/andersadlercreutz.fi\/blog\/blogg\/adlercreutz-viktigt-beslut-om-leopardinsatserna\/#breadcrumb\"},\"inLanguage\":\"sv-SE\",\"potentialAction\":[{\"@type\":\"ReadAction\",\"target\":[\"https:\/\/andersadlercreutz.fi\/blog\/blogg\/adlercreutz-viktigt-beslut-om-leopardinsatserna\/\"]}]},{\"@type\":\"BreadcrumbList\",\"@id\":\"https:\/\/andersadlercreutz.fi\/blog\/blogg\/adlercreutz-viktigt-beslut-om-leopardinsatserna\/#breadcrumb\",\"itemListElement\":[{\"@type\":\"ListItem\",\"position\":1,\"name\":\"Home\",\"item\":\"https:\/\/andersadlercreutz.fi\/blog\/blogg\/?lang=sv\"},{\"@type\":\"ListItem\",\"position\":2,\"name\":\"Adlercreutz: Viktigt beslut om Leopardinsatserna\"}]},{\"@type\":\"WebSite\",\"@id\":\"https:\/\/andersadlercreutz.fi\/blog\/#website\",\"url\":\"https:\/\/andersadlercreutz.fi\/blog\/\",\"name\":\"Anders Adlercreutz\",\"description\":\"Du. Jag. Vi. Kest&auml;v&auml;sti optimisti\",\"potentialAction\":[{\"@type\":\"SearchAction\",\"target\":{\"@type\":\"EntryPoint\",\"urlTemplate\":\"https:\/\/andersadlercreutz.fi\/blog\/?s={search_term_string}\"},\"query-input\":\"required name=search_term_string\"}],\"inLanguage\":\"sv-SE\"},{\"@type\":\"Person\",\"@id\":\"https:\/\/andersadlercreutz.fi\/blog\/#\/schema\/person\/47d4b72eded862b484f74bb4b3a2354f\",\"name\":\"Anders\",\"image\":{\"@type\":\"ImageObject\",\"inLanguage\":\"sv-SE\",\"@id\":\"https:\/\/andersadlercreutz.fi\/blog\/#\/schema\/person\/image\/\",\"url\":\"https:\/\/secure.gravatar.com\/avatar\/a144c9bda7a581ff6fabba169027e620?s=96&d=mm&r=g\",\"contentUrl\":\"https:\/\/secure.gravatar.com\/avatar\/a144c9bda7a581ff6fabba169027e620?s=96&d=mm&r=g\",\"caption\":\"Anders\"},\"url\":\"https:\/\/andersadlercreutz.fi\/blog\/author\/admin\/\"}]}<\/script>\n<!-- \/ Yoast SEO plugin. -->","yoast_head_json":{"title":"Adlercreutz: Viktigt beslut om Leopardinsatserna - Anders Adlercreutz","robots":{"index":"index","follow":"follow","max-snippet":"max-snippet:-1","max-image-preview":"max-image-preview:large","max-video-preview":"max-video-preview:-1"},"canonical":"https:\/\/andersadlercreutz.fi\/blog\/blogg\/adlercreutz-viktigt-beslut-om-leopardinsatserna\/","og_locale":"sv_SE","og_type":"article","og_title":"Adlercreutz: Viktigt beslut om Leopardinsatserna - Anders Adlercreutz","og_description":"Tyskland har idag bekr\u00e4ftat att man kommer att skicka Leopard 2-stridsvagnar till Ukraina. Riksdagsledamot Anders Adlercreutz gl\u00e4ds \u00f6ver att f\u00f6rbundskanslern Olaf Szholz nu \u00e4ntligen ger gr\u00f6nt ljus f\u00f6r ett effektivt st\u00f6d till Ukraina. &#8211; Det h\u00e4r var ett n\u00f6dv\u00e4ndigt beslut. Ryssland \u00f6kar trycket mot de ukrainska f\u00f6rsvarsst\u00e4llningarna och Ukrainas resurser \u00e4r begr\u00e4nsade. Ju snabbare vi [&hellip;]","og_url":"https:\/\/andersadlercreutz.fi\/blog\/blogg\/adlercreutz-viktigt-beslut-om-leopardinsatserna\/","og_site_name":"Anders Adlercreutz","article_published_time":"2023-01-25T16:51:42+00:00","og_image":[{"width":999,"height":659,"url":"https:\/\/i0.wp.com\/andersadlercreutz.fi\/blog\/wp-content\/uploads\/2022\/02\/Anders-ute.jpg?fit=999%2C659&ssl=1","type":"image\/jpeg"}],"author":"Anders","twitter_card":"summary_large_image","twitter_misc":{"Skriven av":"Anders","Ber\u00e4knad l\u00e4stid":"2 minuter"},"schema":{"@context":"https:\/\/schema.org","@graph":[{"@type":"WebPage","@id":"https:\/\/andersadlercreutz.fi\/blog\/blogg\/adlercreutz-viktigt-beslut-om-leopardinsatserna\/","url":"https:\/\/andersadlercreutz.fi\/blog\/blogg\/adlercreutz-viktigt-beslut-om-leopardinsatserna\/","name":"Adlercreutz: Viktigt beslut om Leopardinsatserna - Anders Adlercreutz","isPartOf":{"@id":"https:\/\/andersadlercreutz.fi\/blog\/#website"},"datePublished":"2023-01-25T16:51:42+00:00","dateModified":"2023-01-25T16:51:42+00:00","author":{"@id":"https:\/\/andersadlercreutz.fi\/blog\/#\/schema\/person\/47d4b72eded862b484f74bb4b3a2354f"},"breadcrumb":{"@id":"https:\/\/andersadlercreutz.fi\/blog\/blogg\/adlercreutz-viktigt-beslut-om-leopardinsatserna\/#breadcrumb"},"inLanguage":"sv-SE","potentialAction":[{"@type":"ReadAction","target":["https:\/\/andersadlercreutz.fi\/blog\/blogg\/adlercreutz-viktigt-beslut-om-leopardinsatserna\/"]}]},{"@type":"BreadcrumbList","@id":"https:\/\/andersadlercreutz.fi\/blog\/blogg\/adlercreutz-viktigt-beslut-om-leopardinsatserna\/#breadcrumb","itemListElement":[{"@type":"ListItem","position":1,"name":"Home","item":"https:\/\/andersadlercreutz.fi\/blog\/blogg\/?lang=sv"},{"@type":"ListItem","position":2,"name":"Adlercreutz: Viktigt beslut om Leopardinsatserna"}]},{"@type":"WebSite","@id":"https:\/\/andersadlercreutz.fi\/blog\/#website","url":"https:\/\/andersadlercreutz.fi\/blog\/","name":"Anders Adlercreutz","description":"Du. Jag. Vi. Kest&auml;v&auml;sti optimisti","potentialAction":[{"@type":"SearchAction","target":{"@type":"EntryPoint","urlTemplate":"https:\/\/andersadlercreutz.fi\/blog\/?s={search_term_string}"},"query-input":"required name=search_term_string"}],"inLanguage":"sv-SE"},{"@type":"Person","@id":"https:\/\/andersadlercreutz.fi\/blog\/#\/schema\/person\/47d4b72eded862b484f74bb4b3a2354f","name":"Anders","image":{"@type":"ImageObject","inLanguage":"sv-SE","@id":"https:\/\/andersadlercreutz.fi\/blog\/#\/schema\/person\/image\/","url":"https:\/\/secure.gravatar.com\/avatar\/a144c9bda7a581ff6fabba169027e620?s=96&d=mm&r=g","contentUrl":"https:\/\/secure.gravatar.com\/avatar\/a144c9bda7a581ff6fabba169027e620?s=96&d=mm&r=g","caption":"Anders"},"url":"https:\/\/andersadlercreutz.fi\/blog\/author\/admin\/"}]}},"jetpack_featured_media_url":"https:\/\/i0.wp.com\/andersadlercreutz.fi\/blog\/wp-content\/uploads\/2022\/02\/Anders-ute.jpg?fit=999%2C659&ssl=1","jetpack_shortlink":"https:\/\/wp.me\/p4T6Dh-22N","jetpack_sharing_enabled":true,"_links":{"self":[{"href":"https:\/\/andersadlercreutz.fi\/blog\/wp-json\/wp\/v2\/posts\/7861"}],"collection":[{"href":"https:\/\/andersadlercreutz.fi\/blog\/wp-json\/wp\/v2\/posts"}],"about":[{"href":"https:\/\/andersadlercreutz.fi\/blog\/wp-json\/wp\/v2\/types\/post"}],"author":[{"embeddable":true,"href":"https:\/\/andersadlercreutz.fi\/blog\/wp-json\/wp\/v2\/users\/1"}],"replies":[{"embeddable":true,"href":"https:\/\/andersadlercreutz.fi\/blog\/wp-json\/wp\/v2\/comments?post=7861"}],"version-history":[{"count":2,"href":"https:\/\/andersadlercreutz.fi\/blog\/wp-json\/wp\/v2\/posts\/7861\/revisions"}],"predecessor-version":[{"id":7864,"href":"https:\/\/andersadlercreutz.fi\/blog\/wp-json\/wp\/v2\/posts\/7861\/revisions\/7864"}],"wp:featuredmedia":[{"embeddable":true,"href":"https:\/\/andersadlercreutz.fi\/blog\/wp-json\/wp\/v2\/media\/7140"}],"wp:attachment":[{"href":"https:\/\/andersadlercreutz.fi\/blog\/wp-json\/wp\/v2\/media?parent=7861"}],"wp:term":[{"taxonomy":"category","embeddable":true,"href":"https:\/\/andersadlercreutz.fi\/blog\/wp-json\/wp\/v2\/categories?post=7861"},{"taxonomy":"post_tag","embeddable":true,"href":"https:\/\/andersadlercreutz.fi\/blog\/wp-json\/wp\/v2\/tags?post=7861"}],"curies":[{"name":"wp","href":"https:\/\/api.w.org\/{rel}","templated":true}]}}