{"id":7924,"date":"2023-02-06T08:59:43","date_gmt":"2023-02-06T06:59:43","guid":{"rendered":"https:\/\/andersadlercreutz.fi\/blog\/?p=7924"},"modified":"2023-02-06T09:02:47","modified_gmt":"2023-02-06T07:02:47","slug":"soraa-ladulla-mutta-jaita-hattuun-2","status":"publish","type":"post","link":"https:\/\/andersadlercreutz.fi\/blog\/blog\/soraa-ladulla-mutta-jaita-hattuun-2\/?lang=fi","title":{"rendered":"Soraa ladulla, mutta j\u00e4it\u00e4 hattuun"},"content":{"rendered":"<p>Turkin ulkoministerin mukaan Turkin F-16-sopimuksella ei ole mit\u00e4\u00e4n tekemist\u00e4 Suomen ja Ruotsin Nato-j\u00e4senyyden kanssa. Se on yksi tapa ilmaista asia. T\u00e4ss\u00e4 kuitenkin olemme. Kaikki on yhteydess\u00e4 kaikkeen, eik\u00e4 mik\u00e4\u00e4n tapahdu tyhji\u00f6ss\u00e4.<\/p>\n<p>Prosessi, jonka piti olla nopea &#8211; koska me pohjoismaalaiset olemme tottuneet luottamaan siihen, mit\u00e4 meille sanotaan &#8211; on viiv\u00e4stynyt. Turkki ja Unkari eiv\u00e4t vastustaneet Suomen ja Ruotsin j\u00e4senyytt\u00e4, kunnes he yht\u00e4kki\u00e4 vastustivatkin sit\u00e4.<\/p>\n<div>\n<blockquote><p>Jos sinulla on vain vasara, kaikki n\u00e4ytt\u00e4\u00e4 naulalta. Ja jos politiikkasi tueksi ei l\u00f6ydy\u00a0 luottamusp\u00e4\u00e4omaa, niin kaikesta tulee sorkkarauta tai\u00a0 tai peukaloruuvi. Miten asiaa nyt katsookaan.<\/p><\/blockquote>\n<\/div>\n<p>Suomen ja Ruotsin Nato-j\u00e4senyydest\u00e4 on tullut molempia: kyynisi\u00e4 peukaloruuveja rumassa peliss\u00e4. On helppo ajatella, ett\u00e4 on t\u00e4ysin tarpeetonta protestoida Erdo\u011fania vastaan Ruotsissa ja tehd\u00e4 se niin r\u00e4ike\u00e4ll\u00e4 tavalla. Samaan aikaan olemme kuitenkin liittym\u00e4ss\u00e4 Natoon nimenomaan siksi, ett\u00e4 niinkin voisi toimia. Haluamme suuremman kollektiivisen tuen taaksemme, koska n\u00e4emme, mit\u00e4 Ven\u00e4j\u00e4ll\u00e4 tapahtuu oikeusvaltion suhteen ja n\u00e4emme Putinin aikeet.<\/p>\n<p>Haluamme Naton tukea juuri siksi, ett\u00e4 voisimme protestoida tavalla, joka ehk\u00e4 ylitt\u00e4\u00e4 rajan. T\u00e4ll\u00e4 hetkell\u00e4 n\u00e4ytt\u00e4\u00e4 silt\u00e4, ett\u00e4 se, mit\u00e4 haluamme suojella, viivytt\u00e4\u00e4 nopeaa j\u00e4senyysprosessia. Todellisuus ei tietenk\u00e4\u00e4n ole n\u00e4in suoraviivaista. Meid\u00e4n ei my\u00f6sk\u00e4\u00e4n pit\u00e4isi pit\u00e4\u00e4 Turkin virallista sanaa koko totuutena t\u00e4ss\u00e4 keskustelussa. Sis\u00e4politiikka ja my\u00f6s asekaupat ovat t\u00e4\u00e4ll\u00e4 paljon t\u00e4rke\u00e4mpi\u00e4.<\/p>\n<p>Me n\u00e4emme t\u00e4m\u00e4n ja siksi on t\u00e4rke\u00e4\u00e4, ettemme anna periksi esitetyille j\u00e4rjett\u00f6mille vaatimuksille. Suomi ja Ruotsi soveltavat omia lakejaan, eiv\u00e4t Turkin lakeja. Se, mik\u00e4 on rikollista Turkissa, ei ole rikollista t\u00e4\u00e4ll\u00e4. Eik\u00e4 kansalaisiamme luovuteta.<\/p>\n<p>Kev\u00e4\u00e4ll\u00e4 me kaikki toivoimme nopeaa prosessia. Samaan aikaan en n\u00e4e mit\u00e4\u00e4n suurta huolta prosessin viiv\u00e4stymisest\u00e4. Kun ymm\u00e4rryksemme Ven\u00e4j\u00e4n armeijan raakuudesta, mutta my\u00f6s sen kyvytt\u00f6myydest\u00e4 lis\u00e4\u00e4ntyy, lis\u00e4\u00e4ntyy my\u00f6s ymm\u00e4rryksemme omista kyvyist\u00e4mme ja valmiudestamme. J\u00e4senyysprosessi voi kest\u00e4\u00e4 viel\u00e4 kuukauden tai vuoden &#8211; me voimme odottaa. Joka tapauksessa on selv\u00e4\u00e4, ett\u00e4 meid\u00e4n ei pid\u00e4 uhrata sit\u00e4, mit\u00e4 haluamme suojella &#8211; oikeusvaltiota \u2013nopeuttaaksemme p\u00e4\u00e4sy\u00e4 maaliin.<\/p>\n<p>T\u00e4ll\u00e4 hetkell\u00e4 tilanne rajallamme on parempi kuin l\u00e4hes vuosisataan. Ven\u00e4j\u00e4n kolme sotilastukikohtaa rajallamme ovat k\u00e4yt\u00e4nn\u00f6ss\u00e4 tyhjentyneet miehist\u00e4. Meill\u00e4 on Euroopassa sota, mutta samaan aikaan Suomeen ei kohdistu akuuttia uhkaa.<\/p>\n<div>Joten otamme rauhallisesti. On jopa itsetarkoitus, ett\u00e4 liitymme Natoon yhdess\u00e4 Ruotsin kanssa. Siksi, ett\u00e4 se on j\u00e4rkev\u00e4\u00e4 turvallisuuspolitiikkaa.<\/div>\n<p>Samaan aikaan Putin hieroo k\u00e4si\u00e4\u00e4n yhteen. Riitt\u00e4\u00e4, ett\u00e4 siell\u00e4 t\u00e4\u00e4ll\u00e4\u00a0pystyt\u00e4\u00e4n aiheuttamaan n\u00e4r\u00e4\u00e4 ja pahennusta tasaisin v\u00e4liajoin, niin prosessi viiv\u00e4styy.<\/p>\n<p>Toki h\u00e4n joutuu jatkuvasti erottamaan kenraaleja ja h\u00e4nen kansainv\u00e4linen maineensa on tahrittu. Erdo\u011fanin ja Orbanin pelit vahingoittavat kuitenkin my\u00f6s Naton mainetta.\u00a0J\u00e4rjest\u00f6ll\u00e4, joka perustuu siihen, ett\u00e4 sen j\u00e4senet seisovat yhdess\u00e4 solidaarisina kriisitilanteessa, on t\u00e4ll\u00e4 hetkell\u00e4 vaikeuksia hyv\u00e4ksy\u00e4 kaksi maata, jotka selv\u00e4sti vahvistavat liittoumaa. Asia,\u00a0 jonka pit\u00e4isi olla sen historian helpoin p\u00e4\u00e4t\u00f6s.<\/p>\n<blockquote><p>T\u00e4m\u00e4 ei lupaa hyv\u00e4\u00e4 sellaisia aikoja ajatellen, jolloin on teht\u00e4v\u00e4 vaikeampia p\u00e4\u00e4t\u00f6ksi\u00e4.<\/p><\/blockquote>\n<p>Siksi nopea, tehokas ja ennen kaikkea vakuuttava Turkin ja Yhdysvaltojen v\u00e4linen F-16-kauppa voisi auttaa vahvistamaan Natoa paljon enemm\u00e4n kuin mit\u00e4\u00a0 lentokoneet\u00a0 itsess\u00e4\u00e4n antavat ymm\u00e4rt\u00e4\u00e4.<\/p>\n<p>Lopuksi on t\u00e4ss\u00e4kin tilanteessa hyv\u00e4 ymm\u00e4rt\u00e4\u00e4, ett\u00e4 puolustuksemme\u00a0 viime k\u00e4dess\u00e4 ensisijaisesti riippuu meist\u00e4 itsest\u00e4mme.<\/p>\n","protected":false},"excerpt":{"rendered":"<p>Turkin ulkoministerin mukaan Turkin F-16-sopimuksella ei ole mit\u00e4\u00e4n tekemist\u00e4 Suomen ja Ruotsin Nato-j\u00e4senyyden kanssa. Se on yksi tapa ilmaista asia. T\u00e4ss\u00e4 kuitenkin olemme. Kaikki on yhteydess\u00e4 kaikkeen, eik\u00e4 mik\u00e4\u00e4n tapahdu tyhji\u00f6ss\u00e4. Prosessi, jonka piti olla nopea &#8211; koska me pohjoismaalaiset olemme tottuneet luottamaan siihen, mit\u00e4 meille sanotaan &#8211; on viiv\u00e4stynyt. Turkki ja Unkari eiv\u00e4t vastustaneet [&hellip;]<\/p>\n","protected":false},"author":1,"featured_media":6764,"comment_status":"open","ping_status":"open","sticky":false,"template":"","format":"standard","meta":{"jetpack_post_was_ever_published":false,"_jetpack_newsletter_access":"","jetpack_publicize_message":"","jetpack_is_tweetstorm":false,"jetpack_publicize_feature_enabled":true,"jetpack_social_post_already_shared":true,"jetpack_social_options":{"image_generator_settings":{"template":"highway","enabled":false}}},"categories":[18,60,128,130],"tags":[],"jetpack_publicize_connections":[],"yoast_head":"<!-- This site is optimized with the Yoast SEO plugin v20.12 - https:\/\/yoast.com\/wordpress\/plugins\/seo\/ -->\n<title>Soraa ladulla, mutta j\u00e4it\u00e4 hattuun - Anders Adlercreutz<\/title>\n<meta name=\"robots\" content=\"index, follow, max-snippet:-1, max-image-preview:large, max-video-preview:-1\" \/>\n<link rel=\"canonical\" href=\"https:\/\/andersadlercreutz.fi\/blog\/blog\/soraa-ladulla-mutta-jaita-hattuun-2\/\" \/>\n<meta property=\"og:locale\" content=\"sv_SE\" \/>\n<meta property=\"og:type\" content=\"article\" \/>\n<meta property=\"og:title\" content=\"Soraa ladulla, mutta j\u00e4it\u00e4 hattuun - Anders Adlercreutz\" \/>\n<meta property=\"og:description\" content=\"Turkin ulkoministerin mukaan Turkin F-16-sopimuksella ei ole mit\u00e4\u00e4n tekemist\u00e4 Suomen ja Ruotsin Nato-j\u00e4senyyden kanssa. Se on yksi tapa ilmaista asia. T\u00e4ss\u00e4 kuitenkin olemme. Kaikki on yhteydess\u00e4 kaikkeen, eik\u00e4 mik\u00e4\u00e4n tapahdu tyhji\u00f6ss\u00e4. Prosessi, jonka piti olla nopea &#8211; koska me pohjoismaalaiset olemme tottuneet luottamaan siihen, mit\u00e4 meille sanotaan &#8211; on viiv\u00e4stynyt. Turkki ja Unkari eiv\u00e4t vastustaneet [&hellip;]\" \/>\n<meta property=\"og:url\" content=\"https:\/\/andersadlercreutz.fi\/blog\/blog\/soraa-ladulla-mutta-jaita-hattuun-2\/?lang=fi\" \/>\n<meta property=\"og:site_name\" content=\"Anders Adlercreutz\" \/>\n<meta property=\"article:published_time\" content=\"2023-02-06T06:59:43+00:00\" \/>\n<meta property=\"article:modified_time\" content=\"2023-02-06T07:02:47+00:00\" \/>\n<meta property=\"og:image\" content=\"https:\/\/andersadlercreutz.fi\/blog\/wp-content\/uploads\/2020\/12\/Anders-h\u00d6sten-2018-1-1-1030x687.jpg\" \/>\n\t<meta property=\"og:image:width\" content=\"1030\" \/>\n\t<meta property=\"og:image:height\" content=\"687\" \/>\n\t<meta property=\"og:image:type\" content=\"image\/jpeg\" \/>\n<meta name=\"author\" content=\"Anders\" \/>\n<meta name=\"twitter:card\" content=\"summary_large_image\" \/>\n<meta name=\"twitter:label1\" content=\"Skriven av\" \/>\n\t<meta name=\"twitter:data1\" content=\"Anders\" \/>\n\t<meta name=\"twitter:label2\" content=\"Ber\u00e4knad l\u00e4stid\" \/>\n\t<meta name=\"twitter:data2\" content=\"3 minuter\" \/>\n<script type=\"application\/ld+json\" class=\"yoast-schema-graph\">{\"@context\":\"https:\/\/schema.org\",\"@graph\":[{\"@type\":\"WebPage\",\"@id\":\"https:\/\/andersadlercreutz.fi\/blog\/blog\/soraa-ladulla-mutta-jaita-hattuun-2\/?lang=fi\",\"url\":\"https:\/\/andersadlercreutz.fi\/blog\/blog\/soraa-ladulla-mutta-jaita-hattuun-2\/?lang=fi\",\"name\":\"Soraa ladulla, mutta j\u00e4it\u00e4 hattuun - Anders Adlercreutz\",\"isPartOf\":{\"@id\":\"https:\/\/andersadlercreutz.fi\/blog\/#website\"},\"datePublished\":\"2023-02-06T06:59:43+00:00\",\"dateModified\":\"2023-02-06T07:02:47+00:00\",\"author\":{\"@id\":\"https:\/\/andersadlercreutz.fi\/blog\/#\/schema\/person\/47d4b72eded862b484f74bb4b3a2354f\"},\"breadcrumb\":{\"@id\":\"https:\/\/andersadlercreutz.fi\/blog\/blog\/soraa-ladulla-mutta-jaita-hattuun-2\/?lang=fi#breadcrumb\"},\"inLanguage\":\"sv-SE\",\"potentialAction\":[{\"@type\":\"ReadAction\",\"target\":[\"https:\/\/andersadlercreutz.fi\/blog\/blog\/soraa-ladulla-mutta-jaita-hattuun-2\/?lang=fi\"]}]},{\"@type\":\"BreadcrumbList\",\"@id\":\"https:\/\/andersadlercreutz.fi\/blog\/blog\/soraa-ladulla-mutta-jaita-hattuun-2\/?lang=fi#breadcrumb\",\"itemListElement\":[{\"@type\":\"ListItem\",\"position\":1,\"name\":\"Home\",\"item\":\"https:\/\/andersadlercreutz.fi\/blog\/blogg\/?lang=sv\"},{\"@type\":\"ListItem\",\"position\":2,\"name\":\"Soraa ladulla, mutta j\u00e4it\u00e4 hattuun\"}]},{\"@type\":\"WebSite\",\"@id\":\"https:\/\/andersadlercreutz.fi\/blog\/#website\",\"url\":\"https:\/\/andersadlercreutz.fi\/blog\/\",\"name\":\"Anders Adlercreutz\",\"description\":\"Du. Jag. Vi. Kest&auml;v&auml;sti optimisti\",\"potentialAction\":[{\"@type\":\"SearchAction\",\"target\":{\"@type\":\"EntryPoint\",\"urlTemplate\":\"https:\/\/andersadlercreutz.fi\/blog\/?s={search_term_string}\"},\"query-input\":\"required name=search_term_string\"}],\"inLanguage\":\"sv-SE\"},{\"@type\":\"Person\",\"@id\":\"https:\/\/andersadlercreutz.fi\/blog\/#\/schema\/person\/47d4b72eded862b484f74bb4b3a2354f\",\"name\":\"Anders\",\"image\":{\"@type\":\"ImageObject\",\"inLanguage\":\"sv-SE\",\"@id\":\"https:\/\/andersadlercreutz.fi\/blog\/#\/schema\/person\/image\/\",\"url\":\"https:\/\/secure.gravatar.com\/avatar\/a144c9bda7a581ff6fabba169027e620?s=96&d=mm&r=g\",\"contentUrl\":\"https:\/\/secure.gravatar.com\/avatar\/a144c9bda7a581ff6fabba169027e620?s=96&d=mm&r=g\",\"caption\":\"Anders\"},\"url\":\"https:\/\/andersadlercreutz.fi\/blog\/author\/admin\/\"}]}<\/script>\n<!-- \/ Yoast SEO plugin. -->","yoast_head_json":{"title":"Soraa ladulla, mutta j\u00e4it\u00e4 hattuun - Anders Adlercreutz","robots":{"index":"index","follow":"follow","max-snippet":"max-snippet:-1","max-image-preview":"max-image-preview:large","max-video-preview":"max-video-preview:-1"},"canonical":"https:\/\/andersadlercreutz.fi\/blog\/blog\/soraa-ladulla-mutta-jaita-hattuun-2\/","og_locale":"sv_SE","og_type":"article","og_title":"Soraa ladulla, mutta j\u00e4it\u00e4 hattuun - Anders Adlercreutz","og_description":"Turkin ulkoministerin mukaan Turkin F-16-sopimuksella ei ole mit\u00e4\u00e4n tekemist\u00e4 Suomen ja Ruotsin Nato-j\u00e4senyyden kanssa. Se on yksi tapa ilmaista asia. T\u00e4ss\u00e4 kuitenkin olemme. Kaikki on yhteydess\u00e4 kaikkeen, eik\u00e4 mik\u00e4\u00e4n tapahdu tyhji\u00f6ss\u00e4. Prosessi, jonka piti olla nopea &#8211; koska me pohjoismaalaiset olemme tottuneet luottamaan siihen, mit\u00e4 meille sanotaan &#8211; on viiv\u00e4stynyt. Turkki ja Unkari eiv\u00e4t vastustaneet [&hellip;]","og_url":"https:\/\/andersadlercreutz.fi\/blog\/blog\/soraa-ladulla-mutta-jaita-hattuun-2\/?lang=fi","og_site_name":"Anders Adlercreutz","article_published_time":"2023-02-06T06:59:43+00:00","article_modified_time":"2023-02-06T07:02:47+00:00","og_image":[{"width":1030,"height":687,"url":"https:\/\/andersadlercreutz.fi\/blog\/wp-content\/uploads\/2020\/12\/Anders-h\u00d6sten-2018-1-1-1030x687.jpg","type":"image\/jpeg"}],"author":"Anders","twitter_card":"summary_large_image","twitter_misc":{"Skriven av":"Anders","Ber\u00e4knad l\u00e4stid":"3 minuter"},"schema":{"@context":"https:\/\/schema.org","@graph":[{"@type":"WebPage","@id":"https:\/\/andersadlercreutz.fi\/blog\/blog\/soraa-ladulla-mutta-jaita-hattuun-2\/?lang=fi","url":"https:\/\/andersadlercreutz.fi\/blog\/blog\/soraa-ladulla-mutta-jaita-hattuun-2\/?lang=fi","name":"Soraa ladulla, mutta j\u00e4it\u00e4 hattuun - Anders Adlercreutz","isPartOf":{"@id":"https:\/\/andersadlercreutz.fi\/blog\/#website"},"datePublished":"2023-02-06T06:59:43+00:00","dateModified":"2023-02-06T07:02:47+00:00","author":{"@id":"https:\/\/andersadlercreutz.fi\/blog\/#\/schema\/person\/47d4b72eded862b484f74bb4b3a2354f"},"breadcrumb":{"@id":"https:\/\/andersadlercreutz.fi\/blog\/blog\/soraa-ladulla-mutta-jaita-hattuun-2\/?lang=fi#breadcrumb"},"inLanguage":"sv-SE","potentialAction":[{"@type":"ReadAction","target":["https:\/\/andersadlercreutz.fi\/blog\/blog\/soraa-ladulla-mutta-jaita-hattuun-2\/?lang=fi"]}]},{"@type":"BreadcrumbList","@id":"https:\/\/andersadlercreutz.fi\/blog\/blog\/soraa-ladulla-mutta-jaita-hattuun-2\/?lang=fi#breadcrumb","itemListElement":[{"@type":"ListItem","position":1,"name":"Home","item":"https:\/\/andersadlercreutz.fi\/blog\/blogg\/?lang=sv"},{"@type":"ListItem","position":2,"name":"Soraa ladulla, mutta j\u00e4it\u00e4 hattuun"}]},{"@type":"WebSite","@id":"https:\/\/andersadlercreutz.fi\/blog\/#website","url":"https:\/\/andersadlercreutz.fi\/blog\/","name":"Anders Adlercreutz","description":"Du. Jag. Vi. Kest&auml;v&auml;sti optimisti","potentialAction":[{"@type":"SearchAction","target":{"@type":"EntryPoint","urlTemplate":"https:\/\/andersadlercreutz.fi\/blog\/?s={search_term_string}"},"query-input":"required name=search_term_string"}],"inLanguage":"sv-SE"},{"@type":"Person","@id":"https:\/\/andersadlercreutz.fi\/blog\/#\/schema\/person\/47d4b72eded862b484f74bb4b3a2354f","name":"Anders","image":{"@type":"ImageObject","inLanguage":"sv-SE","@id":"https:\/\/andersadlercreutz.fi\/blog\/#\/schema\/person\/image\/","url":"https:\/\/secure.gravatar.com\/avatar\/a144c9bda7a581ff6fabba169027e620?s=96&d=mm&r=g","contentUrl":"https:\/\/secure.gravatar.com\/avatar\/a144c9bda7a581ff6fabba169027e620?s=96&d=mm&r=g","caption":"Anders"},"url":"https:\/\/andersadlercreutz.fi\/blog\/author\/admin\/"}]}},"jetpack_featured_media_url":"https:\/\/i0.wp.com\/andersadlercreutz.fi\/blog\/wp-content\/uploads\/2020\/12\/Anders-h\u00d6sten-2018-1-1-scaled.jpg?fit=2560%2C1707&ssl=1","jetpack_shortlink":"https:\/\/wp.me\/p4T6Dh-23O","jetpack_sharing_enabled":true,"_links":{"self":[{"href":"https:\/\/andersadlercreutz.fi\/blog\/wp-json\/wp\/v2\/posts\/7924"}],"collection":[{"href":"https:\/\/andersadlercreutz.fi\/blog\/wp-json\/wp\/v2\/posts"}],"about":[{"href":"https:\/\/andersadlercreutz.fi\/blog\/wp-json\/wp\/v2\/types\/post"}],"author":[{"embeddable":true,"href":"https:\/\/andersadlercreutz.fi\/blog\/wp-json\/wp\/v2\/users\/1"}],"replies":[{"embeddable":true,"href":"https:\/\/andersadlercreutz.fi\/blog\/wp-json\/wp\/v2\/comments?post=7924"}],"version-history":[{"count":2,"href":"https:\/\/andersadlercreutz.fi\/blog\/wp-json\/wp\/v2\/posts\/7924\/revisions"}],"predecessor-version":[{"id":7930,"href":"https:\/\/andersadlercreutz.fi\/blog\/wp-json\/wp\/v2\/posts\/7924\/revisions\/7930"}],"wp:featuredmedia":[{"embeddable":true,"href":"https:\/\/andersadlercreutz.fi\/blog\/wp-json\/wp\/v2\/media\/6764"}],"wp:attachment":[{"href":"https:\/\/andersadlercreutz.fi\/blog\/wp-json\/wp\/v2\/media?parent=7924"}],"wp:term":[{"taxonomy":"category","embeddable":true,"href":"https:\/\/andersadlercreutz.fi\/blog\/wp-json\/wp\/v2\/categories?post=7924"},{"taxonomy":"post_tag","embeddable":true,"href":"https:\/\/andersadlercreutz.fi\/blog\/wp-json\/wp\/v2\/tags?post=7924"}],"curies":[{"name":"wp","href":"https:\/\/api.w.org\/{rel}","templated":true}]}}