{"id":7944,"date":"2023-02-07T19:32:34","date_gmt":"2023-02-07T17:32:34","guid":{"rendered":"https:\/\/andersadlercreutz.fi\/blog\/?p=7944"},"modified":"2023-02-07T19:32:34","modified_gmt":"2023-02-07T17:32:34","slug":"adlercreutz-tarvitsemme-yrittajadiplomin-toiselle-asteelle","status":"publish","type":"post","link":"https:\/\/andersadlercreutz.fi\/blog\/opetus\/adlercreutz-tarvitsemme-yrittajadiplomin-toiselle-asteelle\/?lang=fi","title":{"rendered":"Adlercreutz: Tarvitsemme yritt\u00e4j\u00e4diplomin toiselle asteelle."},"content":{"rendered":"<p>&#8211; Asenne yritt\u00e4jyyteen on kehittynyt todella positiivisesti. Yh\u00e4 useampi nuori kokee yritt\u00e4jyyden mahdollisuutena. T\u00e4m\u00e4n asennemuutoksen tulisi n\u00e4ky\u00e4 my\u00f6s opetuksessa. Siksi meid\u00e4n tulisi ottaa yritt\u00e4j\u00e4diplomi osaksi toiseen asteen koulutusta.<span class=\"Apple-converted-space\">\u00a0<\/span><\/p>\n<p>N\u00e4in toteaa Anders Adlercreutz, RKP:n kansanedustaja ja eduskuntaryhm\u00e4n puheenjohtaja.<span class=\"Apple-converted-space\">\u00a0<\/span><\/p>\n<p>&#8211; Nuori Yritt\u00e4jyys ry:n kaltaiset j\u00e4rjest\u00f6t ovat kasvaneet huomattavasti viime vuosien aikana. Eduskunnan Valtiovarainvaliokunnassa olemme useana vuotena vahvistaneet yritt\u00e4j\u00e4kasvatuksen rahoitusta. Viime vuonna melkein 5000 oppilasta osallistui Nuori yritt\u00e4jyys-ohjelmaan. Yritt\u00e4jyys on t\u00e4n\u00e4 p\u00e4iv\u00e4n\u00e4 monen nuoren mielest\u00e4 houkutteleva vaihtoehto. Nekin, jotka eiv\u00e4t ajattelisi ensisijaisesti ryhtyv\u00e4ns\u00e4 yritt\u00e4j\u00e4ksi, hy\u00f6tyv\u00e4t NY:n kaltaisten ohjelmien tarjoamista opeista tulevassa opiskelu- ja ty\u00f6el\u00e4m\u00e4ss\u00e4\u00e4n.<span class=\"Apple-converted-space\">\u00a0<\/span><\/p>\n<p>Adlercreutzin mielest\u00e4 meid\u00e4n tulee luoda selke\u00e4 oma opintokokonaisuutensa yritt\u00e4jyyden ymp\u00e4rille. Kokonaisuus, josta opiskelija saisi opintosuorituksensa merkiksi diplomin.<\/p>\n<p>&#8211; Meill\u00e4 on jo nyt lukiodiplomi taideaineissa. Se on hieno asia. Nyt meid\u00e4n tulisi rakentaa vastaava kokonaisuus yritt\u00e4jyyden ymp\u00e4rille. Toivon my\u00f6s, ett\u00e4 korkeakoulut n\u00e4kev\u00e4t diplomin arvon ja antavat sille painoarvoa korkeakouluvalintojen pisteytyksiss\u00e4. Etenkin, koska tied\u00e4mme ylioppilasaineiden painoarvon korkeakouluhaussa ohjaavan 15-vuotiaan nuoren lukion ainevalintoja.<\/p>\n<p>Adlercreutz toteaa, ett\u00e4 asenteet muokkautuvat nuoruudessa.<span class=\"Apple-converted-space\">\u00a0<\/span><\/p>\n<p>&#8211; On selv\u00e4, ett\u00e4 kaikista ei tarvitse tule yritt\u00e4ji\u00e4. Mutta on toivottavaa, ett\u00e4 mahdollisimman moni kokisi yritt\u00e4jyyden aidosti mahdollisena. On my\u00f6s yleissivist\u00e4v\u00e4\u00e4, ett\u00e4 saa tutustua niihin lainalaisuuksiin, jotka ohjaavat yritt\u00e4mist\u00e4 ja sen kautta talouttamme. NY:n kaltaiset ohjelmat antavat oppilaille mahdollisuuden onnistua &#8211; tai ep\u00e4onnistua &#8211; turvallisessa ymp\u00e4rist\u00f6ss\u00e4. Se on kokemus, josta jokaisella nuorella on v\u00e4ist\u00e4m\u00e4tt\u00e4 iloa my\u00f6hemmin el\u00e4m\u00e4ss\u00e4\u00e4n.<span class=\"Apple-converted-space\">\u00a0<\/span><\/p>\n","protected":false},"excerpt":{"rendered":"<p>&#8211; Asenne yritt\u00e4jyyteen on kehittynyt todella positiivisesti. Yh\u00e4 useampi nuori kokee yritt\u00e4jyyden mahdollisuutena. T\u00e4m\u00e4n asennemuutoksen tulisi n\u00e4ky\u00e4 my\u00f6s opetuksessa. Siksi meid\u00e4n tulisi ottaa yritt\u00e4j\u00e4diplomi osaksi toiseen asteen koulutusta.\u00a0 N\u00e4in toteaa Anders Adlercreutz, RKP:n kansanedustaja ja eduskuntaryhm\u00e4n puheenjohtaja.\u00a0 &#8211; Nuori Yritt\u00e4jyys ry:n kaltaiset j\u00e4rjest\u00f6t ovat kasvaneet huomattavasti viime vuosien aikana. Eduskunnan Valtiovarainvaliokunnassa olemme useana vuotena vahvistaneet [&hellip;]<\/p>\n","protected":false},"author":1,"featured_media":6682,"comment_status":"open","ping_status":"open","sticky":false,"template":"","format":"standard","meta":{"jetpack_post_was_ever_published":false,"_jetpack_newsletter_access":"","jetpack_publicize_message":"","jetpack_is_tweetstorm":false,"jetpack_publicize_feature_enabled":true,"jetpack_social_post_already_shared":true,"jetpack_social_options":{"image_generator_settings":{"template":"highway","enabled":false}}},"categories":[18,71,6,61,89],"tags":[],"jetpack_publicize_connections":[],"yoast_head":"<!-- This site is optimized with the Yoast SEO plugin v20.12 - https:\/\/yoast.com\/wordpress\/plugins\/seo\/ -->\n<title>Adlercreutz: Tarvitsemme yritt\u00e4j\u00e4diplomin toiselle asteelle. - Anders Adlercreutz<\/title>\n<meta name=\"robots\" content=\"index, follow, max-snippet:-1, max-image-preview:large, max-video-preview:-1\" \/>\n<link rel=\"canonical\" href=\"https:\/\/andersadlercreutz.fi\/blog\/opetus\/adlercreutz-tarvitsemme-yrittajadiplomin-toiselle-asteelle\/\" \/>\n<meta property=\"og:locale\" content=\"sv_SE\" \/>\n<meta property=\"og:type\" content=\"article\" \/>\n<meta property=\"og:title\" content=\"Adlercreutz: Tarvitsemme yritt\u00e4j\u00e4diplomin toiselle asteelle. - Anders Adlercreutz\" \/>\n<meta property=\"og:description\" content=\"&#8211; Asenne yritt\u00e4jyyteen on kehittynyt todella positiivisesti. Yh\u00e4 useampi nuori kokee yritt\u00e4jyyden mahdollisuutena. T\u00e4m\u00e4n asennemuutoksen tulisi n\u00e4ky\u00e4 my\u00f6s opetuksessa. Siksi meid\u00e4n tulisi ottaa yritt\u00e4j\u00e4diplomi osaksi toiseen asteen koulutusta.\u00a0 N\u00e4in toteaa Anders Adlercreutz, RKP:n kansanedustaja ja eduskuntaryhm\u00e4n puheenjohtaja.\u00a0 &#8211; Nuori Yritt\u00e4jyys ry:n kaltaiset j\u00e4rjest\u00f6t ovat kasvaneet huomattavasti viime vuosien aikana. Eduskunnan Valtiovarainvaliokunnassa olemme useana vuotena vahvistaneet [&hellip;]\" \/>\n<meta property=\"og:url\" content=\"https:\/\/andersadlercreutz.fi\/blog\/opetus\/adlercreutz-tarvitsemme-yrittajadiplomin-toiselle-asteelle\/?lang=fi\" \/>\n<meta property=\"og:site_name\" content=\"Anders Adlercreutz\" \/>\n<meta property=\"article:published_time\" content=\"2023-02-07T17:32:34+00:00\" \/>\n<meta property=\"og:image\" content=\"https:\/\/i0.wp.com\/andersadlercreutz.fi\/blog\/wp-content\/uploads\/2020\/11\/781A6597.jpg?fit=1200%2C600&ssl=1\" \/>\n\t<meta property=\"og:image:width\" content=\"1200\" \/>\n\t<meta property=\"og:image:height\" content=\"600\" \/>\n\t<meta property=\"og:image:type\" content=\"image\/jpeg\" \/>\n<meta name=\"author\" content=\"Anders\" \/>\n<meta name=\"twitter:card\" content=\"summary_large_image\" \/>\n<meta name=\"twitter:label1\" content=\"Skriven av\" \/>\n\t<meta name=\"twitter:data1\" content=\"Anders\" \/>\n\t<meta name=\"twitter:label2\" content=\"Ber\u00e4knad l\u00e4stid\" \/>\n\t<meta name=\"twitter:data2\" content=\"1 minut\" \/>\n<script type=\"application\/ld+json\" class=\"yoast-schema-graph\">{\"@context\":\"https:\/\/schema.org\",\"@graph\":[{\"@type\":\"WebPage\",\"@id\":\"https:\/\/andersadlercreutz.fi\/blog\/opetus\/adlercreutz-tarvitsemme-yrittajadiplomin-toiselle-asteelle\/?lang=fi\",\"url\":\"https:\/\/andersadlercreutz.fi\/blog\/opetus\/adlercreutz-tarvitsemme-yrittajadiplomin-toiselle-asteelle\/?lang=fi\",\"name\":\"Adlercreutz: Tarvitsemme yritt\u00e4j\u00e4diplomin toiselle asteelle. - Anders Adlercreutz\",\"isPartOf\":{\"@id\":\"https:\/\/andersadlercreutz.fi\/blog\/#website\"},\"datePublished\":\"2023-02-07T17:32:34+00:00\",\"dateModified\":\"2023-02-07T17:32:34+00:00\",\"author\":{\"@id\":\"https:\/\/andersadlercreutz.fi\/blog\/#\/schema\/person\/47d4b72eded862b484f74bb4b3a2354f\"},\"breadcrumb\":{\"@id\":\"https:\/\/andersadlercreutz.fi\/blog\/opetus\/adlercreutz-tarvitsemme-yrittajadiplomin-toiselle-asteelle\/?lang=fi#breadcrumb\"},\"inLanguage\":\"sv-SE\",\"potentialAction\":[{\"@type\":\"ReadAction\",\"target\":[\"https:\/\/andersadlercreutz.fi\/blog\/opetus\/adlercreutz-tarvitsemme-yrittajadiplomin-toiselle-asteelle\/?lang=fi\"]}]},{\"@type\":\"BreadcrumbList\",\"@id\":\"https:\/\/andersadlercreutz.fi\/blog\/opetus\/adlercreutz-tarvitsemme-yrittajadiplomin-toiselle-asteelle\/?lang=fi#breadcrumb\",\"itemListElement\":[{\"@type\":\"ListItem\",\"position\":1,\"name\":\"Home\",\"item\":\"https:\/\/andersadlercreutz.fi\/blog\/blogg\/?lang=sv\"},{\"@type\":\"ListItem\",\"position\":2,\"name\":\"Adlercreutz: Tarvitsemme yritt\u00e4j\u00e4diplomin toiselle asteelle.\"}]},{\"@type\":\"WebSite\",\"@id\":\"https:\/\/andersadlercreutz.fi\/blog\/#website\",\"url\":\"https:\/\/andersadlercreutz.fi\/blog\/\",\"name\":\"Anders Adlercreutz\",\"description\":\"Du. Jag. Vi. Kest&auml;v&auml;sti optimisti\",\"potentialAction\":[{\"@type\":\"SearchAction\",\"target\":{\"@type\":\"EntryPoint\",\"urlTemplate\":\"https:\/\/andersadlercreutz.fi\/blog\/?s={search_term_string}\"},\"query-input\":\"required name=search_term_string\"}],\"inLanguage\":\"sv-SE\"},{\"@type\":\"Person\",\"@id\":\"https:\/\/andersadlercreutz.fi\/blog\/#\/schema\/person\/47d4b72eded862b484f74bb4b3a2354f\",\"name\":\"Anders\",\"image\":{\"@type\":\"ImageObject\",\"inLanguage\":\"sv-SE\",\"@id\":\"https:\/\/andersadlercreutz.fi\/blog\/#\/schema\/person\/image\/\",\"url\":\"https:\/\/secure.gravatar.com\/avatar\/a144c9bda7a581ff6fabba169027e620?s=96&d=mm&r=g\",\"contentUrl\":\"https:\/\/secure.gravatar.com\/avatar\/a144c9bda7a581ff6fabba169027e620?s=96&d=mm&r=g\",\"caption\":\"Anders\"},\"url\":\"https:\/\/andersadlercreutz.fi\/blog\/author\/admin\/\"}]}<\/script>\n<!-- \/ Yoast SEO plugin. -->","yoast_head_json":{"title":"Adlercreutz: Tarvitsemme yritt\u00e4j\u00e4diplomin toiselle asteelle. - Anders Adlercreutz","robots":{"index":"index","follow":"follow","max-snippet":"max-snippet:-1","max-image-preview":"max-image-preview:large","max-video-preview":"max-video-preview:-1"},"canonical":"https:\/\/andersadlercreutz.fi\/blog\/opetus\/adlercreutz-tarvitsemme-yrittajadiplomin-toiselle-asteelle\/","og_locale":"sv_SE","og_type":"article","og_title":"Adlercreutz: Tarvitsemme yritt\u00e4j\u00e4diplomin toiselle asteelle. - Anders Adlercreutz","og_description":"&#8211; Asenne yritt\u00e4jyyteen on kehittynyt todella positiivisesti. Yh\u00e4 useampi nuori kokee yritt\u00e4jyyden mahdollisuutena. T\u00e4m\u00e4n asennemuutoksen tulisi n\u00e4ky\u00e4 my\u00f6s opetuksessa. Siksi meid\u00e4n tulisi ottaa yritt\u00e4j\u00e4diplomi osaksi toiseen asteen koulutusta.\u00a0 N\u00e4in toteaa Anders Adlercreutz, RKP:n kansanedustaja ja eduskuntaryhm\u00e4n puheenjohtaja.\u00a0 &#8211; Nuori Yritt\u00e4jyys ry:n kaltaiset j\u00e4rjest\u00f6t ovat kasvaneet huomattavasti viime vuosien aikana. Eduskunnan Valtiovarainvaliokunnassa olemme useana vuotena vahvistaneet [&hellip;]","og_url":"https:\/\/andersadlercreutz.fi\/blog\/opetus\/adlercreutz-tarvitsemme-yrittajadiplomin-toiselle-asteelle\/?lang=fi","og_site_name":"Anders Adlercreutz","article_published_time":"2023-02-07T17:32:34+00:00","og_image":[{"width":1200,"height":600,"url":"https:\/\/i0.wp.com\/andersadlercreutz.fi\/blog\/wp-content\/uploads\/2020\/11\/781A6597.jpg?fit=1200%2C600&ssl=1","type":"image\/jpeg"}],"author":"Anders","twitter_card":"summary_large_image","twitter_misc":{"Skriven av":"Anders","Ber\u00e4knad l\u00e4stid":"1 minut"},"schema":{"@context":"https:\/\/schema.org","@graph":[{"@type":"WebPage","@id":"https:\/\/andersadlercreutz.fi\/blog\/opetus\/adlercreutz-tarvitsemme-yrittajadiplomin-toiselle-asteelle\/?lang=fi","url":"https:\/\/andersadlercreutz.fi\/blog\/opetus\/adlercreutz-tarvitsemme-yrittajadiplomin-toiselle-asteelle\/?lang=fi","name":"Adlercreutz: Tarvitsemme yritt\u00e4j\u00e4diplomin toiselle asteelle. - Anders Adlercreutz","isPartOf":{"@id":"https:\/\/andersadlercreutz.fi\/blog\/#website"},"datePublished":"2023-02-07T17:32:34+00:00","dateModified":"2023-02-07T17:32:34+00:00","author":{"@id":"https:\/\/andersadlercreutz.fi\/blog\/#\/schema\/person\/47d4b72eded862b484f74bb4b3a2354f"},"breadcrumb":{"@id":"https:\/\/andersadlercreutz.fi\/blog\/opetus\/adlercreutz-tarvitsemme-yrittajadiplomin-toiselle-asteelle\/?lang=fi#breadcrumb"},"inLanguage":"sv-SE","potentialAction":[{"@type":"ReadAction","target":["https:\/\/andersadlercreutz.fi\/blog\/opetus\/adlercreutz-tarvitsemme-yrittajadiplomin-toiselle-asteelle\/?lang=fi"]}]},{"@type":"BreadcrumbList","@id":"https:\/\/andersadlercreutz.fi\/blog\/opetus\/adlercreutz-tarvitsemme-yrittajadiplomin-toiselle-asteelle\/?lang=fi#breadcrumb","itemListElement":[{"@type":"ListItem","position":1,"name":"Home","item":"https:\/\/andersadlercreutz.fi\/blog\/blogg\/?lang=sv"},{"@type":"ListItem","position":2,"name":"Adlercreutz: Tarvitsemme yritt\u00e4j\u00e4diplomin toiselle asteelle."}]},{"@type":"WebSite","@id":"https:\/\/andersadlercreutz.fi\/blog\/#website","url":"https:\/\/andersadlercreutz.fi\/blog\/","name":"Anders Adlercreutz","description":"Du. Jag. Vi. Kest&auml;v&auml;sti optimisti","potentialAction":[{"@type":"SearchAction","target":{"@type":"EntryPoint","urlTemplate":"https:\/\/andersadlercreutz.fi\/blog\/?s={search_term_string}"},"query-input":"required name=search_term_string"}],"inLanguage":"sv-SE"},{"@type":"Person","@id":"https:\/\/andersadlercreutz.fi\/blog\/#\/schema\/person\/47d4b72eded862b484f74bb4b3a2354f","name":"Anders","image":{"@type":"ImageObject","inLanguage":"sv-SE","@id":"https:\/\/andersadlercreutz.fi\/blog\/#\/schema\/person\/image\/","url":"https:\/\/secure.gravatar.com\/avatar\/a144c9bda7a581ff6fabba169027e620?s=96&d=mm&r=g","contentUrl":"https:\/\/secure.gravatar.com\/avatar\/a144c9bda7a581ff6fabba169027e620?s=96&d=mm&r=g","caption":"Anders"},"url":"https:\/\/andersadlercreutz.fi\/blog\/author\/admin\/"}]}},"jetpack_featured_media_url":"https:\/\/i0.wp.com\/andersadlercreutz.fi\/blog\/wp-content\/uploads\/2020\/11\/781A6597.jpg?fit=1200%2C600&ssl=1","jetpack_shortlink":"https:\/\/wp.me\/p4T6Dh-248","jetpack_sharing_enabled":true,"_links":{"self":[{"href":"https:\/\/andersadlercreutz.fi\/blog\/wp-json\/wp\/v2\/posts\/7944"}],"collection":[{"href":"https:\/\/andersadlercreutz.fi\/blog\/wp-json\/wp\/v2\/posts"}],"about":[{"href":"https:\/\/andersadlercreutz.fi\/blog\/wp-json\/wp\/v2\/types\/post"}],"author":[{"embeddable":true,"href":"https:\/\/andersadlercreutz.fi\/blog\/wp-json\/wp\/v2\/users\/1"}],"replies":[{"embeddable":true,"href":"https:\/\/andersadlercreutz.fi\/blog\/wp-json\/wp\/v2\/comments?post=7944"}],"version-history":[{"count":2,"href":"https:\/\/andersadlercreutz.fi\/blog\/wp-json\/wp\/v2\/posts\/7944\/revisions"}],"predecessor-version":[{"id":7946,"href":"https:\/\/andersadlercreutz.fi\/blog\/wp-json\/wp\/v2\/posts\/7944\/revisions\/7946"}],"wp:featuredmedia":[{"embeddable":true,"href":"https:\/\/andersadlercreutz.fi\/blog\/wp-json\/wp\/v2\/media\/6682"}],"wp:attachment":[{"href":"https:\/\/andersadlercreutz.fi\/blog\/wp-json\/wp\/v2\/media?parent=7944"}],"wp:term":[{"taxonomy":"category","embeddable":true,"href":"https:\/\/andersadlercreutz.fi\/blog\/wp-json\/wp\/v2\/categories?post=7944"},{"taxonomy":"post_tag","embeddable":true,"href":"https:\/\/andersadlercreutz.fi\/blog\/wp-json\/wp\/v2\/tags?post=7944"}],"curies":[{"name":"wp","href":"https:\/\/api.w.org\/{rel}","templated":true}]}}