{"id":7953,"date":"2023-02-19T11:56:59","date_gmt":"2023-02-19T09:56:59","guid":{"rendered":"https:\/\/andersadlercreutz.fi\/blog\/?p=7953"},"modified":"2023-02-19T11:56:59","modified_gmt":"2023-02-19T09:56:59","slug":"adlercreutz-nyland-behover-fler-hogskoleplatser","status":"publish","type":"post","link":"https:\/\/andersadlercreutz.fi\/blog\/undervisning\/adlercreutz-nyland-behover-fler-hogskoleplatser\/","title":{"rendered":"Adlercreutz: Nyland beh\u00f6ver fler h\u00f6gskoleplatser"},"content":{"rendered":"<p><span id=\"x_docs-internal-guid-c459a5a6-7fff-459e-a46f-39a96ff95e95\">Huvudstadsregionen \u00e4r enormt viktig f\u00f6r hela Finlands ekonomi. Vi har inte r\u00e5d men den hj\u00e4rnflykt vi har idag. Vi beh\u00f6ver flera h\u00f6gskoleplatser i Nyland f\u00f6r v\u00e5ra unga, s\u00e4ger\u00a0<strong>Anders\u00a0<span id=\"0.04423245436296086\" class=\"highlight\">Adlercreutz<\/span><\/strong>, riksdagsledamot f\u00f6r SFP.\u00a0<\/span><\/p>\n<p><span id=\"x_docs-internal-guid-c459a5a6-7fff-459e-a46f-39a96ff95e95\"><span id=\"0.5613875155207033\" class=\"highlight\">Adlercreutz<\/span>\u00a0tar upp den oj\u00e4mna f\u00f6rdelningen av h\u00f6gskoleplatser i Finland som ett stort problem.\u00a0<\/span><\/p>\n<p><span id=\"x_docs-internal-guid-c459a5a6-7fff-459e-a46f-39a96ff95e95\">\u2013 I \u00f6vriga Finland har vi 0,85 h\u00f6gskoleplatser per tv\u00e5 studieplatser p\u00e5 andra stadiet. I huvudstadsregionen \u00e4r samma siffra 0,7. Det \u00e4r en stor skillnad. Det betyder ocks\u00e5, att en stor del av v\u00e5ra studeranden m\u00e5ste s\u00f6ka sig annanstans f\u00f6r att studera. Ibland betyder det att man tar sig till andra finl\u00e4ndska universitet men ofta betyder det att man \u00e5ker utomlands.<\/span><\/p>\n<p><span id=\"x_docs-internal-guid-c459a5a6-7fff-459e-a46f-39a96ff95e95\">Helsingfors universitets rektor lyfte p\u00e5 l\u00f6rdagen i Helsingin Sanomat upp det, att 60% av de unga som l\u00e4mnar landet kommer fr\u00e5n Nyland.\u00a0<\/span><\/p>\n<p><span id=\"x_docs-internal-guid-c459a5a6-7fff-459e-a46f-39a96ff95e95\">\u2013 Det h\u00e4r \u00e4r en oproportionerligt stor andel. Det \u00e4r f\u00f6r all del bra att man ser studier utomlands som en m\u00f6jlighet, men om det leder till att allt fler unga permanent flyttar bort fr\u00e5n Finland har vi ett problem, s\u00e4ger\u00a0<span id=\"0.3011893974603137\" class=\"highlight\">Adlercreutz<\/span><\/span><\/p>\n<p><span id=\"x_docs-internal-guid-c459a5a6-7fff-459e-a46f-39a96ff95e95\">&#8211; Vi beh\u00f6ver en f\u00f6rnuftigt regionpolitik och ett brett h\u00f6gskolen\u00e4t \u00e4r viktigt . Men vi m\u00e5ste dels l\u00e5ta h\u00f6gskolorna specialisera sig, dels se till att vi inte skapar konstgjorda incitament till att flytta utomlands. Det \u00e4r viktigt i synnerhet n\u00e4r vi f\u00f6rs\u00f6ker h\u00f6ja andelen h\u00f6gskolestuderande. Nyland beh\u00f6ver fler h\u00f6gskoleplatser, det \u00e4r en nationell angel\u00e4genhet, avslutar\u00a0<span id=\"0.44061013422852224\" class=\"highlight\">Adlercreutz<\/span>\u00a0<\/span><\/p>\n","protected":false},"excerpt":{"rendered":"<p>Huvudstadsregionen \u00e4r enormt viktig f\u00f6r hela Finlands ekonomi. Vi har inte r\u00e5d men den hj\u00e4rnflykt vi har idag. Vi beh\u00f6ver flera h\u00f6gskoleplatser i Nyland f\u00f6r v\u00e5ra unga, s\u00e4ger\u00a0Anders\u00a0Adlercreutz, riksdagsledamot f\u00f6r SFP.\u00a0 Adlercreutz\u00a0tar upp den oj\u00e4mna f\u00f6rdelningen av h\u00f6gskoleplatser i Finland som ett stort problem.\u00a0 \u2013 I \u00f6vriga Finland har vi 0,85 h\u00f6gskoleplatser per tv\u00e5 studieplatser [&hellip;]<\/p>\n","protected":false},"author":1,"featured_media":6675,"comment_status":"open","ping_status":"open","sticky":false,"template":"","format":"standard","meta":{"jetpack_post_was_ever_published":false,"_jetpack_newsletter_access":"","jetpack_publicize_message":"","jetpack_is_tweetstorm":false,"jetpack_publicize_feature_enabled":true,"jetpack_social_post_already_shared":true,"jetpack_social_options":{"image_generator_settings":{"template":"highway","enabled":false}}},"categories":[45,71,72,64,41],"tags":[],"jetpack_publicize_connections":[],"yoast_head":"<!-- This site is optimized with the Yoast SEO plugin v20.12 - https:\/\/yoast.com\/wordpress\/plugins\/seo\/ -->\n<title>Adlercreutz: Nyland beh\u00f6ver fler h\u00f6gskoleplatser - Anders Adlercreutz<\/title>\n<meta name=\"robots\" content=\"index, follow, max-snippet:-1, max-image-preview:large, max-video-preview:-1\" \/>\n<link rel=\"canonical\" href=\"https:\/\/andersadlercreutz.fi\/blog\/undervisning\/adlercreutz-nyland-behover-fler-hogskoleplatser\/\" \/>\n<meta property=\"og:locale\" content=\"sv_SE\" \/>\n<meta property=\"og:type\" content=\"article\" \/>\n<meta property=\"og:title\" content=\"Adlercreutz: Nyland beh\u00f6ver fler h\u00f6gskoleplatser - Anders Adlercreutz\" \/>\n<meta property=\"og:description\" content=\"Huvudstadsregionen \u00e4r enormt viktig f\u00f6r hela Finlands ekonomi. Vi har inte r\u00e5d men den hj\u00e4rnflykt vi har idag. Vi beh\u00f6ver flera h\u00f6gskoleplatser i Nyland f\u00f6r v\u00e5ra unga, s\u00e4ger\u00a0Anders\u00a0Adlercreutz, riksdagsledamot f\u00f6r SFP.\u00a0 Adlercreutz\u00a0tar upp den oj\u00e4mna f\u00f6rdelningen av h\u00f6gskoleplatser i Finland som ett stort problem.\u00a0 \u2013 I \u00f6vriga Finland har vi 0,85 h\u00f6gskoleplatser per tv\u00e5 studieplatser [&hellip;]\" \/>\n<meta property=\"og:url\" content=\"https:\/\/andersadlercreutz.fi\/blog\/undervisning\/adlercreutz-nyland-behover-fler-hogskoleplatser\/\" \/>\n<meta property=\"og:site_name\" content=\"Anders Adlercreutz\" \/>\n<meta property=\"article:published_time\" content=\"2023-02-19T09:56:59+00:00\" \/>\n<meta property=\"og:image\" content=\"https:\/\/i0.wp.com\/andersadlercreutz.fi\/blog\/wp-content\/uploads\/2020\/11\/781A6540.jpg?fit=1200%2C600&ssl=1\" \/>\n\t<meta property=\"og:image:width\" content=\"1200\" \/>\n\t<meta property=\"og:image:height\" content=\"600\" \/>\n\t<meta property=\"og:image:type\" content=\"image\/jpeg\" \/>\n<meta name=\"author\" content=\"Anders\" \/>\n<meta name=\"twitter:card\" content=\"summary_large_image\" \/>\n<meta name=\"twitter:label1\" content=\"Skriven av\" \/>\n\t<meta name=\"twitter:data1\" content=\"Anders\" \/>\n\t<meta name=\"twitter:label2\" content=\"Ber\u00e4knad l\u00e4stid\" \/>\n\t<meta name=\"twitter:data2\" content=\"1 minut\" \/>\n<script type=\"application\/ld+json\" class=\"yoast-schema-graph\">{\"@context\":\"https:\/\/schema.org\",\"@graph\":[{\"@type\":\"WebPage\",\"@id\":\"https:\/\/andersadlercreutz.fi\/blog\/undervisning\/adlercreutz-nyland-behover-fler-hogskoleplatser\/\",\"url\":\"https:\/\/andersadlercreutz.fi\/blog\/undervisning\/adlercreutz-nyland-behover-fler-hogskoleplatser\/\",\"name\":\"Adlercreutz: Nyland beh\u00f6ver fler h\u00f6gskoleplatser - Anders Adlercreutz\",\"isPartOf\":{\"@id\":\"https:\/\/andersadlercreutz.fi\/blog\/#website\"},\"datePublished\":\"2023-02-19T09:56:59+00:00\",\"dateModified\":\"2023-02-19T09:56:59+00:00\",\"author\":{\"@id\":\"https:\/\/andersadlercreutz.fi\/blog\/#\/schema\/person\/47d4b72eded862b484f74bb4b3a2354f\"},\"breadcrumb\":{\"@id\":\"https:\/\/andersadlercreutz.fi\/blog\/undervisning\/adlercreutz-nyland-behover-fler-hogskoleplatser\/#breadcrumb\"},\"inLanguage\":\"sv-SE\",\"potentialAction\":[{\"@type\":\"ReadAction\",\"target\":[\"https:\/\/andersadlercreutz.fi\/blog\/undervisning\/adlercreutz-nyland-behover-fler-hogskoleplatser\/\"]}]},{\"@type\":\"BreadcrumbList\",\"@id\":\"https:\/\/andersadlercreutz.fi\/blog\/undervisning\/adlercreutz-nyland-behover-fler-hogskoleplatser\/#breadcrumb\",\"itemListElement\":[{\"@type\":\"ListItem\",\"position\":1,\"name\":\"Home\",\"item\":\"https:\/\/andersadlercreutz.fi\/blog\/blogg\/?lang=sv\"},{\"@type\":\"ListItem\",\"position\":2,\"name\":\"Adlercreutz: Nyland beh\u00f6ver fler h\u00f6gskoleplatser\"}]},{\"@type\":\"WebSite\",\"@id\":\"https:\/\/andersadlercreutz.fi\/blog\/#website\",\"url\":\"https:\/\/andersadlercreutz.fi\/blog\/\",\"name\":\"Anders Adlercreutz\",\"description\":\"Du. Jag. Vi. Kest&auml;v&auml;sti optimisti\",\"potentialAction\":[{\"@type\":\"SearchAction\",\"target\":{\"@type\":\"EntryPoint\",\"urlTemplate\":\"https:\/\/andersadlercreutz.fi\/blog\/?s={search_term_string}\"},\"query-input\":\"required name=search_term_string\"}],\"inLanguage\":\"sv-SE\"},{\"@type\":\"Person\",\"@id\":\"https:\/\/andersadlercreutz.fi\/blog\/#\/schema\/person\/47d4b72eded862b484f74bb4b3a2354f\",\"name\":\"Anders\",\"image\":{\"@type\":\"ImageObject\",\"inLanguage\":\"sv-SE\",\"@id\":\"https:\/\/andersadlercreutz.fi\/blog\/#\/schema\/person\/image\/\",\"url\":\"https:\/\/secure.gravatar.com\/avatar\/a144c9bda7a581ff6fabba169027e620?s=96&d=mm&r=g\",\"contentUrl\":\"https:\/\/secure.gravatar.com\/avatar\/a144c9bda7a581ff6fabba169027e620?s=96&d=mm&r=g\",\"caption\":\"Anders\"},\"url\":\"https:\/\/andersadlercreutz.fi\/blog\/author\/admin\/\"}]}<\/script>\n<!-- \/ Yoast SEO plugin. -->","yoast_head_json":{"title":"Adlercreutz: Nyland beh\u00f6ver fler h\u00f6gskoleplatser - Anders Adlercreutz","robots":{"index":"index","follow":"follow","max-snippet":"max-snippet:-1","max-image-preview":"max-image-preview:large","max-video-preview":"max-video-preview:-1"},"canonical":"https:\/\/andersadlercreutz.fi\/blog\/undervisning\/adlercreutz-nyland-behover-fler-hogskoleplatser\/","og_locale":"sv_SE","og_type":"article","og_title":"Adlercreutz: Nyland beh\u00f6ver fler h\u00f6gskoleplatser - Anders Adlercreutz","og_description":"Huvudstadsregionen \u00e4r enormt viktig f\u00f6r hela Finlands ekonomi. Vi har inte r\u00e5d men den hj\u00e4rnflykt vi har idag. Vi beh\u00f6ver flera h\u00f6gskoleplatser i Nyland f\u00f6r v\u00e5ra unga, s\u00e4ger\u00a0Anders\u00a0Adlercreutz, riksdagsledamot f\u00f6r SFP.\u00a0 Adlercreutz\u00a0tar upp den oj\u00e4mna f\u00f6rdelningen av h\u00f6gskoleplatser i Finland som ett stort problem.\u00a0 \u2013 I \u00f6vriga Finland har vi 0,85 h\u00f6gskoleplatser per tv\u00e5 studieplatser [&hellip;]","og_url":"https:\/\/andersadlercreutz.fi\/blog\/undervisning\/adlercreutz-nyland-behover-fler-hogskoleplatser\/","og_site_name":"Anders Adlercreutz","article_published_time":"2023-02-19T09:56:59+00:00","og_image":[{"width":1200,"height":600,"url":"https:\/\/i0.wp.com\/andersadlercreutz.fi\/blog\/wp-content\/uploads\/2020\/11\/781A6540.jpg?fit=1200%2C600&ssl=1","type":"image\/jpeg"}],"author":"Anders","twitter_card":"summary_large_image","twitter_misc":{"Skriven av":"Anders","Ber\u00e4knad l\u00e4stid":"1 minut"},"schema":{"@context":"https:\/\/schema.org","@graph":[{"@type":"WebPage","@id":"https:\/\/andersadlercreutz.fi\/blog\/undervisning\/adlercreutz-nyland-behover-fler-hogskoleplatser\/","url":"https:\/\/andersadlercreutz.fi\/blog\/undervisning\/adlercreutz-nyland-behover-fler-hogskoleplatser\/","name":"Adlercreutz: Nyland beh\u00f6ver fler h\u00f6gskoleplatser - Anders Adlercreutz","isPartOf":{"@id":"https:\/\/andersadlercreutz.fi\/blog\/#website"},"datePublished":"2023-02-19T09:56:59+00:00","dateModified":"2023-02-19T09:56:59+00:00","author":{"@id":"https:\/\/andersadlercreutz.fi\/blog\/#\/schema\/person\/47d4b72eded862b484f74bb4b3a2354f"},"breadcrumb":{"@id":"https:\/\/andersadlercreutz.fi\/blog\/undervisning\/adlercreutz-nyland-behover-fler-hogskoleplatser\/#breadcrumb"},"inLanguage":"sv-SE","potentialAction":[{"@type":"ReadAction","target":["https:\/\/andersadlercreutz.fi\/blog\/undervisning\/adlercreutz-nyland-behover-fler-hogskoleplatser\/"]}]},{"@type":"BreadcrumbList","@id":"https:\/\/andersadlercreutz.fi\/blog\/undervisning\/adlercreutz-nyland-behover-fler-hogskoleplatser\/#breadcrumb","itemListElement":[{"@type":"ListItem","position":1,"name":"Home","item":"https:\/\/andersadlercreutz.fi\/blog\/blogg\/?lang=sv"},{"@type":"ListItem","position":2,"name":"Adlercreutz: Nyland beh\u00f6ver fler h\u00f6gskoleplatser"}]},{"@type":"WebSite","@id":"https:\/\/andersadlercreutz.fi\/blog\/#website","url":"https:\/\/andersadlercreutz.fi\/blog\/","name":"Anders Adlercreutz","description":"Du. Jag. Vi. Kest&auml;v&auml;sti optimisti","potentialAction":[{"@type":"SearchAction","target":{"@type":"EntryPoint","urlTemplate":"https:\/\/andersadlercreutz.fi\/blog\/?s={search_term_string}"},"query-input":"required name=search_term_string"}],"inLanguage":"sv-SE"},{"@type":"Person","@id":"https:\/\/andersadlercreutz.fi\/blog\/#\/schema\/person\/47d4b72eded862b484f74bb4b3a2354f","name":"Anders","image":{"@type":"ImageObject","inLanguage":"sv-SE","@id":"https:\/\/andersadlercreutz.fi\/blog\/#\/schema\/person\/image\/","url":"https:\/\/secure.gravatar.com\/avatar\/a144c9bda7a581ff6fabba169027e620?s=96&d=mm&r=g","contentUrl":"https:\/\/secure.gravatar.com\/avatar\/a144c9bda7a581ff6fabba169027e620?s=96&d=mm&r=g","caption":"Anders"},"url":"https:\/\/andersadlercreutz.fi\/blog\/author\/admin\/"}]}},"jetpack_featured_media_url":"https:\/\/i0.wp.com\/andersadlercreutz.fi\/blog\/wp-content\/uploads\/2020\/11\/781A6540.jpg?fit=1200%2C600&ssl=1","jetpack_shortlink":"https:\/\/wp.me\/p4T6Dh-24h","jetpack_sharing_enabled":true,"_links":{"self":[{"href":"https:\/\/andersadlercreutz.fi\/blog\/wp-json\/wp\/v2\/posts\/7953"}],"collection":[{"href":"https:\/\/andersadlercreutz.fi\/blog\/wp-json\/wp\/v2\/posts"}],"about":[{"href":"https:\/\/andersadlercreutz.fi\/blog\/wp-json\/wp\/v2\/types\/post"}],"author":[{"embeddable":true,"href":"https:\/\/andersadlercreutz.fi\/blog\/wp-json\/wp\/v2\/users\/1"}],"replies":[{"embeddable":true,"href":"https:\/\/andersadlercreutz.fi\/blog\/wp-json\/wp\/v2\/comments?post=7953"}],"version-history":[{"count":3,"href":"https:\/\/andersadlercreutz.fi\/blog\/wp-json\/wp\/v2\/posts\/7953\/revisions"}],"predecessor-version":[{"id":7956,"href":"https:\/\/andersadlercreutz.fi\/blog\/wp-json\/wp\/v2\/posts\/7953\/revisions\/7956"}],"wp:featuredmedia":[{"embeddable":true,"href":"https:\/\/andersadlercreutz.fi\/blog\/wp-json\/wp\/v2\/media\/6675"}],"wp:attachment":[{"href":"https:\/\/andersadlercreutz.fi\/blog\/wp-json\/wp\/v2\/media?parent=7953"}],"wp:term":[{"taxonomy":"category","embeddable":true,"href":"https:\/\/andersadlercreutz.fi\/blog\/wp-json\/wp\/v2\/categories?post=7953"},{"taxonomy":"post_tag","embeddable":true,"href":"https:\/\/andersadlercreutz.fi\/blog\/wp-json\/wp\/v2\/tags?post=7953"}],"curies":[{"name":"wp","href":"https:\/\/api.w.org\/{rel}","templated":true}]}}