{"id":8095,"date":"2023-03-06T15:59:56","date_gmt":"2023-03-06T13:59:56","guid":{"rendered":"https:\/\/andersadlercreutz.fi\/blog\/?p=8095"},"modified":"2023-03-06T15:59:56","modified_gmt":"2023-03-06T13:59:56","slug":"adlercreutz-troskeln-for-foretagsamhet-maste-sankas","status":"publish","type":"post","link":"https:\/\/andersadlercreutz.fi\/blog\/blogg\/adlercreutz-troskeln-for-foretagsamhet-maste-sankas\/","title":{"rendered":"Adlercreutz: Tr\u00f6skeln f\u00f6r f\u00f6retagsamhet m\u00e5ste s\u00e4nkas."},"content":{"rendered":"<div class=\"excerpt\">\n<p>Det \u00e4r dags att inse att arbetslivet lever i en f\u00f6r\u00e4ndring. Vi beh\u00f6ver en kombinationsf\u00f6rs\u00e4kring som t\u00e4cker b\u00e5de egenf\u00f6retagare och anst\u00e4llda, s\u00e4ger riksdagsledamot Anders Adlercreutz.<\/p>\n<\/div>\n<div class=\"resizable\">\n<p>-Idag kan man byta yrke flera g\u00e5nger under sin arbetskarri\u00e4r och framf\u00f6rallt kan man byta roll flera g\u00e5nger. Ibland \u00e4r man arbetsgivare, ibland arbetstagare. Emellan\u00e5t \u00e4r man f\u00f6retagare, emellan\u00e5t arbetar man f\u00f6r n\u00e5gon annan. Men v\u00e5rt socialskyddssystem ser ut som det alltid gjort. Vi har skilda system f\u00f6r dem som anst\u00e4ller, och skilda f\u00f6r dem som blir anst\u00e4llda. Det h\u00e4r skapar m\u00e5nga problem och framf\u00f6rallt inflexibilitet, s\u00e4ger Adlercreutz<\/p>\n<p>Adlercreutz konstaterar att det f\u00f6r n\u00e4rvarande finns cirka 190 000 egenf\u00f6retagare i Finland.<\/p>\n<p>\u2013 Det \u00e4r p\u00e5 m\u00e5nga s\u00e4tt en positiv sak. Inst\u00e4llningen till f\u00f6retagande \u00e4r m\u00e4rkbart b\u00e4ttre idag \u00e4n den var f\u00f6r bara tjugo \u00e5r sedan. Men samtidigt \u00e4r det ett tecken p\u00e5 ett problem: m\u00e5nga av de som \u00e4r egenf\u00f6retagare g\u00f6r det av fri vilja. De vill sj\u00e4lva styra \u00f6ver sin tillvaro. Det finns \u00e4ven m\u00e5nga som g\u00f6r det f\u00f6r att alternativen \u00e4r f\u00e5. I st\u00e4llet f\u00f6r att anst\u00e4lla en person v\u00e4ljer f\u00f6retag att k\u00f6pa tj\u00e4nster av en f\u00f6retagare, eftersom man upplever att risken att anst\u00e4lla \u00e4r f\u00f6r stor, s\u00e4ger Adlercreutz.<\/p>\n<p>Adlercreutz anser att detta m\u00e5ste \u00e5tg\u00e4rdas b\u00e5de genom att reformera arbetsmarknaden och genom att g\u00f6ra det l\u00e4ttare\u00a0 att g\u00e5 fr\u00e5n f\u00f6retagare till anst\u00e4lld och vice versa.<\/p>\n<p>-Det m\u00e5ste bli l\u00e4ttare och framf\u00f6rallt attraktivare att anst\u00e4lla. Det \u00e4r en del av l\u00f6sningen. Men vi m\u00e5ste ocks\u00e5 bryta upp de silon vi har. SFP har l\u00e4nge talat f\u00f6r en kombinationsf\u00f6rs\u00e4kring som en l\u00f6sning till problemet. En f\u00f6rs\u00e4kring, som best\u00e5r \u00e4ven om man tar steget fr\u00e5n f\u00f6retagare till anst\u00e4lld eller tv\u00e4rtom. M\u00e5nga \u00e4r r\u00e4dda f\u00f6r att starta ett f\u00f6retag av r\u00e4dsla f\u00f6r att f\u00f6rlora sina f\u00f6rm\u00e5ner. Det h\u00e4r skulle \u00e5tg\u00e4rda det som idag skapar tr\u00f6ghet p\u00e5 marknaden,\u00a0 s\u00e4ger Adlercreutz.<\/p>\n<p>\u2013 Vi har inte r\u00e5d med ett system som inte erk\u00e4nner den verklighet vi lever i. V\u00e4rlden har f\u00f6r\u00e4ndrats. Den verklighet, i vilken man vandrar in genom en fabriksport som tjugon\u00e5gonting gammal och ut i pensionslivet som 60-plussare, finns inte mera. V\u00e5rt socialskyddssystem m\u00e5ste b\u00f6rja k\u00e4nna igen det h\u00e4r, s\u00e4ger Adlercreutz.<\/p>\n<\/div>\n","protected":false},"excerpt":{"rendered":"<p>Det \u00e4r dags att inse att arbetslivet lever i en f\u00f6r\u00e4ndring. Vi beh\u00f6ver en kombinationsf\u00f6rs\u00e4kring som t\u00e4cker b\u00e5de egenf\u00f6retagare och anst\u00e4llda, s\u00e4ger riksdagsledamot Anders Adlercreutz. -Idag kan man byta yrke flera g\u00e5nger under sin arbetskarri\u00e4r och framf\u00f6rallt kan man byta roll flera g\u00e5nger. Ibland \u00e4r man arbetsgivare, ibland arbetstagare. Emellan\u00e5t \u00e4r man f\u00f6retagare, emellan\u00e5t arbetar [&hellip;]<\/p>\n","protected":false},"author":1,"featured_media":8022,"comment_status":"open","ping_status":"open","sticky":false,"template":"","format":"standard","meta":{"jetpack_post_was_ever_published":false,"_jetpack_newsletter_access":"","jetpack_publicize_message":"","jetpack_is_tweetstorm":false,"jetpack_publicize_feature_enabled":true,"jetpack_social_post_already_shared":true,"jetpack_social_options":{"image_generator_settings":{"template":"highway","enabled":false}}},"categories":[45,131,105,72,114,64,63],"tags":[],"jetpack_publicize_connections":[],"yoast_head":"<!-- This site is optimized with the Yoast SEO plugin v20.12 - https:\/\/yoast.com\/wordpress\/plugins\/seo\/ -->\n<title>Adlercreutz: Tr\u00f6skeln f\u00f6r f\u00f6retagsamhet m\u00e5ste s\u00e4nkas. - Anders Adlercreutz<\/title>\n<meta name=\"robots\" content=\"index, follow, max-snippet:-1, max-image-preview:large, max-video-preview:-1\" \/>\n<link rel=\"canonical\" href=\"https:\/\/andersadlercreutz.fi\/blog\/blogg\/adlercreutz-troskeln-for-foretagsamhet-maste-sankas\/\" \/>\n<meta property=\"og:locale\" content=\"sv_SE\" \/>\n<meta property=\"og:type\" content=\"article\" \/>\n<meta property=\"og:title\" content=\"Adlercreutz: Tr\u00f6skeln f\u00f6r f\u00f6retagsamhet m\u00e5ste s\u00e4nkas. - Anders Adlercreutz\" \/>\n<meta property=\"og:description\" content=\"Det \u00e4r dags att inse att arbetslivet lever i en f\u00f6r\u00e4ndring. Vi beh\u00f6ver en kombinationsf\u00f6rs\u00e4kring som t\u00e4cker b\u00e5de egenf\u00f6retagare och anst\u00e4llda, s\u00e4ger riksdagsledamot Anders Adlercreutz. -Idag kan man byta yrke flera g\u00e5nger under sin arbetskarri\u00e4r och framf\u00f6rallt kan man byta roll flera g\u00e5nger. Ibland \u00e4r man arbetsgivare, ibland arbetstagare. Emellan\u00e5t \u00e4r man f\u00f6retagare, emellan\u00e5t arbetar [&hellip;]\" \/>\n<meta property=\"og:url\" content=\"https:\/\/andersadlercreutz.fi\/blog\/blogg\/adlercreutz-troskeln-for-foretagsamhet-maste-sankas\/\" \/>\n<meta property=\"og:site_name\" content=\"Anders Adlercreutz\" \/>\n<meta property=\"article:published_time\" content=\"2023-03-06T13:59:56+00:00\" \/>\n<meta property=\"og:image\" content=\"https:\/\/i0.wp.com\/andersadlercreutz.fi\/blog\/wp-content\/uploads\/2023\/02\/AndersA-6428-stor.jpeg?fit=1280%2C853&ssl=1\" \/>\n\t<meta property=\"og:image:width\" content=\"1280\" \/>\n\t<meta property=\"og:image:height\" content=\"853\" \/>\n\t<meta property=\"og:image:type\" content=\"image\/jpeg\" \/>\n<meta name=\"author\" content=\"Anders\" \/>\n<meta name=\"twitter:card\" content=\"summary_large_image\" \/>\n<meta name=\"twitter:label1\" content=\"Skriven av\" \/>\n\t<meta name=\"twitter:data1\" content=\"Anders\" \/>\n\t<meta name=\"twitter:label2\" content=\"Ber\u00e4knad l\u00e4stid\" \/>\n\t<meta name=\"twitter:data2\" content=\"2 minuter\" \/>\n<script type=\"application\/ld+json\" class=\"yoast-schema-graph\">{\"@context\":\"https:\/\/schema.org\",\"@graph\":[{\"@type\":\"WebPage\",\"@id\":\"https:\/\/andersadlercreutz.fi\/blog\/blogg\/adlercreutz-troskeln-for-foretagsamhet-maste-sankas\/\",\"url\":\"https:\/\/andersadlercreutz.fi\/blog\/blogg\/adlercreutz-troskeln-for-foretagsamhet-maste-sankas\/\",\"name\":\"Adlercreutz: Tr\u00f6skeln f\u00f6r f\u00f6retagsamhet m\u00e5ste s\u00e4nkas. - Anders Adlercreutz\",\"isPartOf\":{\"@id\":\"https:\/\/andersadlercreutz.fi\/blog\/#website\"},\"datePublished\":\"2023-03-06T13:59:56+00:00\",\"dateModified\":\"2023-03-06T13:59:56+00:00\",\"author\":{\"@id\":\"https:\/\/andersadlercreutz.fi\/blog\/#\/schema\/person\/47d4b72eded862b484f74bb4b3a2354f\"},\"breadcrumb\":{\"@id\":\"https:\/\/andersadlercreutz.fi\/blog\/blogg\/adlercreutz-troskeln-for-foretagsamhet-maste-sankas\/#breadcrumb\"},\"inLanguage\":\"sv-SE\",\"potentialAction\":[{\"@type\":\"ReadAction\",\"target\":[\"https:\/\/andersadlercreutz.fi\/blog\/blogg\/adlercreutz-troskeln-for-foretagsamhet-maste-sankas\/\"]}]},{\"@type\":\"BreadcrumbList\",\"@id\":\"https:\/\/andersadlercreutz.fi\/blog\/blogg\/adlercreutz-troskeln-for-foretagsamhet-maste-sankas\/#breadcrumb\",\"itemListElement\":[{\"@type\":\"ListItem\",\"position\":1,\"name\":\"Home\",\"item\":\"https:\/\/andersadlercreutz.fi\/blog\/blogg\/?lang=sv\"},{\"@type\":\"ListItem\",\"position\":2,\"name\":\"Adlercreutz: Tr\u00f6skeln f\u00f6r f\u00f6retagsamhet m\u00e5ste s\u00e4nkas.\"}]},{\"@type\":\"WebSite\",\"@id\":\"https:\/\/andersadlercreutz.fi\/blog\/#website\",\"url\":\"https:\/\/andersadlercreutz.fi\/blog\/\",\"name\":\"Anders Adlercreutz\",\"description\":\"Du. Jag. Vi. Kest&auml;v&auml;sti optimisti\",\"potentialAction\":[{\"@type\":\"SearchAction\",\"target\":{\"@type\":\"EntryPoint\",\"urlTemplate\":\"https:\/\/andersadlercreutz.fi\/blog\/?s={search_term_string}\"},\"query-input\":\"required name=search_term_string\"}],\"inLanguage\":\"sv-SE\"},{\"@type\":\"Person\",\"@id\":\"https:\/\/andersadlercreutz.fi\/blog\/#\/schema\/person\/47d4b72eded862b484f74bb4b3a2354f\",\"name\":\"Anders\",\"image\":{\"@type\":\"ImageObject\",\"inLanguage\":\"sv-SE\",\"@id\":\"https:\/\/andersadlercreutz.fi\/blog\/#\/schema\/person\/image\/\",\"url\":\"https:\/\/secure.gravatar.com\/avatar\/a144c9bda7a581ff6fabba169027e620?s=96&d=mm&r=g\",\"contentUrl\":\"https:\/\/secure.gravatar.com\/avatar\/a144c9bda7a581ff6fabba169027e620?s=96&d=mm&r=g\",\"caption\":\"Anders\"},\"url\":\"https:\/\/andersadlercreutz.fi\/blog\/author\/admin\/\"}]}<\/script>\n<!-- \/ Yoast SEO plugin. -->","yoast_head_json":{"title":"Adlercreutz: Tr\u00f6skeln f\u00f6r f\u00f6retagsamhet m\u00e5ste s\u00e4nkas. - Anders Adlercreutz","robots":{"index":"index","follow":"follow","max-snippet":"max-snippet:-1","max-image-preview":"max-image-preview:large","max-video-preview":"max-video-preview:-1"},"canonical":"https:\/\/andersadlercreutz.fi\/blog\/blogg\/adlercreutz-troskeln-for-foretagsamhet-maste-sankas\/","og_locale":"sv_SE","og_type":"article","og_title":"Adlercreutz: Tr\u00f6skeln f\u00f6r f\u00f6retagsamhet m\u00e5ste s\u00e4nkas. - Anders Adlercreutz","og_description":"Det \u00e4r dags att inse att arbetslivet lever i en f\u00f6r\u00e4ndring. Vi beh\u00f6ver en kombinationsf\u00f6rs\u00e4kring som t\u00e4cker b\u00e5de egenf\u00f6retagare och anst\u00e4llda, s\u00e4ger riksdagsledamot Anders Adlercreutz. -Idag kan man byta yrke flera g\u00e5nger under sin arbetskarri\u00e4r och framf\u00f6rallt kan man byta roll flera g\u00e5nger. Ibland \u00e4r man arbetsgivare, ibland arbetstagare. Emellan\u00e5t \u00e4r man f\u00f6retagare, emellan\u00e5t arbetar [&hellip;]","og_url":"https:\/\/andersadlercreutz.fi\/blog\/blogg\/adlercreutz-troskeln-for-foretagsamhet-maste-sankas\/","og_site_name":"Anders Adlercreutz","article_published_time":"2023-03-06T13:59:56+00:00","og_image":[{"width":1280,"height":853,"url":"https:\/\/i0.wp.com\/andersadlercreutz.fi\/blog\/wp-content\/uploads\/2023\/02\/AndersA-6428-stor.jpeg?fit=1280%2C853&ssl=1","type":"image\/jpeg"}],"author":"Anders","twitter_card":"summary_large_image","twitter_misc":{"Skriven av":"Anders","Ber\u00e4knad l\u00e4stid":"2 minuter"},"schema":{"@context":"https:\/\/schema.org","@graph":[{"@type":"WebPage","@id":"https:\/\/andersadlercreutz.fi\/blog\/blogg\/adlercreutz-troskeln-for-foretagsamhet-maste-sankas\/","url":"https:\/\/andersadlercreutz.fi\/blog\/blogg\/adlercreutz-troskeln-for-foretagsamhet-maste-sankas\/","name":"Adlercreutz: Tr\u00f6skeln f\u00f6r f\u00f6retagsamhet m\u00e5ste s\u00e4nkas. - Anders Adlercreutz","isPartOf":{"@id":"https:\/\/andersadlercreutz.fi\/blog\/#website"},"datePublished":"2023-03-06T13:59:56+00:00","dateModified":"2023-03-06T13:59:56+00:00","author":{"@id":"https:\/\/andersadlercreutz.fi\/blog\/#\/schema\/person\/47d4b72eded862b484f74bb4b3a2354f"},"breadcrumb":{"@id":"https:\/\/andersadlercreutz.fi\/blog\/blogg\/adlercreutz-troskeln-for-foretagsamhet-maste-sankas\/#breadcrumb"},"inLanguage":"sv-SE","potentialAction":[{"@type":"ReadAction","target":["https:\/\/andersadlercreutz.fi\/blog\/blogg\/adlercreutz-troskeln-for-foretagsamhet-maste-sankas\/"]}]},{"@type":"BreadcrumbList","@id":"https:\/\/andersadlercreutz.fi\/blog\/blogg\/adlercreutz-troskeln-for-foretagsamhet-maste-sankas\/#breadcrumb","itemListElement":[{"@type":"ListItem","position":1,"name":"Home","item":"https:\/\/andersadlercreutz.fi\/blog\/blogg\/?lang=sv"},{"@type":"ListItem","position":2,"name":"Adlercreutz: Tr\u00f6skeln f\u00f6r f\u00f6retagsamhet m\u00e5ste s\u00e4nkas."}]},{"@type":"WebSite","@id":"https:\/\/andersadlercreutz.fi\/blog\/#website","url":"https:\/\/andersadlercreutz.fi\/blog\/","name":"Anders Adlercreutz","description":"Du. Jag. Vi. Kest&auml;v&auml;sti optimisti","potentialAction":[{"@type":"SearchAction","target":{"@type":"EntryPoint","urlTemplate":"https:\/\/andersadlercreutz.fi\/blog\/?s={search_term_string}"},"query-input":"required name=search_term_string"}],"inLanguage":"sv-SE"},{"@type":"Person","@id":"https:\/\/andersadlercreutz.fi\/blog\/#\/schema\/person\/47d4b72eded862b484f74bb4b3a2354f","name":"Anders","image":{"@type":"ImageObject","inLanguage":"sv-SE","@id":"https:\/\/andersadlercreutz.fi\/blog\/#\/schema\/person\/image\/","url":"https:\/\/secure.gravatar.com\/avatar\/a144c9bda7a581ff6fabba169027e620?s=96&d=mm&r=g","contentUrl":"https:\/\/secure.gravatar.com\/avatar\/a144c9bda7a581ff6fabba169027e620?s=96&d=mm&r=g","caption":"Anders"},"url":"https:\/\/andersadlercreutz.fi\/blog\/author\/admin\/"}]}},"jetpack_featured_media_url":"https:\/\/i0.wp.com\/andersadlercreutz.fi\/blog\/wp-content\/uploads\/2023\/02\/AndersA-6428-stor.jpeg?fit=1280%2C853&ssl=1","jetpack_shortlink":"https:\/\/wp.me\/p4T6Dh-26z","jetpack_sharing_enabled":true,"_links":{"self":[{"href":"https:\/\/andersadlercreutz.fi\/blog\/wp-json\/wp\/v2\/posts\/8095"}],"collection":[{"href":"https:\/\/andersadlercreutz.fi\/blog\/wp-json\/wp\/v2\/posts"}],"about":[{"href":"https:\/\/andersadlercreutz.fi\/blog\/wp-json\/wp\/v2\/types\/post"}],"author":[{"embeddable":true,"href":"https:\/\/andersadlercreutz.fi\/blog\/wp-json\/wp\/v2\/users\/1"}],"replies":[{"embeddable":true,"href":"https:\/\/andersadlercreutz.fi\/blog\/wp-json\/wp\/v2\/comments?post=8095"}],"version-history":[{"count":2,"href":"https:\/\/andersadlercreutz.fi\/blog\/wp-json\/wp\/v2\/posts\/8095\/revisions"}],"predecessor-version":[{"id":8097,"href":"https:\/\/andersadlercreutz.fi\/blog\/wp-json\/wp\/v2\/posts\/8095\/revisions\/8097"}],"wp:featuredmedia":[{"embeddable":true,"href":"https:\/\/andersadlercreutz.fi\/blog\/wp-json\/wp\/v2\/media\/8022"}],"wp:attachment":[{"href":"https:\/\/andersadlercreutz.fi\/blog\/wp-json\/wp\/v2\/media?parent=8095"}],"wp:term":[{"taxonomy":"category","embeddable":true,"href":"https:\/\/andersadlercreutz.fi\/blog\/wp-json\/wp\/v2\/categories?post=8095"},{"taxonomy":"post_tag","embeddable":true,"href":"https:\/\/andersadlercreutz.fi\/blog\/wp-json\/wp\/v2\/tags?post=8095"}],"curies":[{"name":"wp","href":"https:\/\/api.w.org\/{rel}","templated":true}]}}