{"id":8245,"date":"2023-03-19T12:31:09","date_gmt":"2023-03-19T10:31:09","guid":{"rendered":"https:\/\/andersadlercreutz.fi\/blog\/?p=8245"},"modified":"2023-03-19T15:21:08","modified_gmt":"2023-03-19T13:21:08","slug":"ketterat-yritykset-ovat-tulevaisuuden-voittajia","status":"publish","type":"post","link":"https:\/\/andersadlercreutz.fi\/blog\/kestava-kehitys\/ketterat-yritykset-ovat-tulevaisuuden-voittajia\/?lang=fi","title":{"rendered":"Ketter\u00e4t yritykset ovat tulevaisuuden voittajia"},"content":{"rendered":"<p style=\"font-weight: 400;\"><em>Tulevalla eduskuntakaudella p\u00e4\u00e4tt\u00e4jill\u00e4 tulee olemaan pitk\u00e4 lista haasteita ratkottavanaan. Ven\u00e4j\u00e4n hy\u00f6kk\u00e4ys Ukrainaan reilu vuosi sitten on johtanut siihen, ett\u00e4 niin valtiot kuin yritykset pohtivat riippuvuuttaan suurvalloista, my\u00f6s Kiinasta. Taloudellinen tilanteemme on haastava velkataakan kasvettua merkitt\u00e4v\u00e4ksi. My\u00f6s ilmastonmuutos vaatii ripeit\u00e4 toimia. Suomella on kuitenkin monia vahvuuksia, jotka auttava haasteiden kampittamisessa. Keskustelin niist\u00e4 Kone Oyj:n hallituksen puheenjohtaja Antti Herlinin kanssa.<\/em><\/p>\n<p style=\"font-weight: 400;\"><em>Viime vuodet ovat olleet Euroopalle ja Suomelle monella tapaa haastavia: ensin tuli koronakriisi, sen j\u00e4lkeen Ven\u00e4j\u00e4n brutaali hy\u00f6kk\u00e4ys Ukrainaan ja kaiken p\u00e4\u00e4lle viel\u00e4 energiakriisi. Miten sin\u00e4 n\u00e4et Suomen ja maailman tilanteen t\u00e4ll\u00e4 hetkell\u00e4?<\/em><\/p>\n<p style=\"font-weight: 400;\"><em>Meill\u00e4 on edess\u00e4mme todella monia haasteita. Tulee olemaan mielenkiintoista n\u00e4hd\u00e4, mitk\u00e4 n\u00e4ist\u00e4 haasteista pystyt\u00e4\u00e4n ratkomaan tulevalla hallituskaudella. Valtava velkam\u00e4\u00e4r\u00e4mme on tietenkin iso asia. Kasvavan inflaation ja korkojen nousujen my\u00f6t\u00e4 se tulee olemaan Suomelle merkitt\u00e4v\u00e4 kysymys.<\/em><\/p>\n<p style=\"font-weight: 400;\">&#8211; Viime vuonna k\u00e4vin alkukes\u00e4st\u00e4 Yhdysvalloissa ja tapasin siell\u00e4 maailmankuulun ekonomistin, Intian keskuspankin entisen p\u00e4\u00e4johtajan Raghuram Rajanin, joka nyky\u00e4\u00e4n toimii Chicagon yliopistossa professorina. H\u00e4n ei n\u00e4hnyt maailmantalouden tilassa valoa oikein miss\u00e4\u00e4n. Oli kuitenkin yksi positiivinen asia, jonka h\u00e4n l\u00e4hitulevaisuudessa n\u00e4ki: vihre\u00e4\u00e4n siirtym\u00e4\u00e4n liittyv\u00e4t investoinnit.<\/p>\n<p style=\"font-weight: 400;\"><em>Vihre\u00e4 siirtym\u00e4 onkin suomalaisessa poliittisessa keskustelussa aihe, joka saattaa her\u00e4tt\u00e4\u00e4 tunteita, sill\u00e4 se asetetaan usein vastakkain talouden ja yritysmaailman intressien kanssa. Vuonna 2014 olit mukana perustamassa Climate Leadership Coalitionia, joka on t\u00e4n\u00e4 p\u00e4iv\u00e4n\u00e4 Euroopan suurin ilmasto-businessverkosto ja jonka yritysj\u00e4senten markkina-arvo edustaa melkein 70 prosenttia Helsingin p\u00f6rssin markkina-arvosta. Mink\u00e4laisena sin\u00e4 n\u00e4et vastakkainasettelun talouden ja ilmastotoimien tai teollisuuden ja vihre\u00e4n siirtym\u00e4n v\u00e4lill\u00e4?<\/em><\/p>\n<p style=\"font-weight: 400;\">&#8211; Minun mielest\u00e4ni se on aivan dorka ajatus! En ole v\u00e4ltt\u00e4m\u00e4tt\u00e4 ihan samaa mielt\u00e4 esimerkiksi siit\u00e4, ett\u00e4 tarvitsemme vihre\u00e4\u00e4 klusteria, koska se syntyy v\u00e4kisin. Kaikkien alojen pit\u00e4\u00e4 muuttaa toimintatapojaan. Ei ymp\u00e4rist\u00f6teknologiaa <em>per se<\/em> ole olemassa, vaan kaikkien alojen pit\u00e4\u00e4 ottaa ymp\u00e4rist\u00f6 huomioon enemm\u00e4n, kuin mit\u00e4 t\u00e4h\u00e4n asti on tehty. T\u00e4m\u00e4 johtuu siit\u00e4, ett\u00e4 planeetan rajat on monelta osin jo ylitetty.<\/p>\n<blockquote>\n<p style=\"font-weight: 400;\">Kaikki, jotka ovat bisneksess\u00e4 mukana tiet\u00e4v\u00e4t, ett\u00e4 ne yritykset, jotka pystyv\u00e4t sopeutumaan oikea-aikaisesti ja ketter\u00e4sti uusiin toimintatapoihin, ovat tulevaisuuden voittajia.<\/p>\n<\/blockquote>\n<p style=\"font-weight: 400;\">&#8211; Jos esimerkiksi Koneen hissit tehd\u00e4\u00e4n pienemm\u00e4ll\u00e4 materiaalim\u00e4\u00e4r\u00e4ll\u00e4, niin se on my\u00f6s ymp\u00e4rist\u00f6lle hyv\u00e4 asia. Se, ett\u00e4 katsoo v\u00e4h\u00e4n pidemm\u00e4lle, on ainoa j\u00e4rkev\u00e4 tapa johtaa bisnest\u00e4.<\/p>\n<p style=\"font-weight: 400;\"><em>Voi hyv\u00e4ll\u00e4 syyll\u00e4 sanoa, ett\u00e4 Suomi teki virheit\u00e4, kun tuulivoimasta oli tulossa iso toimiala. Olimme silloin Tanskan kanssa aika samoilla linjoilla, mutta t\u00e4\u00e4ll\u00e4 tuulivoimaa ei edistetty, kun taas Tanskassa n\u00e4in tehtiin. Nyt kaikki isot globaalit toimijat ovat siell\u00e4.<\/em><\/p>\n<p style=\"font-weight: 400;\"><em>Jos v\u00e4it\u00e4n, ett\u00e4 meid\u00e4n kannattaisi luoda Suomeen rohkea kokeiluymp\u00e4rist\u00f6, jossa toteutetaan kunnianhimoisesti vihre\u00e4n siirtym\u00e4n ratkaisuja, niin oletko kanssani samoilla linjoilla?<\/em><\/p>\n<p style=\"font-weight: 400;\">&#8211; Ilman muuta t\u00e4ss\u00e4 kannattaa olla etulinjassa. N\u00e4m\u00e4 ovat loppujen lopuksi maanl\u00e4heisi\u00e4 asioita. Koneella ajattelutapamme muuttui ymp\u00e4rist\u00f6asioita koskien merkitt\u00e4v\u00e4ll\u00e4 tavalla 90-luvun puoliv\u00e4liss\u00e4. Silloin meille tuli uusi nostolaite, joka kulutti alle puolet siit\u00e4 energiam\u00e4\u00e4r\u00e4st\u00e4, mink\u00e4 muut hissit siihen aikaan kuluttivat. Me huomasimme, kuinka hyv\u00e4 myyntivaltti se oli. Sen j\u00e4lkeen olemme keskittyneet yh\u00e4 enemm\u00e4n energiatehokkuuteen. Nyt olemme tilanteessa, jossa t\u00e4m\u00e4n p\u00e4iv\u00e4n standardihissi kuluttaa alle kymmenen prosenttia 90-luvun alun standardihissin k\u00e4ytt\u00e4m\u00e4st\u00e4 energiam\u00e4\u00e4r\u00e4st\u00e4. Ja on se tietenkin muutenkin todella paljon parempi.<\/p>\n<p style=\"font-weight: 400;\"><em>Me el\u00e4mme v\u00e4\u00e4j\u00e4\u00e4m\u00e4tt\u00e4 keskin\u00e4isriippuvaisessa maailmassa, jossa valtioilla ja yrityksill\u00e4 on yh\u00e4 vaikeampaa irrottautua kokonaan suurista teollisuusmaista, kuten Kiinasta. T\u00e4h\u00e4n linkittyy vahvasti my\u00f6s kysymys siit\u00e4, miten Eurooppa pystyy turvaamaan omat tarpeensa ja esimerkiksi strategisen infrastruktuurinsa kansainv\u00e4lisen kaupank\u00e4ynnin n\u00e4k\u00f6kulmasta. Oma kysymyksens\u00e4 on my\u00f6s hiilitullit sek\u00e4 tarve saada Kiinan mukaan ilmastonmuutoksen vastaiseen ty\u00f6h\u00f6n. Miten n\u00e4et Euroopan ja Kiinan v\u00e4lisen suhteen tulevaisuudessa?<\/em><\/p>\n<p style=\"font-weight: 400;\">&#8211; Jonkinlaista irrottautumista Kiinasta tapahtuu koko ajan. Koneellakin mietimme skenaarioita, joissa Kiina olisi yht\u00e4kki\u00e4 irrallaan muusta maailmantaloudesta. Me olemme esimerkiksi \u00e4skett\u00e4in l\u00e4hett\u00e4neet ensimm\u00e4isi\u00e4 komponentteja Intiasta Yhdysvaltoihin. T\u00e4h\u00e4n asti niit\u00e4 l\u00e4hti pelk\u00e4st\u00e4\u00e4n Kiinasta. Monet muut teollisuudenalat tekev\u00e4t samalla tavalla, ja sek\u00e4 Kiina-riippuvuus ett\u00e4 sinne teht\u00e4v\u00e4t investoinnit tulevat uskoakseni v\u00e4henem\u00e4\u00e4n. Kiina ei ole en\u00e4\u00e4 samalla tavalla maailman tehdas, mutta samalla kun alamme tuottamaan asioita Euroopassa, meid\u00e4n on teht\u00e4v\u00e4 kompromisseja jossain asioissa. Usein se on tuotteiden kustannuksissa. T\u00e4m\u00e4kin on yksi globaalia inflaatiota ajava seikka. Mutta emmeh\u00e4n me t\u00e4\u00e4ll\u00e4 Euroopassa voida muutakaan tehd\u00e4.<\/p>\n<p style=\"font-weight: 400;\"><em>Kone on iso toimija kansainv\u00e4lisell\u00e4 tasolla, mutta jos ajattelemme Konetta ja suomalaisuutta, niin mill\u00e4 tavalla katsot Suomen valtiontalouden kehityst\u00e4? Onko sill\u00e4 Koneelle merkityst\u00e4?<\/em><\/p>\n<p style=\"font-weight: 400;\">&#8211; Kyll\u00e4 Suomen menestyminen on Koneelle t\u00e4rke\u00e4\u00e4, vaikka Suomi onkin meille todella pieni markkina. Ja totta kai sill\u00e4 on my\u00f6s minulle suomalaisena suuri merkitys. Suomi on ainoa maa, jossa Kone on v\u00e4h\u00e4n erilainen firma \u2013 kaikkialla muualla maailmassa olemme ulkomainen yritys, joka ei ehk\u00e4 ole niin kiinnostava kuin jokin kotimainen yritys. Suomessa me olemme erityinen ja esimerkiksi haluttu ty\u00f6nantaja. Siksi meille on esimerkiksi t\u00e4rke\u00e4\u00e4, ett\u00e4 koulutus on Suomessa kunnossa. Pit\u00e4\u00e4 olla hyv\u00e4 peruskoulutus, ja nyt kun PISA-tulokset ovat romahtaneet, olisi t\u00e4rke\u00e4\u00e4 katsoa taaksep\u00e4in ja mietti\u00e4, mit\u00e4 virheit\u00e4 olemme koulutuksen osalta tehneet. My\u00f6s ammattikoulutuksessa on menty huonompaan suuntaan. Meille on kaiken A ja O, ett\u00e4 Suomen koulutusj\u00e4rjestelm\u00e4 toimii. Ilman huippukoulutusta emme saa huippuosaajia \u2013 ja niit\u00e4 me tarvitsemme voidaksemme sek\u00e4 yrityksen\u00e4 ett\u00e4 kansakuntana hyvin.<\/p>\n","protected":false},"excerpt":{"rendered":"<p>Tulevalla eduskuntakaudella p\u00e4\u00e4tt\u00e4jill\u00e4 tulee olemaan pitk\u00e4 lista haasteita ratkottavanaan. Ven\u00e4j\u00e4n hy\u00f6kk\u00e4ys Ukrainaan reilu vuosi sitten on johtanut siihen, ett\u00e4 niin valtiot kuin yritykset pohtivat riippuvuuttaan suurvalloista, my\u00f6s Kiinasta. Taloudellinen tilanteemme on haastava velkataakan kasvettua merkitt\u00e4v\u00e4ksi. My\u00f6s ilmastonmuutos vaatii ripeit\u00e4 toimia. Suomella on kuitenkin monia vahvuuksia, jotka auttava haasteiden kampittamisessa. Keskustelin niist\u00e4 Kone Oyj:n hallituksen puheenjohtaja [&hellip;]<\/p>\n","protected":false},"author":1,"featured_media":8236,"comment_status":"open","ping_status":"open","sticky":false,"template":"","format":"standard","meta":{"jetpack_post_was_ever_published":false,"_jetpack_newsletter_access":"","jetpack_publicize_message":"","jetpack_is_tweetstorm":false,"jetpack_publicize_feature_enabled":true,"jetpack_social_post_already_shared":true,"jetpack_social_options":{"image_generator_settings":{"template":"highway","enabled":false}}},"categories":[18,11,80,89],"tags":[],"jetpack_publicize_connections":[],"yoast_head":"<!-- This site is optimized with the Yoast SEO plugin v20.12 - https:\/\/yoast.com\/wordpress\/plugins\/seo\/ -->\n<title>Ketter\u00e4t yritykset ovat tulevaisuuden voittajia - Anders Adlercreutz<\/title>\n<meta name=\"robots\" content=\"index, follow, max-snippet:-1, max-image-preview:large, max-video-preview:-1\" \/>\n<link rel=\"canonical\" href=\"https:\/\/andersadlercreutz.fi\/blog\/kestava-kehitys\/ketterat-yritykset-ovat-tulevaisuuden-voittajia\/\" \/>\n<meta property=\"og:locale\" content=\"sv_SE\" \/>\n<meta property=\"og:type\" content=\"article\" \/>\n<meta property=\"og:title\" content=\"Ketter\u00e4t yritykset ovat tulevaisuuden voittajia - Anders Adlercreutz\" \/>\n<meta property=\"og:description\" content=\"Tulevalla eduskuntakaudella p\u00e4\u00e4tt\u00e4jill\u00e4 tulee olemaan pitk\u00e4 lista haasteita ratkottavanaan. Ven\u00e4j\u00e4n hy\u00f6kk\u00e4ys Ukrainaan reilu vuosi sitten on johtanut siihen, ett\u00e4 niin valtiot kuin yritykset pohtivat riippuvuuttaan suurvalloista, my\u00f6s Kiinasta. Taloudellinen tilanteemme on haastava velkataakan kasvettua merkitt\u00e4v\u00e4ksi. My\u00f6s ilmastonmuutos vaatii ripeit\u00e4 toimia. Suomella on kuitenkin monia vahvuuksia, jotka auttava haasteiden kampittamisessa. Keskustelin niist\u00e4 Kone Oyj:n hallituksen puheenjohtaja [&hellip;]\" \/>\n<meta property=\"og:url\" content=\"https:\/\/andersadlercreutz.fi\/blog\/kestava-kehitys\/ketterat-yritykset-ovat-tulevaisuuden-voittajia\/?lang=fi\" \/>\n<meta property=\"og:site_name\" content=\"Anders Adlercreutz\" \/>\n<meta property=\"article:published_time\" content=\"2023-03-19T10:31:09+00:00\" \/>\n<meta property=\"article:modified_time\" content=\"2023-03-19T13:21:08+00:00\" \/>\n<meta property=\"og:image\" content=\"https:\/\/i0.wp.com\/andersadlercreutz.fi\/blog\/wp-content\/uploads\/2023\/03\/herlin-3-stor.jpeg?fit=1280%2C853&ssl=1\" \/>\n\t<meta property=\"og:image:width\" content=\"1280\" \/>\n\t<meta property=\"og:image:height\" content=\"853\" \/>\n\t<meta property=\"og:image:type\" content=\"image\/jpeg\" \/>\n<meta name=\"author\" content=\"Anders\" \/>\n<meta name=\"twitter:card\" content=\"summary_large_image\" \/>\n<meta name=\"twitter:label1\" content=\"Skriven av\" \/>\n\t<meta name=\"twitter:data1\" content=\"Anders\" \/>\n\t<meta name=\"twitter:label2\" content=\"Ber\u00e4knad l\u00e4stid\" \/>\n\t<meta name=\"twitter:data2\" content=\"5 minuter\" \/>\n<script type=\"application\/ld+json\" class=\"yoast-schema-graph\">{\"@context\":\"https:\/\/schema.org\",\"@graph\":[{\"@type\":\"WebPage\",\"@id\":\"https:\/\/andersadlercreutz.fi\/blog\/kestava-kehitys\/ketterat-yritykset-ovat-tulevaisuuden-voittajia\/?lang=fi\",\"url\":\"https:\/\/andersadlercreutz.fi\/blog\/kestava-kehitys\/ketterat-yritykset-ovat-tulevaisuuden-voittajia\/?lang=fi\",\"name\":\"Ketter\u00e4t yritykset ovat tulevaisuuden voittajia - Anders Adlercreutz\",\"isPartOf\":{\"@id\":\"https:\/\/andersadlercreutz.fi\/blog\/#website\"},\"datePublished\":\"2023-03-19T10:31:09+00:00\",\"dateModified\":\"2023-03-19T13:21:08+00:00\",\"author\":{\"@id\":\"https:\/\/andersadlercreutz.fi\/blog\/#\/schema\/person\/47d4b72eded862b484f74bb4b3a2354f\"},\"breadcrumb\":{\"@id\":\"https:\/\/andersadlercreutz.fi\/blog\/kestava-kehitys\/ketterat-yritykset-ovat-tulevaisuuden-voittajia\/?lang=fi#breadcrumb\"},\"inLanguage\":\"sv-SE\",\"potentialAction\":[{\"@type\":\"ReadAction\",\"target\":[\"https:\/\/andersadlercreutz.fi\/blog\/kestava-kehitys\/ketterat-yritykset-ovat-tulevaisuuden-voittajia\/?lang=fi\"]}]},{\"@type\":\"BreadcrumbList\",\"@id\":\"https:\/\/andersadlercreutz.fi\/blog\/kestava-kehitys\/ketterat-yritykset-ovat-tulevaisuuden-voittajia\/?lang=fi#breadcrumb\",\"itemListElement\":[{\"@type\":\"ListItem\",\"position\":1,\"name\":\"Home\",\"item\":\"https:\/\/andersadlercreutz.fi\/blog\/blogg\/?lang=sv\"},{\"@type\":\"ListItem\",\"position\":2,\"name\":\"Ketter\u00e4t yritykset ovat tulevaisuuden voittajia\"}]},{\"@type\":\"WebSite\",\"@id\":\"https:\/\/andersadlercreutz.fi\/blog\/#website\",\"url\":\"https:\/\/andersadlercreutz.fi\/blog\/\",\"name\":\"Anders Adlercreutz\",\"description\":\"Du. Jag. Vi. Kest&auml;v&auml;sti optimisti\",\"potentialAction\":[{\"@type\":\"SearchAction\",\"target\":{\"@type\":\"EntryPoint\",\"urlTemplate\":\"https:\/\/andersadlercreutz.fi\/blog\/?s={search_term_string}\"},\"query-input\":\"required name=search_term_string\"}],\"inLanguage\":\"sv-SE\"},{\"@type\":\"Person\",\"@id\":\"https:\/\/andersadlercreutz.fi\/blog\/#\/schema\/person\/47d4b72eded862b484f74bb4b3a2354f\",\"name\":\"Anders\",\"image\":{\"@type\":\"ImageObject\",\"inLanguage\":\"sv-SE\",\"@id\":\"https:\/\/andersadlercreutz.fi\/blog\/#\/schema\/person\/image\/\",\"url\":\"https:\/\/secure.gravatar.com\/avatar\/a144c9bda7a581ff6fabba169027e620?s=96&d=mm&r=g\",\"contentUrl\":\"https:\/\/secure.gravatar.com\/avatar\/a144c9bda7a581ff6fabba169027e620?s=96&d=mm&r=g\",\"caption\":\"Anders\"},\"url\":\"https:\/\/andersadlercreutz.fi\/blog\/author\/admin\/\"}]}<\/script>\n<!-- \/ Yoast SEO plugin. -->","yoast_head_json":{"title":"Ketter\u00e4t yritykset ovat tulevaisuuden voittajia - Anders Adlercreutz","robots":{"index":"index","follow":"follow","max-snippet":"max-snippet:-1","max-image-preview":"max-image-preview:large","max-video-preview":"max-video-preview:-1"},"canonical":"https:\/\/andersadlercreutz.fi\/blog\/kestava-kehitys\/ketterat-yritykset-ovat-tulevaisuuden-voittajia\/","og_locale":"sv_SE","og_type":"article","og_title":"Ketter\u00e4t yritykset ovat tulevaisuuden voittajia - Anders Adlercreutz","og_description":"Tulevalla eduskuntakaudella p\u00e4\u00e4tt\u00e4jill\u00e4 tulee olemaan pitk\u00e4 lista haasteita ratkottavanaan. Ven\u00e4j\u00e4n hy\u00f6kk\u00e4ys Ukrainaan reilu vuosi sitten on johtanut siihen, ett\u00e4 niin valtiot kuin yritykset pohtivat riippuvuuttaan suurvalloista, my\u00f6s Kiinasta. Taloudellinen tilanteemme on haastava velkataakan kasvettua merkitt\u00e4v\u00e4ksi. My\u00f6s ilmastonmuutos vaatii ripeit\u00e4 toimia. Suomella on kuitenkin monia vahvuuksia, jotka auttava haasteiden kampittamisessa. Keskustelin niist\u00e4 Kone Oyj:n hallituksen puheenjohtaja [&hellip;]","og_url":"https:\/\/andersadlercreutz.fi\/blog\/kestava-kehitys\/ketterat-yritykset-ovat-tulevaisuuden-voittajia\/?lang=fi","og_site_name":"Anders Adlercreutz","article_published_time":"2023-03-19T10:31:09+00:00","article_modified_time":"2023-03-19T13:21:08+00:00","og_image":[{"width":1280,"height":853,"url":"https:\/\/i0.wp.com\/andersadlercreutz.fi\/blog\/wp-content\/uploads\/2023\/03\/herlin-3-stor.jpeg?fit=1280%2C853&ssl=1","type":"image\/jpeg"}],"author":"Anders","twitter_card":"summary_large_image","twitter_misc":{"Skriven av":"Anders","Ber\u00e4knad l\u00e4stid":"5 minuter"},"schema":{"@context":"https:\/\/schema.org","@graph":[{"@type":"WebPage","@id":"https:\/\/andersadlercreutz.fi\/blog\/kestava-kehitys\/ketterat-yritykset-ovat-tulevaisuuden-voittajia\/?lang=fi","url":"https:\/\/andersadlercreutz.fi\/blog\/kestava-kehitys\/ketterat-yritykset-ovat-tulevaisuuden-voittajia\/?lang=fi","name":"Ketter\u00e4t yritykset ovat tulevaisuuden voittajia - Anders Adlercreutz","isPartOf":{"@id":"https:\/\/andersadlercreutz.fi\/blog\/#website"},"datePublished":"2023-03-19T10:31:09+00:00","dateModified":"2023-03-19T13:21:08+00:00","author":{"@id":"https:\/\/andersadlercreutz.fi\/blog\/#\/schema\/person\/47d4b72eded862b484f74bb4b3a2354f"},"breadcrumb":{"@id":"https:\/\/andersadlercreutz.fi\/blog\/kestava-kehitys\/ketterat-yritykset-ovat-tulevaisuuden-voittajia\/?lang=fi#breadcrumb"},"inLanguage":"sv-SE","potentialAction":[{"@type":"ReadAction","target":["https:\/\/andersadlercreutz.fi\/blog\/kestava-kehitys\/ketterat-yritykset-ovat-tulevaisuuden-voittajia\/?lang=fi"]}]},{"@type":"BreadcrumbList","@id":"https:\/\/andersadlercreutz.fi\/blog\/kestava-kehitys\/ketterat-yritykset-ovat-tulevaisuuden-voittajia\/?lang=fi#breadcrumb","itemListElement":[{"@type":"ListItem","position":1,"name":"Home","item":"https:\/\/andersadlercreutz.fi\/blog\/blogg\/?lang=sv"},{"@type":"ListItem","position":2,"name":"Ketter\u00e4t yritykset ovat tulevaisuuden voittajia"}]},{"@type":"WebSite","@id":"https:\/\/andersadlercreutz.fi\/blog\/#website","url":"https:\/\/andersadlercreutz.fi\/blog\/","name":"Anders Adlercreutz","description":"Du. Jag. Vi. Kest&auml;v&auml;sti optimisti","potentialAction":[{"@type":"SearchAction","target":{"@type":"EntryPoint","urlTemplate":"https:\/\/andersadlercreutz.fi\/blog\/?s={search_term_string}"},"query-input":"required name=search_term_string"}],"inLanguage":"sv-SE"},{"@type":"Person","@id":"https:\/\/andersadlercreutz.fi\/blog\/#\/schema\/person\/47d4b72eded862b484f74bb4b3a2354f","name":"Anders","image":{"@type":"ImageObject","inLanguage":"sv-SE","@id":"https:\/\/andersadlercreutz.fi\/blog\/#\/schema\/person\/image\/","url":"https:\/\/secure.gravatar.com\/avatar\/a144c9bda7a581ff6fabba169027e620?s=96&d=mm&r=g","contentUrl":"https:\/\/secure.gravatar.com\/avatar\/a144c9bda7a581ff6fabba169027e620?s=96&d=mm&r=g","caption":"Anders"},"url":"https:\/\/andersadlercreutz.fi\/blog\/author\/admin\/"}]}},"jetpack_featured_media_url":"https:\/\/i0.wp.com\/andersadlercreutz.fi\/blog\/wp-content\/uploads\/2023\/03\/herlin-3-stor.jpeg?fit=1280%2C853&ssl=1","jetpack_shortlink":"https:\/\/wp.me\/p4T6Dh-28Z","jetpack_sharing_enabled":true,"_links":{"self":[{"href":"https:\/\/andersadlercreutz.fi\/blog\/wp-json\/wp\/v2\/posts\/8245"}],"collection":[{"href":"https:\/\/andersadlercreutz.fi\/blog\/wp-json\/wp\/v2\/posts"}],"about":[{"href":"https:\/\/andersadlercreutz.fi\/blog\/wp-json\/wp\/v2\/types\/post"}],"author":[{"embeddable":true,"href":"https:\/\/andersadlercreutz.fi\/blog\/wp-json\/wp\/v2\/users\/1"}],"replies":[{"embeddable":true,"href":"https:\/\/andersadlercreutz.fi\/blog\/wp-json\/wp\/v2\/comments?post=8245"}],"version-history":[{"count":5,"href":"https:\/\/andersadlercreutz.fi\/blog\/wp-json\/wp\/v2\/posts\/8245\/revisions"}],"predecessor-version":[{"id":8299,"href":"https:\/\/andersadlercreutz.fi\/blog\/wp-json\/wp\/v2\/posts\/8245\/revisions\/8299"}],"wp:featuredmedia":[{"embeddable":true,"href":"https:\/\/andersadlercreutz.fi\/blog\/wp-json\/wp\/v2\/media\/8236"}],"wp:attachment":[{"href":"https:\/\/andersadlercreutz.fi\/blog\/wp-json\/wp\/v2\/media?parent=8245"}],"wp:term":[{"taxonomy":"category","embeddable":true,"href":"https:\/\/andersadlercreutz.fi\/blog\/wp-json\/wp\/v2\/categories?post=8245"},{"taxonomy":"post_tag","embeddable":true,"href":"https:\/\/andersadlercreutz.fi\/blog\/wp-json\/wp\/v2\/tags?post=8245"}],"curies":[{"name":"wp","href":"https:\/\/api.w.org\/{rel}","templated":true}]}}