{"id":8258,"date":"2023-03-21T06:23:44","date_gmt":"2023-03-21T04:23:44","guid":{"rendered":"https:\/\/andersadlercreutz.fi\/blog\/?p=8258"},"modified":"2023-03-21T21:59:22","modified_gmt":"2023-03-21T19:59:22","slug":"hallbarhet-ar-en-trumf-for-familjeforetaget","status":"publish","type":"post","link":"https:\/\/andersadlercreutz.fi\/blog\/blogg\/hallbarhet-ar-en-trumf-for-familjeforetaget\/","title":{"rendered":"H\u00e5llbarhet \u00e4r en trumf f\u00f6r familjef\u00f6retaget"},"content":{"rendered":"<p style=\"font-weight: 400;\">&#8221;N\u00e4r du ber\u00e4ttar att en produkt \u00e4r tillverkad i en koldioxidneutral fabrik med hj\u00e4lp av \u00e5tervunnet material \u00e4r kunden villig att betala lite mer f\u00f6r den&#8221;, s\u00e4ger Johanna Hamro-Drotz till Anders n\u00e4r de tr\u00e4ffas.<\/p>\n<p style=\"font-weight: 400;\">Hamro-Drotz \u00e4r VD f\u00f6r Sinituote, ett f\u00f6retag som de flesta finl\u00e4ndare k\u00e4nner till. Sini tillverkar ett brett sortiment av st\u00e4dprodukter i sina fabriker i Kokem\u00e4ki och Akaa.<\/p>\n<p style=\"font-weight: 400;\"><em>Hur \u00e4r det att vara ett h\u00e5llbart finl\u00e4ndskt industrif\u00f6retag som konkurrerar med f\u00f6retag i andra l\u00e4nder?<\/em><\/p>\n<p style=\"font-weight: 400;\">&#8211; Utmaningen \u00e4r att vara konkurrenskraftig. F\u00f6r att beh\u00e5lla v\u00e5ra fabriker i Finland m\u00e5ste vi g\u00f6ra stora satsningar p\u00e5 att f\u00f6rb\u00e4ttra produktionen. Vi m\u00e5ste ocks\u00e5 \u00f6ka automatiseringsgraden f\u00f6r att t\u00e4cka de h\u00f6gre l\u00f6neniv\u00e5erna.<\/p>\n<p style=\"font-weight: 400;\">&#8211; V\u00e5ra inhemska produkter m\u00e5ste ocks\u00e5 kunna konkurrera med produkter som tillverkas i billigare l\u00e4nder.<\/p>\n<p style=\"font-weight: 400;\">&#8211; P\u00e5 butikshyllan ser produkterna v\u00e4ldigt lika ut. Konsumenterna m\u00e5ste uppleva n\u00e5gon nytta med att det st\u00e5r &#8221;Made in Finland&#8221; p\u00e5 v\u00e5ra produkter.<\/p>\n<p style=\"font-weight: 400;\">&#8211; Det finns m\u00e5nga f\u00f6rdelar med att vara f\u00f6retagare i Finland. V\u00e4rlden lever f\u00f6r n\u00e4rvarande stor os\u00e4kerhet, men v\u00e5rt samh\u00e4lle \u00e4r fortfarande stabilt och tryggt f\u00f6r f\u00f6retagare. En h\u00f6g utbildningsniv\u00e5 \u00e4r ocks\u00e5 en viktig konkurrensfaktor f\u00f6r Finland.<\/p>\n<p style=\"font-weight: 400;\"><em>Ser du det som en konkurrensf\u00f6rdel att kunna s\u00e4ga att Sini \u00e4r ett finl\u00e4ndskt f\u00f6retag med produktion i Finland?<\/em><\/p>\n<p style=\"font-weight: 400;\">&#8211; Jag var nyligen i Frankfurt p\u00e5 en stor m\u00e4ssa d\u00e4r vi f\u00f6r f\u00f6rsta g\u00e5ngen presenterade v\u00e5rt produktsortiment under varum\u00e4rket Sini. Intresset var stort n\u00e4r vi ber\u00e4ttade att vi tillverkar v\u00e5ra produkter sj\u00e4lva i Finland. V\u00e5rt trumfkort \u00e4r ocks\u00e5 v\u00e5r h\u00f6ga leveranss\u00e4kerhet.<\/p>\n<p style=\"font-weight: 400;\">-Den ekologiska och etiska aspekten, dvs. att produkterna kommer fr\u00e5n ett land med milj\u00f6standarder, \u00e4r numera viktig f\u00f6r potentiella k\u00f6pare.Sini \u00e4r ett medelstort f\u00f6retag, s\u00e5 kallat Mittelstand. Varf\u00f6r tror du att det finns s\u00e5 f\u00e5 s\u00e5dana f\u00f6retag i Finland?<\/p>\n<blockquote>\n<p style=\"font-weight: 400;\">&#8211; Det \u00e4r verkligen galet, f\u00f6r om man ser p\u00e5 de f\u00f6retag som syssels\u00e4tter m\u00e4nniskor och \u00e4r goda skattebetalare i Finland, s\u00e5 \u00e4r det just medelstora industrif\u00f6retag. Stora teknologif\u00f6retag syssels\u00e4tter till exempel ofta folk p\u00e5 annat h\u00e5ll.<\/p>\n<\/blockquote>\n<p style=\"font-weight: 400;\">&#8211; Medelstora f\u00f6retag \u00e4r ocks\u00e5 ofta familjef\u00f6retag. Beskattningen vid generationsskifte inneb\u00e4r att ett finsk\u00e4gt f\u00f6retag vart 25:e \u00e5r eller s\u00e5 m\u00e5ste b\u00e4ra kostnader som inte belastar deras utl\u00e4ndska konkurrenter. Vanligtvis m\u00e5ste man ta ut dividend fr\u00e5n f\u00f6retaget f\u00f6r att betala arvsskatten.<\/p>\n<p style=\"font-weight: 400;\">&#8211; Det \u00e4r allt bort fr\u00e5n investeringar i produktion, expansion, varum\u00e4rkesbyggande, ink\u00f6p av nya maskiner och s\u00e5 vidare. Det \u00e4r inte alla f\u00f6retag som \u00e4r i den lyckliga situationen att de kan h\u00f6ja dividenden. Det kan d\u00e5 bli n\u00f6dv\u00e4ndigt att s\u00e4lja en del av f\u00f6retaget f\u00f6r att finansiera arvsskatten.<\/p>\n<p style=\"font-weight: 400;\">&#8211; Det h\u00e4r \u00e4r en fr\u00e5ga som jag ofta har tagit upp i riksdagen. Att generationsv\u00e4xlingen m\u00e5ste <span style=\"text-decoration: line-through;\">ske<\/span> planeras ur skattesynpunkt, inte ur konkurrenssynpunkt.<\/p>\n<p style=\"font-weight: 400;\">-Det \u00e4r inte s\u00e5 att man f\u00e5r en h\u00f6g med pengar p\u00e5 bordet n\u00e4r man tar \u00f6ver ett f\u00f6retag. Man forts\u00e4tter bara att driva det. Faktum \u00e4r att Finland medvetet f\u00f6rs\u00e4tter sina medelstora f\u00f6retag &#8211; som \u00e4r viktiga finansi\u00e4rer av v\u00e5rt v\u00e4lf\u00e4rdssamh\u00e4lle \u2013 i ett s\u00e4mre utg\u00e5ngsl\u00e4ge, j\u00e4mf\u00f6rt med deras utl\u00e4ndska konkurrenter.<\/p>\n<p style=\"font-weight: 400;\"><em>Vill du lyfta fram n\u00e5got annat i v\u00e5r lagstiftning som du ser som en risk f\u00f6r f\u00f6retagen?<\/em><\/p>\n<p style=\"font-weight: 400;\"><em>Den centrala fr\u00e5gan \u00e4r om det \u00e4r l\u00f6nsamt att bedriva verksamhet i Finland. En annan viktig fr\u00e5ga \u00e4r om det \u00e4r attraktivt att \u00e4ga och vara f\u00f6retagare &#8211; och i synnerhet: \u00e4r det attraktivt att ta \u00f6ver ett familjef\u00f6retag och \u00e4r det m\u00f6jligt att forts\u00e4tta driva ett f\u00f6retag s\u00e5 att kan stanna i Finland?<\/em><\/p>\n<p style=\"font-weight: 400;\">-F\u00f6r Sini har h\u00e5llbarhet varit en otroligt viktig tillg\u00e5ng H\u00e5llbarhet h\u00e4rr\u00f6r fr\u00e5n v\u00e5ra familjev\u00e4rderingar och nu n\u00e4r vi expanderar internationellt \u00e4r det s\u00e4rskilt viktigt. N\u00e4r man ber\u00e4ttar att en konsumentprodukt \u00e4r tillverkad i en koldioxidneutral fabrik med hj\u00e4lp av \u00e5tervunnet material \u00e4r kunden villig att betala ett n\u00e5got h\u00f6gre pris f\u00f6r den.<\/p>\n<p style=\"font-weight: 400;\">&#8211; P\u00e5 v\u00e5ra butikshyllor borde det inte finas produkter som missbrukar det ekologiska budskapet. Det kan ofta vara ganska f\u00f6rvirrande n\u00e4r man g\u00e5r in i en butik och det finns alla m\u00f6jliga produkter som marknadsf\u00f6rs som gr\u00f6na och ekologiska. Det skulle d\u00e4rf\u00f6r vara bra om handeln vidareutvecklade kriterierna f\u00f6r ekologisk m\u00e4rkning. Det skulle g\u00f6ra det l\u00e4ttare f\u00f6r konsumenterna att v\u00e4lja.<\/p>\n<p style=\"font-weight: 400;\">&#8211; Tydlig kommunikation \u00e4r viktig. Vi ber\u00e4ttar direkt om v\u00e5ra produkter \u00e4r tillverkade av \u00e5tervunnet material. Vi ber\u00e4ttar om \u00e5tervinningsgraden \u00e4r 100 procent, 70 procent eller\u00a0n\u00e5got annat. Vi anger ocks\u00e5 tydligt om produkten \u00e4r biologiskt nedbrytbar. Vi vill vara mycket konkreta i v\u00e5r kommunikation &#8211; det \u00e4r vad dagens konsumenter har r\u00e4tt att f\u00f6rv\u00e4nta sig av tillverkarna.<\/p>\n","protected":false},"excerpt":{"rendered":"<p>&#8221;N\u00e4r du ber\u00e4ttar att en produkt \u00e4r tillverkad i en koldioxidneutral fabrik med hj\u00e4lp av \u00e5tervunnet material \u00e4r kunden villig att betala lite mer f\u00f6r den&#8221;, s\u00e4ger Johanna Hamro-Drotz till Anders n\u00e4r de tr\u00e4ffas. Hamro-Drotz \u00e4r VD f\u00f6r Sinituote, ett f\u00f6retag som de flesta finl\u00e4ndare k\u00e4nner till. Sini tillverkar ett brett sortiment av st\u00e4dprodukter i [&hellip;]<\/p>\n","protected":false},"author":1,"featured_media":8225,"comment_status":"open","ping_status":"open","sticky":false,"template":"","format":"standard","meta":{"jetpack_post_was_ever_published":false,"_jetpack_newsletter_access":"","jetpack_publicize_message":"","jetpack_is_tweetstorm":false,"jetpack_publicize_feature_enabled":true,"jetpack_social_post_already_shared":true,"jetpack_social_options":{"image_generator_settings":{"template":"highway","enabled":false}}},"categories":[45,131,105],"tags":[],"jetpack_publicize_connections":[],"yoast_head":"<!-- This site is optimized with the Yoast SEO plugin v20.12 - https:\/\/yoast.com\/wordpress\/plugins\/seo\/ -->\n<title>H\u00e5llbarhet \u00e4r en trumf f\u00f6r familjef\u00f6retaget - Anders Adlercreutz<\/title>\n<meta name=\"robots\" content=\"index, follow, max-snippet:-1, max-image-preview:large, max-video-preview:-1\" \/>\n<link rel=\"canonical\" href=\"https:\/\/andersadlercreutz.fi\/blog\/blogg\/hallbarhet-ar-en-trumf-for-familjeforetaget\/\" \/>\n<meta property=\"og:locale\" content=\"sv_SE\" \/>\n<meta property=\"og:type\" content=\"article\" \/>\n<meta property=\"og:title\" content=\"H\u00e5llbarhet \u00e4r en trumf f\u00f6r familjef\u00f6retaget - Anders Adlercreutz\" \/>\n<meta property=\"og:description\" content=\"&#8221;N\u00e4r du ber\u00e4ttar att en produkt \u00e4r tillverkad i en koldioxidneutral fabrik med hj\u00e4lp av \u00e5tervunnet material \u00e4r kunden villig att betala lite mer f\u00f6r den&#8221;, s\u00e4ger Johanna Hamro-Drotz till Anders n\u00e4r de tr\u00e4ffas. Hamro-Drotz \u00e4r VD f\u00f6r Sinituote, ett f\u00f6retag som de flesta finl\u00e4ndare k\u00e4nner till. Sini tillverkar ett brett sortiment av st\u00e4dprodukter i [&hellip;]\" \/>\n<meta property=\"og:url\" content=\"https:\/\/andersadlercreutz.fi\/blog\/blogg\/hallbarhet-ar-en-trumf-for-familjeforetaget\/\" \/>\n<meta property=\"og:site_name\" content=\"Anders Adlercreutz\" \/>\n<meta property=\"article:published_time\" content=\"2023-03-21T04:23:44+00:00\" \/>\n<meta property=\"article:modified_time\" content=\"2023-03-21T19:59:22+00:00\" \/>\n<meta property=\"og:image\" content=\"https:\/\/i0.wp.com\/andersadlercreutz.fi\/blog\/wp-content\/uploads\/2023\/03\/Johanna-2-stor.jpeg?fit=1280%2C853&ssl=1\" \/>\n\t<meta property=\"og:image:width\" content=\"1280\" \/>\n\t<meta property=\"og:image:height\" content=\"853\" \/>\n\t<meta property=\"og:image:type\" content=\"image\/jpeg\" \/>\n<meta name=\"author\" content=\"Anders\" \/>\n<meta name=\"twitter:card\" content=\"summary_large_image\" \/>\n<meta name=\"twitter:label1\" content=\"Skriven av\" \/>\n\t<meta name=\"twitter:data1\" content=\"Anders\" \/>\n\t<meta name=\"twitter:label2\" content=\"Ber\u00e4knad l\u00e4stid\" \/>\n\t<meta name=\"twitter:data2\" content=\"5 minuter\" \/>\n<script type=\"application\/ld+json\" class=\"yoast-schema-graph\">{\"@context\":\"https:\/\/schema.org\",\"@graph\":[{\"@type\":\"WebPage\",\"@id\":\"https:\/\/andersadlercreutz.fi\/blog\/blogg\/hallbarhet-ar-en-trumf-for-familjeforetaget\/\",\"url\":\"https:\/\/andersadlercreutz.fi\/blog\/blogg\/hallbarhet-ar-en-trumf-for-familjeforetaget\/\",\"name\":\"H\u00e5llbarhet \u00e4r en trumf f\u00f6r familjef\u00f6retaget - Anders Adlercreutz\",\"isPartOf\":{\"@id\":\"https:\/\/andersadlercreutz.fi\/blog\/#website\"},\"datePublished\":\"2023-03-21T04:23:44+00:00\",\"dateModified\":\"2023-03-21T19:59:22+00:00\",\"author\":{\"@id\":\"https:\/\/andersadlercreutz.fi\/blog\/#\/schema\/person\/47d4b72eded862b484f74bb4b3a2354f\"},\"breadcrumb\":{\"@id\":\"https:\/\/andersadlercreutz.fi\/blog\/blogg\/hallbarhet-ar-en-trumf-for-familjeforetaget\/#breadcrumb\"},\"inLanguage\":\"sv-SE\",\"potentialAction\":[{\"@type\":\"ReadAction\",\"target\":[\"https:\/\/andersadlercreutz.fi\/blog\/blogg\/hallbarhet-ar-en-trumf-for-familjeforetaget\/\"]}]},{\"@type\":\"BreadcrumbList\",\"@id\":\"https:\/\/andersadlercreutz.fi\/blog\/blogg\/hallbarhet-ar-en-trumf-for-familjeforetaget\/#breadcrumb\",\"itemListElement\":[{\"@type\":\"ListItem\",\"position\":1,\"name\":\"Home\",\"item\":\"https:\/\/andersadlercreutz.fi\/blog\/blogg\/?lang=sv\"},{\"@type\":\"ListItem\",\"position\":2,\"name\":\"H\u00e5llbarhet \u00e4r en trumf f\u00f6r familjef\u00f6retaget\"}]},{\"@type\":\"WebSite\",\"@id\":\"https:\/\/andersadlercreutz.fi\/blog\/#website\",\"url\":\"https:\/\/andersadlercreutz.fi\/blog\/\",\"name\":\"Anders Adlercreutz\",\"description\":\"Du. Jag. Vi. Kest&auml;v&auml;sti optimisti\",\"potentialAction\":[{\"@type\":\"SearchAction\",\"target\":{\"@type\":\"EntryPoint\",\"urlTemplate\":\"https:\/\/andersadlercreutz.fi\/blog\/?s={search_term_string}\"},\"query-input\":\"required name=search_term_string\"}],\"inLanguage\":\"sv-SE\"},{\"@type\":\"Person\",\"@id\":\"https:\/\/andersadlercreutz.fi\/blog\/#\/schema\/person\/47d4b72eded862b484f74bb4b3a2354f\",\"name\":\"Anders\",\"image\":{\"@type\":\"ImageObject\",\"inLanguage\":\"sv-SE\",\"@id\":\"https:\/\/andersadlercreutz.fi\/blog\/#\/schema\/person\/image\/\",\"url\":\"https:\/\/secure.gravatar.com\/avatar\/a144c9bda7a581ff6fabba169027e620?s=96&d=mm&r=g\",\"contentUrl\":\"https:\/\/secure.gravatar.com\/avatar\/a144c9bda7a581ff6fabba169027e620?s=96&d=mm&r=g\",\"caption\":\"Anders\"},\"url\":\"https:\/\/andersadlercreutz.fi\/blog\/author\/admin\/\"}]}<\/script>\n<!-- \/ Yoast SEO plugin. -->","yoast_head_json":{"title":"H\u00e5llbarhet \u00e4r en trumf f\u00f6r familjef\u00f6retaget - Anders Adlercreutz","robots":{"index":"index","follow":"follow","max-snippet":"max-snippet:-1","max-image-preview":"max-image-preview:large","max-video-preview":"max-video-preview:-1"},"canonical":"https:\/\/andersadlercreutz.fi\/blog\/blogg\/hallbarhet-ar-en-trumf-for-familjeforetaget\/","og_locale":"sv_SE","og_type":"article","og_title":"H\u00e5llbarhet \u00e4r en trumf f\u00f6r familjef\u00f6retaget - Anders Adlercreutz","og_description":"&#8221;N\u00e4r du ber\u00e4ttar att en produkt \u00e4r tillverkad i en koldioxidneutral fabrik med hj\u00e4lp av \u00e5tervunnet material \u00e4r kunden villig att betala lite mer f\u00f6r den&#8221;, s\u00e4ger Johanna Hamro-Drotz till Anders n\u00e4r de tr\u00e4ffas. Hamro-Drotz \u00e4r VD f\u00f6r Sinituote, ett f\u00f6retag som de flesta finl\u00e4ndare k\u00e4nner till. Sini tillverkar ett brett sortiment av st\u00e4dprodukter i [&hellip;]","og_url":"https:\/\/andersadlercreutz.fi\/blog\/blogg\/hallbarhet-ar-en-trumf-for-familjeforetaget\/","og_site_name":"Anders Adlercreutz","article_published_time":"2023-03-21T04:23:44+00:00","article_modified_time":"2023-03-21T19:59:22+00:00","og_image":[{"width":1280,"height":853,"url":"https:\/\/i0.wp.com\/andersadlercreutz.fi\/blog\/wp-content\/uploads\/2023\/03\/Johanna-2-stor.jpeg?fit=1280%2C853&ssl=1","type":"image\/jpeg"}],"author":"Anders","twitter_card":"summary_large_image","twitter_misc":{"Skriven av":"Anders","Ber\u00e4knad l\u00e4stid":"5 minuter"},"schema":{"@context":"https:\/\/schema.org","@graph":[{"@type":"WebPage","@id":"https:\/\/andersadlercreutz.fi\/blog\/blogg\/hallbarhet-ar-en-trumf-for-familjeforetaget\/","url":"https:\/\/andersadlercreutz.fi\/blog\/blogg\/hallbarhet-ar-en-trumf-for-familjeforetaget\/","name":"H\u00e5llbarhet \u00e4r en trumf f\u00f6r familjef\u00f6retaget - Anders Adlercreutz","isPartOf":{"@id":"https:\/\/andersadlercreutz.fi\/blog\/#website"},"datePublished":"2023-03-21T04:23:44+00:00","dateModified":"2023-03-21T19:59:22+00:00","author":{"@id":"https:\/\/andersadlercreutz.fi\/blog\/#\/schema\/person\/47d4b72eded862b484f74bb4b3a2354f"},"breadcrumb":{"@id":"https:\/\/andersadlercreutz.fi\/blog\/blogg\/hallbarhet-ar-en-trumf-for-familjeforetaget\/#breadcrumb"},"inLanguage":"sv-SE","potentialAction":[{"@type":"ReadAction","target":["https:\/\/andersadlercreutz.fi\/blog\/blogg\/hallbarhet-ar-en-trumf-for-familjeforetaget\/"]}]},{"@type":"BreadcrumbList","@id":"https:\/\/andersadlercreutz.fi\/blog\/blogg\/hallbarhet-ar-en-trumf-for-familjeforetaget\/#breadcrumb","itemListElement":[{"@type":"ListItem","position":1,"name":"Home","item":"https:\/\/andersadlercreutz.fi\/blog\/blogg\/?lang=sv"},{"@type":"ListItem","position":2,"name":"H\u00e5llbarhet \u00e4r en trumf f\u00f6r familjef\u00f6retaget"}]},{"@type":"WebSite","@id":"https:\/\/andersadlercreutz.fi\/blog\/#website","url":"https:\/\/andersadlercreutz.fi\/blog\/","name":"Anders Adlercreutz","description":"Du. Jag. Vi. Kest&auml;v&auml;sti optimisti","potentialAction":[{"@type":"SearchAction","target":{"@type":"EntryPoint","urlTemplate":"https:\/\/andersadlercreutz.fi\/blog\/?s={search_term_string}"},"query-input":"required name=search_term_string"}],"inLanguage":"sv-SE"},{"@type":"Person","@id":"https:\/\/andersadlercreutz.fi\/blog\/#\/schema\/person\/47d4b72eded862b484f74bb4b3a2354f","name":"Anders","image":{"@type":"ImageObject","inLanguage":"sv-SE","@id":"https:\/\/andersadlercreutz.fi\/blog\/#\/schema\/person\/image\/","url":"https:\/\/secure.gravatar.com\/avatar\/a144c9bda7a581ff6fabba169027e620?s=96&d=mm&r=g","contentUrl":"https:\/\/secure.gravatar.com\/avatar\/a144c9bda7a581ff6fabba169027e620?s=96&d=mm&r=g","caption":"Anders"},"url":"https:\/\/andersadlercreutz.fi\/blog\/author\/admin\/"}]}},"jetpack_featured_media_url":"https:\/\/i0.wp.com\/andersadlercreutz.fi\/blog\/wp-content\/uploads\/2023\/03\/Johanna-2-stor.jpeg?fit=1280%2C853&ssl=1","jetpack_shortlink":"https:\/\/wp.me\/p4T6Dh-29c","jetpack_sharing_enabled":true,"_links":{"self":[{"href":"https:\/\/andersadlercreutz.fi\/blog\/wp-json\/wp\/v2\/posts\/8258"}],"collection":[{"href":"https:\/\/andersadlercreutz.fi\/blog\/wp-json\/wp\/v2\/posts"}],"about":[{"href":"https:\/\/andersadlercreutz.fi\/blog\/wp-json\/wp\/v2\/types\/post"}],"author":[{"embeddable":true,"href":"https:\/\/andersadlercreutz.fi\/blog\/wp-json\/wp\/v2\/users\/1"}],"replies":[{"embeddable":true,"href":"https:\/\/andersadlercreutz.fi\/blog\/wp-json\/wp\/v2\/comments?post=8258"}],"version-history":[{"count":5,"href":"https:\/\/andersadlercreutz.fi\/blog\/wp-json\/wp\/v2\/posts\/8258\/revisions"}],"predecessor-version":[{"id":8390,"href":"https:\/\/andersadlercreutz.fi\/blog\/wp-json\/wp\/v2\/posts\/8258\/revisions\/8390"}],"wp:featuredmedia":[{"embeddable":true,"href":"https:\/\/andersadlercreutz.fi\/blog\/wp-json\/wp\/v2\/media\/8225"}],"wp:attachment":[{"href":"https:\/\/andersadlercreutz.fi\/blog\/wp-json\/wp\/v2\/media?parent=8258"}],"wp:term":[{"taxonomy":"category","embeddable":true,"href":"https:\/\/andersadlercreutz.fi\/blog\/wp-json\/wp\/v2\/categories?post=8258"},{"taxonomy":"post_tag","embeddable":true,"href":"https:\/\/andersadlercreutz.fi\/blog\/wp-json\/wp\/v2\/tags?post=8258"}],"curies":[{"name":"wp","href":"https:\/\/api.w.org\/{rel}","templated":true}]}}