{"id":8301,"date":"2023-03-20T08:44:35","date_gmt":"2023-03-20T06:44:35","guid":{"rendered":"https:\/\/andersadlercreutz.fi\/blog\/?p=8301"},"modified":"2023-03-20T08:44:35","modified_gmt":"2023-03-20T06:44:35","slug":"bsag-tekee-laivojen-jatevesipaastoista-historiaa-2","status":"publish","type":"post","link":"https:\/\/andersadlercreutz.fi\/blog\/blog\/bsag-tekee-laivojen-jatevesipaastoista-historiaa-2\/?lang=fi","title":{"rendered":"BSAG tekee laivojen j\u00e4tevesip\u00e4\u00e4st\u00f6ist\u00e4 historiaa"},"content":{"rendered":"<p style=\"font-weight: 400;\">Baltic Sea Action Group (BSAG) sai puhelun Kansallismuseosta. Museo kertoi haluavansa dokumentoida, mit\u00e4 BSAG tekee lopettaakseen rahtilaivojen j\u00e4tevesip\u00e4\u00e4st\u00f6t It\u00e4mereen. J\u00e4tteiden p\u00e4\u00e4st\u00e4misest\u00e4 mereen on siten tulossa kirjaimellisesti museokamaa.<\/p>\n<p style=\"font-weight: 400;\">\u201dEetostamme kuvaa varmaan parhaiten s\u00e4\u00e4ti\u00f6n nimess\u00e4kin oleva sana \u2019action\u2019 eli toiminta\u201d, sanoo BSAG:n perustaja, Saara Kankaanrinta.<\/p>\n<p style=\"font-weight: 400;\">\u201dOrganisaatiomme on kehittynyt toiminta edell\u00e4 jo 15 vuoden ajan. Aina kun olemme huomanneet, etteiv\u00e4t sanat meinaa k\u00e4\u00e4nty\u00e4 teoiksi, olemme kokeilleet jotain uutta l\u00e4hestymistapaa\u201d, h\u00e4n kertoo.<\/p>\n<p style=\"font-weight: 400;\">BSAG pyrkii meriliikennety\u00f6ss\u00e4\u00e4n vaikuttamaan siihen, ett\u00e4 It\u00e4merell\u00e4 seilaavat laivat huomioisivat tulevaisuudessa meren haavoittuvaisuuden nykyist\u00e4 paremmin. Harva tulee edes ajatelleeksi, ett\u00e4 rahtilaivoissa seilaa Vihdin tai Raaseporin asukkaiden verran ihmisi\u00e4.<\/p>\n<p style=\"font-weight: 400;\">N\u00e4m\u00e4 laivat saavat laillisesti p\u00e4\u00e4st\u00e4\u00e4 tiettyj\u00e4 j\u00e4telajeja suoraan mereen. Matkustajalaivoja koskee tiukempi s\u00e4\u00e4ntely, joten matkustajalaivojen suihkuissa, vessoissa ja keitti\u00f6iss\u00e4 syntyv\u00e4t j\u00e4tevedet ja ruokaj\u00e4tteet pumpataan satamavierailujen aikana maihin.<\/p>\n<p style=\"font-weight: 400;\"><strong>Jotta mik\u00e4\u00e4n muuttuisi, asian t\u00e4ytyy kiinnostaa ihmisi\u00e4<\/strong><\/p>\n<p style=\"font-weight: 400;\">BSAG:n esimerkki ongelmaan tarttumisesta on \u201dvaikeuksien kautta voittoon\u201d -tarina.<\/p>\n<p style=\"font-weight: 400;\">L\u00e4ht\u00f6tilanne eli se, ett\u00e4 suuria m\u00e4\u00e4ri\u00e4 j\u00e4tteit\u00e4 puretaan suoraan mereen, kuulostaa uskomattomalta. El\u00e4mmeh\u00e4n kuitenkin jo vuotta 2023.<\/p>\n<p style=\"font-weight: 400;\">Kankaanrinta muistuttaa, ett\u00e4 ensikatsomalla ongelma n\u00e4ytt\u00e4\u00e4 pienelt\u00e4, sill\u00e4 laivoissa matkustavien ihmisten m\u00e4\u00e4r\u00e4 on laivakohtaisesti pieni. Yhden sataman n\u00e4k\u00f6kulmasta j\u00e4tevesityhjennyksen mahdollisuuden k\u00e4ytt\u00e4m\u00e4tt\u00e4 j\u00e4tt\u00e4minen ei tunnu siksi kovin isolta ongelmalta. Laivojen yhteenlaskettu jalanj\u00e4lki on kuitenkin iso. Siksi tarvitaan joku, jota kiinnostaa ongelman systeeminen taso.<\/p>\n<p style=\"font-weight: 400;\">T\u00e4llaisen tahon teht\u00e4v\u00e4 on laskea, paljonko rahtilaivat j\u00e4tt\u00e4v\u00e4t j\u00e4tevesi\u00e4\u00e4n satamiin ja kartoittaa, keiden kaikkien kanssa asiaan voitaisiin vaikuttaa.<\/p>\n<p style=\"font-weight: 400;\">\u201dTehdess\u00e4mme listausta arvoketjuun kuuluvista toimijoista h\u00e4mm\u00e4styimme huomatessamme, miten monia eri tahoja asiaan liittyy. Meid\u00e4n piti saada kontakti laivoihin ja niiden takana oleviin varustamoihin. Mutta meid\u00e4n piti saada niin ik\u00e4\u00e4n yhteys satamiin, j\u00e4tevesien kuljetusyhti\u00f6ihin, viranomaisiin ja energiayhti\u00f6ihin, jotka voivat hy\u00f6dynt\u00e4\u00e4 j\u00e4tett\u00e4\u201d, Saara Kankaanrinta luettelee.<\/p>\n<p style=\"font-weight: 400;\">\u201dKaikilla n\u00e4ill\u00e4 toimijoilla oli kirkas kuva omasta ja asiakkaidensa toiminnasta, mutta liian v\u00e4h\u00e4n tietoa siit\u00e4, milt\u00e4 koko arvoketju n\u00e4ytt\u00e4\u00e4. Kun kutsuimme heid\u00e4t yhteiseen neuvottelup\u00f6yt\u00e4\u00e4n, joku totesi ymm\u00e4rt\u00e4v\u00e4ns\u00e4 ensimm\u00e4ist\u00e4 kertaa ison kuvan ja sen, kenelle voi soittaa, jos joku asia t\u00f6kkii\u201d, h\u00e4n kuvaa.<\/p>\n<p style=\"font-weight: 400;\"><strong>Iso ty\u00f6 johti pieneen, mutta vaikuttavaan ratkaisuun<\/strong><\/p>\n<p style=\"font-weight: 400;\">Hankkeessa tehty ty\u00f6 koko prosessin kuvaamiseksi johti uusiin l\u00f6yd\u00f6ksiin. Yksi arvokkaimmista oivalluksista tuotti pienen, mutta kustannustehokkaan ratkaisun.<\/p>\n<p style=\"font-weight: 400;\">\u201dIt\u00e4merell\u00e4 on k\u00e4yt\u00f6ss\u00e4 ns. \u201dNo special fee\u201d -suositus, mik\u00e4 tarkoittaa laivan koon ja tyypin mukaista pakollista j\u00e4temaksua satamille. Sit\u00e4 vastaan on lupa j\u00e4tt\u00e4\u00e4 aluksen harmaat vedet maihin &#8211; olipa niiden volyymi mik\u00e4 tahansa. Viranomaisten k\u00e4sitys oli, ett\u00e4 kaikki laivat tiet\u00e4v\u00e4t t\u00e4m\u00e4n. Tekemiemme haastattelujen perusteella n\u00e4in ei kuitenkaan ollut. BSAG:n ratkaisu oli kuvata maksun sis\u00e4lt\u00f6 ja erikseen maksettavat j\u00e4telajit yksinkertaisessa tiedotteessa. T\u00e4t\u00e4 tiedotetta jaetaan nyt etuk\u00e4teen kaikille rahtilaivoille, jotka saapuvat It\u00e4merelle\u201d, Kankaanrinta kertoo ja jatkaa:<\/p>\n<p style=\"font-weight: 400;\">\u201dMit\u00e4 muuta voimme olla kuin tyytyv\u00e4isi\u00e4, jos kaksipuolinen tuloste johtaa j\u00e4tevesien purkamiseen satamiin, joissa niist\u00e4 voidaan tehd\u00e4 biokaasua. \u00a0Kaiken ylim\u00e4\u00e4r\u00e4isen kuormituksen v\u00e4hent\u00e4minen hy\u00f6dytt\u00e4\u00e4 p\u00e4\u00e4st\u00f6ist\u00e4 k\u00e4rsiv\u00e4\u00e4 It\u00e4merta.\u201d<\/p>\n<p style=\"font-weight: 400;\">\u201dViel\u00e4kin suurempi saavutus minusta olisi, jos onnistumme aidosti muuttamaan toimintatapoja rahtilaivoilla. Silloin ne voivat kysy\u00e4 my\u00f6s Espanjassa ja Filippiineill\u00e4 sijaitsevissa satamissa, mihin j\u00e4tevedet siell\u00e4 johdetaan\u201d, h\u00e4n sanoo.<\/p>\n<p style=\"font-weight: 400;\">BSAG:n ty\u00f6 on t\u00e4ynn\u00e4 merkityksellisyytt\u00e4: \u201dTuntuu hyv\u00e4lt\u00e4, ettei tarvitse tyyty\u00e4 voivotteluun. Sen sijaan voimme yhdess\u00e4 muiden kanssa keskitty\u00e4 tekem\u00e4\u00e4n tilanteelle jotain\u201d, Kankaanrinta p\u00e4\u00e4tt\u00e4\u00e4.<\/p>\n","protected":false},"excerpt":{"rendered":"<p>Baltic Sea Action Group (BSAG) sai puhelun Kansallismuseosta. Museo kertoi haluavansa dokumentoida, mit\u00e4 BSAG tekee lopettaakseen rahtilaivojen j\u00e4tevesip\u00e4\u00e4st\u00f6t It\u00e4mereen. J\u00e4tteiden p\u00e4\u00e4st\u00e4misest\u00e4 mereen on siten tulossa kirjaimellisesti museokamaa. \u201dEetostamme kuvaa varmaan parhaiten s\u00e4\u00e4ti\u00f6n nimess\u00e4kin oleva sana \u2019action\u2019 eli toiminta\u201d, sanoo BSAG:n perustaja, Saara Kankaanrinta. \u201dOrganisaatiomme on kehittynyt toiminta edell\u00e4 jo 15 vuoden ajan. Aina kun olemme [&hellip;]<\/p>\n","protected":false},"author":1,"featured_media":8305,"comment_status":"open","ping_status":"open","sticky":false,"template":"","format":"standard","meta":{"jetpack_post_was_ever_published":false,"_jetpack_newsletter_access":"","jetpack_publicize_message":"","jetpack_is_tweetstorm":false,"jetpack_publicize_feature_enabled":true,"jetpack_social_post_already_shared":true,"jetpack_social_options":{"image_generator_settings":{"template":"highway","enabled":false}}},"categories":[18,11,81,80],"tags":[],"jetpack_publicize_connections":[],"yoast_head":"<!-- This site is optimized with the Yoast SEO plugin v20.12 - https:\/\/yoast.com\/wordpress\/plugins\/seo\/ -->\n<title>BSAG tekee laivojen j\u00e4tevesip\u00e4\u00e4st\u00f6ist\u00e4 historiaa - Anders Adlercreutz<\/title>\n<meta name=\"robots\" content=\"index, follow, max-snippet:-1, max-image-preview:large, max-video-preview:-1\" \/>\n<link rel=\"canonical\" href=\"https:\/\/andersadlercreutz.fi\/blog\/blog\/bsag-tekee-laivojen-jatevesipaastoista-historiaa-2\/\" \/>\n<meta property=\"og:locale\" content=\"sv_SE\" \/>\n<meta property=\"og:type\" content=\"article\" \/>\n<meta property=\"og:title\" content=\"BSAG tekee laivojen j\u00e4tevesip\u00e4\u00e4st\u00f6ist\u00e4 historiaa - Anders Adlercreutz\" \/>\n<meta property=\"og:description\" content=\"Baltic Sea Action Group (BSAG) sai puhelun Kansallismuseosta. Museo kertoi haluavansa dokumentoida, mit\u00e4 BSAG tekee lopettaakseen rahtilaivojen j\u00e4tevesip\u00e4\u00e4st\u00f6t It\u00e4mereen. J\u00e4tteiden p\u00e4\u00e4st\u00e4misest\u00e4 mereen on siten tulossa kirjaimellisesti museokamaa. \u201dEetostamme kuvaa varmaan parhaiten s\u00e4\u00e4ti\u00f6n nimess\u00e4kin oleva sana \u2019action\u2019 eli toiminta\u201d, sanoo BSAG:n perustaja, Saara Kankaanrinta. \u201dOrganisaatiomme on kehittynyt toiminta edell\u00e4 jo 15 vuoden ajan. Aina kun olemme [&hellip;]\" \/>\n<meta property=\"og:url\" content=\"https:\/\/andersadlercreutz.fi\/blog\/blog\/bsag-tekee-laivojen-jatevesipaastoista-historiaa-2\/?lang=fi\" \/>\n<meta property=\"og:site_name\" content=\"Anders Adlercreutz\" \/>\n<meta property=\"article:published_time\" content=\"2023-03-20T06:44:35+00:00\" \/>\n<meta property=\"og:image\" content=\"https:\/\/i0.wp.com\/andersadlercreutz.fi\/blog\/wp-content\/uploads\/2023\/03\/saara-keskustelu-kopia.png?fit=1500%2C887&ssl=1\" \/>\n\t<meta property=\"og:image:width\" content=\"1500\" \/>\n\t<meta property=\"og:image:height\" content=\"887\" \/>\n\t<meta property=\"og:image:type\" content=\"image\/png\" \/>\n<meta name=\"author\" content=\"Anders\" \/>\n<meta name=\"twitter:card\" content=\"summary_large_image\" \/>\n<meta name=\"twitter:label1\" content=\"Skriven av\" \/>\n\t<meta name=\"twitter:data1\" content=\"Anders\" \/>\n\t<meta name=\"twitter:label2\" content=\"Ber\u00e4knad l\u00e4stid\" \/>\n\t<meta name=\"twitter:data2\" content=\"3 minuter\" \/>\n<script type=\"application\/ld+json\" class=\"yoast-schema-graph\">{\"@context\":\"https:\/\/schema.org\",\"@graph\":[{\"@type\":\"WebPage\",\"@id\":\"https:\/\/andersadlercreutz.fi\/blog\/blog\/bsag-tekee-laivojen-jatevesipaastoista-historiaa-2\/?lang=fi\",\"url\":\"https:\/\/andersadlercreutz.fi\/blog\/blog\/bsag-tekee-laivojen-jatevesipaastoista-historiaa-2\/?lang=fi\",\"name\":\"BSAG tekee laivojen j\u00e4tevesip\u00e4\u00e4st\u00f6ist\u00e4 historiaa - Anders Adlercreutz\",\"isPartOf\":{\"@id\":\"https:\/\/andersadlercreutz.fi\/blog\/#website\"},\"datePublished\":\"2023-03-20T06:44:35+00:00\",\"dateModified\":\"2023-03-20T06:44:35+00:00\",\"author\":{\"@id\":\"https:\/\/andersadlercreutz.fi\/blog\/#\/schema\/person\/47d4b72eded862b484f74bb4b3a2354f\"},\"breadcrumb\":{\"@id\":\"https:\/\/andersadlercreutz.fi\/blog\/blog\/bsag-tekee-laivojen-jatevesipaastoista-historiaa-2\/?lang=fi#breadcrumb\"},\"inLanguage\":\"sv-SE\",\"potentialAction\":[{\"@type\":\"ReadAction\",\"target\":[\"https:\/\/andersadlercreutz.fi\/blog\/blog\/bsag-tekee-laivojen-jatevesipaastoista-historiaa-2\/?lang=fi\"]}]},{\"@type\":\"BreadcrumbList\",\"@id\":\"https:\/\/andersadlercreutz.fi\/blog\/blog\/bsag-tekee-laivojen-jatevesipaastoista-historiaa-2\/?lang=fi#breadcrumb\",\"itemListElement\":[{\"@type\":\"ListItem\",\"position\":1,\"name\":\"Home\",\"item\":\"https:\/\/andersadlercreutz.fi\/blog\/blogg\/?lang=sv\"},{\"@type\":\"ListItem\",\"position\":2,\"name\":\"BSAG tekee laivojen j\u00e4tevesip\u00e4\u00e4st\u00f6ist\u00e4 historiaa\"}]},{\"@type\":\"WebSite\",\"@id\":\"https:\/\/andersadlercreutz.fi\/blog\/#website\",\"url\":\"https:\/\/andersadlercreutz.fi\/blog\/\",\"name\":\"Anders Adlercreutz\",\"description\":\"Du. Jag. Vi. Kest&auml;v&auml;sti optimisti\",\"potentialAction\":[{\"@type\":\"SearchAction\",\"target\":{\"@type\":\"EntryPoint\",\"urlTemplate\":\"https:\/\/andersadlercreutz.fi\/blog\/?s={search_term_string}\"},\"query-input\":\"required name=search_term_string\"}],\"inLanguage\":\"sv-SE\"},{\"@type\":\"Person\",\"@id\":\"https:\/\/andersadlercreutz.fi\/blog\/#\/schema\/person\/47d4b72eded862b484f74bb4b3a2354f\",\"name\":\"Anders\",\"image\":{\"@type\":\"ImageObject\",\"inLanguage\":\"sv-SE\",\"@id\":\"https:\/\/andersadlercreutz.fi\/blog\/#\/schema\/person\/image\/\",\"url\":\"https:\/\/secure.gravatar.com\/avatar\/a144c9bda7a581ff6fabba169027e620?s=96&d=mm&r=g\",\"contentUrl\":\"https:\/\/secure.gravatar.com\/avatar\/a144c9bda7a581ff6fabba169027e620?s=96&d=mm&r=g\",\"caption\":\"Anders\"},\"url\":\"https:\/\/andersadlercreutz.fi\/blog\/author\/admin\/\"}]}<\/script>\n<!-- \/ Yoast SEO plugin. -->","yoast_head_json":{"title":"BSAG tekee laivojen j\u00e4tevesip\u00e4\u00e4st\u00f6ist\u00e4 historiaa - Anders Adlercreutz","robots":{"index":"index","follow":"follow","max-snippet":"max-snippet:-1","max-image-preview":"max-image-preview:large","max-video-preview":"max-video-preview:-1"},"canonical":"https:\/\/andersadlercreutz.fi\/blog\/blog\/bsag-tekee-laivojen-jatevesipaastoista-historiaa-2\/","og_locale":"sv_SE","og_type":"article","og_title":"BSAG tekee laivojen j\u00e4tevesip\u00e4\u00e4st\u00f6ist\u00e4 historiaa - Anders Adlercreutz","og_description":"Baltic Sea Action Group (BSAG) sai puhelun Kansallismuseosta. Museo kertoi haluavansa dokumentoida, mit\u00e4 BSAG tekee lopettaakseen rahtilaivojen j\u00e4tevesip\u00e4\u00e4st\u00f6t It\u00e4mereen. J\u00e4tteiden p\u00e4\u00e4st\u00e4misest\u00e4 mereen on siten tulossa kirjaimellisesti museokamaa. \u201dEetostamme kuvaa varmaan parhaiten s\u00e4\u00e4ti\u00f6n nimess\u00e4kin oleva sana \u2019action\u2019 eli toiminta\u201d, sanoo BSAG:n perustaja, Saara Kankaanrinta. \u201dOrganisaatiomme on kehittynyt toiminta edell\u00e4 jo 15 vuoden ajan. Aina kun olemme [&hellip;]","og_url":"https:\/\/andersadlercreutz.fi\/blog\/blog\/bsag-tekee-laivojen-jatevesipaastoista-historiaa-2\/?lang=fi","og_site_name":"Anders Adlercreutz","article_published_time":"2023-03-20T06:44:35+00:00","og_image":[{"width":1500,"height":887,"url":"https:\/\/i0.wp.com\/andersadlercreutz.fi\/blog\/wp-content\/uploads\/2023\/03\/saara-keskustelu-kopia.png?fit=1500%2C887&ssl=1","type":"image\/png"}],"author":"Anders","twitter_card":"summary_large_image","twitter_misc":{"Skriven av":"Anders","Ber\u00e4knad l\u00e4stid":"3 minuter"},"schema":{"@context":"https:\/\/schema.org","@graph":[{"@type":"WebPage","@id":"https:\/\/andersadlercreutz.fi\/blog\/blog\/bsag-tekee-laivojen-jatevesipaastoista-historiaa-2\/?lang=fi","url":"https:\/\/andersadlercreutz.fi\/blog\/blog\/bsag-tekee-laivojen-jatevesipaastoista-historiaa-2\/?lang=fi","name":"BSAG tekee laivojen j\u00e4tevesip\u00e4\u00e4st\u00f6ist\u00e4 historiaa - Anders Adlercreutz","isPartOf":{"@id":"https:\/\/andersadlercreutz.fi\/blog\/#website"},"datePublished":"2023-03-20T06:44:35+00:00","dateModified":"2023-03-20T06:44:35+00:00","author":{"@id":"https:\/\/andersadlercreutz.fi\/blog\/#\/schema\/person\/47d4b72eded862b484f74bb4b3a2354f"},"breadcrumb":{"@id":"https:\/\/andersadlercreutz.fi\/blog\/blog\/bsag-tekee-laivojen-jatevesipaastoista-historiaa-2\/?lang=fi#breadcrumb"},"inLanguage":"sv-SE","potentialAction":[{"@type":"ReadAction","target":["https:\/\/andersadlercreutz.fi\/blog\/blog\/bsag-tekee-laivojen-jatevesipaastoista-historiaa-2\/?lang=fi"]}]},{"@type":"BreadcrumbList","@id":"https:\/\/andersadlercreutz.fi\/blog\/blog\/bsag-tekee-laivojen-jatevesipaastoista-historiaa-2\/?lang=fi#breadcrumb","itemListElement":[{"@type":"ListItem","position":1,"name":"Home","item":"https:\/\/andersadlercreutz.fi\/blog\/blogg\/?lang=sv"},{"@type":"ListItem","position":2,"name":"BSAG tekee laivojen j\u00e4tevesip\u00e4\u00e4st\u00f6ist\u00e4 historiaa"}]},{"@type":"WebSite","@id":"https:\/\/andersadlercreutz.fi\/blog\/#website","url":"https:\/\/andersadlercreutz.fi\/blog\/","name":"Anders Adlercreutz","description":"Du. Jag. Vi. Kest&auml;v&auml;sti optimisti","potentialAction":[{"@type":"SearchAction","target":{"@type":"EntryPoint","urlTemplate":"https:\/\/andersadlercreutz.fi\/blog\/?s={search_term_string}"},"query-input":"required name=search_term_string"}],"inLanguage":"sv-SE"},{"@type":"Person","@id":"https:\/\/andersadlercreutz.fi\/blog\/#\/schema\/person\/47d4b72eded862b484f74bb4b3a2354f","name":"Anders","image":{"@type":"ImageObject","inLanguage":"sv-SE","@id":"https:\/\/andersadlercreutz.fi\/blog\/#\/schema\/person\/image\/","url":"https:\/\/secure.gravatar.com\/avatar\/a144c9bda7a581ff6fabba169027e620?s=96&d=mm&r=g","contentUrl":"https:\/\/secure.gravatar.com\/avatar\/a144c9bda7a581ff6fabba169027e620?s=96&d=mm&r=g","caption":"Anders"},"url":"https:\/\/andersadlercreutz.fi\/blog\/author\/admin\/"}]}},"jetpack_featured_media_url":"https:\/\/i0.wp.com\/andersadlercreutz.fi\/blog\/wp-content\/uploads\/2023\/03\/saara-keskustelu-kopia.png?fit=1500%2C887&ssl=1","jetpack_shortlink":"https:\/\/wp.me\/p4T6Dh-29T","jetpack_sharing_enabled":true,"_links":{"self":[{"href":"https:\/\/andersadlercreutz.fi\/blog\/wp-json\/wp\/v2\/posts\/8301"}],"collection":[{"href":"https:\/\/andersadlercreutz.fi\/blog\/wp-json\/wp\/v2\/posts"}],"about":[{"href":"https:\/\/andersadlercreutz.fi\/blog\/wp-json\/wp\/v2\/types\/post"}],"author":[{"embeddable":true,"href":"https:\/\/andersadlercreutz.fi\/blog\/wp-json\/wp\/v2\/users\/1"}],"replies":[{"embeddable":true,"href":"https:\/\/andersadlercreutz.fi\/blog\/wp-json\/wp\/v2\/comments?post=8301"}],"version-history":[{"count":2,"href":"https:\/\/andersadlercreutz.fi\/blog\/wp-json\/wp\/v2\/posts\/8301\/revisions"}],"predecessor-version":[{"id":8320,"href":"https:\/\/andersadlercreutz.fi\/blog\/wp-json\/wp\/v2\/posts\/8301\/revisions\/8320"}],"wp:featuredmedia":[{"embeddable":true,"href":"https:\/\/andersadlercreutz.fi\/blog\/wp-json\/wp\/v2\/media\/8305"}],"wp:attachment":[{"href":"https:\/\/andersadlercreutz.fi\/blog\/wp-json\/wp\/v2\/media?parent=8301"}],"wp:term":[{"taxonomy":"category","embeddable":true,"href":"https:\/\/andersadlercreutz.fi\/blog\/wp-json\/wp\/v2\/categories?post=8301"},{"taxonomy":"post_tag","embeddable":true,"href":"https:\/\/andersadlercreutz.fi\/blog\/wp-json\/wp\/v2\/tags?post=8301"}],"curies":[{"name":"wp","href":"https:\/\/api.w.org\/{rel}","templated":true}]}}