{"id":8407,"date":"2023-03-24T09:05:09","date_gmt":"2023-03-24T07:05:09","guid":{"rendered":"https:\/\/andersadlercreutz.fi\/blog\/?p=8407"},"modified":"2023-03-24T11:05:49","modified_gmt":"2023-03-24T09:05:49","slug":"kaikki-olisi-voinut-menna-myos-toisin","status":"publish","type":"post","link":"https:\/\/andersadlercreutz.fi\/blog\/blog\/kaikki-olisi-voinut-menna-myos-toisin\/?lang=fi","title":{"rendered":"Kaikki olisi voinut menn\u00e4 my\u00f6s toisin"},"content":{"rendered":"<div>\n<p class=\"Frval\"><span lang=\"FI\">Jos Ven\u00e4j\u00e4n asevoimat olisivat olleet paremmassa kunnossa, Ukrainan puolustus olisi <\/span><span lang=\"SV\">horjunut <\/span><span lang=\"FI\">ja Eurooppa ja Yhdysvallat olisivat ep\u00e4r<\/span><span lang=\"SV\">\u00f6<\/span><span lang=\"FI\">ineet avunannossa, Vladimir Putin olisi saattanut onnistua <\/span><span lang=\"SV\">siin\u00e4 <\/span><span lang=\"FI\">j\u00e4rjett<\/span><span lang=\"SV\">\u00f6<\/span><span lang=\"FI\">m\u00e4ss\u00e4 sodassa, jonka h\u00e4n aloitti varhain torstaiaamuna 24. helmikuuta 2022.<\/span><\/p>\n<\/div>\n<div>\n<p class=\"Frval\"><span lang=\"FI\">Silloin Eurooppa n\u00e4ytt\u00e4isi hyvin erilaiselta.<\/span><\/p>\n<\/div>\n<div>\n<p class=\"Frval\"><span lang=\"FI\">Volodymir Zelensky olisi joko tapettu ven\u00e4l\u00e4isten erikoisjoukkojen toimesta tai h\u00e4net olisi l\u00e4hetty Siperiaan jonkinlaisen n\u00e4yt<\/span><span lang=\"SV\">\u00f6<\/span><span lang=\"FI\">soikeudenk\u00e4ynnin j\u00e4lkeen. Tai ehk\u00e4 h\u00e4n olisi johtanut Varsovassa tai Vilnassa maanpaossa ollutta hallitusta.<\/span><\/p>\n<\/div>\n<div>\n<p class=\"Frval\"><span lang=\"FI\">Ukrainaan olisi mahdollisesti perustettu jonkinlainen nukkehallitus. Entiselle presidentille Janukovit\u0161ille olisi ehk\u00e4 annettu allekirjoitettavakseen jokin paperi, mink\u00e4 j\u00e4lkeen h\u00e4n olisi j\u00e4lleen h\u00e4vinnyt kuvioista. Nukkehallitus olisi tuskin sek\u00e4\u00e4n toiminut pitk\u00e4\u00e4n. Ukraina olisi hajotettu ja tilalle olisi tullut joukko Ven\u00e4j\u00e4n liittovaltion alueita.<\/span><\/p>\n<\/div>\n<div>\n<p class=\"Frval\"><span lang=\"FI\">N\u00e4in tapahtui Ven\u00e4j\u00e4n suuressa keisarikunnassa 1800-luvulla ja Putin on tehnyt hyvin selv\u00e4ksi, ett\u00e4 t\u00e4m\u00e4 on my\u00f6s h\u00e4nen tavoitteensa.<\/span><\/p>\n<\/div>\n<div>\n<p class=\"Frval\"><span lang=\"FI\">Toistaiseksi tavoite on onneksi onnistuttu torpedoimaan.<\/span><\/p>\n<\/div>\n<div>\n<p class=\"Frval\"><span lang=\"FI\">Ven\u00e4j\u00e4n armeija ep\u00e4onnistui alkuper\u00e4isiss\u00e4 pyrkimyksiss\u00e4\u00e4n, Ukrainan vastarinta on ollut sankarillista ja l\u00e4nsimaat ovat puolustaneet Ukrainaa, kansainv\u00e4list\u00e4 oikeutta ja Ukrainan oikeutta valita oma tiens\u00e4.<\/span><\/p>\n<\/div>\n<div>\n<blockquote>\n<p class=\"Frval\"><span lang=\"FI\">Nyt keskitymme siihen, miten voimme jatkossa auttaa Ukrainaa poliittisesti, taloudellisesti ja sotilaallisesti niin, ett\u00e4 se kykenee vastustamaan Ven\u00e4j\u00e4n laajenemistavoitteita.<\/span><\/p>\n<\/blockquote>\n<\/div>\n<div>\n<p class=\"Frval\"><span lang=\"FI\">Avun on oltava pitk\u00e4j\u00e4nteist\u00e4. Ukrainan on kyett\u00e4v\u00e4 rakentaman nykyaikaiset puolustusvoimat, jotka pystyv\u00e4t turvaamaan maan itsen\u00e4isen tulevaisuuden. Ukrainan valtio tarvitsee taloudellista apua selviyty\u00e4kseen perustoiminnoistaan, ja maan j\u00e4lleenrakentaminen vaatii mittavia resursseja.<\/span><\/p>\n<\/div>\n<div>\n<p class=\"Frval\"><span lang=\"FI\">L\u00e4nsimailta vaadittavat panostukset ovat pieni\u00e4 verrattuna siihen, mik\u00e4 on vaihtoehto. <\/span><\/p>\n<\/div>\n<div>\n<p class=\"Frval\"><span lang=\"FI\">Ukrainan vapaus ja vakaus merkitsev\u00e4t tulevina vuosikymmenin\u00e4 vapautta ja vakautta my\u00f6s Euroopassa. Jos Ven\u00e4j\u00e4n sotavoimat nujertavat Ukrainan ja pyyhkii sen pois maailman kartalta, sen kohteeksi joutuu ennemmin tai my\u00f6hemmin my\u00f6s muita maita.<\/span><\/p>\n<\/div>\n<div>\n<p class=\"Frval\"><span lang=\"FI\">Juuri nyt on t\u00e4rkeint\u00e4 voittaa k\u00e4ynniss\u00e4 oleva sota, tavalla tai toisella.<\/span><\/p>\n<\/div>\n<div>\n<p class=\"Frval\"><span lang=\"FI\">Mutta sen j\u00e4lkeen on kyse rauhan voittamisesta &#8211; ja se voi olla yht\u00e4 vaativaa.<\/span><\/p>\n<\/div>\n<div>\n<p class=\"Frval\"><span lang=\"FI\">Rauhan saavuttaminen It\u00e4-Euroopassa edellytt\u00e4\u00e4 kahta asiaa Putinin mielett<\/span><span lang=\"SV\">\u00f6<\/span><span lang=\"FI\">m\u00e4n sodan j\u00e4lkeen.<\/span><\/p>\n<\/div>\n<div>\n<p class=\"Frval\"><span lang=\"FI\">Ensimm\u00e4inen on tietenkin hallinnon vaihtuminen Ven\u00e4j\u00e4ll\u00e4.<\/span><\/p>\n<\/div>\n<div>\n<p class=\"Frval\"><span lang=\"FI\">Putin on tehnyt selv\u00e4ksi, ett\u00e4 t\u00e4ss\u00e4 sodassa on h\u00e4nelle kysymys <\/span><span lang=\"IT\">el<\/span><span lang=\"FI\">\u00e4m\u00e4st\u00e4 tai kuolemasta. Sodan lopputulos m\u00e4\u00e4rittelee h\u00e4nen paikkansa Ven\u00e4j\u00e4n historiassa. \u00a0Putin pelk\u00e4\u00e4 naapurimaiden \u2013 eik\u00e4 v\u00e4hiten Ukrainan \u2013 niin sanottuja v\u00e4rivallankumouksia, sill\u00e4 ne voisivat uhata h\u00e4nen autoritaarista valtaansa. H\u00e4nen on todistettava, ett\u00e4 h\u00e4n pystyy samaan kuin Iivana Julma, Pietari Suuri ja Katariina II.<\/span><\/p>\n<\/div>\n<div>\n<blockquote>\n<p class=\"Frval\"><span lang=\"DE\">Meid<\/span><span lang=\"FI\">\u00e4n on ymm\u00e4<\/span><span lang=\"IT\">rrett<\/span><span lang=\"FI\">\u00e4v\u00e4, ettei rauhaa voida saavuttaa niin kauan kuin Putin on vallassa.<\/span><\/p>\n<\/blockquote>\n<\/div>\n<div>\n<p class=\"Frval\"><span lang=\"FI\">Ennemmin tai my\u00f6hemmin Putinin valta-asema romahtaa ja h\u00e4n j\u00e4tt\u00e4\u00e4 Kremlin. Yh\u00e4 useammat Ven\u00e4j\u00e4n johdossa ja sen l\u00e4hell\u00e4 olevista n\u00e4kev\u00e4t t\u00e4m\u00e4n edess\u00e4 olevan kehityksen. <\/span><\/p>\n<\/div>\n<div>\n<p class=\"Frval\"><span lang=\"FI\">Mutta vallan vaihtuminen on pohjimmiltaan Ven\u00e4j\u00e4n asia.<\/span><\/p>\n<\/div>\n<div>\n<p class=\"Frval\"><span lang=\"DE\">Meid\u00e4n toimillamme ei ole t\u00e4ss\u00e4 asiassa merkityst\u00e4.<\/span><span lang=\"FI\"> Voimme kuitenkin ilmaista selv\u00e4sti, ett\u00e4 meille Ven\u00e4j\u00e4 on olemassa Putinin j\u00e4lkeen, ja ett\u00e4 me haluamme ilman muuta luoda rauhanomaiset, vakaat ja hyv\u00e4t suhteet tulevan Ven\u00e4j\u00e4n kanssa.<\/span><\/p>\n<\/div>\n<div>\n<p class=\"Frval\"><span lang=\"FI\">Toinen rauhan edellytys on, ett\u00e4 integroimme Ukrainan t\u00e4ysim\u00e4\u00e4r\u00e4isesti eurooppalaisiin ja atlanttisiin rakenteisiimme, ennen kaikkea EU:hun. Hallinnon vaihtuminen Ven\u00e4j\u00e4ll\u00e4 ei ole meid\u00e4n k\u00e4siss\u00e4mme, mutta t\u00e4m\u00e4 on.<\/span><\/p>\n<\/div>\n<div>\n<p class=\"Frval\"><span lang=\"DE\">Tie EU-j<\/span><span lang=\"FI\">\u00e4senyyteen ei ole lyhyt tai helppo. Suomi ja Ruotsi saivat omat neuvottelunsa p\u00e4\u00e4t<\/span><span lang=\"SV\">\u00f6<\/span><span lang=\"FI\">kseen alle kolmessa vuodessa, mutta ne olivat tuolloin jo osa sis\u00e4markkinoita. EU on kehittynyt huomattavasti sen j\u00e4lkeen, kun maamme liittyiv\u00e4t siihen vuonna 1995.<\/span><\/p>\n<\/div>\n<div>\n<p class=\"Frval\"><span lang=\"FI\">Ja sitten on viel\u00e4 Nato &#8211; tavalla tai toisella Ukrainan turvallisuus on ankkuroitava my\u00f6s transatlanttiseen yhteisty<\/span><span lang=\"SV\">\u00f6<\/span><span lang=\"FI\">h<\/span><span lang=\"SV\">\u00f6<\/span><span lang=\"FI\">n.<\/span><\/p>\n<\/div>\n<div>\n<p class=\"Frval\"><span lang=\"FI\">Ukrainan sankarillinen vastarinta ja l\u00e4nsimaiden politiikka ovat pys\u00e4ytt\u00e4neet Putinin suunnitelmat. Eurooppa on muuttunut perusteellisesti. Rauhaan p\u00e4\u00e4seminen tulee viem\u00e4\u00e4n vuosia, ehk\u00e4 vuosikymmeni\u00e4.<\/span><\/p>\n<\/div>\n<div>\n<p class=\"Frval\"><span lang=\"FI\">Uusi hallinto Ven\u00e4j\u00e4ll\u00e4 ja Ukraina t\u00e4ysin EU:ssa, siin\u00e4 ovat uuden eurooppalaisen rauhan avaimet<\/span><span lang=\"RU\">.<\/span><\/p>\n<\/div>\n<p>(Kirjoitus julkaistu <a href=\"https:\/\/issuu.com\/anders.adlercreutz\/docs\/hs_liite_digi\">lehdess\u00e4ni<\/a> 2023)<\/p>\n","protected":false},"excerpt":{"rendered":"<p>Jos Ven\u00e4j\u00e4n asevoimat olisivat olleet paremmassa kunnossa, Ukrainan puolustus olisi horjunut ja Eurooppa ja Yhdysvallat olisivat ep\u00e4r\u00f6ineet avunannossa, Vladimir Putin olisi saattanut onnistua siin\u00e4 j\u00e4rjett\u00f6m\u00e4ss\u00e4 sodassa, jonka h\u00e4n aloitti varhain torstaiaamuna 24. helmikuuta 2022. Silloin Eurooppa n\u00e4ytt\u00e4isi hyvin erilaiselta. Volodymir Zelensky olisi joko tapettu ven\u00e4l\u00e4isten erikoisjoukkojen toimesta tai h\u00e4net olisi l\u00e4hetty Siperiaan jonkinlaisen n\u00e4yt\u00f6soikeudenk\u00e4ynnin j\u00e4lkeen. [&hellip;]<\/p>\n","protected":false},"author":1,"featured_media":8404,"comment_status":"open","ping_status":"open","sticky":false,"template":"","format":"standard","meta":{"jetpack_post_was_ever_published":false,"_jetpack_newsletter_access":"","jetpack_publicize_message":"","jetpack_is_tweetstorm":false,"jetpack_publicize_feature_enabled":true,"jetpack_social_post_already_shared":true,"jetpack_social_options":{"image_generator_settings":{"template":"highway","enabled":false}}},"categories":[18,128,130],"tags":[],"jetpack_publicize_connections":[],"yoast_head":"<!-- This site is optimized with the Yoast SEO plugin v20.12 - https:\/\/yoast.com\/wordpress\/plugins\/seo\/ -->\n<title>Kaikki olisi voinut menn\u00e4 my\u00f6s toisin - Anders Adlercreutz<\/title>\n<meta name=\"robots\" content=\"index, follow, max-snippet:-1, max-image-preview:large, max-video-preview:-1\" \/>\n<link rel=\"canonical\" href=\"https:\/\/andersadlercreutz.fi\/blog\/blog\/kaikki-olisi-voinut-menna-myos-toisin\/\" \/>\n<meta property=\"og:locale\" content=\"sv_SE\" \/>\n<meta property=\"og:type\" content=\"article\" \/>\n<meta property=\"og:title\" content=\"Kaikki olisi voinut menn\u00e4 my\u00f6s toisin - Anders Adlercreutz\" \/>\n<meta property=\"og:description\" content=\"Jos Ven\u00e4j\u00e4n asevoimat olisivat olleet paremmassa kunnossa, Ukrainan puolustus olisi horjunut ja Eurooppa ja Yhdysvallat olisivat ep\u00e4r\u00f6ineet avunannossa, Vladimir Putin olisi saattanut onnistua siin\u00e4 j\u00e4rjett\u00f6m\u00e4ss\u00e4 sodassa, jonka h\u00e4n aloitti varhain torstaiaamuna 24. helmikuuta 2022. Silloin Eurooppa n\u00e4ytt\u00e4isi hyvin erilaiselta. Volodymir Zelensky olisi joko tapettu ven\u00e4l\u00e4isten erikoisjoukkojen toimesta tai h\u00e4net olisi l\u00e4hetty Siperiaan jonkinlaisen n\u00e4yt\u00f6soikeudenk\u00e4ynnin j\u00e4lkeen. [&hellip;]\" \/>\n<meta property=\"og:url\" content=\"https:\/\/andersadlercreutz.fi\/blog\/blog\/kaikki-olisi-voinut-menna-myos-toisin\/?lang=fi\" \/>\n<meta property=\"og:site_name\" content=\"Anders Adlercreutz\" \/>\n<meta property=\"article:published_time\" content=\"2023-03-24T07:05:09+00:00\" \/>\n<meta property=\"article:modified_time\" content=\"2023-03-24T09:05:49+00:00\" \/>\n<meta property=\"og:image\" content=\"https:\/\/andersadlercreutz.fi\/blog\/wp-content\/uploads\/2023\/03\/Carl_Bildt_under_den_politiska_Almedalsveckan_2016-kopia-stor.jpeg\" \/>\n\t<meta property=\"og:image:width\" content=\"1280\" \/>\n\t<meta property=\"og:image:height\" content=\"945\" \/>\n\t<meta property=\"og:image:type\" content=\"image\/jpeg\" \/>\n<meta name=\"author\" content=\"Anders\" \/>\n<meta name=\"twitter:card\" content=\"summary_large_image\" \/>\n<meta name=\"twitter:label1\" content=\"Skriven av\" \/>\n\t<meta name=\"twitter:data1\" content=\"Anders\" \/>\n\t<meta name=\"twitter:label2\" content=\"Ber\u00e4knad l\u00e4stid\" \/>\n\t<meta name=\"twitter:data2\" content=\"3 minuter\" \/>\n<script type=\"application\/ld+json\" class=\"yoast-schema-graph\">{\"@context\":\"https:\/\/schema.org\",\"@graph\":[{\"@type\":\"WebPage\",\"@id\":\"https:\/\/andersadlercreutz.fi\/blog\/blog\/kaikki-olisi-voinut-menna-myos-toisin\/?lang=fi\",\"url\":\"https:\/\/andersadlercreutz.fi\/blog\/blog\/kaikki-olisi-voinut-menna-myos-toisin\/?lang=fi\",\"name\":\"Kaikki olisi voinut menn\u00e4 my\u00f6s toisin - Anders Adlercreutz\",\"isPartOf\":{\"@id\":\"https:\/\/andersadlercreutz.fi\/blog\/#website\"},\"datePublished\":\"2023-03-24T07:05:09+00:00\",\"dateModified\":\"2023-03-24T09:05:49+00:00\",\"author\":{\"@id\":\"https:\/\/andersadlercreutz.fi\/blog\/#\/schema\/person\/47d4b72eded862b484f74bb4b3a2354f\"},\"breadcrumb\":{\"@id\":\"https:\/\/andersadlercreutz.fi\/blog\/blog\/kaikki-olisi-voinut-menna-myos-toisin\/?lang=fi#breadcrumb\"},\"inLanguage\":\"sv-SE\",\"potentialAction\":[{\"@type\":\"ReadAction\",\"target\":[\"https:\/\/andersadlercreutz.fi\/blog\/blog\/kaikki-olisi-voinut-menna-myos-toisin\/?lang=fi\"]}]},{\"@type\":\"BreadcrumbList\",\"@id\":\"https:\/\/andersadlercreutz.fi\/blog\/blog\/kaikki-olisi-voinut-menna-myos-toisin\/?lang=fi#breadcrumb\",\"itemListElement\":[{\"@type\":\"ListItem\",\"position\":1,\"name\":\"Home\",\"item\":\"https:\/\/andersadlercreutz.fi\/blog\/blogg\/?lang=sv\"},{\"@type\":\"ListItem\",\"position\":2,\"name\":\"Kaikki olisi voinut menn\u00e4 my\u00f6s toisin\"}]},{\"@type\":\"WebSite\",\"@id\":\"https:\/\/andersadlercreutz.fi\/blog\/#website\",\"url\":\"https:\/\/andersadlercreutz.fi\/blog\/\",\"name\":\"Anders Adlercreutz\",\"description\":\"Du. Jag. Vi. Kest&auml;v&auml;sti optimisti\",\"potentialAction\":[{\"@type\":\"SearchAction\",\"target\":{\"@type\":\"EntryPoint\",\"urlTemplate\":\"https:\/\/andersadlercreutz.fi\/blog\/?s={search_term_string}\"},\"query-input\":\"required name=search_term_string\"}],\"inLanguage\":\"sv-SE\"},{\"@type\":\"Person\",\"@id\":\"https:\/\/andersadlercreutz.fi\/blog\/#\/schema\/person\/47d4b72eded862b484f74bb4b3a2354f\",\"name\":\"Anders\",\"image\":{\"@type\":\"ImageObject\",\"inLanguage\":\"sv-SE\",\"@id\":\"https:\/\/andersadlercreutz.fi\/blog\/#\/schema\/person\/image\/\",\"url\":\"https:\/\/secure.gravatar.com\/avatar\/a144c9bda7a581ff6fabba169027e620?s=96&d=mm&r=g\",\"contentUrl\":\"https:\/\/secure.gravatar.com\/avatar\/a144c9bda7a581ff6fabba169027e620?s=96&d=mm&r=g\",\"caption\":\"Anders\"},\"url\":\"https:\/\/andersadlercreutz.fi\/blog\/author\/admin\/\"}]}<\/script>\n<!-- \/ Yoast SEO plugin. -->","yoast_head_json":{"title":"Kaikki olisi voinut menn\u00e4 my\u00f6s toisin - Anders Adlercreutz","robots":{"index":"index","follow":"follow","max-snippet":"max-snippet:-1","max-image-preview":"max-image-preview:large","max-video-preview":"max-video-preview:-1"},"canonical":"https:\/\/andersadlercreutz.fi\/blog\/blog\/kaikki-olisi-voinut-menna-myos-toisin\/","og_locale":"sv_SE","og_type":"article","og_title":"Kaikki olisi voinut menn\u00e4 my\u00f6s toisin - Anders Adlercreutz","og_description":"Jos Ven\u00e4j\u00e4n asevoimat olisivat olleet paremmassa kunnossa, Ukrainan puolustus olisi horjunut ja Eurooppa ja Yhdysvallat olisivat ep\u00e4r\u00f6ineet avunannossa, Vladimir Putin olisi saattanut onnistua siin\u00e4 j\u00e4rjett\u00f6m\u00e4ss\u00e4 sodassa, jonka h\u00e4n aloitti varhain torstaiaamuna 24. helmikuuta 2022. Silloin Eurooppa n\u00e4ytt\u00e4isi hyvin erilaiselta. Volodymir Zelensky olisi joko tapettu ven\u00e4l\u00e4isten erikoisjoukkojen toimesta tai h\u00e4net olisi l\u00e4hetty Siperiaan jonkinlaisen n\u00e4yt\u00f6soikeudenk\u00e4ynnin j\u00e4lkeen. [&hellip;]","og_url":"https:\/\/andersadlercreutz.fi\/blog\/blog\/kaikki-olisi-voinut-menna-myos-toisin\/?lang=fi","og_site_name":"Anders Adlercreutz","article_published_time":"2023-03-24T07:05:09+00:00","article_modified_time":"2023-03-24T09:05:49+00:00","og_image":[{"width":1280,"height":945,"url":"https:\/\/andersadlercreutz.fi\/blog\/wp-content\/uploads\/2023\/03\/Carl_Bildt_under_den_politiska_Almedalsveckan_2016-kopia-stor.jpeg","type":"image\/jpeg"}],"author":"Anders","twitter_card":"summary_large_image","twitter_misc":{"Skriven av":"Anders","Ber\u00e4knad l\u00e4stid":"3 minuter"},"schema":{"@context":"https:\/\/schema.org","@graph":[{"@type":"WebPage","@id":"https:\/\/andersadlercreutz.fi\/blog\/blog\/kaikki-olisi-voinut-menna-myos-toisin\/?lang=fi","url":"https:\/\/andersadlercreutz.fi\/blog\/blog\/kaikki-olisi-voinut-menna-myos-toisin\/?lang=fi","name":"Kaikki olisi voinut menn\u00e4 my\u00f6s toisin - Anders Adlercreutz","isPartOf":{"@id":"https:\/\/andersadlercreutz.fi\/blog\/#website"},"datePublished":"2023-03-24T07:05:09+00:00","dateModified":"2023-03-24T09:05:49+00:00","author":{"@id":"https:\/\/andersadlercreutz.fi\/blog\/#\/schema\/person\/47d4b72eded862b484f74bb4b3a2354f"},"breadcrumb":{"@id":"https:\/\/andersadlercreutz.fi\/blog\/blog\/kaikki-olisi-voinut-menna-myos-toisin\/?lang=fi#breadcrumb"},"inLanguage":"sv-SE","potentialAction":[{"@type":"ReadAction","target":["https:\/\/andersadlercreutz.fi\/blog\/blog\/kaikki-olisi-voinut-menna-myos-toisin\/?lang=fi"]}]},{"@type":"BreadcrumbList","@id":"https:\/\/andersadlercreutz.fi\/blog\/blog\/kaikki-olisi-voinut-menna-myos-toisin\/?lang=fi#breadcrumb","itemListElement":[{"@type":"ListItem","position":1,"name":"Home","item":"https:\/\/andersadlercreutz.fi\/blog\/blogg\/?lang=sv"},{"@type":"ListItem","position":2,"name":"Kaikki olisi voinut menn\u00e4 my\u00f6s toisin"}]},{"@type":"WebSite","@id":"https:\/\/andersadlercreutz.fi\/blog\/#website","url":"https:\/\/andersadlercreutz.fi\/blog\/","name":"Anders Adlercreutz","description":"Du. Jag. Vi. Kest&auml;v&auml;sti optimisti","potentialAction":[{"@type":"SearchAction","target":{"@type":"EntryPoint","urlTemplate":"https:\/\/andersadlercreutz.fi\/blog\/?s={search_term_string}"},"query-input":"required name=search_term_string"}],"inLanguage":"sv-SE"},{"@type":"Person","@id":"https:\/\/andersadlercreutz.fi\/blog\/#\/schema\/person\/47d4b72eded862b484f74bb4b3a2354f","name":"Anders","image":{"@type":"ImageObject","inLanguage":"sv-SE","@id":"https:\/\/andersadlercreutz.fi\/blog\/#\/schema\/person\/image\/","url":"https:\/\/secure.gravatar.com\/avatar\/a144c9bda7a581ff6fabba169027e620?s=96&d=mm&r=g","contentUrl":"https:\/\/secure.gravatar.com\/avatar\/a144c9bda7a581ff6fabba169027e620?s=96&d=mm&r=g","caption":"Anders"},"url":"https:\/\/andersadlercreutz.fi\/blog\/author\/admin\/"}]}},"jetpack_featured_media_url":"https:\/\/i0.wp.com\/andersadlercreutz.fi\/blog\/wp-content\/uploads\/2023\/03\/Carl_Bildt_under_den_politiska_Almedalsveckan_2016-kopia-stor.jpeg?fit=1280%2C945&ssl=1","jetpack_shortlink":"https:\/\/wp.me\/p4T6Dh-2bB","jetpack_sharing_enabled":true,"_links":{"self":[{"href":"https:\/\/andersadlercreutz.fi\/blog\/wp-json\/wp\/v2\/posts\/8407"}],"collection":[{"href":"https:\/\/andersadlercreutz.fi\/blog\/wp-json\/wp\/v2\/posts"}],"about":[{"href":"https:\/\/andersadlercreutz.fi\/blog\/wp-json\/wp\/v2\/types\/post"}],"author":[{"embeddable":true,"href":"https:\/\/andersadlercreutz.fi\/blog\/wp-json\/wp\/v2\/users\/1"}],"replies":[{"embeddable":true,"href":"https:\/\/andersadlercreutz.fi\/blog\/wp-json\/wp\/v2\/comments?post=8407"}],"version-history":[{"count":3,"href":"https:\/\/andersadlercreutz.fi\/blog\/wp-json\/wp\/v2\/posts\/8407\/revisions"}],"predecessor-version":[{"id":8463,"href":"https:\/\/andersadlercreutz.fi\/blog\/wp-json\/wp\/v2\/posts\/8407\/revisions\/8463"}],"wp:featuredmedia":[{"embeddable":true,"href":"https:\/\/andersadlercreutz.fi\/blog\/wp-json\/wp\/v2\/media\/8404"}],"wp:attachment":[{"href":"https:\/\/andersadlercreutz.fi\/blog\/wp-json\/wp\/v2\/media?parent=8407"}],"wp:term":[{"taxonomy":"category","embeddable":true,"href":"https:\/\/andersadlercreutz.fi\/blog\/wp-json\/wp\/v2\/categories?post=8407"},{"taxonomy":"post_tag","embeddable":true,"href":"https:\/\/andersadlercreutz.fi\/blog\/wp-json\/wp\/v2\/tags?post=8407"}],"curies":[{"name":"wp","href":"https:\/\/api.w.org\/{rel}","templated":true}]}}