{"id":8521,"date":"2023-04-11T14:41:37","date_gmt":"2023-04-11T11:41:37","guid":{"rendered":"https:\/\/andersadlercreutz.fi\/blog\/?p=8521"},"modified":"2023-04-11T14:41:37","modified_gmt":"2023-04-11T11:41:37","slug":"adlercreutz-jatkaa-ruotsalaisen-eduskuntaryhman-puheenjohtajana","status":"publish","type":"post","link":"https:\/\/andersadlercreutz.fi\/blog\/lehdistotiedote\/adlercreutz-jatkaa-ruotsalaisen-eduskuntaryhman-puheenjohtajana\/?lang=fi","title":{"rendered":"Adlercreutz jatkaa Ruotsalaisen eduskuntaryhm\u00e4n puheenjohtajana"},"content":{"rendered":"<p><span style=\"font-weight: 400;\">Kansanedustaja Anders Adlercreutz on Ruotsalaisen eduskuntaryhm\u00e4n j\u00e4rjest\u00e4ytymiskokouksessa valittu jatkamaan puheenjohtajana. Eduskuntaryhm\u00e4 piti t\u00e4n\u00e4\u00e4n uuden vaalikauden ensimm\u00e4isen kokouksen.<\/span><\/p>\n<p><span style=\"font-weight: 400;\">&#8211; Olen kiitollinen saadessani jatkaa Ruotsalaisen eduskuntaryhm\u00e4n puheenjohtajana. Aloitamme vaalikauden ryhm\u00e4ll\u00e4, jossa on niin vanhoja kuin uusia edustajia.<\/span> <span style=\"font-weight: 400;\">On ilo saada <\/span><span style=\"font-weight: 400;\">johtaa uutta eduskuntaryhm\u00e4\u00e4, Adlercreutz sanoo.<\/span><\/p>\n<p><span style=\"font-weight: 400;\">Adlercreutzin mukaan tullaan seuraavalla vaalikaudella tekem\u00e4\u00e4n t\u00e4rkeit\u00e4 p\u00e4\u00e4t\u00f6ksi\u00e4 Suomen tulevaisuuden kannalta.<\/span><\/p>\n<p><span style=\"font-weight: 400;\">&#8211; Meill\u00e4 on taloudellisia haasteita ja sota Euroopassa. Siksi on erityisen t\u00e4rke\u00e4\u00e4, ett\u00e4 jatkamme rakentavaa ja vastuullista EU-politiikkaa. Nato-j\u00e4senyys tuo my\u00f6s tervetulleen ulottuvuuden kansainv\u00e4liseen rooliimme. Taloudelliset haasteemme edellytt\u00e4v\u00e4t ty\u00f6markkinauudistuksia, voimakkaita toimia ty\u00f6voiman saatavuuden lis\u00e4\u00e4miseksi, sujuvampia prosesseja ty\u00f6per\u00e4isen maahanmuuton osalta sek\u00e4 ennakoitavaa ja kunnianhimoista ilmastopolitiikkaa. Tulevan ty\u00f6n kannalta on erityisen t\u00e4rke\u00e4\u00e4, ett\u00e4 p\u00e4\u00e4semme eduskunnassa yksimielisyyteen n\u00e4iss\u00e4 keskeisiss\u00e4 kysymyksiss\u00e4. Ruotsalainen eduskuntaryhm\u00e4 on valmis kantamaan vastuuta.<\/span><\/p>\n<p><span style=\"font-weight: 400;\">My\u00f6s eduskuntaryhm\u00e4n varapuheenjohtajat valittiin jatkokaudelle. Ryhm\u00e4n ensimm\u00e4iseksi varapuheenjohtajaksi valittiin ahvenanmaalainen kansanedustaja Mats L\u00f6fstr\u00f6m ja toiseksi varapuheenjohtajaksi kansanedustaja Sandra Bergqvist Paraisilta.\u00a0<\/span><\/p>\n<p><span style=\"font-weight: 400;\">Ruotsalaisen eduskuntaryhm\u00e4\u00e4n kuuluvat yhdeks\u00e4n kansanedustajaa Rkp:sta ja Ahvenanmaan kansanedustaja.<\/span><\/p>\n<p>&nbsp;<\/p>\n","protected":false},"excerpt":{"rendered":"<p>Kansanedustaja Anders Adlercreutz on Ruotsalaisen eduskuntaryhm\u00e4n j\u00e4rjest\u00e4ytymiskokouksessa valittu jatkamaan puheenjohtajana. Eduskuntaryhm\u00e4 piti t\u00e4n\u00e4\u00e4n uuden vaalikauden ensimm\u00e4isen kokouksen. &#8211; Olen kiitollinen saadessani jatkaa Ruotsalaisen eduskuntaryhm\u00e4n puheenjohtajana. Aloitamme vaalikauden ryhm\u00e4ll\u00e4, jossa on niin vanhoja kuin uusia edustajia. On ilo saada johtaa uutta eduskuntaryhm\u00e4\u00e4, Adlercreutz sanoo. Adlercreutzin mukaan tullaan seuraavalla vaalikaudella tekem\u00e4\u00e4n t\u00e4rkeit\u00e4 p\u00e4\u00e4t\u00f6ksi\u00e4 Suomen tulevaisuuden kannalta. &#8211; [&hellip;]<\/p>\n","protected":false},"author":1,"featured_media":8020,"comment_status":"open","ping_status":"open","sticky":false,"template":"","format":"standard","meta":{"jetpack_post_was_ever_published":false,"_jetpack_newsletter_access":"","jetpack_publicize_message":"","jetpack_is_tweetstorm":false,"jetpack_publicize_feature_enabled":true,"jetpack_social_post_already_shared":true,"jetpack_social_options":{"image_generator_settings":{"template":"highway","enabled":false}}},"categories":[71],"tags":[],"jetpack_publicize_connections":[],"yoast_head":"<!-- This site is optimized with the Yoast SEO plugin v20.12 - https:\/\/yoast.com\/wordpress\/plugins\/seo\/ -->\n<title>Adlercreutz jatkaa Ruotsalaisen eduskuntaryhm\u00e4n puheenjohtajana - Anders Adlercreutz<\/title>\n<meta name=\"robots\" content=\"index, follow, max-snippet:-1, max-image-preview:large, max-video-preview:-1\" \/>\n<link rel=\"canonical\" href=\"https:\/\/andersadlercreutz.fi\/blog\/lehdistotiedote\/adlercreutz-jatkaa-ruotsalaisen-eduskuntaryhman-puheenjohtajana\/\" \/>\n<meta property=\"og:locale\" content=\"sv_SE\" \/>\n<meta property=\"og:type\" content=\"article\" \/>\n<meta property=\"og:title\" content=\"Adlercreutz jatkaa Ruotsalaisen eduskuntaryhm\u00e4n puheenjohtajana - Anders Adlercreutz\" \/>\n<meta property=\"og:description\" content=\"Kansanedustaja Anders Adlercreutz on Ruotsalaisen eduskuntaryhm\u00e4n j\u00e4rjest\u00e4ytymiskokouksessa valittu jatkamaan puheenjohtajana. Eduskuntaryhm\u00e4 piti t\u00e4n\u00e4\u00e4n uuden vaalikauden ensimm\u00e4isen kokouksen. &#8211; Olen kiitollinen saadessani jatkaa Ruotsalaisen eduskuntaryhm\u00e4n puheenjohtajana. Aloitamme vaalikauden ryhm\u00e4ll\u00e4, jossa on niin vanhoja kuin uusia edustajia. On ilo saada johtaa uutta eduskuntaryhm\u00e4\u00e4, Adlercreutz sanoo. Adlercreutzin mukaan tullaan seuraavalla vaalikaudella tekem\u00e4\u00e4n t\u00e4rkeit\u00e4 p\u00e4\u00e4t\u00f6ksi\u00e4 Suomen tulevaisuuden kannalta. &#8211; [&hellip;]\" \/>\n<meta property=\"og:url\" content=\"https:\/\/andersadlercreutz.fi\/blog\/lehdistotiedote\/adlercreutz-jatkaa-ruotsalaisen-eduskuntaryhman-puheenjohtajana\/?lang=fi\" \/>\n<meta property=\"og:site_name\" content=\"Anders Adlercreutz\" \/>\n<meta property=\"article:published_time\" content=\"2023-04-11T11:41:37+00:00\" \/>\n<meta property=\"og:image\" content=\"https:\/\/andersadlercreutz.fi\/blog\/wp-content\/uploads\/2023\/02\/AndersA-6428-stor.jpeg\" \/>\n\t<meta property=\"og:image:width\" content=\"1280\" \/>\n\t<meta property=\"og:image:height\" content=\"853\" \/>\n\t<meta property=\"og:image:type\" content=\"image\/jpeg\" \/>\n<meta name=\"author\" content=\"Anders\" \/>\n<meta name=\"twitter:card\" content=\"summary_large_image\" \/>\n<meta name=\"twitter:label1\" content=\"Skriven av\" \/>\n\t<meta name=\"twitter:data1\" content=\"Anders\" \/>\n\t<meta name=\"twitter:label2\" content=\"Ber\u00e4knad l\u00e4stid\" \/>\n\t<meta name=\"twitter:data2\" content=\"1 minut\" \/>\n<script type=\"application\/ld+json\" class=\"yoast-schema-graph\">{\"@context\":\"https:\/\/schema.org\",\"@graph\":[{\"@type\":\"WebPage\",\"@id\":\"https:\/\/andersadlercreutz.fi\/blog\/lehdistotiedote\/adlercreutz-jatkaa-ruotsalaisen-eduskuntaryhman-puheenjohtajana\/?lang=fi\",\"url\":\"https:\/\/andersadlercreutz.fi\/blog\/lehdistotiedote\/adlercreutz-jatkaa-ruotsalaisen-eduskuntaryhman-puheenjohtajana\/?lang=fi\",\"name\":\"Adlercreutz jatkaa Ruotsalaisen eduskuntaryhm\u00e4n puheenjohtajana - Anders Adlercreutz\",\"isPartOf\":{\"@id\":\"https:\/\/andersadlercreutz.fi\/blog\/#website\"},\"datePublished\":\"2023-04-11T11:41:37+00:00\",\"dateModified\":\"2023-04-11T11:41:37+00:00\",\"author\":{\"@id\":\"https:\/\/andersadlercreutz.fi\/blog\/#\/schema\/person\/47d4b72eded862b484f74bb4b3a2354f\"},\"breadcrumb\":{\"@id\":\"https:\/\/andersadlercreutz.fi\/blog\/lehdistotiedote\/adlercreutz-jatkaa-ruotsalaisen-eduskuntaryhman-puheenjohtajana\/?lang=fi#breadcrumb\"},\"inLanguage\":\"sv-SE\",\"potentialAction\":[{\"@type\":\"ReadAction\",\"target\":[\"https:\/\/andersadlercreutz.fi\/blog\/lehdistotiedote\/adlercreutz-jatkaa-ruotsalaisen-eduskuntaryhman-puheenjohtajana\/?lang=fi\"]}]},{\"@type\":\"BreadcrumbList\",\"@id\":\"https:\/\/andersadlercreutz.fi\/blog\/lehdistotiedote\/adlercreutz-jatkaa-ruotsalaisen-eduskuntaryhman-puheenjohtajana\/?lang=fi#breadcrumb\",\"itemListElement\":[{\"@type\":\"ListItem\",\"position\":1,\"name\":\"Home\",\"item\":\"https:\/\/andersadlercreutz.fi\/blog\/blogg\/?lang=sv\"},{\"@type\":\"ListItem\",\"position\":2,\"name\":\"Adlercreutz jatkaa Ruotsalaisen eduskuntaryhm\u00e4n puheenjohtajana\"}]},{\"@type\":\"WebSite\",\"@id\":\"https:\/\/andersadlercreutz.fi\/blog\/#website\",\"url\":\"https:\/\/andersadlercreutz.fi\/blog\/\",\"name\":\"Anders Adlercreutz\",\"description\":\"Du. Jag. Vi. Kest&auml;v&auml;sti optimisti\",\"potentialAction\":[{\"@type\":\"SearchAction\",\"target\":{\"@type\":\"EntryPoint\",\"urlTemplate\":\"https:\/\/andersadlercreutz.fi\/blog\/?s={search_term_string}\"},\"query-input\":\"required name=search_term_string\"}],\"inLanguage\":\"sv-SE\"},{\"@type\":\"Person\",\"@id\":\"https:\/\/andersadlercreutz.fi\/blog\/#\/schema\/person\/47d4b72eded862b484f74bb4b3a2354f\",\"name\":\"Anders\",\"image\":{\"@type\":\"ImageObject\",\"inLanguage\":\"sv-SE\",\"@id\":\"https:\/\/andersadlercreutz.fi\/blog\/#\/schema\/person\/image\/\",\"url\":\"https:\/\/secure.gravatar.com\/avatar\/a144c9bda7a581ff6fabba169027e620?s=96&d=mm&r=g\",\"contentUrl\":\"https:\/\/secure.gravatar.com\/avatar\/a144c9bda7a581ff6fabba169027e620?s=96&d=mm&r=g\",\"caption\":\"Anders\"},\"url\":\"https:\/\/andersadlercreutz.fi\/blog\/author\/admin\/\"}]}<\/script>\n<!-- \/ Yoast SEO plugin. -->","yoast_head_json":{"title":"Adlercreutz jatkaa Ruotsalaisen eduskuntaryhm\u00e4n puheenjohtajana - Anders Adlercreutz","robots":{"index":"index","follow":"follow","max-snippet":"max-snippet:-1","max-image-preview":"max-image-preview:large","max-video-preview":"max-video-preview:-1"},"canonical":"https:\/\/andersadlercreutz.fi\/blog\/lehdistotiedote\/adlercreutz-jatkaa-ruotsalaisen-eduskuntaryhman-puheenjohtajana\/","og_locale":"sv_SE","og_type":"article","og_title":"Adlercreutz jatkaa Ruotsalaisen eduskuntaryhm\u00e4n puheenjohtajana - Anders Adlercreutz","og_description":"Kansanedustaja Anders Adlercreutz on Ruotsalaisen eduskuntaryhm\u00e4n j\u00e4rjest\u00e4ytymiskokouksessa valittu jatkamaan puheenjohtajana. Eduskuntaryhm\u00e4 piti t\u00e4n\u00e4\u00e4n uuden vaalikauden ensimm\u00e4isen kokouksen. &#8211; Olen kiitollinen saadessani jatkaa Ruotsalaisen eduskuntaryhm\u00e4n puheenjohtajana. Aloitamme vaalikauden ryhm\u00e4ll\u00e4, jossa on niin vanhoja kuin uusia edustajia. On ilo saada johtaa uutta eduskuntaryhm\u00e4\u00e4, Adlercreutz sanoo. Adlercreutzin mukaan tullaan seuraavalla vaalikaudella tekem\u00e4\u00e4n t\u00e4rkeit\u00e4 p\u00e4\u00e4t\u00f6ksi\u00e4 Suomen tulevaisuuden kannalta. &#8211; [&hellip;]","og_url":"https:\/\/andersadlercreutz.fi\/blog\/lehdistotiedote\/adlercreutz-jatkaa-ruotsalaisen-eduskuntaryhman-puheenjohtajana\/?lang=fi","og_site_name":"Anders Adlercreutz","article_published_time":"2023-04-11T11:41:37+00:00","og_image":[{"width":1280,"height":853,"url":"https:\/\/andersadlercreutz.fi\/blog\/wp-content\/uploads\/2023\/02\/AndersA-6428-stor.jpeg","type":"image\/jpeg"}],"author":"Anders","twitter_card":"summary_large_image","twitter_misc":{"Skriven av":"Anders","Ber\u00e4knad l\u00e4stid":"1 minut"},"schema":{"@context":"https:\/\/schema.org","@graph":[{"@type":"WebPage","@id":"https:\/\/andersadlercreutz.fi\/blog\/lehdistotiedote\/adlercreutz-jatkaa-ruotsalaisen-eduskuntaryhman-puheenjohtajana\/?lang=fi","url":"https:\/\/andersadlercreutz.fi\/blog\/lehdistotiedote\/adlercreutz-jatkaa-ruotsalaisen-eduskuntaryhman-puheenjohtajana\/?lang=fi","name":"Adlercreutz jatkaa Ruotsalaisen eduskuntaryhm\u00e4n puheenjohtajana - Anders Adlercreutz","isPartOf":{"@id":"https:\/\/andersadlercreutz.fi\/blog\/#website"},"datePublished":"2023-04-11T11:41:37+00:00","dateModified":"2023-04-11T11:41:37+00:00","author":{"@id":"https:\/\/andersadlercreutz.fi\/blog\/#\/schema\/person\/47d4b72eded862b484f74bb4b3a2354f"},"breadcrumb":{"@id":"https:\/\/andersadlercreutz.fi\/blog\/lehdistotiedote\/adlercreutz-jatkaa-ruotsalaisen-eduskuntaryhman-puheenjohtajana\/?lang=fi#breadcrumb"},"inLanguage":"sv-SE","potentialAction":[{"@type":"ReadAction","target":["https:\/\/andersadlercreutz.fi\/blog\/lehdistotiedote\/adlercreutz-jatkaa-ruotsalaisen-eduskuntaryhman-puheenjohtajana\/?lang=fi"]}]},{"@type":"BreadcrumbList","@id":"https:\/\/andersadlercreutz.fi\/blog\/lehdistotiedote\/adlercreutz-jatkaa-ruotsalaisen-eduskuntaryhman-puheenjohtajana\/?lang=fi#breadcrumb","itemListElement":[{"@type":"ListItem","position":1,"name":"Home","item":"https:\/\/andersadlercreutz.fi\/blog\/blogg\/?lang=sv"},{"@type":"ListItem","position":2,"name":"Adlercreutz jatkaa Ruotsalaisen eduskuntaryhm\u00e4n puheenjohtajana"}]},{"@type":"WebSite","@id":"https:\/\/andersadlercreutz.fi\/blog\/#website","url":"https:\/\/andersadlercreutz.fi\/blog\/","name":"Anders Adlercreutz","description":"Du. Jag. Vi. Kest&auml;v&auml;sti optimisti","potentialAction":[{"@type":"SearchAction","target":{"@type":"EntryPoint","urlTemplate":"https:\/\/andersadlercreutz.fi\/blog\/?s={search_term_string}"},"query-input":"required name=search_term_string"}],"inLanguage":"sv-SE"},{"@type":"Person","@id":"https:\/\/andersadlercreutz.fi\/blog\/#\/schema\/person\/47d4b72eded862b484f74bb4b3a2354f","name":"Anders","image":{"@type":"ImageObject","inLanguage":"sv-SE","@id":"https:\/\/andersadlercreutz.fi\/blog\/#\/schema\/person\/image\/","url":"https:\/\/secure.gravatar.com\/avatar\/a144c9bda7a581ff6fabba169027e620?s=96&d=mm&r=g","contentUrl":"https:\/\/secure.gravatar.com\/avatar\/a144c9bda7a581ff6fabba169027e620?s=96&d=mm&r=g","caption":"Anders"},"url":"https:\/\/andersadlercreutz.fi\/blog\/author\/admin\/"}]}},"jetpack_featured_media_url":"https:\/\/i0.wp.com\/andersadlercreutz.fi\/blog\/wp-content\/uploads\/2023\/02\/AndersA-6428-stor.jpeg?fit=1280%2C853&ssl=1","jetpack_shortlink":"https:\/\/wp.me\/p4T6Dh-2dr","jetpack_sharing_enabled":true,"_links":{"self":[{"href":"https:\/\/andersadlercreutz.fi\/blog\/wp-json\/wp\/v2\/posts\/8521"}],"collection":[{"href":"https:\/\/andersadlercreutz.fi\/blog\/wp-json\/wp\/v2\/posts"}],"about":[{"href":"https:\/\/andersadlercreutz.fi\/blog\/wp-json\/wp\/v2\/types\/post"}],"author":[{"embeddable":true,"href":"https:\/\/andersadlercreutz.fi\/blog\/wp-json\/wp\/v2\/users\/1"}],"replies":[{"embeddable":true,"href":"https:\/\/andersadlercreutz.fi\/blog\/wp-json\/wp\/v2\/comments?post=8521"}],"version-history":[{"count":2,"href":"https:\/\/andersadlercreutz.fi\/blog\/wp-json\/wp\/v2\/posts\/8521\/revisions"}],"predecessor-version":[{"id":8528,"href":"https:\/\/andersadlercreutz.fi\/blog\/wp-json\/wp\/v2\/posts\/8521\/revisions\/8528"}],"wp:featuredmedia":[{"embeddable":true,"href":"https:\/\/andersadlercreutz.fi\/blog\/wp-json\/wp\/v2\/media\/8020"}],"wp:attachment":[{"href":"https:\/\/andersadlercreutz.fi\/blog\/wp-json\/wp\/v2\/media?parent=8521"}],"wp:term":[{"taxonomy":"category","embeddable":true,"href":"https:\/\/andersadlercreutz.fi\/blog\/wp-json\/wp\/v2\/categories?post=8521"},{"taxonomy":"post_tag","embeddable":true,"href":"https:\/\/andersadlercreutz.fi\/blog\/wp-json\/wp\/v2\/tags?post=8521"}],"curies":[{"name":"wp","href":"https:\/\/api.w.org\/{rel}","templated":true}]}}