{"id":8949,"date":"2023-10-29T13:04:56","date_gmt":"2023-10-29T11:04:56","guid":{"rendered":"https:\/\/andersadlercreutz.fi\/blog\/?p=8949"},"modified":"2023-10-29T13:04:56","modified_gmt":"2023-10-29T11:04:56","slug":"andreas-elfving-ministeri-adlercreutzin-erityisavustajaksi","status":"publish","type":"post","link":"https:\/\/andersadlercreutz.fi\/blog\/lehdistotiedote\/andreas-elfving-ministeri-adlercreutzin-erityisavustajaksi\/?lang=fi","title":{"rendered":"Andreas Elfving ministeri Adlercreutzin erityisavustajaksi"},"content":{"rendered":"<p class=\"ingress\">Eurooppa- ja omistajaohjausministeri Anders Adlercreutz on kutsunut valtiotieteiden kandidaatti <strong>Andreas Elfvingin<\/strong> erityisavustajakseen valtioneuvoston kansliaan.<\/p>\n<p>Elfving siirtyy teht\u00e4v\u00e4\u00e4n Suomen ruotsalaisen kansanpuolueen (RKP) puoluetoimistolta poliittisen sihteerin teht\u00e4v\u00e4st\u00e4. Elfving on my\u00f6s viimeisen kymmenen vuoden aikana vastannut RKP:n kansainv\u00e4lisist\u00e4 asioista.<\/p>\n<p>Ministeri Adlercreutzin kabinetissa Elfving vastaa EU-asioista ja viestinn\u00e4st\u00e4.<\/p>\n<p>Eurooppa- ja omistajaohjausministerin erityisavustajana on lis\u00e4ksi hein\u00e4kuusta alkaen toiminut Crista Gr\u00f6nroos. Gr\u00f6nroos vastaa omistajaohjauksesta, avustaa EU-politiikkaan liittyviss\u00e4 asioissa ja koordinoi kabinetin ty\u00f6t\u00e4.<\/p>\n<p>&nbsp;<\/p>\n<p><em>Valtioneuvoston kanslian lehdist\u00f6tiedote 6.9.2023.<br \/>\nKuva: Lauri Heikkinen, valtioneuvoston kanslia<\/em><\/p>\n","protected":false},"excerpt":{"rendered":"<p>Eurooppa- ja omistajaohjausministeri Anders Adlercreutz on kutsunut valtiotieteiden kandidaatti Andreas Elfvingin erityisavustajakseen valtioneuvoston kansliaan. Elfving siirtyy teht\u00e4v\u00e4\u00e4n Suomen ruotsalaisen kansanpuolueen (RKP) puoluetoimistolta poliittisen sihteerin teht\u00e4v\u00e4st\u00e4. Elfving on my\u00f6s viimeisen kymmenen vuoden aikana vastannut RKP:n kansainv\u00e4lisist\u00e4 asioista. Ministeri Adlercreutzin kabinetissa Elfving vastaa EU-asioista ja viestinn\u00e4st\u00e4. Eurooppa- ja omistajaohjausministerin erityisavustajana on lis\u00e4ksi hein\u00e4kuusta alkaen toiminut Crista Gr\u00f6nroos. [&hellip;]<\/p>\n","protected":false},"author":1,"featured_media":8945,"comment_status":"open","ping_status":"open","sticky":false,"template":"","format":"standard","meta":{"jetpack_post_was_ever_published":false,"_jetpack_newsletter_access":"","jetpack_publicize_message":"","jetpack_is_tweetstorm":false,"jetpack_publicize_feature_enabled":true,"jetpack_social_post_already_shared":true,"jetpack_social_options":{"image_generator_settings":{"template":"highway","enabled":false}}},"categories":[71],"tags":[],"jetpack_publicize_connections":[],"yoast_head":"<!-- This site is optimized with the Yoast SEO plugin v20.12 - https:\/\/yoast.com\/wordpress\/plugins\/seo\/ -->\n<title>Andreas Elfving ministeri Adlercreutzin erityisavustajaksi - Anders Adlercreutz<\/title>\n<meta name=\"robots\" content=\"index, follow, max-snippet:-1, max-image-preview:large, max-video-preview:-1\" \/>\n<link rel=\"canonical\" href=\"https:\/\/andersadlercreutz.fi\/blog\/lehdistotiedote\/andreas-elfving-ministeri-adlercreutzin-erityisavustajaksi\/\" \/>\n<meta property=\"og:locale\" content=\"sv_SE\" \/>\n<meta property=\"og:type\" content=\"article\" \/>\n<meta property=\"og:title\" content=\"Andreas Elfving ministeri Adlercreutzin erityisavustajaksi - Anders Adlercreutz\" \/>\n<meta property=\"og:description\" content=\"Eurooppa- ja omistajaohjausministeri Anders Adlercreutz on kutsunut valtiotieteiden kandidaatti Andreas Elfvingin erityisavustajakseen valtioneuvoston kansliaan. Elfving siirtyy teht\u00e4v\u00e4\u00e4n Suomen ruotsalaisen kansanpuolueen (RKP) puoluetoimistolta poliittisen sihteerin teht\u00e4v\u00e4st\u00e4. Elfving on my\u00f6s viimeisen kymmenen vuoden aikana vastannut RKP:n kansainv\u00e4lisist\u00e4 asioista. Ministeri Adlercreutzin kabinetissa Elfving vastaa EU-asioista ja viestinn\u00e4st\u00e4. Eurooppa- ja omistajaohjausministerin erityisavustajana on lis\u00e4ksi hein\u00e4kuusta alkaen toiminut Crista Gr\u00f6nroos. [&hellip;]\" \/>\n<meta property=\"og:url\" content=\"https:\/\/andersadlercreutz.fi\/blog\/lehdistotiedote\/andreas-elfving-ministeri-adlercreutzin-erityisavustajaksi\/?lang=fi\" \/>\n<meta property=\"og:site_name\" content=\"Anders Adlercreutz\" \/>\n<meta property=\"article:published_time\" content=\"2023-10-29T11:04:56+00:00\" \/>\n<meta property=\"og:image\" content=\"https:\/\/andersadlercreutz.fi\/blog\/wp-content\/uploads\/2023\/09\/Elfving-kuvaaja-Lauri-Heikkinen-VNK.jpg\" \/>\n\t<meta property=\"og:image:width\" content=\"2048\" \/>\n\t<meta property=\"og:image:height\" content=\"869\" \/>\n\t<meta property=\"og:image:type\" content=\"image\/jpeg\" \/>\n<meta name=\"author\" content=\"Anders\" \/>\n<meta name=\"twitter:card\" content=\"summary_large_image\" \/>\n<meta name=\"twitter:label1\" content=\"Skriven av\" \/>\n\t<meta name=\"twitter:data1\" content=\"Anders\" \/>\n\t<meta name=\"twitter:label2\" content=\"Ber\u00e4knad l\u00e4stid\" \/>\n\t<meta name=\"twitter:data2\" content=\"1 minut\" \/>\n<script type=\"application\/ld+json\" class=\"yoast-schema-graph\">{\"@context\":\"https:\/\/schema.org\",\"@graph\":[{\"@type\":\"WebPage\",\"@id\":\"https:\/\/andersadlercreutz.fi\/blog\/lehdistotiedote\/andreas-elfving-ministeri-adlercreutzin-erityisavustajaksi\/?lang=fi\",\"url\":\"https:\/\/andersadlercreutz.fi\/blog\/lehdistotiedote\/andreas-elfving-ministeri-adlercreutzin-erityisavustajaksi\/?lang=fi\",\"name\":\"Andreas Elfving ministeri Adlercreutzin erityisavustajaksi - Anders Adlercreutz\",\"isPartOf\":{\"@id\":\"https:\/\/andersadlercreutz.fi\/blog\/#website\"},\"datePublished\":\"2023-10-29T11:04:56+00:00\",\"dateModified\":\"2023-10-29T11:04:56+00:00\",\"author\":{\"@id\":\"https:\/\/andersadlercreutz.fi\/blog\/#\/schema\/person\/47d4b72eded862b484f74bb4b3a2354f\"},\"breadcrumb\":{\"@id\":\"https:\/\/andersadlercreutz.fi\/blog\/lehdistotiedote\/andreas-elfving-ministeri-adlercreutzin-erityisavustajaksi\/?lang=fi#breadcrumb\"},\"inLanguage\":\"sv-SE\",\"potentialAction\":[{\"@type\":\"ReadAction\",\"target\":[\"https:\/\/andersadlercreutz.fi\/blog\/lehdistotiedote\/andreas-elfving-ministeri-adlercreutzin-erityisavustajaksi\/?lang=fi\"]}]},{\"@type\":\"BreadcrumbList\",\"@id\":\"https:\/\/andersadlercreutz.fi\/blog\/lehdistotiedote\/andreas-elfving-ministeri-adlercreutzin-erityisavustajaksi\/?lang=fi#breadcrumb\",\"itemListElement\":[{\"@type\":\"ListItem\",\"position\":1,\"name\":\"Home\",\"item\":\"https:\/\/andersadlercreutz.fi\/blog\/blogg\/?lang=sv\"},{\"@type\":\"ListItem\",\"position\":2,\"name\":\"Andreas Elfving ministeri Adlercreutzin erityisavustajaksi\"}]},{\"@type\":\"WebSite\",\"@id\":\"https:\/\/andersadlercreutz.fi\/blog\/#website\",\"url\":\"https:\/\/andersadlercreutz.fi\/blog\/\",\"name\":\"Anders Adlercreutz\",\"description\":\"Du. Jag. Vi. Kest&auml;v&auml;sti optimisti\",\"potentialAction\":[{\"@type\":\"SearchAction\",\"target\":{\"@type\":\"EntryPoint\",\"urlTemplate\":\"https:\/\/andersadlercreutz.fi\/blog\/?s={search_term_string}\"},\"query-input\":\"required name=search_term_string\"}],\"inLanguage\":\"sv-SE\"},{\"@type\":\"Person\",\"@id\":\"https:\/\/andersadlercreutz.fi\/blog\/#\/schema\/person\/47d4b72eded862b484f74bb4b3a2354f\",\"name\":\"Anders\",\"image\":{\"@type\":\"ImageObject\",\"inLanguage\":\"sv-SE\",\"@id\":\"https:\/\/andersadlercreutz.fi\/blog\/#\/schema\/person\/image\/\",\"url\":\"https:\/\/secure.gravatar.com\/avatar\/a144c9bda7a581ff6fabba169027e620?s=96&d=mm&r=g\",\"contentUrl\":\"https:\/\/secure.gravatar.com\/avatar\/a144c9bda7a581ff6fabba169027e620?s=96&d=mm&r=g\",\"caption\":\"Anders\"},\"url\":\"https:\/\/andersadlercreutz.fi\/blog\/author\/admin\/\"}]}<\/script>\n<!-- \/ Yoast SEO plugin. -->","yoast_head_json":{"title":"Andreas Elfving ministeri Adlercreutzin erityisavustajaksi - Anders Adlercreutz","robots":{"index":"index","follow":"follow","max-snippet":"max-snippet:-1","max-image-preview":"max-image-preview:large","max-video-preview":"max-video-preview:-1"},"canonical":"https:\/\/andersadlercreutz.fi\/blog\/lehdistotiedote\/andreas-elfving-ministeri-adlercreutzin-erityisavustajaksi\/","og_locale":"sv_SE","og_type":"article","og_title":"Andreas Elfving ministeri Adlercreutzin erityisavustajaksi - Anders Adlercreutz","og_description":"Eurooppa- ja omistajaohjausministeri Anders Adlercreutz on kutsunut valtiotieteiden kandidaatti Andreas Elfvingin erityisavustajakseen valtioneuvoston kansliaan. Elfving siirtyy teht\u00e4v\u00e4\u00e4n Suomen ruotsalaisen kansanpuolueen (RKP) puoluetoimistolta poliittisen sihteerin teht\u00e4v\u00e4st\u00e4. Elfving on my\u00f6s viimeisen kymmenen vuoden aikana vastannut RKP:n kansainv\u00e4lisist\u00e4 asioista. Ministeri Adlercreutzin kabinetissa Elfving vastaa EU-asioista ja viestinn\u00e4st\u00e4. Eurooppa- ja omistajaohjausministerin erityisavustajana on lis\u00e4ksi hein\u00e4kuusta alkaen toiminut Crista Gr\u00f6nroos. [&hellip;]","og_url":"https:\/\/andersadlercreutz.fi\/blog\/lehdistotiedote\/andreas-elfving-ministeri-adlercreutzin-erityisavustajaksi\/?lang=fi","og_site_name":"Anders Adlercreutz","article_published_time":"2023-10-29T11:04:56+00:00","og_image":[{"width":2048,"height":869,"url":"https:\/\/andersadlercreutz.fi\/blog\/wp-content\/uploads\/2023\/09\/Elfving-kuvaaja-Lauri-Heikkinen-VNK.jpg","type":"image\/jpeg"}],"author":"Anders","twitter_card":"summary_large_image","twitter_misc":{"Skriven av":"Anders","Ber\u00e4knad l\u00e4stid":"1 minut"},"schema":{"@context":"https:\/\/schema.org","@graph":[{"@type":"WebPage","@id":"https:\/\/andersadlercreutz.fi\/blog\/lehdistotiedote\/andreas-elfving-ministeri-adlercreutzin-erityisavustajaksi\/?lang=fi","url":"https:\/\/andersadlercreutz.fi\/blog\/lehdistotiedote\/andreas-elfving-ministeri-adlercreutzin-erityisavustajaksi\/?lang=fi","name":"Andreas Elfving ministeri Adlercreutzin erityisavustajaksi - Anders Adlercreutz","isPartOf":{"@id":"https:\/\/andersadlercreutz.fi\/blog\/#website"},"datePublished":"2023-10-29T11:04:56+00:00","dateModified":"2023-10-29T11:04:56+00:00","author":{"@id":"https:\/\/andersadlercreutz.fi\/blog\/#\/schema\/person\/47d4b72eded862b484f74bb4b3a2354f"},"breadcrumb":{"@id":"https:\/\/andersadlercreutz.fi\/blog\/lehdistotiedote\/andreas-elfving-ministeri-adlercreutzin-erityisavustajaksi\/?lang=fi#breadcrumb"},"inLanguage":"sv-SE","potentialAction":[{"@type":"ReadAction","target":["https:\/\/andersadlercreutz.fi\/blog\/lehdistotiedote\/andreas-elfving-ministeri-adlercreutzin-erityisavustajaksi\/?lang=fi"]}]},{"@type":"BreadcrumbList","@id":"https:\/\/andersadlercreutz.fi\/blog\/lehdistotiedote\/andreas-elfving-ministeri-adlercreutzin-erityisavustajaksi\/?lang=fi#breadcrumb","itemListElement":[{"@type":"ListItem","position":1,"name":"Home","item":"https:\/\/andersadlercreutz.fi\/blog\/blogg\/?lang=sv"},{"@type":"ListItem","position":2,"name":"Andreas Elfving ministeri Adlercreutzin erityisavustajaksi"}]},{"@type":"WebSite","@id":"https:\/\/andersadlercreutz.fi\/blog\/#website","url":"https:\/\/andersadlercreutz.fi\/blog\/","name":"Anders Adlercreutz","description":"Du. Jag. Vi. Kest&auml;v&auml;sti optimisti","potentialAction":[{"@type":"SearchAction","target":{"@type":"EntryPoint","urlTemplate":"https:\/\/andersadlercreutz.fi\/blog\/?s={search_term_string}"},"query-input":"required name=search_term_string"}],"inLanguage":"sv-SE"},{"@type":"Person","@id":"https:\/\/andersadlercreutz.fi\/blog\/#\/schema\/person\/47d4b72eded862b484f74bb4b3a2354f","name":"Anders","image":{"@type":"ImageObject","inLanguage":"sv-SE","@id":"https:\/\/andersadlercreutz.fi\/blog\/#\/schema\/person\/image\/","url":"https:\/\/secure.gravatar.com\/avatar\/a144c9bda7a581ff6fabba169027e620?s=96&d=mm&r=g","contentUrl":"https:\/\/secure.gravatar.com\/avatar\/a144c9bda7a581ff6fabba169027e620?s=96&d=mm&r=g","caption":"Anders"},"url":"https:\/\/andersadlercreutz.fi\/blog\/author\/admin\/"}]}},"jetpack_featured_media_url":"https:\/\/i0.wp.com\/andersadlercreutz.fi\/blog\/wp-content\/uploads\/2023\/09\/Elfving-kuvaaja-Lauri-Heikkinen-VNK.jpg?fit=2048%2C869&ssl=1","jetpack_shortlink":"https:\/\/wp.me\/p4T6Dh-2kl","jetpack_sharing_enabled":true,"_links":{"self":[{"href":"https:\/\/andersadlercreutz.fi\/blog\/wp-json\/wp\/v2\/posts\/8949"}],"collection":[{"href":"https:\/\/andersadlercreutz.fi\/blog\/wp-json\/wp\/v2\/posts"}],"about":[{"href":"https:\/\/andersadlercreutz.fi\/blog\/wp-json\/wp\/v2\/types\/post"}],"author":[{"embeddable":true,"href":"https:\/\/andersadlercreutz.fi\/blog\/wp-json\/wp\/v2\/users\/1"}],"replies":[{"embeddable":true,"href":"https:\/\/andersadlercreutz.fi\/blog\/wp-json\/wp\/v2\/comments?post=8949"}],"version-history":[{"count":4,"href":"https:\/\/andersadlercreutz.fi\/blog\/wp-json\/wp\/v2\/posts\/8949\/revisions"}],"predecessor-version":[{"id":8953,"href":"https:\/\/andersadlercreutz.fi\/blog\/wp-json\/wp\/v2\/posts\/8949\/revisions\/8953"}],"wp:featuredmedia":[{"embeddable":true,"href":"https:\/\/andersadlercreutz.fi\/blog\/wp-json\/wp\/v2\/media\/8945"}],"wp:attachment":[{"href":"https:\/\/andersadlercreutz.fi\/blog\/wp-json\/wp\/v2\/media?parent=8949"}],"wp:term":[{"taxonomy":"category","embeddable":true,"href":"https:\/\/andersadlercreutz.fi\/blog\/wp-json\/wp\/v2\/categories?post=8949"},{"taxonomy":"post_tag","embeddable":true,"href":"https:\/\/andersadlercreutz.fi\/blog\/wp-json\/wp\/v2\/tags?post=8949"}],"curies":[{"name":"wp","href":"https:\/\/api.w.org\/{rel}","templated":true}]}}