{"id":8983,"date":"2023-10-06T11:25:05","date_gmt":"2023-10-06T08:25:05","guid":{"rendered":"https:\/\/andersadlercreutz.fi\/blog\/?p=8983"},"modified":"2023-11-01T11:29:05","modified_gmt":"2023-11-01T09:29:05","slug":"utredning-om-eu-karriarer-visar-hur-underrepresenterade-finland-ar-i-bryssel-minister-adlercreutz-i-eu-behovs-fler-finlandare","status":"publish","type":"post","link":"https:\/\/andersadlercreutz.fi\/blog\/blog-sv\/utredning-om-eu-karriarer-visar-hur-underrepresenterade-finland-ar-i-bryssel-minister-adlercreutz-i-eu-behovs-fler-finlandare\/","title":{"rendered":"Utredning om EU-karri\u00e4rer visar hur underrepresenterade Finland \u00e4r i Bryssel Minister Adlercreutz: I EU beh\u00f6vs fler finl\u00e4ndare"},"content":{"rendered":"<p class=\"ingress\">Flera nordeuropeiska l\u00e4nder, inklusive Finland, riskerar att hamna i en situation d\u00e4r betydligt f\u00e4rre av deras medborgare arbetar i EU-uppdrag \u00e4n vad man skulle kunna anta utifr\u00e5n deras andel av befolkningen i EU. Det h\u00e4r \u00e4r en sak som vi varit bekymrade \u00f6ver en l\u00e4ngre tid. Synen p\u00e5 EU och EU:s existensber\u00e4ttigande p\u00e5verkas av hur stor andel av medborgarna i ens hemland som arbetar vid EU-institutionerna. Upplever man att ens egen r\u00f6st blir h\u00f6rd i EU eller inte? Den f\u00e4rska utredningen om EU-karri\u00e4rer \u00e4r central med tanke p\u00e5 Finlands inflytande i EU. Utredningen redog\u00f6r f\u00f6r orsakerna till underrepresentation och erbjuder l\u00f6sningar f\u00f6r att f\u00f6rb\u00e4ttra situationen.<\/p>\n<p>Det handlar om unionens trov\u00e4rdighet i medborgarnas \u00f6gon, men ocks\u00e5 om kvaliteten p\u00e5 unionens politik\u00e5tg\u00e4rder. K\u00e4nnedom om de olika l\u00e4ndernas s\u00e4rdrag f\u00f6rb\u00e4ttrar i synnerhet kommissionens initiativ.<\/p>\n<p>S\u00e5 som vi ocks\u00e5 konstaterat i v\u00e5rt regeringsprogram \u00e4r Europeiska unionen Finlands viktigaste referensram och v\u00e4rdegemenskap inom s\u00e5v\u00e4l politik som ekonomi. I v\u00e5r EU-politik betonas fr\u00e4mjande av konkurrenskraften och den inre marknaden samt en h\u00e5llbar tillv\u00e4xtpolitik som utg\u00e5r fr\u00e5n att f\u00f6rb\u00e4ttra medlemsstaternas offentliga finanser och skuldh\u00e5llbarhet.<\/p>\n<p>Dessutom vill vi st\u00e4rka EU:s globala roll och handlingsf\u00f6rm\u00e5ga. EU \u00e4r inte v\u00e5r f\u00f6rsvarspolitiska l\u00f6sning, men unionen har en tydlig s\u00e4kerhetspolitisk dimension.<\/p>\n<p>Konsekventa politik\u00e5tg\u00e4rder f\u00f6r att bek\u00e4mpa klimatf\u00f6r\u00e4ndringar och bevara den biologiska m\u00e5ngfalden m\u00e5ste vidtas i EU ocks\u00e5 i forts\u00e4ttningen. Vi fr\u00e4mjar investeringar i ren energi och utnyttjar naturresurser p\u00e5 ett h\u00e5llbart s\u00e4tt. Med tanke p\u00e5 unionens funktion och trov\u00e4rdighet \u00e4r det s\u00e4rskilt viktigt att fr\u00e4mja r\u00e4ttsstatsprincipen och korruptionsbek\u00e4mpningen i EU. I ett globalt perspektiv har EU en central roll n\u00e4r det g\u00e4ller att fr\u00e4mja de m\u00e4nskliga r\u00e4ttigheterna och demokratin.<\/p>\n<p>Allt detta f\u00f6ruts\u00e4tter goda f\u00f6rbindelser mellan Helsingfors och Bryssel. Ju b\u00e4ttre m\u00e4nniskorna i kommissionens korridorer k\u00e4nner till v\u00e5ra synpunkter och s\u00e4rdrag, desto b\u00e4ttre f\u00f6ruts\u00e4ttningar har vi att fr\u00e4mja dessa fr\u00e5gor p\u00e5 EU-niv\u00e5. Att fr\u00e4mja EU-rekryteringar ska d\u00e4rf\u00f6r ses som ett s\u00e4tt att effektivisera inflytandet i EU.<\/p>\n<p>Tillsammans med kommissionen har vi utarbetat en handlingsplan med m\u00e5let att \u00f6ka antalet finl\u00e4ndare som arbetar i EU. \u00c5tg\u00e4rder beh\u00f6vs naturligtvis b\u00e5de h\u00e4r i Finland och i Bryssel.<\/p>\n<p>Under h\u00f6sten kommer regeringen att dra upp riktlinjer f\u00f6r prioriteringarna i EU-inflytandet b\u00e5de under den nuvarande kommissionens \u00e5terst\u00e5ende mandatperiod och med tanke p\u00e5 den kommande kommissionens program. Dessutom s\u00e4kerst\u00e4ller vi tj\u00e4nstem\u00e4nnens kunnande i EU-fr\u00e5gor och fr\u00e4mjar finl\u00e4ndska tj\u00e4nstem\u00e4ns tilltr\u00e4de till EU-uppgifter och avancering vid institutionerna. V\u00e5ra f\u00f6ruts\u00e4ttningar f\u00f6r f\u00f6regripande inflytande f\u00f6rb\u00e4ttras ocks\u00e5 genom att antalet nationella experter och praktikanter (NEPT) vid EU-institutionerna \u00f6kar. I budgeten f\u00f6r n\u00e4sta \u00e5r ing\u00e5r en niv\u00e5h\u00f6jning f\u00f6r finansieringen av de nationella experterna.<\/p>\n<p>Det \u00e4r viktigt att politiska beslut grundar sig p\u00e5 tillf\u00f6rlitlig information. Nu har vi en utredning som ger en utm\u00e4rkt grund f\u00f6r riktlinjer och p\u00e5verkans\u00e5tg\u00e4rder b\u00e5de p\u00e5 kort och p\u00e5 l\u00e4ngre sikt.<\/p>\n<p>Det \u00e4r i Finlands intresse att EU utvecklas till en b\u00e4ttre och mer fungerande union. D\u00e4rf\u00f6r beh\u00f6vs det fler finl\u00e4ndare i EU.<\/p>\n<p><em>Publicerad p\u00e5 statsr\u00e5dets n\u00e4tsidor den 6.10.2023.<\/em><\/p>\n","protected":false},"excerpt":{"rendered":"<p>Flera nordeuropeiska l\u00e4nder, inklusive Finland, riskerar att hamna i en situation d\u00e4r betydligt f\u00e4rre av deras medborgare arbetar i EU-uppdrag \u00e4n vad man skulle kunna anta utifr\u00e5n deras andel av befolkningen i EU. Det h\u00e4r \u00e4r en sak som vi varit bekymrade \u00f6ver en l\u00e4ngre tid. Synen p\u00e5 EU och EU:s existensber\u00e4ttigande p\u00e5verkas av hur [&hellip;]<\/p>\n","protected":false},"author":1,"featured_media":8882,"comment_status":"open","ping_status":"open","sticky":false,"template":"","format":"standard","meta":{"jetpack_post_was_ever_published":false,"_jetpack_newsletter_access":"","jetpack_publicize_message":"","jetpack_is_tweetstorm":false,"jetpack_publicize_feature_enabled":true,"jetpack_social_post_already_shared":true,"jetpack_social_options":{"image_generator_settings":{"template":"highway","enabled":false}}},"categories":[46,45,72],"tags":[],"jetpack_publicize_connections":[],"yoast_head":"<!-- This site is optimized with the Yoast SEO plugin v20.12 - https:\/\/yoast.com\/wordpress\/plugins\/seo\/ -->\n<title>Utredning om EU-karri\u00e4rer visar hur underrepresenterade Finland \u00e4r i Bryssel Minister Adlercreutz: I EU beh\u00f6vs fler finl\u00e4ndare - Anders Adlercreutz<\/title>\n<meta name=\"robots\" content=\"index, follow, max-snippet:-1, max-image-preview:large, max-video-preview:-1\" \/>\n<link rel=\"canonical\" href=\"https:\/\/andersadlercreutz.fi\/blog\/blog-sv\/utredning-om-eu-karriarer-visar-hur-underrepresenterade-finland-ar-i-bryssel-minister-adlercreutz-i-eu-behovs-fler-finlandare\/\" \/>\n<meta property=\"og:locale\" content=\"sv_SE\" \/>\n<meta property=\"og:type\" content=\"article\" \/>\n<meta property=\"og:title\" content=\"Utredning om EU-karri\u00e4rer visar hur underrepresenterade Finland \u00e4r i Bryssel Minister Adlercreutz: I EU beh\u00f6vs fler finl\u00e4ndare - Anders Adlercreutz\" \/>\n<meta property=\"og:description\" content=\"Flera nordeuropeiska l\u00e4nder, inklusive Finland, riskerar att hamna i en situation d\u00e4r betydligt f\u00e4rre av deras medborgare arbetar i EU-uppdrag \u00e4n vad man skulle kunna anta utifr\u00e5n deras andel av befolkningen i EU. Det h\u00e4r \u00e4r en sak som vi varit bekymrade \u00f6ver en l\u00e4ngre tid. Synen p\u00e5 EU och EU:s existensber\u00e4ttigande p\u00e5verkas av hur [&hellip;]\" \/>\n<meta property=\"og:url\" content=\"https:\/\/andersadlercreutz.fi\/blog\/blog-sv\/utredning-om-eu-karriarer-visar-hur-underrepresenterade-finland-ar-i-bryssel-minister-adlercreutz-i-eu-behovs-fler-finlandare\/\" \/>\n<meta property=\"og:site_name\" content=\"Anders Adlercreutz\" \/>\n<meta property=\"article:published_time\" content=\"2023-10-06T08:25:05+00:00\" \/>\n<meta property=\"article:modified_time\" content=\"2023-11-01T09:29:05+00:00\" \/>\n<meta property=\"og:image\" content=\"https:\/\/andersadlercreutz.fi\/blog\/wp-content\/uploads\/2023\/09\/0S6A1360-copy.jpg\" \/>\n\t<meta property=\"og:image:width\" content=\"2048\" \/>\n\t<meta property=\"og:image:height\" content=\"1366\" \/>\n\t<meta property=\"og:image:type\" content=\"image\/jpeg\" \/>\n<meta name=\"author\" content=\"Anders\" \/>\n<meta name=\"twitter:card\" content=\"summary_large_image\" \/>\n<meta name=\"twitter:label1\" content=\"Skriven av\" \/>\n\t<meta name=\"twitter:data1\" content=\"Anders\" \/>\n\t<meta name=\"twitter:label2\" content=\"Ber\u00e4knad l\u00e4stid\" \/>\n\t<meta name=\"twitter:data2\" content=\"3 minuter\" \/>\n<script type=\"application\/ld+json\" class=\"yoast-schema-graph\">{\"@context\":\"https:\/\/schema.org\",\"@graph\":[{\"@type\":\"WebPage\",\"@id\":\"https:\/\/andersadlercreutz.fi\/blog\/blog-sv\/utredning-om-eu-karriarer-visar-hur-underrepresenterade-finland-ar-i-bryssel-minister-adlercreutz-i-eu-behovs-fler-finlandare\/\",\"url\":\"https:\/\/andersadlercreutz.fi\/blog\/blog-sv\/utredning-om-eu-karriarer-visar-hur-underrepresenterade-finland-ar-i-bryssel-minister-adlercreutz-i-eu-behovs-fler-finlandare\/\",\"name\":\"Utredning om EU-karri\u00e4rer visar hur underrepresenterade Finland \u00e4r i Bryssel Minister Adlercreutz: I EU beh\u00f6vs fler finl\u00e4ndare - Anders Adlercreutz\",\"isPartOf\":{\"@id\":\"https:\/\/andersadlercreutz.fi\/blog\/#website\"},\"datePublished\":\"2023-10-06T08:25:05+00:00\",\"dateModified\":\"2023-11-01T09:29:05+00:00\",\"author\":{\"@id\":\"https:\/\/andersadlercreutz.fi\/blog\/#\/schema\/person\/47d4b72eded862b484f74bb4b3a2354f\"},\"breadcrumb\":{\"@id\":\"https:\/\/andersadlercreutz.fi\/blog\/blog-sv\/utredning-om-eu-karriarer-visar-hur-underrepresenterade-finland-ar-i-bryssel-minister-adlercreutz-i-eu-behovs-fler-finlandare\/#breadcrumb\"},\"inLanguage\":\"sv-SE\",\"potentialAction\":[{\"@type\":\"ReadAction\",\"target\":[\"https:\/\/andersadlercreutz.fi\/blog\/blog-sv\/utredning-om-eu-karriarer-visar-hur-underrepresenterade-finland-ar-i-bryssel-minister-adlercreutz-i-eu-behovs-fler-finlandare\/\"]}]},{\"@type\":\"BreadcrumbList\",\"@id\":\"https:\/\/andersadlercreutz.fi\/blog\/blog-sv\/utredning-om-eu-karriarer-visar-hur-underrepresenterade-finland-ar-i-bryssel-minister-adlercreutz-i-eu-behovs-fler-finlandare\/#breadcrumb\",\"itemListElement\":[{\"@type\":\"ListItem\",\"position\":1,\"name\":\"Home\",\"item\":\"https:\/\/andersadlercreutz.fi\/blog\/blogg\/?lang=sv\"},{\"@type\":\"ListItem\",\"position\":2,\"name\":\"Utredning om EU-karri\u00e4rer visar hur underrepresenterade Finland \u00e4r i Bryssel Minister Adlercreutz: I EU beh\u00f6vs fler finl\u00e4ndare\"}]},{\"@type\":\"WebSite\",\"@id\":\"https:\/\/andersadlercreutz.fi\/blog\/#website\",\"url\":\"https:\/\/andersadlercreutz.fi\/blog\/\",\"name\":\"Anders Adlercreutz\",\"description\":\"Du. Jag. Vi. Kest&auml;v&auml;sti optimisti\",\"potentialAction\":[{\"@type\":\"SearchAction\",\"target\":{\"@type\":\"EntryPoint\",\"urlTemplate\":\"https:\/\/andersadlercreutz.fi\/blog\/?s={search_term_string}\"},\"query-input\":\"required name=search_term_string\"}],\"inLanguage\":\"sv-SE\"},{\"@type\":\"Person\",\"@id\":\"https:\/\/andersadlercreutz.fi\/blog\/#\/schema\/person\/47d4b72eded862b484f74bb4b3a2354f\",\"name\":\"Anders\",\"image\":{\"@type\":\"ImageObject\",\"inLanguage\":\"sv-SE\",\"@id\":\"https:\/\/andersadlercreutz.fi\/blog\/#\/schema\/person\/image\/\",\"url\":\"https:\/\/secure.gravatar.com\/avatar\/a144c9bda7a581ff6fabba169027e620?s=96&d=mm&r=g\",\"contentUrl\":\"https:\/\/secure.gravatar.com\/avatar\/a144c9bda7a581ff6fabba169027e620?s=96&d=mm&r=g\",\"caption\":\"Anders\"},\"url\":\"https:\/\/andersadlercreutz.fi\/blog\/author\/admin\/\"}]}<\/script>\n<!-- \/ Yoast SEO plugin. -->","yoast_head_json":{"title":"Utredning om EU-karri\u00e4rer visar hur underrepresenterade Finland \u00e4r i Bryssel Minister Adlercreutz: I EU beh\u00f6vs fler finl\u00e4ndare - Anders Adlercreutz","robots":{"index":"index","follow":"follow","max-snippet":"max-snippet:-1","max-image-preview":"max-image-preview:large","max-video-preview":"max-video-preview:-1"},"canonical":"https:\/\/andersadlercreutz.fi\/blog\/blog-sv\/utredning-om-eu-karriarer-visar-hur-underrepresenterade-finland-ar-i-bryssel-minister-adlercreutz-i-eu-behovs-fler-finlandare\/","og_locale":"sv_SE","og_type":"article","og_title":"Utredning om EU-karri\u00e4rer visar hur underrepresenterade Finland \u00e4r i Bryssel Minister Adlercreutz: I EU beh\u00f6vs fler finl\u00e4ndare - Anders Adlercreutz","og_description":"Flera nordeuropeiska l\u00e4nder, inklusive Finland, riskerar att hamna i en situation d\u00e4r betydligt f\u00e4rre av deras medborgare arbetar i EU-uppdrag \u00e4n vad man skulle kunna anta utifr\u00e5n deras andel av befolkningen i EU. Det h\u00e4r \u00e4r en sak som vi varit bekymrade \u00f6ver en l\u00e4ngre tid. Synen p\u00e5 EU och EU:s existensber\u00e4ttigande p\u00e5verkas av hur [&hellip;]","og_url":"https:\/\/andersadlercreutz.fi\/blog\/blog-sv\/utredning-om-eu-karriarer-visar-hur-underrepresenterade-finland-ar-i-bryssel-minister-adlercreutz-i-eu-behovs-fler-finlandare\/","og_site_name":"Anders Adlercreutz","article_published_time":"2023-10-06T08:25:05+00:00","article_modified_time":"2023-11-01T09:29:05+00:00","og_image":[{"width":2048,"height":1366,"url":"https:\/\/andersadlercreutz.fi\/blog\/wp-content\/uploads\/2023\/09\/0S6A1360-copy.jpg","type":"image\/jpeg"}],"author":"Anders","twitter_card":"summary_large_image","twitter_misc":{"Skriven av":"Anders","Ber\u00e4knad l\u00e4stid":"3 minuter"},"schema":{"@context":"https:\/\/schema.org","@graph":[{"@type":"WebPage","@id":"https:\/\/andersadlercreutz.fi\/blog\/blog-sv\/utredning-om-eu-karriarer-visar-hur-underrepresenterade-finland-ar-i-bryssel-minister-adlercreutz-i-eu-behovs-fler-finlandare\/","url":"https:\/\/andersadlercreutz.fi\/blog\/blog-sv\/utredning-om-eu-karriarer-visar-hur-underrepresenterade-finland-ar-i-bryssel-minister-adlercreutz-i-eu-behovs-fler-finlandare\/","name":"Utredning om EU-karri\u00e4rer visar hur underrepresenterade Finland \u00e4r i Bryssel Minister Adlercreutz: I EU beh\u00f6vs fler finl\u00e4ndare - Anders Adlercreutz","isPartOf":{"@id":"https:\/\/andersadlercreutz.fi\/blog\/#website"},"datePublished":"2023-10-06T08:25:05+00:00","dateModified":"2023-11-01T09:29:05+00:00","author":{"@id":"https:\/\/andersadlercreutz.fi\/blog\/#\/schema\/person\/47d4b72eded862b484f74bb4b3a2354f"},"breadcrumb":{"@id":"https:\/\/andersadlercreutz.fi\/blog\/blog-sv\/utredning-om-eu-karriarer-visar-hur-underrepresenterade-finland-ar-i-bryssel-minister-adlercreutz-i-eu-behovs-fler-finlandare\/#breadcrumb"},"inLanguage":"sv-SE","potentialAction":[{"@type":"ReadAction","target":["https:\/\/andersadlercreutz.fi\/blog\/blog-sv\/utredning-om-eu-karriarer-visar-hur-underrepresenterade-finland-ar-i-bryssel-minister-adlercreutz-i-eu-behovs-fler-finlandare\/"]}]},{"@type":"BreadcrumbList","@id":"https:\/\/andersadlercreutz.fi\/blog\/blog-sv\/utredning-om-eu-karriarer-visar-hur-underrepresenterade-finland-ar-i-bryssel-minister-adlercreutz-i-eu-behovs-fler-finlandare\/#breadcrumb","itemListElement":[{"@type":"ListItem","position":1,"name":"Home","item":"https:\/\/andersadlercreutz.fi\/blog\/blogg\/?lang=sv"},{"@type":"ListItem","position":2,"name":"Utredning om EU-karri\u00e4rer visar hur underrepresenterade Finland \u00e4r i Bryssel Minister Adlercreutz: I EU beh\u00f6vs fler finl\u00e4ndare"}]},{"@type":"WebSite","@id":"https:\/\/andersadlercreutz.fi\/blog\/#website","url":"https:\/\/andersadlercreutz.fi\/blog\/","name":"Anders Adlercreutz","description":"Du. Jag. Vi. Kest&auml;v&auml;sti optimisti","potentialAction":[{"@type":"SearchAction","target":{"@type":"EntryPoint","urlTemplate":"https:\/\/andersadlercreutz.fi\/blog\/?s={search_term_string}"},"query-input":"required name=search_term_string"}],"inLanguage":"sv-SE"},{"@type":"Person","@id":"https:\/\/andersadlercreutz.fi\/blog\/#\/schema\/person\/47d4b72eded862b484f74bb4b3a2354f","name":"Anders","image":{"@type":"ImageObject","inLanguage":"sv-SE","@id":"https:\/\/andersadlercreutz.fi\/blog\/#\/schema\/person\/image\/","url":"https:\/\/secure.gravatar.com\/avatar\/a144c9bda7a581ff6fabba169027e620?s=96&d=mm&r=g","contentUrl":"https:\/\/secure.gravatar.com\/avatar\/a144c9bda7a581ff6fabba169027e620?s=96&d=mm&r=g","caption":"Anders"},"url":"https:\/\/andersadlercreutz.fi\/blog\/author\/admin\/"}]}},"jetpack_featured_media_url":"https:\/\/i0.wp.com\/andersadlercreutz.fi\/blog\/wp-content\/uploads\/2023\/09\/0S6A1360-copy.jpg?fit=2048%2C1366&ssl=1","jetpack_shortlink":"https:\/\/wp.me\/p4T6Dh-2kT","jetpack_sharing_enabled":true,"_links":{"self":[{"href":"https:\/\/andersadlercreutz.fi\/blog\/wp-json\/wp\/v2\/posts\/8983"}],"collection":[{"href":"https:\/\/andersadlercreutz.fi\/blog\/wp-json\/wp\/v2\/posts"}],"about":[{"href":"https:\/\/andersadlercreutz.fi\/blog\/wp-json\/wp\/v2\/types\/post"}],"author":[{"embeddable":true,"href":"https:\/\/andersadlercreutz.fi\/blog\/wp-json\/wp\/v2\/users\/1"}],"replies":[{"embeddable":true,"href":"https:\/\/andersadlercreutz.fi\/blog\/wp-json\/wp\/v2\/comments?post=8983"}],"version-history":[{"count":2,"href":"https:\/\/andersadlercreutz.fi\/blog\/wp-json\/wp\/v2\/posts\/8983\/revisions"}],"predecessor-version":[{"id":8993,"href":"https:\/\/andersadlercreutz.fi\/blog\/wp-json\/wp\/v2\/posts\/8983\/revisions\/8993"}],"wp:featuredmedia":[{"embeddable":true,"href":"https:\/\/andersadlercreutz.fi\/blog\/wp-json\/wp\/v2\/media\/8882"}],"wp:attachment":[{"href":"https:\/\/andersadlercreutz.fi\/blog\/wp-json\/wp\/v2\/media?parent=8983"}],"wp:term":[{"taxonomy":"category","embeddable":true,"href":"https:\/\/andersadlercreutz.fi\/blog\/wp-json\/wp\/v2\/categories?post=8983"},{"taxonomy":"post_tag","embeddable":true,"href":"https:\/\/andersadlercreutz.fi\/blog\/wp-json\/wp\/v2\/tags?post=8983"}],"curies":[{"name":"wp","href":"https:\/\/api.w.org\/{rel}","templated":true}]}}