{"id":9096,"date":"2023-12-06T14:28:54","date_gmt":"2023-12-06T12:28:54","guid":{"rendered":"https:\/\/andersadlercreutz.fi\/blog\/?p=9096"},"modified":"2023-12-06T14:28:54","modified_gmt":"2023-12-06T12:28:54","slug":"uteliaisuudella-uutta-kohti","status":"publish","type":"post","link":"https:\/\/andersadlercreutz.fi\/blog\/blog\/uteliaisuudella-uutta-kohti\/?lang=fi","title":{"rendered":"Uteliaisuudella uutta kohti"},"content":{"rendered":"<p>Kun liikun Euroopassa edist\u00e4m\u00e4ss\u00e4 Suomen ja EU:n asioita huomaan usein, ett\u00e4 meid\u00e4n sanallamme on erityist\u00e4 painoarvoa. Olemme pieni maa, muta meit\u00e4 kuunnellaan. Tunnen siit\u00e4 ylpeytt\u00e4.<span class=\"Apple-converted-space\">\u00a0<\/span><\/p>\n<p>Me pysymme asiassa, tartumme oleelliseen. Olemme p\u00e4\u00e4tt\u00e4v\u00e4isi\u00e4, kun p\u00e4\u00e4tt\u00e4v\u00e4isyydelle on tarvetta ymm\u00e4rt\u00e4en kuitenkin, ett\u00e4 p\u00e4\u00e4m\u00e4\u00e4riin on mahdollista p\u00e4\u00e4st\u00e4 yleens\u00e4 vain kaikkien n\u00e4kemykset yhteen sovittaen. Meill\u00e4 on kyky \u201dn\u00e4hd\u00e4 mets\u00e4 puilta\u201d.<span class=\"Apple-converted-space\">\u00a0<\/span><\/p>\n<p>T\u00e4n\u00e4\u00e4n saamme viett\u00e4\u00e4 j\u00e4lleen kerran oman maamme, oman Suomemme, itsen\u00e4isyysp\u00e4iv\u00e4\u00e4. Edustan sukupolvea, joka on el\u00e4nyt koko el\u00e4m\u00e4ns\u00e4 vapaassa ja itsen\u00e4isess\u00e4 Suomessa ilman, ett\u00e4 sen on tarvinnut puolustaa maataan \u201dkovat piipussa\u201d. T\u00e4m\u00e4 on suuri etuoikeus, josta tunnen syv\u00e4\u00e4 kiitollisuutta minua edelt\u00e4neille sukupolville. T\u00e4m\u00e4 on etuoikeus, jota en halua koskaan ottaa itsest\u00e4\u00e4nselvyyten\u00e4.<span class=\"Apple-converted-space\">\u00a0<\/span><\/p>\n<p>Itsen\u00e4isyysp\u00e4iv\u00e4 on tarpeen, jotta pys\u00e4hdymme kerran vuodessa miettim\u00e4\u00e4n, mist\u00e4 tulemme ja minne olemme matkalla. Omassa roolissani poliitikkona, huomioni on erityisesti j\u00e4lkimm\u00e4isess\u00e4. Meill\u00e4 ei ole maksettavanamme sotavelkoja, mutta meill\u00e4 on maksettavamme hyvinvointivelka, josta selvi\u00e4misen pit\u00e4isi pikemminkin yhdist\u00e4\u00e4 meit\u00e4 kuin erottaa. Ihan kuten sotavelan maksaminen yhdisti edellisi\u00e4 sukupolvia. <span class=\"Apple-converted-space\">\u00a0<\/span><\/p>\n<p>Sana itsen\u00e4isyys on ruotsin kielell\u00e4 \u201dsj\u00e4lvst\u00e4ndighet\u201d. Suoraan k\u00e4\u00e4nnettyn\u00e4 se merkitsee omilla jaloilla seisomista \u201datt st\u00e5 sj\u00e4lv\u201d. Kun lapsi opettelee k\u00e4velem\u00e4\u00e4n, h\u00e4n n\u00e4kee edess\u00e4\u00e4n k\u00e4det lev\u00e4ll\u00e4\u00e4n edess\u00e4\u00e4n seisovan \u00e4idin tai is\u00e4n. Luotettavan ihmisen, joka on valmis tukemaan askeleiden horjuessa.<span class=\"Apple-converted-space\">\u00a0<\/span><\/p>\n<p>Hyvinvointiyhteiskunnasta voidaan puhua silloin, kun vakaasti k\u00e4velem\u00e4\u00e4n oppineita on reilusti enemm\u00e4n kuin horjuen askeltavia ja kun horjuen askeltavat voivat luottaa heid\u00e4n tukeensa.<\/p>\n<p>Se Suomi, joka itsen\u00e4istyi 106 vuotta sitten oli ulkoiselta olemukseltaan erilainen kuin se, jossa me t\u00e4n\u00e4\u00e4n asumme. Vuosien mittaan olemme oppineet uutta, nousseet Euroopan k\u00f6yhimpien maiden joukosta hyvinvointivaltioksi, kehittyneet kaupank\u00e4ynniss\u00e4 ja lis\u00e4nneet vuorovaikutustamme muun maailman kanssa. Suomalaisia on siirtynyt rajojemme ulkopuolelle vieden suomalaisuutta maailmalle ja t\u00e4nne on muuttanut uusia suomalaisia, jotka ovat laajentaneet meid\u00e4n kuvaa itsest\u00e4mme.<span class=\"Apple-converted-space\">\u00a0<\/span><\/p>\n<p>Olemme muuttuneet, mutta taustalla oleva henki ja ajatus on sama: Suomi on maa, joka ei murru pienest\u00e4. Se on maa, jossa sisua arvostetaan ja maa, jossa autetaan kaveria. Samaan aikaan jokin on my\u00f6s muuttunut: Suo, Jussi ja kuokka -ajoista olemme muuttuneet kvanttitietokonetta rakentavaksi insin\u00f6\u00f6rikansaksi, joka ottaa ensimm\u00e4isi\u00e4 horjuvia askeleitaan maailmankansalaisena.<\/p>\n<p>Itse uskon Suomeen, jonka menestys syntyy ty\u00f6st\u00e4 ja rehellisyydest\u00e4, empatiasta ja luottamuksesta eli siit\u00e4, ett\u00e4 uskomme hyv\u00e4\u00e4n ja toisiimme. T\u00e4h\u00e4n tulevaisuuteen katsoessamme on hyv\u00e4 pit\u00e4\u00e4 mukana my\u00f6s annos positiivista uteliaisuutta uutta ja ehk\u00e4 odottamatontakin kohtaan. <span class=\"Apple-converted-space\">\u00a0<\/span><\/p>\n<p>Juhlikaamme t\u00e4n\u00e4\u00e4n niin menneisyytt\u00e4mme kuin tulevaisuuttamme.<\/p>\n","protected":false},"excerpt":{"rendered":"<p>Kun liikun Euroopassa edist\u00e4m\u00e4ss\u00e4 Suomen ja EU:n asioita huomaan usein, ett\u00e4 meid\u00e4n sanallamme on erityist\u00e4 painoarvoa. Olemme pieni maa, muta meit\u00e4 kuunnellaan. Tunnen siit\u00e4 ylpeytt\u00e4.\u00a0 Me pysymme asiassa, tartumme oleelliseen. Olemme p\u00e4\u00e4tt\u00e4v\u00e4isi\u00e4, kun p\u00e4\u00e4tt\u00e4v\u00e4isyydelle on tarvetta ymm\u00e4rt\u00e4en kuitenkin, ett\u00e4 p\u00e4\u00e4m\u00e4\u00e4riin on mahdollista p\u00e4\u00e4st\u00e4 yleens\u00e4 vain kaikkien n\u00e4kemykset yhteen sovittaen. Meill\u00e4 on kyky \u201dn\u00e4hd\u00e4 mets\u00e4 puilta\u201d.\u00a0 [&hellip;]<\/p>\n","protected":false},"author":1,"featured_media":9097,"comment_status":"open","ping_status":"open","sticky":false,"template":"","format":"standard","meta":{"jetpack_post_was_ever_published":false,"_jetpack_newsletter_access":"","jetpack_publicize_message":"","jetpack_is_tweetstorm":false,"jetpack_publicize_feature_enabled":true,"jetpack_social_post_already_shared":true,"jetpack_social_options":{"image_generator_settings":{"template":"highway","enabled":false}}},"categories":[18],"tags":[],"jetpack_publicize_connections":[],"yoast_head":"<!-- This site is optimized with the Yoast SEO plugin v20.12 - https:\/\/yoast.com\/wordpress\/plugins\/seo\/ -->\n<title>Uteliaisuudella uutta kohti - Anders Adlercreutz<\/title>\n<meta name=\"robots\" content=\"index, follow, max-snippet:-1, max-image-preview:large, max-video-preview:-1\" \/>\n<link rel=\"canonical\" href=\"https:\/\/andersadlercreutz.fi\/blog\/blog\/uteliaisuudella-uutta-kohti\/\" \/>\n<meta property=\"og:locale\" content=\"sv_SE\" \/>\n<meta property=\"og:type\" content=\"article\" \/>\n<meta property=\"og:title\" content=\"Uteliaisuudella uutta kohti - Anders Adlercreutz\" \/>\n<meta property=\"og:description\" content=\"Kun liikun Euroopassa edist\u00e4m\u00e4ss\u00e4 Suomen ja EU:n asioita huomaan usein, ett\u00e4 meid\u00e4n sanallamme on erityist\u00e4 painoarvoa. Olemme pieni maa, muta meit\u00e4 kuunnellaan. Tunnen siit\u00e4 ylpeytt\u00e4.\u00a0 Me pysymme asiassa, tartumme oleelliseen. Olemme p\u00e4\u00e4tt\u00e4v\u00e4isi\u00e4, kun p\u00e4\u00e4tt\u00e4v\u00e4isyydelle on tarvetta ymm\u00e4rt\u00e4en kuitenkin, ett\u00e4 p\u00e4\u00e4m\u00e4\u00e4riin on mahdollista p\u00e4\u00e4st\u00e4 yleens\u00e4 vain kaikkien n\u00e4kemykset yhteen sovittaen. Meill\u00e4 on kyky \u201dn\u00e4hd\u00e4 mets\u00e4 puilta\u201d.\u00a0 [&hellip;]\" \/>\n<meta property=\"og:url\" content=\"https:\/\/andersadlercreutz.fi\/blog\/blog\/uteliaisuudella-uutta-kohti\/?lang=fi\" \/>\n<meta property=\"og:site_name\" content=\"Anders Adlercreutz\" \/>\n<meta property=\"article:published_time\" content=\"2023-12-06T12:28:54+00:00\" \/>\n<meta property=\"og:image\" content=\"https:\/\/andersadlercreutz.fi\/blog\/wp-content\/uploads\/2023\/12\/0S6A1360-copy.jpg\" \/>\n\t<meta property=\"og:image:width\" content=\"2048\" \/>\n\t<meta property=\"og:image:height\" content=\"1366\" \/>\n\t<meta property=\"og:image:type\" content=\"image\/jpeg\" \/>\n<meta name=\"author\" content=\"Anders\" \/>\n<meta name=\"twitter:card\" content=\"summary_large_image\" \/>\n<meta name=\"twitter:label1\" content=\"Skriven av\" \/>\n\t<meta name=\"twitter:data1\" content=\"Anders\" \/>\n\t<meta name=\"twitter:label2\" content=\"Ber\u00e4knad l\u00e4stid\" \/>\n\t<meta name=\"twitter:data2\" content=\"3 minuter\" \/>\n<script type=\"application\/ld+json\" class=\"yoast-schema-graph\">{\"@context\":\"https:\/\/schema.org\",\"@graph\":[{\"@type\":\"WebPage\",\"@id\":\"https:\/\/andersadlercreutz.fi\/blog\/blog\/uteliaisuudella-uutta-kohti\/?lang=fi\",\"url\":\"https:\/\/andersadlercreutz.fi\/blog\/blog\/uteliaisuudella-uutta-kohti\/?lang=fi\",\"name\":\"Uteliaisuudella uutta kohti - Anders Adlercreutz\",\"isPartOf\":{\"@id\":\"https:\/\/andersadlercreutz.fi\/blog\/#website\"},\"datePublished\":\"2023-12-06T12:28:54+00:00\",\"dateModified\":\"2023-12-06T12:28:54+00:00\",\"author\":{\"@id\":\"https:\/\/andersadlercreutz.fi\/blog\/#\/schema\/person\/47d4b72eded862b484f74bb4b3a2354f\"},\"breadcrumb\":{\"@id\":\"https:\/\/andersadlercreutz.fi\/blog\/blog\/uteliaisuudella-uutta-kohti\/?lang=fi#breadcrumb\"},\"inLanguage\":\"sv-SE\",\"potentialAction\":[{\"@type\":\"ReadAction\",\"target\":[\"https:\/\/andersadlercreutz.fi\/blog\/blog\/uteliaisuudella-uutta-kohti\/?lang=fi\"]}]},{\"@type\":\"BreadcrumbList\",\"@id\":\"https:\/\/andersadlercreutz.fi\/blog\/blog\/uteliaisuudella-uutta-kohti\/?lang=fi#breadcrumb\",\"itemListElement\":[{\"@type\":\"ListItem\",\"position\":1,\"name\":\"Home\",\"item\":\"https:\/\/andersadlercreutz.fi\/blog\/blogg\/?lang=sv\"},{\"@type\":\"ListItem\",\"position\":2,\"name\":\"Uteliaisuudella uutta kohti\"}]},{\"@type\":\"WebSite\",\"@id\":\"https:\/\/andersadlercreutz.fi\/blog\/#website\",\"url\":\"https:\/\/andersadlercreutz.fi\/blog\/\",\"name\":\"Anders Adlercreutz\",\"description\":\"Du. Jag. Vi. Kest&auml;v&auml;sti optimisti\",\"potentialAction\":[{\"@type\":\"SearchAction\",\"target\":{\"@type\":\"EntryPoint\",\"urlTemplate\":\"https:\/\/andersadlercreutz.fi\/blog\/?s={search_term_string}\"},\"query-input\":\"required name=search_term_string\"}],\"inLanguage\":\"sv-SE\"},{\"@type\":\"Person\",\"@id\":\"https:\/\/andersadlercreutz.fi\/blog\/#\/schema\/person\/47d4b72eded862b484f74bb4b3a2354f\",\"name\":\"Anders\",\"image\":{\"@type\":\"ImageObject\",\"inLanguage\":\"sv-SE\",\"@id\":\"https:\/\/andersadlercreutz.fi\/blog\/#\/schema\/person\/image\/\",\"url\":\"https:\/\/secure.gravatar.com\/avatar\/a144c9bda7a581ff6fabba169027e620?s=96&d=mm&r=g\",\"contentUrl\":\"https:\/\/secure.gravatar.com\/avatar\/a144c9bda7a581ff6fabba169027e620?s=96&d=mm&r=g\",\"caption\":\"Anders\"},\"url\":\"https:\/\/andersadlercreutz.fi\/blog\/author\/admin\/\"}]}<\/script>\n<!-- \/ Yoast SEO plugin. -->","yoast_head_json":{"title":"Uteliaisuudella uutta kohti - Anders Adlercreutz","robots":{"index":"index","follow":"follow","max-snippet":"max-snippet:-1","max-image-preview":"max-image-preview:large","max-video-preview":"max-video-preview:-1"},"canonical":"https:\/\/andersadlercreutz.fi\/blog\/blog\/uteliaisuudella-uutta-kohti\/","og_locale":"sv_SE","og_type":"article","og_title":"Uteliaisuudella uutta kohti - Anders Adlercreutz","og_description":"Kun liikun Euroopassa edist\u00e4m\u00e4ss\u00e4 Suomen ja EU:n asioita huomaan usein, ett\u00e4 meid\u00e4n sanallamme on erityist\u00e4 painoarvoa. Olemme pieni maa, muta meit\u00e4 kuunnellaan. Tunnen siit\u00e4 ylpeytt\u00e4.\u00a0 Me pysymme asiassa, tartumme oleelliseen. Olemme p\u00e4\u00e4tt\u00e4v\u00e4isi\u00e4, kun p\u00e4\u00e4tt\u00e4v\u00e4isyydelle on tarvetta ymm\u00e4rt\u00e4en kuitenkin, ett\u00e4 p\u00e4\u00e4m\u00e4\u00e4riin on mahdollista p\u00e4\u00e4st\u00e4 yleens\u00e4 vain kaikkien n\u00e4kemykset yhteen sovittaen. Meill\u00e4 on kyky \u201dn\u00e4hd\u00e4 mets\u00e4 puilta\u201d.\u00a0 [&hellip;]","og_url":"https:\/\/andersadlercreutz.fi\/blog\/blog\/uteliaisuudella-uutta-kohti\/?lang=fi","og_site_name":"Anders Adlercreutz","article_published_time":"2023-12-06T12:28:54+00:00","og_image":[{"width":2048,"height":1366,"url":"https:\/\/andersadlercreutz.fi\/blog\/wp-content\/uploads\/2023\/12\/0S6A1360-copy.jpg","type":"image\/jpeg"}],"author":"Anders","twitter_card":"summary_large_image","twitter_misc":{"Skriven av":"Anders","Ber\u00e4knad l\u00e4stid":"3 minuter"},"schema":{"@context":"https:\/\/schema.org","@graph":[{"@type":"WebPage","@id":"https:\/\/andersadlercreutz.fi\/blog\/blog\/uteliaisuudella-uutta-kohti\/?lang=fi","url":"https:\/\/andersadlercreutz.fi\/blog\/blog\/uteliaisuudella-uutta-kohti\/?lang=fi","name":"Uteliaisuudella uutta kohti - Anders Adlercreutz","isPartOf":{"@id":"https:\/\/andersadlercreutz.fi\/blog\/#website"},"datePublished":"2023-12-06T12:28:54+00:00","dateModified":"2023-12-06T12:28:54+00:00","author":{"@id":"https:\/\/andersadlercreutz.fi\/blog\/#\/schema\/person\/47d4b72eded862b484f74bb4b3a2354f"},"breadcrumb":{"@id":"https:\/\/andersadlercreutz.fi\/blog\/blog\/uteliaisuudella-uutta-kohti\/?lang=fi#breadcrumb"},"inLanguage":"sv-SE","potentialAction":[{"@type":"ReadAction","target":["https:\/\/andersadlercreutz.fi\/blog\/blog\/uteliaisuudella-uutta-kohti\/?lang=fi"]}]},{"@type":"BreadcrumbList","@id":"https:\/\/andersadlercreutz.fi\/blog\/blog\/uteliaisuudella-uutta-kohti\/?lang=fi#breadcrumb","itemListElement":[{"@type":"ListItem","position":1,"name":"Home","item":"https:\/\/andersadlercreutz.fi\/blog\/blogg\/?lang=sv"},{"@type":"ListItem","position":2,"name":"Uteliaisuudella uutta kohti"}]},{"@type":"WebSite","@id":"https:\/\/andersadlercreutz.fi\/blog\/#website","url":"https:\/\/andersadlercreutz.fi\/blog\/","name":"Anders Adlercreutz","description":"Du. Jag. Vi. Kest&auml;v&auml;sti optimisti","potentialAction":[{"@type":"SearchAction","target":{"@type":"EntryPoint","urlTemplate":"https:\/\/andersadlercreutz.fi\/blog\/?s={search_term_string}"},"query-input":"required name=search_term_string"}],"inLanguage":"sv-SE"},{"@type":"Person","@id":"https:\/\/andersadlercreutz.fi\/blog\/#\/schema\/person\/47d4b72eded862b484f74bb4b3a2354f","name":"Anders","image":{"@type":"ImageObject","inLanguage":"sv-SE","@id":"https:\/\/andersadlercreutz.fi\/blog\/#\/schema\/person\/image\/","url":"https:\/\/secure.gravatar.com\/avatar\/a144c9bda7a581ff6fabba169027e620?s=96&d=mm&r=g","contentUrl":"https:\/\/secure.gravatar.com\/avatar\/a144c9bda7a581ff6fabba169027e620?s=96&d=mm&r=g","caption":"Anders"},"url":"https:\/\/andersadlercreutz.fi\/blog\/author\/admin\/"}]}},"jetpack_featured_media_url":"https:\/\/i0.wp.com\/andersadlercreutz.fi\/blog\/wp-content\/uploads\/2023\/12\/0S6A1360-copy.jpg?fit=2048%2C1366&ssl=1","jetpack_shortlink":"https:\/\/wp.me\/p4T6Dh-2mI","jetpack_sharing_enabled":true,"_links":{"self":[{"href":"https:\/\/andersadlercreutz.fi\/blog\/wp-json\/wp\/v2\/posts\/9096"}],"collection":[{"href":"https:\/\/andersadlercreutz.fi\/blog\/wp-json\/wp\/v2\/posts"}],"about":[{"href":"https:\/\/andersadlercreutz.fi\/blog\/wp-json\/wp\/v2\/types\/post"}],"author":[{"embeddable":true,"href":"https:\/\/andersadlercreutz.fi\/blog\/wp-json\/wp\/v2\/users\/1"}],"replies":[{"embeddable":true,"href":"https:\/\/andersadlercreutz.fi\/blog\/wp-json\/wp\/v2\/comments?post=9096"}],"version-history":[{"count":2,"href":"https:\/\/andersadlercreutz.fi\/blog\/wp-json\/wp\/v2\/posts\/9096\/revisions"}],"predecessor-version":[{"id":9108,"href":"https:\/\/andersadlercreutz.fi\/blog\/wp-json\/wp\/v2\/posts\/9096\/revisions\/9108"}],"wp:featuredmedia":[{"embeddable":true,"href":"https:\/\/andersadlercreutz.fi\/blog\/wp-json\/wp\/v2\/media\/9097"}],"wp:attachment":[{"href":"https:\/\/andersadlercreutz.fi\/blog\/wp-json\/wp\/v2\/media?parent=9096"}],"wp:term":[{"taxonomy":"category","embeddable":true,"href":"https:\/\/andersadlercreutz.fi\/blog\/wp-json\/wp\/v2\/categories?post=9096"},{"taxonomy":"post_tag","embeddable":true,"href":"https:\/\/andersadlercreutz.fi\/blog\/wp-json\/wp\/v2\/tags?post=9096"}],"curies":[{"name":"wp","href":"https:\/\/api.w.org\/{rel}","templated":true}]}}