{"id":9267,"date":"2024-01-30T13:57:34","date_gmt":"2024-01-30T11:57:34","guid":{"rendered":"https:\/\/andersadlercreutz.fi\/blog\/?p=9267"},"modified":"2024-02-09T14:01:49","modified_gmt":"2024-02-09T12:01:49","slug":"ministeri-adlercreutz-berliinissa-tarvitsemme-voimakkaamman-ja-kilpailukykyisemman-eun-nykyisessa-maailmanpoliittisessa-tilanteessa","status":"publish","type":"post","link":"https:\/\/andersadlercreutz.fi\/blog\/lehdistotiedote\/ministeri-adlercreutz-berliinissa-tarvitsemme-voimakkaamman-ja-kilpailukykyisemman-eun-nykyisessa-maailmanpoliittisessa-tilanteessa\/?lang=fi","title":{"rendered":"Ministeri Adlercreutz Berliiniss\u00e4: Tarvitsemme voimakkaamman ja kilpailukykyisemm\u00e4n EU:n nykyisess\u00e4 maailmanpoliittisessa tilanteessa"},"content":{"rendered":"<p class=\"ingress\">Eurooppa- ja omistajaohjausministeri Anders Adlercreutz vieraili Berliiniss\u00e4 tiistaina 30. tammikuuta. Ministerin ohjelmassa oli muun muassa tapaaminen Saksan eurooppa- ja ilmastoministeri Anna L\u00fchrmannin kanssa sek\u00e4 muita korkean tason tapaamisia.<\/p>\n<p>Keskusteluissa ministeri L\u00fchrmannin kanssa esill\u00e4 olivat laajasti ajankohtaiset EU-asiat. Ministerit k\u00e4viv\u00e4t keskustelut muun muassa EU:n monivuotisen rahoituskehyksen v\u00e4litarkastelun tilanteesta, ja sen osana olevasta 50 miljardin euron tukiv\u00e4lineest\u00e4 Ukrainalle. Ministerien agendalla oli my\u00f6s EU:n sis\u00e4markkinoiden kehitt\u00e4minen ja reilun kilpailun merkitys, unionin laajentuminen ja energia- sek\u00e4 ilmastokysymykset.<\/p>\n<p>\u201dTarvitsemme voimakkaamman ja kilpailukykyisemm\u00e4n EU:n nykyisess\u00e4 maailmanpoliittisessa tilanteessa. T\u00e4ss\u00e4 meid\u00e4n tulee keskitty\u00e4 vahvuuksiimme, erityisesti sis\u00e4markkinoiden kehitt\u00e4miseen. EU:n vahvuuden ja kilpailukyvyn turvaamiseksi meid\u00e4n tulee palata normaaliin valtiontukis\u00e4\u00e4ntelyyn mahdollisimman pian. Emme saa vaarantaa tasavertaisia sis\u00e4markkinoita, jotka ovat unionin vankka perusta\u201d, ministeri Adlercreutz sanoo.<\/p>\n<p>Lis\u00e4ksi keskustelut keskittyiv\u00e4t Euroopan turvallisuuden sek\u00e4 oikeusvaltioperiaatteen edist\u00e4miseen. Ukrainan tukeminen sen puolustustaistelussa Ven\u00e4j\u00e4n laitonta hy\u00f6kk\u00e4yssotaa vastaan oli my\u00f6s vahvasti esill\u00e4.<\/p>\n<p>\u201dEurooppa-neuvostossa 1. helmikuuta on l\u00f6ydett\u00e4v\u00e4 poliittinen sopu Ukrainan tukiv\u00e4lineest\u00e4 ja pitk\u00e4n aikav\u00e4lin tuesta. Meid\u00e4n tulee my\u00f6s p\u00e4\u00e4tt\u00e4v\u00e4isesti vahvistaa eurooppalaisen puolustusteollisuuden kapasiteettia ja vauhdittaa ammustuotantoa. On my\u00f6s hyvin t\u00e4rke\u00e4\u00e4, ett\u00e4 prosessi Ukrainan tekem\u00e4n rauhanaloitteen pohjalta jatkuu, ja saa mahdollisimman laajan tuen\u201d, ministeri Adlercreutz sanoo.<\/p>\n<p>Ministeri Adlercreutz tapasi Berliiniss\u00e4 my\u00f6s Saksan liittop\u00e4ivien Euroopan unionin asioista vastaavan valiokunnan puheenjohtaja Anton Hofreiterin, valtiovarainministeri\u00f6n eurooppa-asioista vastaavan valtiosihteerin Heiko Thomsin ja liittokanslerinviraston talous-, rahoitus- ja eurooppa-asioista vastaavan valtiosihteeri J\u00f6rg Kukiesin.<\/p>\n<p>Lis\u00e4ksi ministeri Adlercreutz tapasi Berliiniss\u00e4 demokratiaa ja vapautta edist\u00e4v\u00e4n Friedrich Naumann \u2013s\u00e4\u00e4ti\u00f6n johtokunnan edustajia.<\/p>\n","protected":false},"excerpt":{"rendered":"<p>Eurooppa- ja omistajaohjausministeri Anders Adlercreutz vieraili Berliiniss\u00e4 tiistaina 30. tammikuuta. Ministerin ohjelmassa oli muun muassa tapaaminen Saksan eurooppa- ja ilmastoministeri Anna L\u00fchrmannin kanssa sek\u00e4 muita korkean tason tapaamisia. Keskusteluissa ministeri L\u00fchrmannin kanssa esill\u00e4 olivat laajasti ajankohtaiset EU-asiat. Ministerit k\u00e4viv\u00e4t keskustelut muun muassa EU:n monivuotisen rahoituskehyksen v\u00e4litarkastelun tilanteesta, ja sen osana olevasta 50 miljardin euron tukiv\u00e4lineest\u00e4 [&hellip;]<\/p>\n","protected":false},"author":1,"featured_media":9272,"comment_status":"open","ping_status":"open","sticky":false,"template":"","format":"standard","meta":{"jetpack_post_was_ever_published":false,"_jetpack_newsletter_access":"","jetpack_publicize_message":"","jetpack_is_tweetstorm":false,"jetpack_publicize_feature_enabled":true,"jetpack_social_post_already_shared":true,"jetpack_social_options":{"image_generator_settings":{"template":"highway","enabled":false}}},"categories":[71],"tags":[],"jetpack_publicize_connections":[],"yoast_head":"<!-- This site is optimized with the Yoast SEO plugin v20.12 - https:\/\/yoast.com\/wordpress\/plugins\/seo\/ -->\n<title>Ministeri Adlercreutz Berliiniss\u00e4: Tarvitsemme voimakkaamman ja kilpailukykyisemm\u00e4n EU:n nykyisess\u00e4 maailmanpoliittisessa tilanteessa - Anders Adlercreutz<\/title>\n<meta name=\"robots\" content=\"index, follow, max-snippet:-1, max-image-preview:large, max-video-preview:-1\" \/>\n<link rel=\"canonical\" href=\"https:\/\/andersadlercreutz.fi\/blog\/lehdistotiedote\/ministeri-adlercreutz-berliinissa-tarvitsemme-voimakkaamman-ja-kilpailukykyisemman-eun-nykyisessa-maailmanpoliittisessa-tilanteessa\/\" \/>\n<meta property=\"og:locale\" content=\"sv_SE\" \/>\n<meta property=\"og:type\" content=\"article\" \/>\n<meta property=\"og:title\" content=\"Ministeri Adlercreutz Berliiniss\u00e4: Tarvitsemme voimakkaamman ja kilpailukykyisemm\u00e4n EU:n nykyisess\u00e4 maailmanpoliittisessa tilanteessa - Anders Adlercreutz\" \/>\n<meta property=\"og:description\" content=\"Eurooppa- ja omistajaohjausministeri Anders Adlercreutz vieraili Berliiniss\u00e4 tiistaina 30. tammikuuta. Ministerin ohjelmassa oli muun muassa tapaaminen Saksan eurooppa- ja ilmastoministeri Anna L\u00fchrmannin kanssa sek\u00e4 muita korkean tason tapaamisia. Keskusteluissa ministeri L\u00fchrmannin kanssa esill\u00e4 olivat laajasti ajankohtaiset EU-asiat. Ministerit k\u00e4viv\u00e4t keskustelut muun muassa EU:n monivuotisen rahoituskehyksen v\u00e4litarkastelun tilanteesta, ja sen osana olevasta 50 miljardin euron tukiv\u00e4lineest\u00e4 [&hellip;]\" \/>\n<meta property=\"og:url\" content=\"https:\/\/andersadlercreutz.fi\/blog\/lehdistotiedote\/ministeri-adlercreutz-berliinissa-tarvitsemme-voimakkaamman-ja-kilpailukykyisemman-eun-nykyisessa-maailmanpoliittisessa-tilanteessa\/?lang=fi\" \/>\n<meta property=\"og:site_name\" content=\"Anders Adlercreutz\" \/>\n<meta property=\"article:published_time\" content=\"2024-01-30T11:57:34+00:00\" \/>\n<meta property=\"article:modified_time\" content=\"2024-02-09T12:01:49+00:00\" \/>\n<meta property=\"og:image\" content=\"https:\/\/andersadlercreutz.fi\/blog\/wp-content\/uploads\/2024\/02\/Anders-i-Berlin-ny.jpg\" \/>\n\t<meta property=\"og:image:width\" content=\"875\" \/>\n\t<meta property=\"og:image:height\" content=\"492\" \/>\n\t<meta property=\"og:image:type\" content=\"image\/jpeg\" \/>\n<meta name=\"author\" content=\"Anders\" \/>\n<meta name=\"twitter:card\" content=\"summary_large_image\" \/>\n<meta name=\"twitter:label1\" content=\"Skriven av\" \/>\n\t<meta name=\"twitter:data1\" content=\"Anders\" \/>\n\t<meta name=\"twitter:label2\" content=\"Ber\u00e4knad l\u00e4stid\" \/>\n\t<meta name=\"twitter:data2\" content=\"2 minuter\" \/>\n<script type=\"application\/ld+json\" class=\"yoast-schema-graph\">{\"@context\":\"https:\/\/schema.org\",\"@graph\":[{\"@type\":\"WebPage\",\"@id\":\"https:\/\/andersadlercreutz.fi\/blog\/lehdistotiedote\/ministeri-adlercreutz-berliinissa-tarvitsemme-voimakkaamman-ja-kilpailukykyisemman-eun-nykyisessa-maailmanpoliittisessa-tilanteessa\/?lang=fi\",\"url\":\"https:\/\/andersadlercreutz.fi\/blog\/lehdistotiedote\/ministeri-adlercreutz-berliinissa-tarvitsemme-voimakkaamman-ja-kilpailukykyisemman-eun-nykyisessa-maailmanpoliittisessa-tilanteessa\/?lang=fi\",\"name\":\"Ministeri Adlercreutz Berliiniss\u00e4: Tarvitsemme voimakkaamman ja kilpailukykyisemm\u00e4n EU:n nykyisess\u00e4 maailmanpoliittisessa tilanteessa - Anders Adlercreutz\",\"isPartOf\":{\"@id\":\"https:\/\/andersadlercreutz.fi\/blog\/#website\"},\"datePublished\":\"2024-01-30T11:57:34+00:00\",\"dateModified\":\"2024-02-09T12:01:49+00:00\",\"author\":{\"@id\":\"https:\/\/andersadlercreutz.fi\/blog\/#\/schema\/person\/47d4b72eded862b484f74bb4b3a2354f\"},\"breadcrumb\":{\"@id\":\"https:\/\/andersadlercreutz.fi\/blog\/lehdistotiedote\/ministeri-adlercreutz-berliinissa-tarvitsemme-voimakkaamman-ja-kilpailukykyisemman-eun-nykyisessa-maailmanpoliittisessa-tilanteessa\/?lang=fi#breadcrumb\"},\"inLanguage\":\"sv-SE\",\"potentialAction\":[{\"@type\":\"ReadAction\",\"target\":[\"https:\/\/andersadlercreutz.fi\/blog\/lehdistotiedote\/ministeri-adlercreutz-berliinissa-tarvitsemme-voimakkaamman-ja-kilpailukykyisemman-eun-nykyisessa-maailmanpoliittisessa-tilanteessa\/?lang=fi\"]}]},{\"@type\":\"BreadcrumbList\",\"@id\":\"https:\/\/andersadlercreutz.fi\/blog\/lehdistotiedote\/ministeri-adlercreutz-berliinissa-tarvitsemme-voimakkaamman-ja-kilpailukykyisemman-eun-nykyisessa-maailmanpoliittisessa-tilanteessa\/?lang=fi#breadcrumb\",\"itemListElement\":[{\"@type\":\"ListItem\",\"position\":1,\"name\":\"Home\",\"item\":\"https:\/\/andersadlercreutz.fi\/blog\/blogg\/?lang=sv\"},{\"@type\":\"ListItem\",\"position\":2,\"name\":\"Ministeri Adlercreutz Berliiniss\u00e4: Tarvitsemme voimakkaamman ja kilpailukykyisemm\u00e4n EU:n nykyisess\u00e4 maailmanpoliittisessa tilanteessa\"}]},{\"@type\":\"WebSite\",\"@id\":\"https:\/\/andersadlercreutz.fi\/blog\/#website\",\"url\":\"https:\/\/andersadlercreutz.fi\/blog\/\",\"name\":\"Anders Adlercreutz\",\"description\":\"Du. Jag. Vi. Kest&auml;v&auml;sti optimisti\",\"potentialAction\":[{\"@type\":\"SearchAction\",\"target\":{\"@type\":\"EntryPoint\",\"urlTemplate\":\"https:\/\/andersadlercreutz.fi\/blog\/?s={search_term_string}\"},\"query-input\":\"required name=search_term_string\"}],\"inLanguage\":\"sv-SE\"},{\"@type\":\"Person\",\"@id\":\"https:\/\/andersadlercreutz.fi\/blog\/#\/schema\/person\/47d4b72eded862b484f74bb4b3a2354f\",\"name\":\"Anders\",\"image\":{\"@type\":\"ImageObject\",\"inLanguage\":\"sv-SE\",\"@id\":\"https:\/\/andersadlercreutz.fi\/blog\/#\/schema\/person\/image\/\",\"url\":\"https:\/\/secure.gravatar.com\/avatar\/a144c9bda7a581ff6fabba169027e620?s=96&d=mm&r=g\",\"contentUrl\":\"https:\/\/secure.gravatar.com\/avatar\/a144c9bda7a581ff6fabba169027e620?s=96&d=mm&r=g\",\"caption\":\"Anders\"},\"url\":\"https:\/\/andersadlercreutz.fi\/blog\/author\/admin\/\"}]}<\/script>\n<!-- \/ Yoast SEO plugin. -->","yoast_head_json":{"title":"Ministeri Adlercreutz Berliiniss\u00e4: Tarvitsemme voimakkaamman ja kilpailukykyisemm\u00e4n EU:n nykyisess\u00e4 maailmanpoliittisessa tilanteessa - Anders Adlercreutz","robots":{"index":"index","follow":"follow","max-snippet":"max-snippet:-1","max-image-preview":"max-image-preview:large","max-video-preview":"max-video-preview:-1"},"canonical":"https:\/\/andersadlercreutz.fi\/blog\/lehdistotiedote\/ministeri-adlercreutz-berliinissa-tarvitsemme-voimakkaamman-ja-kilpailukykyisemman-eun-nykyisessa-maailmanpoliittisessa-tilanteessa\/","og_locale":"sv_SE","og_type":"article","og_title":"Ministeri Adlercreutz Berliiniss\u00e4: Tarvitsemme voimakkaamman ja kilpailukykyisemm\u00e4n EU:n nykyisess\u00e4 maailmanpoliittisessa tilanteessa - Anders Adlercreutz","og_description":"Eurooppa- ja omistajaohjausministeri Anders Adlercreutz vieraili Berliiniss\u00e4 tiistaina 30. tammikuuta. Ministerin ohjelmassa oli muun muassa tapaaminen Saksan eurooppa- ja ilmastoministeri Anna L\u00fchrmannin kanssa sek\u00e4 muita korkean tason tapaamisia. Keskusteluissa ministeri L\u00fchrmannin kanssa esill\u00e4 olivat laajasti ajankohtaiset EU-asiat. Ministerit k\u00e4viv\u00e4t keskustelut muun muassa EU:n monivuotisen rahoituskehyksen v\u00e4litarkastelun tilanteesta, ja sen osana olevasta 50 miljardin euron tukiv\u00e4lineest\u00e4 [&hellip;]","og_url":"https:\/\/andersadlercreutz.fi\/blog\/lehdistotiedote\/ministeri-adlercreutz-berliinissa-tarvitsemme-voimakkaamman-ja-kilpailukykyisemman-eun-nykyisessa-maailmanpoliittisessa-tilanteessa\/?lang=fi","og_site_name":"Anders Adlercreutz","article_published_time":"2024-01-30T11:57:34+00:00","article_modified_time":"2024-02-09T12:01:49+00:00","og_image":[{"width":875,"height":492,"url":"https:\/\/andersadlercreutz.fi\/blog\/wp-content\/uploads\/2024\/02\/Anders-i-Berlin-ny.jpg","type":"image\/jpeg"}],"author":"Anders","twitter_card":"summary_large_image","twitter_misc":{"Skriven av":"Anders","Ber\u00e4knad l\u00e4stid":"2 minuter"},"schema":{"@context":"https:\/\/schema.org","@graph":[{"@type":"WebPage","@id":"https:\/\/andersadlercreutz.fi\/blog\/lehdistotiedote\/ministeri-adlercreutz-berliinissa-tarvitsemme-voimakkaamman-ja-kilpailukykyisemman-eun-nykyisessa-maailmanpoliittisessa-tilanteessa\/?lang=fi","url":"https:\/\/andersadlercreutz.fi\/blog\/lehdistotiedote\/ministeri-adlercreutz-berliinissa-tarvitsemme-voimakkaamman-ja-kilpailukykyisemman-eun-nykyisessa-maailmanpoliittisessa-tilanteessa\/?lang=fi","name":"Ministeri Adlercreutz Berliiniss\u00e4: Tarvitsemme voimakkaamman ja kilpailukykyisemm\u00e4n EU:n nykyisess\u00e4 maailmanpoliittisessa tilanteessa - Anders Adlercreutz","isPartOf":{"@id":"https:\/\/andersadlercreutz.fi\/blog\/#website"},"datePublished":"2024-01-30T11:57:34+00:00","dateModified":"2024-02-09T12:01:49+00:00","author":{"@id":"https:\/\/andersadlercreutz.fi\/blog\/#\/schema\/person\/47d4b72eded862b484f74bb4b3a2354f"},"breadcrumb":{"@id":"https:\/\/andersadlercreutz.fi\/blog\/lehdistotiedote\/ministeri-adlercreutz-berliinissa-tarvitsemme-voimakkaamman-ja-kilpailukykyisemman-eun-nykyisessa-maailmanpoliittisessa-tilanteessa\/?lang=fi#breadcrumb"},"inLanguage":"sv-SE","potentialAction":[{"@type":"ReadAction","target":["https:\/\/andersadlercreutz.fi\/blog\/lehdistotiedote\/ministeri-adlercreutz-berliinissa-tarvitsemme-voimakkaamman-ja-kilpailukykyisemman-eun-nykyisessa-maailmanpoliittisessa-tilanteessa\/?lang=fi"]}]},{"@type":"BreadcrumbList","@id":"https:\/\/andersadlercreutz.fi\/blog\/lehdistotiedote\/ministeri-adlercreutz-berliinissa-tarvitsemme-voimakkaamman-ja-kilpailukykyisemman-eun-nykyisessa-maailmanpoliittisessa-tilanteessa\/?lang=fi#breadcrumb","itemListElement":[{"@type":"ListItem","position":1,"name":"Home","item":"https:\/\/andersadlercreutz.fi\/blog\/blogg\/?lang=sv"},{"@type":"ListItem","position":2,"name":"Ministeri Adlercreutz Berliiniss\u00e4: Tarvitsemme voimakkaamman ja kilpailukykyisemm\u00e4n EU:n nykyisess\u00e4 maailmanpoliittisessa tilanteessa"}]},{"@type":"WebSite","@id":"https:\/\/andersadlercreutz.fi\/blog\/#website","url":"https:\/\/andersadlercreutz.fi\/blog\/","name":"Anders Adlercreutz","description":"Du. Jag. Vi. Kest&auml;v&auml;sti optimisti","potentialAction":[{"@type":"SearchAction","target":{"@type":"EntryPoint","urlTemplate":"https:\/\/andersadlercreutz.fi\/blog\/?s={search_term_string}"},"query-input":"required name=search_term_string"}],"inLanguage":"sv-SE"},{"@type":"Person","@id":"https:\/\/andersadlercreutz.fi\/blog\/#\/schema\/person\/47d4b72eded862b484f74bb4b3a2354f","name":"Anders","image":{"@type":"ImageObject","inLanguage":"sv-SE","@id":"https:\/\/andersadlercreutz.fi\/blog\/#\/schema\/person\/image\/","url":"https:\/\/secure.gravatar.com\/avatar\/a144c9bda7a581ff6fabba169027e620?s=96&d=mm&r=g","contentUrl":"https:\/\/secure.gravatar.com\/avatar\/a144c9bda7a581ff6fabba169027e620?s=96&d=mm&r=g","caption":"Anders"},"url":"https:\/\/andersadlercreutz.fi\/blog\/author\/admin\/"}]}},"jetpack_featured_media_url":"https:\/\/i0.wp.com\/andersadlercreutz.fi\/blog\/wp-content\/uploads\/2024\/02\/Anders-i-Berlin-ny.jpg?fit=875%2C492&ssl=1","jetpack_shortlink":"https:\/\/wp.me\/p4T6Dh-2pt","jetpack_sharing_enabled":true,"_links":{"self":[{"href":"https:\/\/andersadlercreutz.fi\/blog\/wp-json\/wp\/v2\/posts\/9267"}],"collection":[{"href":"https:\/\/andersadlercreutz.fi\/blog\/wp-json\/wp\/v2\/posts"}],"about":[{"href":"https:\/\/andersadlercreutz.fi\/blog\/wp-json\/wp\/v2\/types\/post"}],"author":[{"embeddable":true,"href":"https:\/\/andersadlercreutz.fi\/blog\/wp-json\/wp\/v2\/users\/1"}],"replies":[{"embeddable":true,"href":"https:\/\/andersadlercreutz.fi\/blog\/wp-json\/wp\/v2\/comments?post=9267"}],"version-history":[{"count":2,"href":"https:\/\/andersadlercreutz.fi\/blog\/wp-json\/wp\/v2\/posts\/9267\/revisions"}],"predecessor-version":[{"id":9280,"href":"https:\/\/andersadlercreutz.fi\/blog\/wp-json\/wp\/v2\/posts\/9267\/revisions\/9280"}],"wp:featuredmedia":[{"embeddable":true,"href":"https:\/\/andersadlercreutz.fi\/blog\/wp-json\/wp\/v2\/media\/9272"}],"wp:attachment":[{"href":"https:\/\/andersadlercreutz.fi\/blog\/wp-json\/wp\/v2\/media?parent=9267"}],"wp:term":[{"taxonomy":"category","embeddable":true,"href":"https:\/\/andersadlercreutz.fi\/blog\/wp-json\/wp\/v2\/categories?post=9267"},{"taxonomy":"post_tag","embeddable":true,"href":"https:\/\/andersadlercreutz.fi\/blog\/wp-json\/wp\/v2\/tags?post=9267"}],"curies":[{"name":"wp","href":"https:\/\/api.w.org\/{rel}","templated":true}]}}