{"id":9310,"date":"2024-01-24T10:04:48","date_gmt":"2024-01-24T08:04:48","guid":{"rendered":"https:\/\/andersadlercreutz.fi\/blog\/?p=9310"},"modified":"2024-03-01T10:15:08","modified_gmt":"2024-03-01T08:15:08","slug":"ministeri-adlercreutz-washingtonissa-euroopan-ja-yhdysvaltain-strateginen-liittolaisuus-on-vahvuutemme-ja-velvollisuutemme","status":"publish","type":"post","link":"https:\/\/andersadlercreutz.fi\/blog\/lehdistotiedote\/ministeri-adlercreutz-washingtonissa-euroopan-ja-yhdysvaltain-strateginen-liittolaisuus-on-vahvuutemme-ja-velvollisuutemme\/?lang=fi","title":{"rendered":"Ministeri Adlercreutz Washingtonissa: Euroopan ja Yhdysvaltain strateginen liittolaisuus on vahvuutemme ja velvollisuutemme"},"content":{"rendered":"<p class=\"ingress\">Eurooppa- ja omistajaohjausministeri Anders Adlercreutz vieraili Yhdysvalloissa Washingtonissa (District of Columbia, DC) 20.\u201324. tammikuuta. Matkan tarkoituksena oli tuoda esiin Suomen n\u00e4kemyksi\u00e4 ajankohtaisiin kysymyksiin Euroopan ja Yhdysvaltain yhteisty\u00f6st\u00e4 sek\u00e4 edist\u00e4\u00e4 Suomen ja Yhdysvaltain kahdenv\u00e4lisi\u00e4 suhteita.<\/p>\n<p>Ministerin ohjelmassa oli useita korkean tason tapaamisia Yhdysvaltain poliittisten puolueiden edustajien sek\u00e4 yritysten johdon kanssa. Ministeri Adlercreutz tapasi muun muassa demokraattisenaattori John Fettermanin sek\u00e4 republikaanisenaattori Susan Collinsin. Keskusteluissa senaatissa nousi esiin Suomen ja Yhdysvaltain l\u00e4heiset suhteet ja liittolaisuus, joka on nyt syvemp\u00e4\u00e4 kuin koskaan aiemmin. Keskusteluissa painottui my\u00f6s Ukrainan tukemisen t\u00e4rkeys sen taistelussa Ven\u00e4j\u00e4n hy\u00f6kk\u00e4yssotaa vastaan. Ukraina taistelee koko s\u00e4\u00e4nt\u00f6perustaisen ja vapaan maailman puolesta.<\/p>\n<p>\u201dUkraina ansaitsee oikeudenmukaisen ja kest\u00e4v\u00e4n rauhan. Meid\u00e4n on tuettava Ukrainan tekem\u00e4\u00e4 rauhanaloitetta, joka tarjoaa sille edellytykset. On ratkaisevan t\u00e4rke\u00e4\u00e4, ett\u00e4 sota ei p\u00e4\u00e4ty tavalla, joka palkitsee laittoman ja brutaalin hy\u00f6kk\u00e4yssodan aloittajan, Ven\u00e4j\u00e4n. On meid\u00e4n jokaisen etumme my\u00f6s tunnistaa ja toimia Ven\u00e4j\u00e4n valheellista sotapropagandaa vastaan\u201d, sanoo ministeri Adlercreutz.<\/p>\n<p>Keskusteluissa esill\u00e4 oli my\u00f6s Euroopan ja Yhdysvaltain suhteen merkitys, etenkin nykyisess\u00e4 ep\u00e4vakaassa ja kriisien s\u00e4vytt\u00e4m\u00e4ss\u00e4 maailmassa.<\/p>\n<p>\u201dEuroopan ja Yhdysvaltain suhde on strategisesti \u00e4\u00e4rimm\u00e4isen merkitt\u00e4v\u00e4 ja l\u00e4heinen. T\u00e4t\u00e4 suhdetta alleviivaavat yhteiset arvomme ja yhteiset intressimme. Yhdess\u00e4 meill\u00e4 on my\u00f6s maailman laaja-alaisimmat ja dynaamisimmat taloudelliset suhteet\u201d, ministeri Adlercreutz sanoo.<\/p>\n<p>Matkan aikana ministerill\u00e4 oli my\u00f6s korkean tason tapaamiset Lockheed Martin Internationalin, Googlen ja Microsoftin edustajien kanssa.<\/p>\n<p>Lis\u00e4ksi ministeri osallistui Wilson Centerin j\u00e4rjest\u00e4m\u00e4\u00e4n keskustelutilaisuuteen, jossa k\u00e4siteltiin muun muassa Suomen tavoitteita sek\u00e4 EU:ssa ett\u00e4 globaalilla tasolla. Ministeri osallistui my\u00f6s The German Marshall Fund of the United States (GMF) j\u00e4rjest\u00e4m\u00e4\u00e4n keskustelutilaisuuteen, jonka aiheena oli Ukrainan tukeminen, Euroopan haasteet ja transatlanttiset suhteet.<\/p>\n","protected":false},"excerpt":{"rendered":"<p>Eurooppa- ja omistajaohjausministeri Anders Adlercreutz vieraili Yhdysvalloissa Washingtonissa (District of Columbia, DC) 20.\u201324. tammikuuta. Matkan tarkoituksena oli tuoda esiin Suomen n\u00e4kemyksi\u00e4 ajankohtaisiin kysymyksiin Euroopan ja Yhdysvaltain yhteisty\u00f6st\u00e4 sek\u00e4 edist\u00e4\u00e4 Suomen ja Yhdysvaltain kahdenv\u00e4lisi\u00e4 suhteita. Ministerin ohjelmassa oli useita korkean tason tapaamisia Yhdysvaltain poliittisten puolueiden edustajien sek\u00e4 yritysten johdon kanssa. Ministeri Adlercreutz tapasi muun muassa demokraattisenaattori [&hellip;]<\/p>\n","protected":false},"author":1,"featured_media":9311,"comment_status":"open","ping_status":"open","sticky":false,"template":"","format":"standard","meta":{"jetpack_post_was_ever_published":false,"_jetpack_newsletter_access":"","jetpack_publicize_message":"","jetpack_is_tweetstorm":false,"jetpack_publicize_feature_enabled":true,"jetpack_social_post_already_shared":true,"jetpack_social_options":{"image_generator_settings":{"template":"highway","enabled":false}}},"categories":[71],"tags":[],"jetpack_publicize_connections":[],"yoast_head":"<!-- This site is optimized with the Yoast SEO plugin v20.12 - https:\/\/yoast.com\/wordpress\/plugins\/seo\/ -->\n<title>Ministeri Adlercreutz Washingtonissa: Euroopan ja Yhdysvaltain strateginen liittolaisuus on vahvuutemme ja velvollisuutemme - Anders Adlercreutz<\/title>\n<meta name=\"robots\" content=\"index, follow, max-snippet:-1, max-image-preview:large, max-video-preview:-1\" \/>\n<link rel=\"canonical\" href=\"https:\/\/andersadlercreutz.fi\/blog\/lehdistotiedote\/ministeri-adlercreutz-washingtonissa-euroopan-ja-yhdysvaltain-strateginen-liittolaisuus-on-vahvuutemme-ja-velvollisuutemme\/\" \/>\n<meta property=\"og:locale\" content=\"sv_SE\" \/>\n<meta property=\"og:type\" content=\"article\" \/>\n<meta property=\"og:title\" content=\"Ministeri Adlercreutz Washingtonissa: Euroopan ja Yhdysvaltain strateginen liittolaisuus on vahvuutemme ja velvollisuutemme - Anders Adlercreutz\" \/>\n<meta property=\"og:description\" content=\"Eurooppa- ja omistajaohjausministeri Anders Adlercreutz vieraili Yhdysvalloissa Washingtonissa (District of Columbia, DC) 20.\u201324. tammikuuta. Matkan tarkoituksena oli tuoda esiin Suomen n\u00e4kemyksi\u00e4 ajankohtaisiin kysymyksiin Euroopan ja Yhdysvaltain yhteisty\u00f6st\u00e4 sek\u00e4 edist\u00e4\u00e4 Suomen ja Yhdysvaltain kahdenv\u00e4lisi\u00e4 suhteita. Ministerin ohjelmassa oli useita korkean tason tapaamisia Yhdysvaltain poliittisten puolueiden edustajien sek\u00e4 yritysten johdon kanssa. Ministeri Adlercreutz tapasi muun muassa demokraattisenaattori [&hellip;]\" \/>\n<meta property=\"og:url\" content=\"https:\/\/andersadlercreutz.fi\/blog\/lehdistotiedote\/ministeri-adlercreutz-washingtonissa-euroopan-ja-yhdysvaltain-strateginen-liittolaisuus-on-vahvuutemme-ja-velvollisuutemme\/?lang=fi\" \/>\n<meta property=\"og:site_name\" content=\"Anders Adlercreutz\" \/>\n<meta property=\"article:published_time\" content=\"2024-01-24T08:04:48+00:00\" \/>\n<meta property=\"article:modified_time\" content=\"2024-03-01T08:15:08+00:00\" \/>\n<meta property=\"og:image\" content=\"https:\/\/andersadlercreutz.fi\/blog\/wp-content\/uploads\/2024\/03\/Anders-i-Washington.jpg\" \/>\n\t<meta property=\"og:image:width\" content=\"1200\" \/>\n\t<meta property=\"og:image:height\" content=\"675\" \/>\n\t<meta property=\"og:image:type\" content=\"image\/jpeg\" \/>\n<meta name=\"author\" content=\"Anders\" \/>\n<meta name=\"twitter:card\" content=\"summary_large_image\" \/>\n<meta name=\"twitter:label1\" content=\"Skriven av\" \/>\n\t<meta name=\"twitter:data1\" content=\"Anders\" \/>\n\t<meta name=\"twitter:label2\" content=\"Ber\u00e4knad l\u00e4stid\" \/>\n\t<meta name=\"twitter:data2\" content=\"2 minuter\" \/>\n<script type=\"application\/ld+json\" class=\"yoast-schema-graph\">{\"@context\":\"https:\/\/schema.org\",\"@graph\":[{\"@type\":\"WebPage\",\"@id\":\"https:\/\/andersadlercreutz.fi\/blog\/lehdistotiedote\/ministeri-adlercreutz-washingtonissa-euroopan-ja-yhdysvaltain-strateginen-liittolaisuus-on-vahvuutemme-ja-velvollisuutemme\/?lang=fi\",\"url\":\"https:\/\/andersadlercreutz.fi\/blog\/lehdistotiedote\/ministeri-adlercreutz-washingtonissa-euroopan-ja-yhdysvaltain-strateginen-liittolaisuus-on-vahvuutemme-ja-velvollisuutemme\/?lang=fi\",\"name\":\"Ministeri Adlercreutz Washingtonissa: Euroopan ja Yhdysvaltain strateginen liittolaisuus on vahvuutemme ja velvollisuutemme - Anders Adlercreutz\",\"isPartOf\":{\"@id\":\"https:\/\/andersadlercreutz.fi\/blog\/#website\"},\"datePublished\":\"2024-01-24T08:04:48+00:00\",\"dateModified\":\"2024-03-01T08:15:08+00:00\",\"author\":{\"@id\":\"https:\/\/andersadlercreutz.fi\/blog\/#\/schema\/person\/47d4b72eded862b484f74bb4b3a2354f\"},\"breadcrumb\":{\"@id\":\"https:\/\/andersadlercreutz.fi\/blog\/lehdistotiedote\/ministeri-adlercreutz-washingtonissa-euroopan-ja-yhdysvaltain-strateginen-liittolaisuus-on-vahvuutemme-ja-velvollisuutemme\/?lang=fi#breadcrumb\"},\"inLanguage\":\"sv-SE\",\"potentialAction\":[{\"@type\":\"ReadAction\",\"target\":[\"https:\/\/andersadlercreutz.fi\/blog\/lehdistotiedote\/ministeri-adlercreutz-washingtonissa-euroopan-ja-yhdysvaltain-strateginen-liittolaisuus-on-vahvuutemme-ja-velvollisuutemme\/?lang=fi\"]}]},{\"@type\":\"BreadcrumbList\",\"@id\":\"https:\/\/andersadlercreutz.fi\/blog\/lehdistotiedote\/ministeri-adlercreutz-washingtonissa-euroopan-ja-yhdysvaltain-strateginen-liittolaisuus-on-vahvuutemme-ja-velvollisuutemme\/?lang=fi#breadcrumb\",\"itemListElement\":[{\"@type\":\"ListItem\",\"position\":1,\"name\":\"Home\",\"item\":\"https:\/\/andersadlercreutz.fi\/blog\/blogg\/?lang=sv\"},{\"@type\":\"ListItem\",\"position\":2,\"name\":\"Ministeri Adlercreutz Washingtonissa: Euroopan ja Yhdysvaltain strateginen liittolaisuus on vahvuutemme ja velvollisuutemme\"}]},{\"@type\":\"WebSite\",\"@id\":\"https:\/\/andersadlercreutz.fi\/blog\/#website\",\"url\":\"https:\/\/andersadlercreutz.fi\/blog\/\",\"name\":\"Anders Adlercreutz\",\"description\":\"Du. Jag. Vi. Kest&auml;v&auml;sti optimisti\",\"potentialAction\":[{\"@type\":\"SearchAction\",\"target\":{\"@type\":\"EntryPoint\",\"urlTemplate\":\"https:\/\/andersadlercreutz.fi\/blog\/?s={search_term_string}\"},\"query-input\":\"required name=search_term_string\"}],\"inLanguage\":\"sv-SE\"},{\"@type\":\"Person\",\"@id\":\"https:\/\/andersadlercreutz.fi\/blog\/#\/schema\/person\/47d4b72eded862b484f74bb4b3a2354f\",\"name\":\"Anders\",\"image\":{\"@type\":\"ImageObject\",\"inLanguage\":\"sv-SE\",\"@id\":\"https:\/\/andersadlercreutz.fi\/blog\/#\/schema\/person\/image\/\",\"url\":\"https:\/\/secure.gravatar.com\/avatar\/a144c9bda7a581ff6fabba169027e620?s=96&d=mm&r=g\",\"contentUrl\":\"https:\/\/secure.gravatar.com\/avatar\/a144c9bda7a581ff6fabba169027e620?s=96&d=mm&r=g\",\"caption\":\"Anders\"},\"url\":\"https:\/\/andersadlercreutz.fi\/blog\/author\/admin\/\"}]}<\/script>\n<!-- \/ Yoast SEO plugin. -->","yoast_head_json":{"title":"Ministeri Adlercreutz Washingtonissa: Euroopan ja Yhdysvaltain strateginen liittolaisuus on vahvuutemme ja velvollisuutemme - Anders Adlercreutz","robots":{"index":"index","follow":"follow","max-snippet":"max-snippet:-1","max-image-preview":"max-image-preview:large","max-video-preview":"max-video-preview:-1"},"canonical":"https:\/\/andersadlercreutz.fi\/blog\/lehdistotiedote\/ministeri-adlercreutz-washingtonissa-euroopan-ja-yhdysvaltain-strateginen-liittolaisuus-on-vahvuutemme-ja-velvollisuutemme\/","og_locale":"sv_SE","og_type":"article","og_title":"Ministeri Adlercreutz Washingtonissa: Euroopan ja Yhdysvaltain strateginen liittolaisuus on vahvuutemme ja velvollisuutemme - Anders Adlercreutz","og_description":"Eurooppa- ja omistajaohjausministeri Anders Adlercreutz vieraili Yhdysvalloissa Washingtonissa (District of Columbia, DC) 20.\u201324. tammikuuta. Matkan tarkoituksena oli tuoda esiin Suomen n\u00e4kemyksi\u00e4 ajankohtaisiin kysymyksiin Euroopan ja Yhdysvaltain yhteisty\u00f6st\u00e4 sek\u00e4 edist\u00e4\u00e4 Suomen ja Yhdysvaltain kahdenv\u00e4lisi\u00e4 suhteita. Ministerin ohjelmassa oli useita korkean tason tapaamisia Yhdysvaltain poliittisten puolueiden edustajien sek\u00e4 yritysten johdon kanssa. Ministeri Adlercreutz tapasi muun muassa demokraattisenaattori [&hellip;]","og_url":"https:\/\/andersadlercreutz.fi\/blog\/lehdistotiedote\/ministeri-adlercreutz-washingtonissa-euroopan-ja-yhdysvaltain-strateginen-liittolaisuus-on-vahvuutemme-ja-velvollisuutemme\/?lang=fi","og_site_name":"Anders Adlercreutz","article_published_time":"2024-01-24T08:04:48+00:00","article_modified_time":"2024-03-01T08:15:08+00:00","og_image":[{"width":1200,"height":675,"url":"https:\/\/andersadlercreutz.fi\/blog\/wp-content\/uploads\/2024\/03\/Anders-i-Washington.jpg","type":"image\/jpeg"}],"author":"Anders","twitter_card":"summary_large_image","twitter_misc":{"Skriven av":"Anders","Ber\u00e4knad l\u00e4stid":"2 minuter"},"schema":{"@context":"https:\/\/schema.org","@graph":[{"@type":"WebPage","@id":"https:\/\/andersadlercreutz.fi\/blog\/lehdistotiedote\/ministeri-adlercreutz-washingtonissa-euroopan-ja-yhdysvaltain-strateginen-liittolaisuus-on-vahvuutemme-ja-velvollisuutemme\/?lang=fi","url":"https:\/\/andersadlercreutz.fi\/blog\/lehdistotiedote\/ministeri-adlercreutz-washingtonissa-euroopan-ja-yhdysvaltain-strateginen-liittolaisuus-on-vahvuutemme-ja-velvollisuutemme\/?lang=fi","name":"Ministeri Adlercreutz Washingtonissa: Euroopan ja Yhdysvaltain strateginen liittolaisuus on vahvuutemme ja velvollisuutemme - Anders Adlercreutz","isPartOf":{"@id":"https:\/\/andersadlercreutz.fi\/blog\/#website"},"datePublished":"2024-01-24T08:04:48+00:00","dateModified":"2024-03-01T08:15:08+00:00","author":{"@id":"https:\/\/andersadlercreutz.fi\/blog\/#\/schema\/person\/47d4b72eded862b484f74bb4b3a2354f"},"breadcrumb":{"@id":"https:\/\/andersadlercreutz.fi\/blog\/lehdistotiedote\/ministeri-adlercreutz-washingtonissa-euroopan-ja-yhdysvaltain-strateginen-liittolaisuus-on-vahvuutemme-ja-velvollisuutemme\/?lang=fi#breadcrumb"},"inLanguage":"sv-SE","potentialAction":[{"@type":"ReadAction","target":["https:\/\/andersadlercreutz.fi\/blog\/lehdistotiedote\/ministeri-adlercreutz-washingtonissa-euroopan-ja-yhdysvaltain-strateginen-liittolaisuus-on-vahvuutemme-ja-velvollisuutemme\/?lang=fi"]}]},{"@type":"BreadcrumbList","@id":"https:\/\/andersadlercreutz.fi\/blog\/lehdistotiedote\/ministeri-adlercreutz-washingtonissa-euroopan-ja-yhdysvaltain-strateginen-liittolaisuus-on-vahvuutemme-ja-velvollisuutemme\/?lang=fi#breadcrumb","itemListElement":[{"@type":"ListItem","position":1,"name":"Home","item":"https:\/\/andersadlercreutz.fi\/blog\/blogg\/?lang=sv"},{"@type":"ListItem","position":2,"name":"Ministeri Adlercreutz Washingtonissa: Euroopan ja Yhdysvaltain strateginen liittolaisuus on vahvuutemme ja velvollisuutemme"}]},{"@type":"WebSite","@id":"https:\/\/andersadlercreutz.fi\/blog\/#website","url":"https:\/\/andersadlercreutz.fi\/blog\/","name":"Anders Adlercreutz","description":"Du. Jag. Vi. Kest&auml;v&auml;sti optimisti","potentialAction":[{"@type":"SearchAction","target":{"@type":"EntryPoint","urlTemplate":"https:\/\/andersadlercreutz.fi\/blog\/?s={search_term_string}"},"query-input":"required name=search_term_string"}],"inLanguage":"sv-SE"},{"@type":"Person","@id":"https:\/\/andersadlercreutz.fi\/blog\/#\/schema\/person\/47d4b72eded862b484f74bb4b3a2354f","name":"Anders","image":{"@type":"ImageObject","inLanguage":"sv-SE","@id":"https:\/\/andersadlercreutz.fi\/blog\/#\/schema\/person\/image\/","url":"https:\/\/secure.gravatar.com\/avatar\/a144c9bda7a581ff6fabba169027e620?s=96&d=mm&r=g","contentUrl":"https:\/\/secure.gravatar.com\/avatar\/a144c9bda7a581ff6fabba169027e620?s=96&d=mm&r=g","caption":"Anders"},"url":"https:\/\/andersadlercreutz.fi\/blog\/author\/admin\/"}]}},"jetpack_featured_media_url":"https:\/\/i0.wp.com\/andersadlercreutz.fi\/blog\/wp-content\/uploads\/2024\/03\/Anders-i-Washington.jpg?fit=1200%2C675&ssl=1","jetpack_shortlink":"https:\/\/wp.me\/p4T6Dh-2qa","jetpack_sharing_enabled":true,"_links":{"self":[{"href":"https:\/\/andersadlercreutz.fi\/blog\/wp-json\/wp\/v2\/posts\/9310"}],"collection":[{"href":"https:\/\/andersadlercreutz.fi\/blog\/wp-json\/wp\/v2\/posts"}],"about":[{"href":"https:\/\/andersadlercreutz.fi\/blog\/wp-json\/wp\/v2\/types\/post"}],"author":[{"embeddable":true,"href":"https:\/\/andersadlercreutz.fi\/blog\/wp-json\/wp\/v2\/users\/1"}],"replies":[{"embeddable":true,"href":"https:\/\/andersadlercreutz.fi\/blog\/wp-json\/wp\/v2\/comments?post=9310"}],"version-history":[{"count":2,"href":"https:\/\/andersadlercreutz.fi\/blog\/wp-json\/wp\/v2\/posts\/9310\/revisions"}],"predecessor-version":[{"id":9315,"href":"https:\/\/andersadlercreutz.fi\/blog\/wp-json\/wp\/v2\/posts\/9310\/revisions\/9315"}],"wp:featuredmedia":[{"embeddable":true,"href":"https:\/\/andersadlercreutz.fi\/blog\/wp-json\/wp\/v2\/media\/9311"}],"wp:attachment":[{"href":"https:\/\/andersadlercreutz.fi\/blog\/wp-json\/wp\/v2\/media?parent=9310"}],"wp:term":[{"taxonomy":"category","embeddable":true,"href":"https:\/\/andersadlercreutz.fi\/blog\/wp-json\/wp\/v2\/categories?post=9310"},{"taxonomy":"post_tag","embeddable":true,"href":"https:\/\/andersadlercreutz.fi\/blog\/wp-json\/wp\/v2\/tags?post=9310"}],"curies":[{"name":"wp","href":"https:\/\/api.w.org\/{rel}","templated":true}]}}